{"id":77370,"date":"2009-12-29T00:00:00","date_gmt":"2009-12-28T23:00:00","guid":{"rendered":"http:\/\/b.bati-journal.com\/une-nouvelle-association-pour-lisolation-en-polystyrene-expanse\/77370"},"modified":"2019-07-15T12:16:24","modified_gmt":"2019-07-15T10:16:24","slug":"une-nouvelle-association-pour-lisolation-en-polystyrene-expanse","status":"publish","type":"post","link":"https:\/\/batijournal.com\/index.php\/une-nouvelle-association-pour-lisolation-en-polystyrene-expanse\/77370\/","title":{"rendered":"Une nouvelle association pour l&rsquo;isolation en polystyr\u00e8ne expans\u00e9"},"content":{"rendered":"<p>Avec une isolation qui joue un r\u00f4le majeur dans la conception de b\u00e2timents plus \u00e9conomes et plus \u00e9cologiques, le polystyr\u00e8ne expans\u00e9 ne cesse d&rsquo;apporter des r\u00e9ponses adapt\u00e9es \u00e0 ces r\u00e9alisations. Aussi, afin de mieux pr\u00e9senter ce mat\u00e9riau sur le march\u00e9 de l&rsquo;isolation, Promo PSE et la section PSE du SNPA (Syndicat national des plastiques alv\u00e9olaires) se r\u00e9unissent-ils, \u00e0 compter du 1er janvier 2010, et deviennent l&rsquo;Association fran\u00e7aise de l&rsquo;isolation en polystyr\u00e8ne expans\u00e9 dans le b\u00e2timent (Afipeb). Cette nouvelle association r\u00e9unit les transformateurs de polystyr\u00e8ne expans\u00e9, Corstyr\u00e8ne, Deltisol, Knauf, Lafarge Pl\u00e2tres, Placoplatre, Polydec, Sodico et les producteurs de polystyr\u00e8ne expansible, Gabriel Technologie et PlasticsEurope. Elle travaillera entre autres \u00e0 l&rsquo;\u00e9laboration des normes, tant quant aux produits qu&rsquo;\u00e0 la mise en \u0153uvre, et s&rsquo;assurera de l&rsquo;adaptation permanente des proc\u00e9d\u00e9s de fabrication dans le respect des r\u00e8gles environnementales r\u00e9f\u00e9rentes.<\/p>\n","protected":false},"excerpt":{"rendered":"<p>Avec une isolation qui joue un r\u00f4le majeur dans la conception de b\u00e2timents plus \u00e9conomes et plus \u00e9cologiques, le polystyr\u00e8ne expans\u00e9 ne cesse d&rsquo;apporter des r\u00e9ponses adapt\u00e9es \u00e0 ces r\u00e9alisations. Aussi, afin de mieux pr\u00e9senter ce mat\u00e9riau sur le march\u00e9 de l&rsquo;isolation, Promo PSE et la section PSE du SNPA (Syndicat national des plastiques alv\u00e9olaires) [&hellip;]<\/p>\n","protected":false},"author":1,"featured_media":77371,"comment_status":"open","ping_status":"closed","sticky":false,"template":"","format":"standard","meta":{"_et_pb_use_builder":"","_et_pb_old_content":"","_et_gb_content_width":"","footnotes":""},"categories":[6345],"tags":[3876],"class_list":["post-77370","post","type-post","status-publish","format-standard","has-post-thumbnail","hentry","category-economie-marches","tag-polystyrene-expanse-2"],"yoast_head":"<!-- This site is optimized with the Yoast SEO plugin v27.4 - https:\/\/yoast.com\/product\/yoast-seo-wordpress\/ -->\n<title>Une nouvelle association pour l&#039;isolation en polystyr\u00e8ne expans\u00e9<\/title>\n<meta name=\"robots\" content=\"index, follow, max-snippet:-1, max-image-preview:large, max-video-preview:-1\" \/>\n<link rel=\"canonical\" href=\"https:\/\/batijournal.com\/index.php\/une-nouvelle-association-pour-lisolation-en-polystyrene-expanse\/77370\/\" \/>\n<meta property=\"og:locale\" content=\"fr_FR\" \/>\n<meta property=\"og:type\" content=\"article\" \/>\n<meta property=\"og:title\" content=\"Une nouvelle association pour l&#039;isolation en polystyr\u00e8ne expans\u00e9\" \/>\n<meta property=\"og:description\" content=\"Avec une isolation qui joue un r\u00f4le majeur dans la conception de b\u00e2timents plus \u00e9conomes et plus \u00e9cologiques, le polystyr\u00e8ne expans\u00e9 ne cesse d&rsquo;apporter des r\u00e9ponses adapt\u00e9es \u00e0 ces r\u00e9alisations. Aussi, afin de mieux pr\u00e9senter ce mat\u00e9riau sur le march\u00e9 de l&rsquo;isolation, Promo PSE et la section PSE du SNPA (Syndicat national des plastiques alv\u00e9olaires) [&hellip;]\" \/>\n<meta property=\"og:url\" content=\"https:\/\/batijournal.com\/index.php\/une-nouvelle-association-pour-lisolation-en-polystyrene-expanse\/77370\/\" \/>\n<meta property=\"og:site_name\" content=\"Batijournal\" \/>\n<meta property=\"article:published_time\" content=\"2009-12-28T23:00:00+00:00\" \/>\n<meta property=\"article:modified_time\" content=\"2019-07-15T10:16:24+00:00\" \/>\n<meta property=\"og:image\" content=\"https:\/\/batijournal.com\/wp-content\/uploads\/2015\/03\/082703652.jpg\" \/>\n\t<meta property=\"og:image:width\" content=\"599\" \/>\n\t<meta property=\"og:image:height\" content=\"153\" \/>\n\t<meta property=\"og:image:type\" content=\"image\/jpeg\" \/>\n<meta name=\"author\" content=\"Bati-journal\" \/>\n<meta name=\"twitter:card\" content=\"summary_large_image\" \/>\n<meta name=\"twitter:creator\" content=\"@bati_journal\" \/>\n<meta name=\"twitter:site\" content=\"@bati_journal\" \/>\n<meta name=\"twitter:label1\" content=\"\u00c9crit par\" \/>\n\t<meta name=\"twitter:data1\" content=\"Bati-journal\" \/>\n\t<meta name=\"twitter:label2\" content=\"Dur\u00e9e de lecture estim\u00e9e\" \/>\n\t<meta name=\"twitter:data2\" content=\"1 minute\" \/>\n<script type=\"application\/ld+json\" class=\"yoast-schema-graph\">{\"@context\":\"https:\\\/\\\/schema.org\",\"@graph\":[{\"@type\":\"Article\",\"@id\":\"https:\\\/\\\/batijournal.com\\\/index.php\\\/une-nouvelle-association-pour-lisolation-en-polystyrene-expanse\\\/77370\\\/#article\",\"isPartOf\":{\"@id\":\"https:\\\/\\\/batijournal.com\\\/index.php\\\/une-nouvelle-association-pour-lisolation-en-polystyrene-expanse\\\/77370\\\/\"},\"author\":{\"name\":\"Bati-journal\",\"@id\":\"https:\\\/\\\/batijournal.com\\\/#\\\/schema\\\/person\\\/6a657e8967569e1b299972574848aa76\"},\"headline\":\"Une nouvelle association pour l&rsquo;isolation en polystyr\u00e8ne expans\u00e9\",\"datePublished\":\"2009-12-28T23:00:00+00:00\",\"dateModified\":\"2019-07-15T10:16:24+00:00\",\"mainEntityOfPage\":{\"@id\":\"https:\\\/\\\/batijournal.com\\\/index.php\\\/une-nouvelle-association-pour-lisolation-en-polystyrene-expanse\\\/77370\\\/\"},\"wordCount\":172,\"commentCount\":0,\"image\":{\"@id\":\"https:\\\/\\\/batijournal.com\\\/index.php\\\/une-nouvelle-association-pour-lisolation-en-polystyrene-expanse\\\/77370\\\/#primaryimage\"},\"thumbnailUrl\":\"https:\\\/\\\/batijournal.com\\\/wp-content\\\/uploads\\\/2015\\\/03\\\/082703652.jpg\",\"keywords\":[\"polystyr\u00e8ne expans\u00e9\"],\"articleSection\":[\"\u00c9conomie &amp; March\u00e9s\"],\"inLanguage\":\"fr-FR\",\"potentialAction\":[{\"@type\":\"CommentAction\",\"name\":\"Comment\",\"target\":[\"https:\\\/\\\/batijournal.com\\\/index.php\\\/une-nouvelle-association-pour-lisolation-en-polystyrene-expanse\\\/77370\\\/#respond\"]}]},{\"@type\":\"WebPage\",\"@id\":\"https:\\\/\\\/batijournal.com\\\/index.php\\\/une-nouvelle-association-pour-lisolation-en-polystyrene-expanse\\\/77370\\\/\",\"url\":\"https:\\\/\\\/batijournal.com\\\/index.php\\\/une-nouvelle-association-pour-lisolation-en-polystyrene-expanse\\\/77370\\\/\",\"name\":\"Une nouvelle association pour l'isolation en polystyr\u00e8ne expans\u00e9\",\"isPartOf\":{\"@id\":\"https:\\\/\\\/batijournal.com\\\/#website\"},\"primaryImageOfPage\":{\"@id\":\"https:\\\/\\\/batijournal.com\\\/index.php\\\/une-nouvelle-association-pour-lisolation-en-polystyrene-expanse\\\/77370\\\/#primaryimage\"},\"image\":{\"@id\":\"https:\\\/\\\/batijournal.com\\\/index.php\\\/une-nouvelle-association-pour-lisolation-en-polystyrene-expanse\\\/77370\\\/#primaryimage\"},\"thumbnailUrl\":\"https:\\\/\\\/batijournal.com\\\/wp-content\\\/uploads\\\/2015\\\/03\\\/082703652.jpg\",\"datePublished\":\"2009-12-28T23:00:00+00:00\",\"dateModified\":\"2019-07-15T10:16:24+00:00\",\"author\":{\"@id\":\"https:\\\/\\\/batijournal.com\\\/#\\\/schema\\\/person\\\/6a657e8967569e1b299972574848aa76\"},\"breadcrumb\":{\"@id\":\"https:\\\/\\\/batijournal.com\\\/index.php\\\/une-nouvelle-association-pour-lisolation-en-polystyrene-expanse\\\/77370\\\/#breadcrumb\"},\"inLanguage\":\"fr-FR\",\"potentialAction\":[{\"@type\":\"ReadAction\",\"target\":[\"https:\\\/\\\/batijournal.com\\\/index.php\\\/une-nouvelle-association-pour-lisolation-en-polystyrene-expanse\\\/77370\\\/\"]}]},{\"@type\":\"ImageObject\",\"inLanguage\":\"fr-FR\",\"@id\":\"https:\\\/\\\/batijournal.com\\\/index.php\\\/une-nouvelle-association-pour-lisolation-en-polystyrene-expanse\\\/77370\\\/#primaryimage\",\"url\":\"https:\\\/\\\/batijournal.com\\\/wp-content\\\/uploads\\\/2015\\\/03\\\/082703652.jpg\",\"contentUrl\":\"https:\\\/\\\/batijournal.com\\\/wp-content\\\/uploads\\\/2015\\\/03\\\/082703652.jpg\",\"width\":599,\"height\":153},{\"@type\":\"BreadcrumbList\",\"@id\":\"https:\\\/\\\/batijournal.com\\\/index.php\\\/une-nouvelle-association-pour-lisolation-en-polystyrene-expanse\\\/77370\\\/#breadcrumb\",\"itemListElement\":[{\"@type\":\"ListItem\",\"position\":1,\"name\":\"Accueil\",\"item\":\"https:\\\/\\\/batijournal.com\\\/\"},{\"@type\":\"ListItem\",\"position\":2,\"name\":\"Actualit\u00e9s\",\"item\":\"https:\\\/\\\/batijournal.com\\\/index.php\\\/category\\\/actualites\\\/\"},{\"@type\":\"ListItem\",\"position\":3,\"name\":\"\u00c9conomie &amp; March\u00e9s\",\"item\":\"https:\\\/\\\/batijournal.com\\\/index.php\\\/category\\\/actualites\\\/economie-marches\\\/\"},{\"@type\":\"ListItem\",\"position\":4,\"name\":\"Une nouvelle association pour l&rsquo;isolation en polystyr\u00e8ne expans\u00e9\"}]},{\"@type\":\"WebSite\",\"@id\":\"https:\\\/\\\/batijournal.com\\\/#website\",\"url\":\"https:\\\/\\\/batijournal.com\\\/\",\"name\":\"Batijournal\",\"description\":\"L&#039;actualit\u00e9 du b\u00e2timent\",\"potentialAction\":[{\"@type\":\"SearchAction\",\"target\":{\"@type\":\"EntryPoint\",\"urlTemplate\":\"https:\\\/\\\/batijournal.com\\\/?s={search_term_string}\"},\"query-input\":{\"@type\":\"PropertyValueSpecification\",\"valueRequired\":true,\"valueName\":\"search_term_string\"}}],\"inLanguage\":\"fr-FR\"},{\"@type\":\"Person\",\"@id\":\"https:\\\/\\\/batijournal.com\\\/#\\\/schema\\\/person\\\/6a657e8967569e1b299972574848aa76\",\"name\":\"Bati-journal\",\"image\":{\"@type\":\"ImageObject\",\"inLanguage\":\"fr-FR\",\"@id\":\"https:\\\/\\\/secure.gravatar.com\\\/avatar\\\/a64364ea26392f9b4dd47e017ddaec74ff03aefc073b49e492e847201258f777?s=96&d=mm&r=g\",\"url\":\"https:\\\/\\\/secure.gravatar.com\\\/avatar\\\/a64364ea26392f9b4dd47e017ddaec74ff03aefc073b49e492e847201258f777?s=96&d=mm&r=g\",\"contentUrl\":\"https:\\\/\\\/secure.gravatar.com\\\/avatar\\\/a64364ea26392f9b4dd47e017ddaec74ff03aefc073b49e492e847201258f777?s=96&d=mm&r=g\",\"caption\":\"Bati-journal\"},\"url\":\"https:\\\/\\\/batijournal.com\\\/index.php\\\/author\\\/elodie\\\/\"}]}<\/script>\n<!-- \/ Yoast SEO plugin. -->","yoast_head_json":{"title":"Une nouvelle association pour l'isolation en polystyr\u00e8ne expans\u00e9","robots":{"index":"index","follow":"follow","max-snippet":"max-snippet:-1","max-image-preview":"max-image-preview:large","max-video-preview":"max-video-preview:-1"},"canonical":"https:\/\/batijournal.com\/index.php\/une-nouvelle-association-pour-lisolation-en-polystyrene-expanse\/77370\/","og_locale":"fr_FR","og_type":"article","og_title":"Une nouvelle association pour l'isolation en polystyr\u00e8ne expans\u00e9","og_description":"Avec une isolation qui joue un r\u00f4le majeur dans la conception de b\u00e2timents plus \u00e9conomes et plus \u00e9cologiques, le polystyr\u00e8ne expans\u00e9 ne cesse d&rsquo;apporter des r\u00e9ponses adapt\u00e9es \u00e0 ces r\u00e9alisations. Aussi, afin de mieux pr\u00e9senter ce mat\u00e9riau sur le march\u00e9 de l&rsquo;isolation, Promo PSE et la section PSE du SNPA (Syndicat national des plastiques alv\u00e9olaires) [&hellip;]","og_url":"https:\/\/batijournal.com\/index.php\/une-nouvelle-association-pour-lisolation-en-polystyrene-expanse\/77370\/","og_site_name":"Batijournal","article_published_time":"2009-12-28T23:00:00+00:00","article_modified_time":"2019-07-15T10:16:24+00:00","og_image":[{"width":599,"height":153,"url":"https:\/\/batijournal.com\/wp-content\/uploads\/2015\/03\/082703652.jpg","type":"image\/jpeg"}],"author":"Bati-journal","twitter_card":"summary_large_image","twitter_creator":"@bati_journal","twitter_site":"@bati_journal","twitter_misc":{"\u00c9crit par":"Bati-journal","Dur\u00e9e de lecture estim\u00e9e":"1 minute"},"schema":{"@context":"https:\/\/schema.org","@graph":[{"@type":"Article","@id":"https:\/\/batijournal.com\/index.php\/une-nouvelle-association-pour-lisolation-en-polystyrene-expanse\/77370\/#article","isPartOf":{"@id":"https:\/\/batijournal.com\/index.php\/une-nouvelle-association-pour-lisolation-en-polystyrene-expanse\/77370\/"},"author":{"name":"Bati-journal","@id":"https:\/\/batijournal.com\/#\/schema\/person\/6a657e8967569e1b299972574848aa76"},"headline":"Une nouvelle association pour l&rsquo;isolation en polystyr\u00e8ne expans\u00e9","datePublished":"2009-12-28T23:00:00+00:00","dateModified":"2019-07-15T10:16:24+00:00","mainEntityOfPage":{"@id":"https:\/\/batijournal.com\/index.php\/une-nouvelle-association-pour-lisolation-en-polystyrene-expanse\/77370\/"},"wordCount":172,"commentCount":0,"image":{"@id":"https:\/\/batijournal.com\/index.php\/une-nouvelle-association-pour-lisolation-en-polystyrene-expanse\/77370\/#primaryimage"},"thumbnailUrl":"https:\/\/batijournal.com\/wp-content\/uploads\/2015\/03\/082703652.jpg","keywords":["polystyr\u00e8ne expans\u00e9"],"articleSection":["\u00c9conomie &amp; March\u00e9s"],"inLanguage":"fr-FR","potentialAction":[{"@type":"CommentAction","name":"Comment","target":["https:\/\/batijournal.com\/index.php\/une-nouvelle-association-pour-lisolation-en-polystyrene-expanse\/77370\/#respond"]}]},{"@type":"WebPage","@id":"https:\/\/batijournal.com\/index.php\/une-nouvelle-association-pour-lisolation-en-polystyrene-expanse\/77370\/","url":"https:\/\/batijournal.com\/index.php\/une-nouvelle-association-pour-lisolation-en-polystyrene-expanse\/77370\/","name":"Une nouvelle association pour l'isolation en polystyr\u00e8ne expans\u00e9","isPartOf":{"@id":"https:\/\/batijournal.com\/#website"},"primaryImageOfPage":{"@id":"https:\/\/batijournal.com\/index.php\/une-nouvelle-association-pour-lisolation-en-polystyrene-expanse\/77370\/#primaryimage"},"image":{"@id":"https:\/\/batijournal.com\/index.php\/une-nouvelle-association-pour-lisolation-en-polystyrene-expanse\/77370\/#primaryimage"},"thumbnailUrl":"https:\/\/batijournal.com\/wp-content\/uploads\/2015\/03\/082703652.jpg","datePublished":"2009-12-28T23:00:00+00:00","dateModified":"2019-07-15T10:16:24+00:00","author":{"@id":"https:\/\/batijournal.com\/#\/schema\/person\/6a657e8967569e1b299972574848aa76"},"breadcrumb":{"@id":"https:\/\/batijournal.com\/index.php\/une-nouvelle-association-pour-lisolation-en-polystyrene-expanse\/77370\/#breadcrumb"},"inLanguage":"fr-FR","potentialAction":[{"@type":"ReadAction","target":["https:\/\/batijournal.com\/index.php\/une-nouvelle-association-pour-lisolation-en-polystyrene-expanse\/77370\/"]}]},{"@type":"ImageObject","inLanguage":"fr-FR","@id":"https:\/\/batijournal.com\/index.php\/une-nouvelle-association-pour-lisolation-en-polystyrene-expanse\/77370\/#primaryimage","url":"https:\/\/batijournal.com\/wp-content\/uploads\/2015\/03\/082703652.jpg","contentUrl":"https:\/\/batijournal.com\/wp-content\/uploads\/2015\/03\/082703652.jpg","width":599,"height":153},{"@type":"BreadcrumbList","@id":"https:\/\/batijournal.com\/index.php\/une-nouvelle-association-pour-lisolation-en-polystyrene-expanse\/77370\/#breadcrumb","itemListElement":[{"@type":"ListItem","position":1,"name":"Accueil","item":"https:\/\/batijournal.com\/"},{"@type":"ListItem","position":2,"name":"Actualit\u00e9s","item":"https:\/\/batijournal.com\/index.php\/category\/actualites\/"},{"@type":"ListItem","position":3,"name":"\u00c9conomie &amp; March\u00e9s","item":"https:\/\/batijournal.com\/index.php\/category\/actualites\/economie-marches\/"},{"@type":"ListItem","position":4,"name":"Une nouvelle association pour l&rsquo;isolation en polystyr\u00e8ne expans\u00e9"}]},{"@type":"WebSite","@id":"https:\/\/batijournal.com\/#website","url":"https:\/\/batijournal.com\/","name":"Batijournal","description":"L&#039;actualit\u00e9 du b\u00e2timent","potentialAction":[{"@type":"SearchAction","target":{"@type":"EntryPoint","urlTemplate":"https:\/\/batijournal.com\/?s={search_term_string}"},"query-input":{"@type":"PropertyValueSpecification","valueRequired":true,"valueName":"search_term_string"}}],"inLanguage":"fr-FR"},{"@type":"Person","@id":"https:\/\/batijournal.com\/#\/schema\/person\/6a657e8967569e1b299972574848aa76","name":"Bati-journal","image":{"@type":"ImageObject","inLanguage":"fr-FR","@id":"https:\/\/secure.gravatar.com\/avatar\/a64364ea26392f9b4dd47e017ddaec74ff03aefc073b49e492e847201258f777?s=96&d=mm&r=g","url":"https:\/\/secure.gravatar.com\/avatar\/a64364ea26392f9b4dd47e017ddaec74ff03aefc073b49e492e847201258f777?s=96&d=mm&r=g","contentUrl":"https:\/\/secure.gravatar.com\/avatar\/a64364ea26392f9b4dd47e017ddaec74ff03aefc073b49e492e847201258f777?s=96&d=mm&r=g","caption":"Bati-journal"},"url":"https:\/\/batijournal.com\/index.php\/author\/elodie\/"}]}},"_links":{"self":[{"href":"https:\/\/batijournal.com\/index.php\/wp-json\/wp\/v2\/posts\/77370","targetHints":{"allow":["GET"]}}],"collection":[{"href":"https:\/\/batijournal.com\/index.php\/wp-json\/wp\/v2\/posts"}],"about":[{"href":"https:\/\/batijournal.com\/index.php\/wp-json\/wp\/v2\/types\/post"}],"author":[{"embeddable":true,"href":"https:\/\/batijournal.com\/index.php\/wp-json\/wp\/v2\/users\/1"}],"replies":[{"embeddable":true,"href":"https:\/\/batijournal.com\/index.php\/wp-json\/wp\/v2\/comments?post=77370"}],"version-history":[{"count":0,"href":"https:\/\/batijournal.com\/index.php\/wp-json\/wp\/v2\/posts\/77370\/revisions"}],"wp:featuredmedia":[{"embeddable":true,"href":"https:\/\/batijournal.com\/index.php\/wp-json\/wp\/v2\/media\/77371"}],"wp:attachment":[{"href":"https:\/\/batijournal.com\/index.php\/wp-json\/wp\/v2\/media?parent=77370"}],"wp:term":[{"taxonomy":"category","embeddable":true,"href":"https:\/\/batijournal.com\/index.php\/wp-json\/wp\/v2\/categories?post=77370"},{"taxonomy":"post_tag","embeddable":true,"href":"https:\/\/batijournal.com\/index.php\/wp-json\/wp\/v2\/tags?post=77370"}],"curies":[{"name":"wp","href":"https:\/\/api.w.org\/{rel}","templated":true}]}}