{"id":77383,"date":"2010-01-10T00:00:00","date_gmt":"2010-01-09T23:00:00","guid":{"rendered":"http:\/\/b.bati-journal.com\/nouveau-directeur-general-chez-schock-france\/77383"},"modified":"2019-07-15T12:16:23","modified_gmt":"2019-07-15T10:16:23","slug":"nouveau-directeur-general-chez-schock-france","status":"publish","type":"post","link":"https:\/\/batijournal.com\/index.php\/nouveau-directeur-general-chez-schock-france\/77383\/","title":{"rendered":"Nouveau directeur g\u00e9n\u00e9ral chez Sch\u00f6ck France"},"content":{"rendered":"<p>Depuis le 1er janvier 2010, Rapha\u00ebl Kieffer assure les fonctions de directeur g\u00e9n\u00e9ral de Sch\u00f6ck France, inventeur et leader sur le march\u00e9 des rupteurs de ponts thermiques. Cette nouvelle organisation vient renforcer la dynamique de d\u00e9veloppement de la soci\u00e9t\u00e9 et son engagement aupr\u00e8s des clients fran\u00e7ais. De formation sup\u00e9rieure en commerce et management, Rapha\u00ebl Kieffer assurait depuis 2005 les fonctions de Directeur commercial de Sch\u00f6ck pour le march\u00e9 Fran\u00e7ais. Il s&rsquo;\u0092est engag\u00e9 depuis le d\u00e9but de sa carri\u00e8re dans la commercialisation de produits et solutions contribuant au respect de l&rsquo;environnement. Aujourd&rsquo;\u0092hui, R. Kieffer affiche sa d\u00e9termination \u00ab \u00e0 poursuivre et \u00e0 renforcer la d\u00e9marche d\u0092&rsquo;information et de formation de nos clients et \u00e0 leur apporter les solutions pertinentes au regard de leurs diff\u00e9rents projets. Notre objectif est de permettre aux acteurs de la construction \u0096 ma\u00eetres d\u0092&rsquo;ouvrage, architectes, thermiciens, bureaux d&rsquo;\u0092\u00e9tudes, entreprises de construction, \u00e9conomistes \u0096 d\u0092&rsquo;atteindre les objectifs environnementaux et sanitaires fix\u00e9s par le Grenelle de l\u0092&rsquo;Environnement et d\u0092&rsquo;accompagner l\u0092&rsquo;\u00e9volution du secteur pour une plus grande performance \u00e9nerg\u00e9tique des b\u00e2timents. \u00bb. Sur un march\u00e9 de la construction en fort recul, Sch\u00f6ck France a n\u00e9anmoins poursuivi sa croissance en 2009 gr\u00e2ce notamment au renforcement des exigences de performance \u00e9nerg\u00e9tique et la prise de conscience de la part des acteurs de la construction de l\u0092&rsquo;apport des rupteurs de ponts thermiques Rutherma\u00ae. Pour l&rsquo;ann\u00e9e 2010, Sch\u00f6ck ambitionne de poursuivre sa dynamique de croissance en \u00e9tant toujours plus pr\u00e9sent aupr\u00e8s de ses clients et des porteurs de projet.Sch\u00f6ck France est une filiale de Sch\u00f6ck Bauteile GmbH, fond\u00e9e en 1962, qui d\u00e9veloppe, produit et commercialise des \u00e9l\u00e9ments innovants pour la construction en b\u00e9ton, en acier et en ma\u00e7onnerie.<\/p>\n","protected":false},"excerpt":{"rendered":"<p>Depuis le 1er janvier 2010, Rapha\u00ebl Kieffer assure les fonctions de directeur g\u00e9n\u00e9ral de Sch\u00f6ck France, inventeur et leader sur le march\u00e9 des rupteurs de ponts thermiques. Cette nouvelle organisation vient renforcer la dynamique de d\u00e9veloppement de la soci\u00e9t\u00e9 et son engagement aupr\u00e8s des clients fran\u00e7ais. De formation sup\u00e9rieure en commerce et management, Rapha\u00ebl Kieffer [&hellip;]<\/p>\n","protected":false},"author":1,"featured_media":0,"comment_status":"open","ping_status":"closed","sticky":false,"template":"","format":"standard","meta":{"_et_pb_use_builder":"","_et_pb_old_content":"","_et_gb_content_width":"","footnotes":""},"categories":[6345],"tags":[4960],"class_list":["post-77383","post","type-post","status-publish","format-standard","hentry","category-economie-marches","tag-schock"],"yoast_head":"<!-- This site is optimized with the Yoast SEO plugin v27.4 - https:\/\/yoast.com\/product\/yoast-seo-wordpress\/ -->\n<title>Nouveau directeur g\u00e9n\u00e9ral chez Sch\u00f6ck France<\/title>\n<meta name=\"robots\" content=\"index, follow, max-snippet:-1, max-image-preview:large, max-video-preview:-1\" \/>\n<link rel=\"canonical\" href=\"https:\/\/batijournal.com\/index.php\/nouveau-directeur-general-chez-schock-france\/77383\/\" \/>\n<meta property=\"og:locale\" content=\"fr_FR\" \/>\n<meta property=\"og:type\" content=\"article\" \/>\n<meta property=\"og:title\" content=\"Nouveau directeur g\u00e9n\u00e9ral chez Sch\u00f6ck France\" \/>\n<meta property=\"og:description\" content=\"Depuis le 1er janvier 2010, Rapha\u00ebl Kieffer assure les fonctions de directeur g\u00e9n\u00e9ral de Sch\u00f6ck France, inventeur et leader sur le march\u00e9 des rupteurs de ponts thermiques. Cette nouvelle organisation vient renforcer la dynamique de d\u00e9veloppement de la soci\u00e9t\u00e9 et son engagement aupr\u00e8s des clients fran\u00e7ais. De formation sup\u00e9rieure en commerce et management, Rapha\u00ebl Kieffer [&hellip;]\" \/>\n<meta property=\"og:url\" content=\"https:\/\/batijournal.com\/index.php\/nouveau-directeur-general-chez-schock-france\/77383\/\" \/>\n<meta property=\"og:site_name\" content=\"Batijournal\" \/>\n<meta property=\"article:published_time\" content=\"2010-01-09T23:00:00+00:00\" \/>\n<meta property=\"article:modified_time\" content=\"2019-07-15T10:16:23+00:00\" \/>\n<meta name=\"author\" content=\"Bati-journal\" \/>\n<meta name=\"twitter:card\" content=\"summary_large_image\" \/>\n<meta name=\"twitter:creator\" content=\"@bati_journal\" \/>\n<meta name=\"twitter:site\" content=\"@bati_journal\" \/>\n<meta name=\"twitter:label1\" content=\"\u00c9crit par\" \/>\n\t<meta name=\"twitter:data1\" content=\"Bati-journal\" \/>\n\t<meta name=\"twitter:label2\" content=\"Dur\u00e9e de lecture estim\u00e9e\" \/>\n\t<meta name=\"twitter:data2\" content=\"2 minutes\" \/>\n<script type=\"application\/ld+json\" class=\"yoast-schema-graph\">{\"@context\":\"https:\\\/\\\/schema.org\",\"@graph\":[{\"@type\":\"Article\",\"@id\":\"https:\\\/\\\/batijournal.com\\\/index.php\\\/nouveau-directeur-general-chez-schock-france\\\/77383\\\/#article\",\"isPartOf\":{\"@id\":\"https:\\\/\\\/batijournal.com\\\/index.php\\\/nouveau-directeur-general-chez-schock-france\\\/77383\\\/\"},\"author\":{\"name\":\"Bati-journal\",\"@id\":\"https:\\\/\\\/batijournal.com\\\/#\\\/schema\\\/person\\\/6a657e8967569e1b299972574848aa76\"},\"headline\":\"Nouveau directeur g\u00e9n\u00e9ral chez Sch\u00f6ck France\",\"datePublished\":\"2010-01-09T23:00:00+00:00\",\"dateModified\":\"2019-07-15T10:16:23+00:00\",\"mainEntityOfPage\":{\"@id\":\"https:\\\/\\\/batijournal.com\\\/index.php\\\/nouveau-directeur-general-chez-schock-france\\\/77383\\\/\"},\"wordCount\":320,\"commentCount\":0,\"keywords\":[\"Sch\u00f6ck\"],\"articleSection\":[\"\u00c9conomie &amp; March\u00e9s\"],\"inLanguage\":\"fr-FR\",\"potentialAction\":[{\"@type\":\"CommentAction\",\"name\":\"Comment\",\"target\":[\"https:\\\/\\\/batijournal.com\\\/index.php\\\/nouveau-directeur-general-chez-schock-france\\\/77383\\\/#respond\"]}]},{\"@type\":\"WebPage\",\"@id\":\"https:\\\/\\\/batijournal.com\\\/index.php\\\/nouveau-directeur-general-chez-schock-france\\\/77383\\\/\",\"url\":\"https:\\\/\\\/batijournal.com\\\/index.php\\\/nouveau-directeur-general-chez-schock-france\\\/77383\\\/\",\"name\":\"Nouveau directeur g\u00e9n\u00e9ral chez Sch\u00f6ck France\",\"isPartOf\":{\"@id\":\"https:\\\/\\\/batijournal.com\\\/#website\"},\"datePublished\":\"2010-01-09T23:00:00+00:00\",\"dateModified\":\"2019-07-15T10:16:23+00:00\",\"author\":{\"@id\":\"https:\\\/\\\/batijournal.com\\\/#\\\/schema\\\/person\\\/6a657e8967569e1b299972574848aa76\"},\"breadcrumb\":{\"@id\":\"https:\\\/\\\/batijournal.com\\\/index.php\\\/nouveau-directeur-general-chez-schock-france\\\/77383\\\/#breadcrumb\"},\"inLanguage\":\"fr-FR\",\"potentialAction\":[{\"@type\":\"ReadAction\",\"target\":[\"https:\\\/\\\/batijournal.com\\\/index.php\\\/nouveau-directeur-general-chez-schock-france\\\/77383\\\/\"]}]},{\"@type\":\"BreadcrumbList\",\"@id\":\"https:\\\/\\\/batijournal.com\\\/index.php\\\/nouveau-directeur-general-chez-schock-france\\\/77383\\\/#breadcrumb\",\"itemListElement\":[{\"@type\":\"ListItem\",\"position\":1,\"name\":\"Accueil\",\"item\":\"https:\\\/\\\/batijournal.com\\\/\"},{\"@type\":\"ListItem\",\"position\":2,\"name\":\"Actualit\u00e9s\",\"item\":\"https:\\\/\\\/batijournal.com\\\/index.php\\\/category\\\/actualites\\\/\"},{\"@type\":\"ListItem\",\"position\":3,\"name\":\"\u00c9conomie &amp; March\u00e9s\",\"item\":\"https:\\\/\\\/batijournal.com\\\/index.php\\\/category\\\/actualites\\\/economie-marches\\\/\"},{\"@type\":\"ListItem\",\"position\":4,\"name\":\"Nouveau directeur g\u00e9n\u00e9ral chez Sch\u00f6ck France\"}]},{\"@type\":\"WebSite\",\"@id\":\"https:\\\/\\\/batijournal.com\\\/#website\",\"url\":\"https:\\\/\\\/batijournal.com\\\/\",\"name\":\"Batijournal\",\"description\":\"L&#039;actualit\u00e9 du b\u00e2timent\",\"potentialAction\":[{\"@type\":\"SearchAction\",\"target\":{\"@type\":\"EntryPoint\",\"urlTemplate\":\"https:\\\/\\\/batijournal.com\\\/?s={search_term_string}\"},\"query-input\":{\"@type\":\"PropertyValueSpecification\",\"valueRequired\":true,\"valueName\":\"search_term_string\"}}],\"inLanguage\":\"fr-FR\"},{\"@type\":\"Person\",\"@id\":\"https:\\\/\\\/batijournal.com\\\/#\\\/schema\\\/person\\\/6a657e8967569e1b299972574848aa76\",\"name\":\"Bati-journal\",\"image\":{\"@type\":\"ImageObject\",\"inLanguage\":\"fr-FR\",\"@id\":\"https:\\\/\\\/secure.gravatar.com\\\/avatar\\\/a64364ea26392f9b4dd47e017ddaec74ff03aefc073b49e492e847201258f777?s=96&d=mm&r=g\",\"url\":\"https:\\\/\\\/secure.gravatar.com\\\/avatar\\\/a64364ea26392f9b4dd47e017ddaec74ff03aefc073b49e492e847201258f777?s=96&d=mm&r=g\",\"contentUrl\":\"https:\\\/\\\/secure.gravatar.com\\\/avatar\\\/a64364ea26392f9b4dd47e017ddaec74ff03aefc073b49e492e847201258f777?s=96&d=mm&r=g\",\"caption\":\"Bati-journal\"},\"url\":\"https:\\\/\\\/batijournal.com\\\/index.php\\\/author\\\/elodie\\\/\"}]}<\/script>\n<!-- \/ Yoast SEO plugin. -->","yoast_head_json":{"title":"Nouveau directeur g\u00e9n\u00e9ral chez Sch\u00f6ck France","robots":{"index":"index","follow":"follow","max-snippet":"max-snippet:-1","max-image-preview":"max-image-preview:large","max-video-preview":"max-video-preview:-1"},"canonical":"https:\/\/batijournal.com\/index.php\/nouveau-directeur-general-chez-schock-france\/77383\/","og_locale":"fr_FR","og_type":"article","og_title":"Nouveau directeur g\u00e9n\u00e9ral chez Sch\u00f6ck France","og_description":"Depuis le 1er janvier 2010, Rapha\u00ebl Kieffer assure les fonctions de directeur g\u00e9n\u00e9ral de Sch\u00f6ck France, inventeur et leader sur le march\u00e9 des rupteurs de ponts thermiques. Cette nouvelle organisation vient renforcer la dynamique de d\u00e9veloppement de la soci\u00e9t\u00e9 et son engagement aupr\u00e8s des clients fran\u00e7ais. De formation sup\u00e9rieure en commerce et management, Rapha\u00ebl Kieffer [&hellip;]","og_url":"https:\/\/batijournal.com\/index.php\/nouveau-directeur-general-chez-schock-france\/77383\/","og_site_name":"Batijournal","article_published_time":"2010-01-09T23:00:00+00:00","article_modified_time":"2019-07-15T10:16:23+00:00","author":"Bati-journal","twitter_card":"summary_large_image","twitter_creator":"@bati_journal","twitter_site":"@bati_journal","twitter_misc":{"\u00c9crit par":"Bati-journal","Dur\u00e9e de lecture estim\u00e9e":"2 minutes"},"schema":{"@context":"https:\/\/schema.org","@graph":[{"@type":"Article","@id":"https:\/\/batijournal.com\/index.php\/nouveau-directeur-general-chez-schock-france\/77383\/#article","isPartOf":{"@id":"https:\/\/batijournal.com\/index.php\/nouveau-directeur-general-chez-schock-france\/77383\/"},"author":{"name":"Bati-journal","@id":"https:\/\/batijournal.com\/#\/schema\/person\/6a657e8967569e1b299972574848aa76"},"headline":"Nouveau directeur g\u00e9n\u00e9ral chez Sch\u00f6ck France","datePublished":"2010-01-09T23:00:00+00:00","dateModified":"2019-07-15T10:16:23+00:00","mainEntityOfPage":{"@id":"https:\/\/batijournal.com\/index.php\/nouveau-directeur-general-chez-schock-france\/77383\/"},"wordCount":320,"commentCount":0,"keywords":["Sch\u00f6ck"],"articleSection":["\u00c9conomie &amp; March\u00e9s"],"inLanguage":"fr-FR","potentialAction":[{"@type":"CommentAction","name":"Comment","target":["https:\/\/batijournal.com\/index.php\/nouveau-directeur-general-chez-schock-france\/77383\/#respond"]}]},{"@type":"WebPage","@id":"https:\/\/batijournal.com\/index.php\/nouveau-directeur-general-chez-schock-france\/77383\/","url":"https:\/\/batijournal.com\/index.php\/nouveau-directeur-general-chez-schock-france\/77383\/","name":"Nouveau directeur g\u00e9n\u00e9ral chez Sch\u00f6ck France","isPartOf":{"@id":"https:\/\/batijournal.com\/#website"},"datePublished":"2010-01-09T23:00:00+00:00","dateModified":"2019-07-15T10:16:23+00:00","author":{"@id":"https:\/\/batijournal.com\/#\/schema\/person\/6a657e8967569e1b299972574848aa76"},"breadcrumb":{"@id":"https:\/\/batijournal.com\/index.php\/nouveau-directeur-general-chez-schock-france\/77383\/#breadcrumb"},"inLanguage":"fr-FR","potentialAction":[{"@type":"ReadAction","target":["https:\/\/batijournal.com\/index.php\/nouveau-directeur-general-chez-schock-france\/77383\/"]}]},{"@type":"BreadcrumbList","@id":"https:\/\/batijournal.com\/index.php\/nouveau-directeur-general-chez-schock-france\/77383\/#breadcrumb","itemListElement":[{"@type":"ListItem","position":1,"name":"Accueil","item":"https:\/\/batijournal.com\/"},{"@type":"ListItem","position":2,"name":"Actualit\u00e9s","item":"https:\/\/batijournal.com\/index.php\/category\/actualites\/"},{"@type":"ListItem","position":3,"name":"\u00c9conomie &amp; March\u00e9s","item":"https:\/\/batijournal.com\/index.php\/category\/actualites\/economie-marches\/"},{"@type":"ListItem","position":4,"name":"Nouveau directeur g\u00e9n\u00e9ral chez Sch\u00f6ck France"}]},{"@type":"WebSite","@id":"https:\/\/batijournal.com\/#website","url":"https:\/\/batijournal.com\/","name":"Batijournal","description":"L&#039;actualit\u00e9 du b\u00e2timent","potentialAction":[{"@type":"SearchAction","target":{"@type":"EntryPoint","urlTemplate":"https:\/\/batijournal.com\/?s={search_term_string}"},"query-input":{"@type":"PropertyValueSpecification","valueRequired":true,"valueName":"search_term_string"}}],"inLanguage":"fr-FR"},{"@type":"Person","@id":"https:\/\/batijournal.com\/#\/schema\/person\/6a657e8967569e1b299972574848aa76","name":"Bati-journal","image":{"@type":"ImageObject","inLanguage":"fr-FR","@id":"https:\/\/secure.gravatar.com\/avatar\/a64364ea26392f9b4dd47e017ddaec74ff03aefc073b49e492e847201258f777?s=96&d=mm&r=g","url":"https:\/\/secure.gravatar.com\/avatar\/a64364ea26392f9b4dd47e017ddaec74ff03aefc073b49e492e847201258f777?s=96&d=mm&r=g","contentUrl":"https:\/\/secure.gravatar.com\/avatar\/a64364ea26392f9b4dd47e017ddaec74ff03aefc073b49e492e847201258f777?s=96&d=mm&r=g","caption":"Bati-journal"},"url":"https:\/\/batijournal.com\/index.php\/author\/elodie\/"}]}},"_links":{"self":[{"href":"https:\/\/batijournal.com\/index.php\/wp-json\/wp\/v2\/posts\/77383","targetHints":{"allow":["GET"]}}],"collection":[{"href":"https:\/\/batijournal.com\/index.php\/wp-json\/wp\/v2\/posts"}],"about":[{"href":"https:\/\/batijournal.com\/index.php\/wp-json\/wp\/v2\/types\/post"}],"author":[{"embeddable":true,"href":"https:\/\/batijournal.com\/index.php\/wp-json\/wp\/v2\/users\/1"}],"replies":[{"embeddable":true,"href":"https:\/\/batijournal.com\/index.php\/wp-json\/wp\/v2\/comments?post=77383"}],"version-history":[{"count":0,"href":"https:\/\/batijournal.com\/index.php\/wp-json\/wp\/v2\/posts\/77383\/revisions"}],"wp:attachment":[{"href":"https:\/\/batijournal.com\/index.php\/wp-json\/wp\/v2\/media?parent=77383"}],"wp:term":[{"taxonomy":"category","embeddable":true,"href":"https:\/\/batijournal.com\/index.php\/wp-json\/wp\/v2\/categories?post=77383"},{"taxonomy":"post_tag","embeddable":true,"href":"https:\/\/batijournal.com\/index.php\/wp-json\/wp\/v2\/tags?post=77383"}],"curies":[{"name":"wp","href":"https:\/\/api.w.org\/{rel}","templated":true}]}}