{"id":77539,"date":"2010-09-09T11:43:29","date_gmt":"2010-09-09T09:43:29","guid":{"rendered":"http:\/\/b.bati-journal.com\/sciage-cogeneration-et-bois-energie-un-projet-global-dans-la-nievre\/77539"},"modified":"2019-07-15T12:15:51","modified_gmt":"2019-07-15T10:15:51","slug":"sciage-cogeneration-et-bois-energie-un-projet-global-dans-la-nievre","status":"publish","type":"post","link":"https:\/\/batijournal.com\/index.php\/sciage-cogeneration-et-bois-energie-un-projet-global-dans-la-nievre\/77539\/","title":{"rendered":"Sciage, cog\u00e9n\u00e9ration et bois-\u00e9nergie : un projet global dans la Ni\u00e8vre"},"content":{"rendered":"<p>Un p\u00f4le industriel de sciage, int\u00e9grant une unit\u00e9 de cog\u00e9n\u00e9ration biomasse et une unit\u00e9 de production de pellets en bois, sera op\u00e9rationnel en juin 2013 sur la commune de Sardy-L\u00e8s-Epiry (Ni\u00e8vre) au pied du massif forestier du Morvan. La demande de permis de construire de ce projet a \u00e9t\u00e9 d\u00e9pos\u00e9e le 30 novembre dernier par la soci\u00e9t\u00e9 Erscia France (Energies Renouvelables et Sciages de France) qui affiche ainsi sa volont\u00e9 de se d\u00e9velopper dans le secteur du bois et de l&rsquo;\u00e9nergie verte. Les installations projet\u00e9es fourniront, par cog\u00e9n\u00e9ration, de l&rsquo;\u00e9lectricit\u00e9 qui repr\u00e9sente, \u00e0 titre de comparaison, la consommation moyenne d&rsquo;environ 25 000 foyers, et produiront 250 000 tonnes de biocombustibles sous forme de pellets\/granul\u00e9s en bois. L&rsquo;unit\u00e9 principale sera la ligne de sciage de bois r\u00e9sineux (toutes essences), offrant une large gamme de produits avec des chambres de s\u00e9chage approvisionn\u00e9es en \u00e9nergie par l&rsquo;unit\u00e9 de cog\u00e9n\u00e9ration.La centrale de cog\u00e9n\u00e9ration repr\u00e9sentera la deuxi\u00e8me unit\u00e9 de base du site industriel. Elle sera aliment\u00e9e par du bois naturel (connexes de scierie, bois forestiers) et du bois us\u00e9 (non dangereux, provenant de centres de tri, bois d&rsquo;\u00e9lagage). La Centrale produira de l&rsquo;\u00e9lectricit\u00e9 verte qui sera partiellement utilis\u00e9e par elle-m\u00eame, le reste sera inject\u00e9 sur le r\u00e9seau de distribution. Elle fournira \u00e9galement la chaleur destin\u00e9e au confort du site ainsi qu&rsquo;au s\u00e9chage des produits sci\u00e9s et des sciures\/plaquettes pr\u00e9vues \u00e0 la production des pellets. L&rsquo;unit\u00e9 de pellets, troisi\u00e8me unit\u00e9 de base du site industriel, produira un biocombustible sous forme de granul\u00e9s en bois qui sera ensuite vendu \u00e0 d&rsquo;autres centrales de production d&rsquo;\u00e9lectricit\u00e9 (1 tonne de pellets en bois \u00e9quivaut environ \u00e0 500 litres de fioul) ou pour contribuer \u00e0 l&rsquo;alimentation en bois-\u00e9nergie aupr\u00e8s des particuliers. Cette implantation devrait permettre le d\u00e9veloppement de la fili\u00e8re bois \u00e0 l\u00e9chelon local. Le complexe industriel permettra en effet de livrer chaque ann\u00e9e quelques 300 000 m3 de bois sci\u00e9s r\u00e9pondant aux attentes et aux besoins des activit\u00e9s de transformation encore trop tributaires des importations. En outre, le site de Sardy-l\u00e8s-Epiry, d&rsquo;une superficie totale de 110 hectares, accueillera plusieurs activit\u00e9s de seconde transformation favoris\u00e9es dans leur d\u00e9veloppement par la proximit\u00e9 de l&rsquo;unit\u00e9 de sciage. Le projet de Sardy-l\u00e8s-Epiry repr\u00e9sente un investissement total d&rsquo;environ 150 millions d&rsquo;euros. Il permettra la cr\u00e9ation de 120 emplois directs et d&rsquo;environ 200 emplois indirects.<\/p>\n","protected":false},"excerpt":{"rendered":"<p>Un p\u00f4le industriel de sciage, int\u00e9grant une unit\u00e9 de cog\u00e9n\u00e9ration biomasse et une unit\u00e9 de production de pellets en bois, sera op\u00e9rationnel en juin 2013 sur la commune de Sardy-L\u00e8s-Epiry (Ni\u00e8vre) au pied du massif forestier du Morvan. La demande de permis de construire de ce projet a \u00e9t\u00e9 d\u00e9pos\u00e9e le 30 novembre dernier par [&hellip;]<\/p>\n","protected":false},"author":1,"featured_media":77540,"comment_status":"open","ping_status":"closed","sticky":false,"template":"","format":"standard","meta":{"_et_pb_use_builder":"","_et_pb_old_content":"","_et_gb_content_width":"","footnotes":""},"categories":[6345],"tags":[],"class_list":["post-77539","post","type-post","status-publish","format-standard","has-post-thumbnail","hentry","category-economie-marches"],"yoast_head":"<!-- This site is optimized with the Yoast SEO plugin v27.4 - https:\/\/yoast.com\/product\/yoast-seo-wordpress\/ -->\n<title>Sciage, cog\u00e9n\u00e9ration et bois-\u00e9nergie : un projet global dans la Ni\u00e8vre<\/title>\n<meta name=\"robots\" content=\"index, follow, max-snippet:-1, max-image-preview:large, max-video-preview:-1\" \/>\n<link rel=\"canonical\" href=\"https:\/\/batijournal.com\/index.php\/sciage-cogeneration-et-bois-energie-un-projet-global-dans-la-nievre\/77539\/\" \/>\n<meta property=\"og:locale\" content=\"fr_FR\" \/>\n<meta property=\"og:type\" content=\"article\" \/>\n<meta property=\"og:title\" content=\"Sciage, cog\u00e9n\u00e9ration et bois-\u00e9nergie : un projet global dans la Ni\u00e8vre\" \/>\n<meta property=\"og:description\" content=\"Un p\u00f4le industriel de sciage, int\u00e9grant une unit\u00e9 de cog\u00e9n\u00e9ration biomasse et une unit\u00e9 de production de pellets en bois, sera op\u00e9rationnel en juin 2013 sur la commune de Sardy-L\u00e8s-Epiry (Ni\u00e8vre) au pied du massif forestier du Morvan. La demande de permis de construire de ce projet a \u00e9t\u00e9 d\u00e9pos\u00e9e le 30 novembre dernier par [&hellip;]\" \/>\n<meta property=\"og:url\" content=\"https:\/\/batijournal.com\/index.php\/sciage-cogeneration-et-bois-energie-un-projet-global-dans-la-nievre\/77539\/\" \/>\n<meta property=\"og:site_name\" content=\"Batijournal\" \/>\n<meta property=\"article:published_time\" content=\"2010-09-09T09:43:29+00:00\" \/>\n<meta property=\"article:modified_time\" content=\"2019-07-15T10:15:51+00:00\" \/>\n<meta property=\"og:image\" content=\"https:\/\/batijournal.com\/wp-content\/uploads\/2015\/03\/17856463.jpg\" \/>\n\t<meta property=\"og:image:width\" content=\"599\" \/>\n\t<meta property=\"og:image:height\" content=\"272\" \/>\n\t<meta property=\"og:image:type\" content=\"image\/jpeg\" \/>\n<meta name=\"author\" content=\"Bati-journal\" \/>\n<meta name=\"twitter:card\" content=\"summary_large_image\" \/>\n<meta name=\"twitter:creator\" content=\"@bati_journal\" \/>\n<meta name=\"twitter:site\" content=\"@bati_journal\" \/>\n<meta name=\"twitter:label1\" content=\"\u00c9crit par\" \/>\n\t<meta name=\"twitter:data1\" content=\"Bati-journal\" \/>\n\t<meta name=\"twitter:label2\" content=\"Dur\u00e9e de lecture estim\u00e9e\" \/>\n\t<meta name=\"twitter:data2\" content=\"2 minutes\" \/>\n<script type=\"application\/ld+json\" class=\"yoast-schema-graph\">{\"@context\":\"https:\\\/\\\/schema.org\",\"@graph\":[{\"@type\":\"Article\",\"@id\":\"https:\\\/\\\/batijournal.com\\\/index.php\\\/sciage-cogeneration-et-bois-energie-un-projet-global-dans-la-nievre\\\/77539\\\/#article\",\"isPartOf\":{\"@id\":\"https:\\\/\\\/batijournal.com\\\/index.php\\\/sciage-cogeneration-et-bois-energie-un-projet-global-dans-la-nievre\\\/77539\\\/\"},\"author\":{\"name\":\"Bati-journal\",\"@id\":\"https:\\\/\\\/batijournal.com\\\/#\\\/schema\\\/person\\\/6a657e8967569e1b299972574848aa76\"},\"headline\":\"Sciage, cog\u00e9n\u00e9ration et bois-\u00e9nergie : un projet global dans la Ni\u00e8vre\",\"datePublished\":\"2010-09-09T09:43:29+00:00\",\"dateModified\":\"2019-07-15T10:15:51+00:00\",\"mainEntityOfPage\":{\"@id\":\"https:\\\/\\\/batijournal.com\\\/index.php\\\/sciage-cogeneration-et-bois-energie-un-projet-global-dans-la-nievre\\\/77539\\\/\"},\"wordCount\":445,\"commentCount\":0,\"image\":{\"@id\":\"https:\\\/\\\/batijournal.com\\\/index.php\\\/sciage-cogeneration-et-bois-energie-un-projet-global-dans-la-nievre\\\/77539\\\/#primaryimage\"},\"thumbnailUrl\":\"https:\\\/\\\/batijournal.com\\\/wp-content\\\/uploads\\\/2015\\\/03\\\/17856463.jpg\",\"articleSection\":[\"\u00c9conomie &amp; March\u00e9s\"],\"inLanguage\":\"fr-FR\",\"potentialAction\":[{\"@type\":\"CommentAction\",\"name\":\"Comment\",\"target\":[\"https:\\\/\\\/batijournal.com\\\/index.php\\\/sciage-cogeneration-et-bois-energie-un-projet-global-dans-la-nievre\\\/77539\\\/#respond\"]}]},{\"@type\":\"WebPage\",\"@id\":\"https:\\\/\\\/batijournal.com\\\/index.php\\\/sciage-cogeneration-et-bois-energie-un-projet-global-dans-la-nievre\\\/77539\\\/\",\"url\":\"https:\\\/\\\/batijournal.com\\\/index.php\\\/sciage-cogeneration-et-bois-energie-un-projet-global-dans-la-nievre\\\/77539\\\/\",\"name\":\"Sciage, cog\u00e9n\u00e9ration et bois-\u00e9nergie : un projet global dans la Ni\u00e8vre\",\"isPartOf\":{\"@id\":\"https:\\\/\\\/batijournal.com\\\/#website\"},\"primaryImageOfPage\":{\"@id\":\"https:\\\/\\\/batijournal.com\\\/index.php\\\/sciage-cogeneration-et-bois-energie-un-projet-global-dans-la-nievre\\\/77539\\\/#primaryimage\"},\"image\":{\"@id\":\"https:\\\/\\\/batijournal.com\\\/index.php\\\/sciage-cogeneration-et-bois-energie-un-projet-global-dans-la-nievre\\\/77539\\\/#primaryimage\"},\"thumbnailUrl\":\"https:\\\/\\\/batijournal.com\\\/wp-content\\\/uploads\\\/2015\\\/03\\\/17856463.jpg\",\"datePublished\":\"2010-09-09T09:43:29+00:00\",\"dateModified\":\"2019-07-15T10:15:51+00:00\",\"author\":{\"@id\":\"https:\\\/\\\/batijournal.com\\\/#\\\/schema\\\/person\\\/6a657e8967569e1b299972574848aa76\"},\"breadcrumb\":{\"@id\":\"https:\\\/\\\/batijournal.com\\\/index.php\\\/sciage-cogeneration-et-bois-energie-un-projet-global-dans-la-nievre\\\/77539\\\/#breadcrumb\"},\"inLanguage\":\"fr-FR\",\"potentialAction\":[{\"@type\":\"ReadAction\",\"target\":[\"https:\\\/\\\/batijournal.com\\\/index.php\\\/sciage-cogeneration-et-bois-energie-un-projet-global-dans-la-nievre\\\/77539\\\/\"]}]},{\"@type\":\"ImageObject\",\"inLanguage\":\"fr-FR\",\"@id\":\"https:\\\/\\\/batijournal.com\\\/index.php\\\/sciage-cogeneration-et-bois-energie-un-projet-global-dans-la-nievre\\\/77539\\\/#primaryimage\",\"url\":\"https:\\\/\\\/batijournal.com\\\/wp-content\\\/uploads\\\/2015\\\/03\\\/17856463.jpg\",\"contentUrl\":\"https:\\\/\\\/batijournal.com\\\/wp-content\\\/uploads\\\/2015\\\/03\\\/17856463.jpg\",\"width\":599,\"height\":272},{\"@type\":\"BreadcrumbList\",\"@id\":\"https:\\\/\\\/batijournal.com\\\/index.php\\\/sciage-cogeneration-et-bois-energie-un-projet-global-dans-la-nievre\\\/77539\\\/#breadcrumb\",\"itemListElement\":[{\"@type\":\"ListItem\",\"position\":1,\"name\":\"Accueil\",\"item\":\"https:\\\/\\\/batijournal.com\\\/\"},{\"@type\":\"ListItem\",\"position\":2,\"name\":\"Actualit\u00e9s\",\"item\":\"https:\\\/\\\/batijournal.com\\\/index.php\\\/category\\\/actualites\\\/\"},{\"@type\":\"ListItem\",\"position\":3,\"name\":\"\u00c9conomie &amp; March\u00e9s\",\"item\":\"https:\\\/\\\/batijournal.com\\\/index.php\\\/category\\\/actualites\\\/economie-marches\\\/\"},{\"@type\":\"ListItem\",\"position\":4,\"name\":\"Sciage, cog\u00e9n\u00e9ration et bois-\u00e9nergie : un projet global dans la Ni\u00e8vre\"}]},{\"@type\":\"WebSite\",\"@id\":\"https:\\\/\\\/batijournal.com\\\/#website\",\"url\":\"https:\\\/\\\/batijournal.com\\\/\",\"name\":\"Batijournal\",\"description\":\"L&#039;actualit\u00e9 du b\u00e2timent\",\"potentialAction\":[{\"@type\":\"SearchAction\",\"target\":{\"@type\":\"EntryPoint\",\"urlTemplate\":\"https:\\\/\\\/batijournal.com\\\/?s={search_term_string}\"},\"query-input\":{\"@type\":\"PropertyValueSpecification\",\"valueRequired\":true,\"valueName\":\"search_term_string\"}}],\"inLanguage\":\"fr-FR\"},{\"@type\":\"Person\",\"@id\":\"https:\\\/\\\/batijournal.com\\\/#\\\/schema\\\/person\\\/6a657e8967569e1b299972574848aa76\",\"name\":\"Bati-journal\",\"image\":{\"@type\":\"ImageObject\",\"inLanguage\":\"fr-FR\",\"@id\":\"https:\\\/\\\/secure.gravatar.com\\\/avatar\\\/a64364ea26392f9b4dd47e017ddaec74ff03aefc073b49e492e847201258f777?s=96&d=mm&r=g\",\"url\":\"https:\\\/\\\/secure.gravatar.com\\\/avatar\\\/a64364ea26392f9b4dd47e017ddaec74ff03aefc073b49e492e847201258f777?s=96&d=mm&r=g\",\"contentUrl\":\"https:\\\/\\\/secure.gravatar.com\\\/avatar\\\/a64364ea26392f9b4dd47e017ddaec74ff03aefc073b49e492e847201258f777?s=96&d=mm&r=g\",\"caption\":\"Bati-journal\"},\"url\":\"https:\\\/\\\/batijournal.com\\\/index.php\\\/author\\\/elodie\\\/\"}]}<\/script>\n<!-- \/ Yoast SEO plugin. -->","yoast_head_json":{"title":"Sciage, cog\u00e9n\u00e9ration et bois-\u00e9nergie : un projet global dans la Ni\u00e8vre","robots":{"index":"index","follow":"follow","max-snippet":"max-snippet:-1","max-image-preview":"max-image-preview:large","max-video-preview":"max-video-preview:-1"},"canonical":"https:\/\/batijournal.com\/index.php\/sciage-cogeneration-et-bois-energie-un-projet-global-dans-la-nievre\/77539\/","og_locale":"fr_FR","og_type":"article","og_title":"Sciage, cog\u00e9n\u00e9ration et bois-\u00e9nergie : un projet global dans la Ni\u00e8vre","og_description":"Un p\u00f4le industriel de sciage, int\u00e9grant une unit\u00e9 de cog\u00e9n\u00e9ration biomasse et une unit\u00e9 de production de pellets en bois, sera op\u00e9rationnel en juin 2013 sur la commune de Sardy-L\u00e8s-Epiry (Ni\u00e8vre) au pied du massif forestier du Morvan. La demande de permis de construire de ce projet a \u00e9t\u00e9 d\u00e9pos\u00e9e le 30 novembre dernier par [&hellip;]","og_url":"https:\/\/batijournal.com\/index.php\/sciage-cogeneration-et-bois-energie-un-projet-global-dans-la-nievre\/77539\/","og_site_name":"Batijournal","article_published_time":"2010-09-09T09:43:29+00:00","article_modified_time":"2019-07-15T10:15:51+00:00","og_image":[{"width":599,"height":272,"url":"https:\/\/batijournal.com\/wp-content\/uploads\/2015\/03\/17856463.jpg","type":"image\/jpeg"}],"author":"Bati-journal","twitter_card":"summary_large_image","twitter_creator":"@bati_journal","twitter_site":"@bati_journal","twitter_misc":{"\u00c9crit par":"Bati-journal","Dur\u00e9e de lecture estim\u00e9e":"2 minutes"},"schema":{"@context":"https:\/\/schema.org","@graph":[{"@type":"Article","@id":"https:\/\/batijournal.com\/index.php\/sciage-cogeneration-et-bois-energie-un-projet-global-dans-la-nievre\/77539\/#article","isPartOf":{"@id":"https:\/\/batijournal.com\/index.php\/sciage-cogeneration-et-bois-energie-un-projet-global-dans-la-nievre\/77539\/"},"author":{"name":"Bati-journal","@id":"https:\/\/batijournal.com\/#\/schema\/person\/6a657e8967569e1b299972574848aa76"},"headline":"Sciage, cog\u00e9n\u00e9ration et bois-\u00e9nergie : un projet global dans la Ni\u00e8vre","datePublished":"2010-09-09T09:43:29+00:00","dateModified":"2019-07-15T10:15:51+00:00","mainEntityOfPage":{"@id":"https:\/\/batijournal.com\/index.php\/sciage-cogeneration-et-bois-energie-un-projet-global-dans-la-nievre\/77539\/"},"wordCount":445,"commentCount":0,"image":{"@id":"https:\/\/batijournal.com\/index.php\/sciage-cogeneration-et-bois-energie-un-projet-global-dans-la-nievre\/77539\/#primaryimage"},"thumbnailUrl":"https:\/\/batijournal.com\/wp-content\/uploads\/2015\/03\/17856463.jpg","articleSection":["\u00c9conomie &amp; March\u00e9s"],"inLanguage":"fr-FR","potentialAction":[{"@type":"CommentAction","name":"Comment","target":["https:\/\/batijournal.com\/index.php\/sciage-cogeneration-et-bois-energie-un-projet-global-dans-la-nievre\/77539\/#respond"]}]},{"@type":"WebPage","@id":"https:\/\/batijournal.com\/index.php\/sciage-cogeneration-et-bois-energie-un-projet-global-dans-la-nievre\/77539\/","url":"https:\/\/batijournal.com\/index.php\/sciage-cogeneration-et-bois-energie-un-projet-global-dans-la-nievre\/77539\/","name":"Sciage, cog\u00e9n\u00e9ration et bois-\u00e9nergie : un projet global dans la Ni\u00e8vre","isPartOf":{"@id":"https:\/\/batijournal.com\/#website"},"primaryImageOfPage":{"@id":"https:\/\/batijournal.com\/index.php\/sciage-cogeneration-et-bois-energie-un-projet-global-dans-la-nievre\/77539\/#primaryimage"},"image":{"@id":"https:\/\/batijournal.com\/index.php\/sciage-cogeneration-et-bois-energie-un-projet-global-dans-la-nievre\/77539\/#primaryimage"},"thumbnailUrl":"https:\/\/batijournal.com\/wp-content\/uploads\/2015\/03\/17856463.jpg","datePublished":"2010-09-09T09:43:29+00:00","dateModified":"2019-07-15T10:15:51+00:00","author":{"@id":"https:\/\/batijournal.com\/#\/schema\/person\/6a657e8967569e1b299972574848aa76"},"breadcrumb":{"@id":"https:\/\/batijournal.com\/index.php\/sciage-cogeneration-et-bois-energie-un-projet-global-dans-la-nievre\/77539\/#breadcrumb"},"inLanguage":"fr-FR","potentialAction":[{"@type":"ReadAction","target":["https:\/\/batijournal.com\/index.php\/sciage-cogeneration-et-bois-energie-un-projet-global-dans-la-nievre\/77539\/"]}]},{"@type":"ImageObject","inLanguage":"fr-FR","@id":"https:\/\/batijournal.com\/index.php\/sciage-cogeneration-et-bois-energie-un-projet-global-dans-la-nievre\/77539\/#primaryimage","url":"https:\/\/batijournal.com\/wp-content\/uploads\/2015\/03\/17856463.jpg","contentUrl":"https:\/\/batijournal.com\/wp-content\/uploads\/2015\/03\/17856463.jpg","width":599,"height":272},{"@type":"BreadcrumbList","@id":"https:\/\/batijournal.com\/index.php\/sciage-cogeneration-et-bois-energie-un-projet-global-dans-la-nievre\/77539\/#breadcrumb","itemListElement":[{"@type":"ListItem","position":1,"name":"Accueil","item":"https:\/\/batijournal.com\/"},{"@type":"ListItem","position":2,"name":"Actualit\u00e9s","item":"https:\/\/batijournal.com\/index.php\/category\/actualites\/"},{"@type":"ListItem","position":3,"name":"\u00c9conomie &amp; March\u00e9s","item":"https:\/\/batijournal.com\/index.php\/category\/actualites\/economie-marches\/"},{"@type":"ListItem","position":4,"name":"Sciage, cog\u00e9n\u00e9ration et bois-\u00e9nergie : un projet global dans la Ni\u00e8vre"}]},{"@type":"WebSite","@id":"https:\/\/batijournal.com\/#website","url":"https:\/\/batijournal.com\/","name":"Batijournal","description":"L&#039;actualit\u00e9 du b\u00e2timent","potentialAction":[{"@type":"SearchAction","target":{"@type":"EntryPoint","urlTemplate":"https:\/\/batijournal.com\/?s={search_term_string}"},"query-input":{"@type":"PropertyValueSpecification","valueRequired":true,"valueName":"search_term_string"}}],"inLanguage":"fr-FR"},{"@type":"Person","@id":"https:\/\/batijournal.com\/#\/schema\/person\/6a657e8967569e1b299972574848aa76","name":"Bati-journal","image":{"@type":"ImageObject","inLanguage":"fr-FR","@id":"https:\/\/secure.gravatar.com\/avatar\/a64364ea26392f9b4dd47e017ddaec74ff03aefc073b49e492e847201258f777?s=96&d=mm&r=g","url":"https:\/\/secure.gravatar.com\/avatar\/a64364ea26392f9b4dd47e017ddaec74ff03aefc073b49e492e847201258f777?s=96&d=mm&r=g","contentUrl":"https:\/\/secure.gravatar.com\/avatar\/a64364ea26392f9b4dd47e017ddaec74ff03aefc073b49e492e847201258f777?s=96&d=mm&r=g","caption":"Bati-journal"},"url":"https:\/\/batijournal.com\/index.php\/author\/elodie\/"}]}},"_links":{"self":[{"href":"https:\/\/batijournal.com\/index.php\/wp-json\/wp\/v2\/posts\/77539","targetHints":{"allow":["GET"]}}],"collection":[{"href":"https:\/\/batijournal.com\/index.php\/wp-json\/wp\/v2\/posts"}],"about":[{"href":"https:\/\/batijournal.com\/index.php\/wp-json\/wp\/v2\/types\/post"}],"author":[{"embeddable":true,"href":"https:\/\/batijournal.com\/index.php\/wp-json\/wp\/v2\/users\/1"}],"replies":[{"embeddable":true,"href":"https:\/\/batijournal.com\/index.php\/wp-json\/wp\/v2\/comments?post=77539"}],"version-history":[{"count":0,"href":"https:\/\/batijournal.com\/index.php\/wp-json\/wp\/v2\/posts\/77539\/revisions"}],"wp:featuredmedia":[{"embeddable":true,"href":"https:\/\/batijournal.com\/index.php\/wp-json\/wp\/v2\/media\/77540"}],"wp:attachment":[{"href":"https:\/\/batijournal.com\/index.php\/wp-json\/wp\/v2\/media?parent=77539"}],"wp:term":[{"taxonomy":"category","embeddable":true,"href":"https:\/\/batijournal.com\/index.php\/wp-json\/wp\/v2\/categories?post=77539"},{"taxonomy":"post_tag","embeddable":true,"href":"https:\/\/batijournal.com\/index.php\/wp-json\/wp\/v2\/tags?post=77539"}],"curies":[{"name":"wp","href":"https:\/\/api.w.org\/{rel}","templated":true}]}}