{"id":77571,"date":"2010-11-12T00:00:00","date_gmt":"2010-11-11T23:00:00","guid":{"rendered":"http:\/\/b.bati-journal.com\/deux-bons-eleves-ont-signe-un-bail-vert\/77571"},"modified":"2019-07-15T12:15:47","modified_gmt":"2019-07-15T10:15:47","slug":"deux-bons-eleves-ont-signe-un-bail-vert","status":"publish","type":"post","link":"https:\/\/batijournal.com\/index.php\/deux-bons-eleves-ont-signe-un-bail-vert\/77571\/","title":{"rendered":"Deux bons \u00e9l\u00e8ves ont sign\u00e9 un \u00ab\u00a0bail vert\u00a0\u00bb"},"content":{"rendered":"<p>\u00c0 l\u2019occasion des 4e Troph\u00e9es du d\u00e9veloppement durable d\u2019Icade, Serge Grzybowski, pr\u00e9sident-directeur g\u00e9n\u00e9ral, a sign\u00e9 avec Thierry Hellin, directeur g\u00e9n\u00e9ral adjoint du groupe Pierre &amp; Vacances Center Parcs, une annexe environnementale au bail qui lie les deux soci\u00e9t\u00e9s depuis dix ans. Pierre &amp; Vacances Center Parcs est en effet locataire d\u2019Icade sur le Parc du Pont de Flandre \u00e0 Paris depuis 2000. Cette annexe s\u2019inspire tr\u00e8s \u00e9troitement du texte de la loi Grenelle 2 : \u00e9tat des lieux pr\u00e9cis sur les consommations \u00e9nerg\u00e9tiques et les d\u00e9chets pour disposer d\u2019une base de r\u00e9f\u00e9rence, modalit\u00e9s de suivi des consommations \u00e0 l\u2019avenir, syst\u00e8me de gestion des axes de progr\u00e8s \u00e0 travers un comit\u00e9 environnemental entre le bailleur et le preneur. La loi institue l\u2019obligation d\u2019une telle annexe pour les baux en cours en juillet 2013. Les deux soci\u00e9t\u00e9s, tr\u00e8s engag\u00e9es dans le d\u00e9veloppement durable, ont souhait\u00e9 anticiper fortement cette obligation pour montrer l\u2019exemple. Rappelons que, dans le cadre du Plan B\u00e2timent Grenelle, pr\u00e9sid\u00e9 par Philippe Pelletier, c\u2019est le groupe Tertiaire Priv\u00e9, anim\u00e9 par Serge Grzybowski, qui a propos\u00e9 cette formule d\u2019annexe obligatoire pour le \u00ab\u00a0bail vert\u00a0\u00bb.<\/p>\n","protected":false},"excerpt":{"rendered":"<p>\u00c0 l\u2019occasion des 4e Troph\u00e9es du d\u00e9veloppement durable d\u2019Icade, Serge Grzybowski, pr\u00e9sident-directeur g\u00e9n\u00e9ral, a sign\u00e9 avec Thierry Hellin, directeur g\u00e9n\u00e9ral adjoint du groupe Pierre &amp; Vacances Center Parcs, une annexe environnementale au bail qui lie les deux soci\u00e9t\u00e9s depuis dix ans. Pierre &amp; Vacances Center Parcs est en effet locataire d\u2019Icade sur le Parc du [&hellip;]<\/p>\n","protected":false},"author":1,"featured_media":77572,"comment_status":"open","ping_status":"closed","sticky":false,"template":"","format":"standard","meta":{"_et_pb_use_builder":"","_et_pb_old_content":"","_et_gb_content_width":"","footnotes":""},"categories":[6345],"tags":[],"class_list":["post-77571","post","type-post","status-publish","format-standard","has-post-thumbnail","hentry","category-economie-marches"],"yoast_head":"<!-- This site is optimized with the Yoast SEO plugin v27.4 - https:\/\/yoast.com\/product\/yoast-seo-wordpress\/ -->\n<title>Deux bons \u00e9l\u00e8ves ont sign\u00e9 un \u00ab\u00a0bail vert\u00a0\u00bb<\/title>\n<meta name=\"robots\" content=\"index, follow, max-snippet:-1, max-image-preview:large, max-video-preview:-1\" \/>\n<link rel=\"canonical\" href=\"https:\/\/batijournal.com\/index.php\/deux-bons-eleves-ont-signe-un-bail-vert\/77571\/\" \/>\n<meta property=\"og:locale\" content=\"fr_FR\" \/>\n<meta property=\"og:type\" content=\"article\" \/>\n<meta property=\"og:title\" content=\"Deux bons \u00e9l\u00e8ves ont sign\u00e9 un \u00ab\u00a0bail vert\u00a0\u00bb\" \/>\n<meta property=\"og:description\" content=\"\u00c0 l\u2019occasion des 4e Troph\u00e9es du d\u00e9veloppement durable d\u2019Icade, Serge Grzybowski, pr\u00e9sident-directeur g\u00e9n\u00e9ral, a sign\u00e9 avec Thierry Hellin, directeur g\u00e9n\u00e9ral adjoint du groupe Pierre &amp; Vacances Center Parcs, une annexe environnementale au bail qui lie les deux soci\u00e9t\u00e9s depuis dix ans. Pierre &amp; Vacances Center Parcs est en effet locataire d\u2019Icade sur le Parc du [&hellip;]\" \/>\n<meta property=\"og:url\" content=\"https:\/\/batijournal.com\/index.php\/deux-bons-eleves-ont-signe-un-bail-vert\/77571\/\" \/>\n<meta property=\"og:site_name\" content=\"Batijournal\" \/>\n<meta property=\"article:published_time\" content=\"2010-11-11T23:00:00+00:00\" \/>\n<meta property=\"article:modified_time\" content=\"2019-07-15T10:15:47+00:00\" \/>\n<meta property=\"og:image\" content=\"https:\/\/batijournal.com\/wp-content\/uploads\/2015\/03\/17223080.jpg\" \/>\n\t<meta property=\"og:image:width\" content=\"600\" \/>\n\t<meta property=\"og:image:height\" content=\"399\" \/>\n\t<meta property=\"og:image:type\" content=\"image\/jpeg\" \/>\n<meta name=\"author\" content=\"Bati-journal\" \/>\n<meta name=\"twitter:card\" content=\"summary_large_image\" \/>\n<meta name=\"twitter:creator\" content=\"@bati_journal\" \/>\n<meta name=\"twitter:site\" content=\"@bati_journal\" \/>\n<meta name=\"twitter:label1\" content=\"\u00c9crit par\" \/>\n\t<meta name=\"twitter:data1\" content=\"Bati-journal\" \/>\n\t<meta name=\"twitter:label2\" content=\"Dur\u00e9e de lecture estim\u00e9e\" \/>\n\t<meta name=\"twitter:data2\" content=\"1 minute\" \/>\n<script type=\"application\/ld+json\" class=\"yoast-schema-graph\">{\"@context\":\"https:\\\/\\\/schema.org\",\"@graph\":[{\"@type\":\"Article\",\"@id\":\"https:\\\/\\\/batijournal.com\\\/index.php\\\/deux-bons-eleves-ont-signe-un-bail-vert\\\/77571\\\/#article\",\"isPartOf\":{\"@id\":\"https:\\\/\\\/batijournal.com\\\/index.php\\\/deux-bons-eleves-ont-signe-un-bail-vert\\\/77571\\\/\"},\"author\":{\"name\":\"Bati-journal\",\"@id\":\"https:\\\/\\\/batijournal.com\\\/#\\\/schema\\\/person\\\/6a657e8967569e1b299972574848aa76\"},\"headline\":\"Deux bons \u00e9l\u00e8ves ont sign\u00e9 un \u00ab\u00a0bail vert\u00a0\u00bb\",\"datePublished\":\"2010-11-11T23:00:00+00:00\",\"dateModified\":\"2019-07-15T10:15:47+00:00\",\"mainEntityOfPage\":{\"@id\":\"https:\\\/\\\/batijournal.com\\\/index.php\\\/deux-bons-eleves-ont-signe-un-bail-vert\\\/77571\\\/\"},\"wordCount\":220,\"commentCount\":0,\"image\":{\"@id\":\"https:\\\/\\\/batijournal.com\\\/index.php\\\/deux-bons-eleves-ont-signe-un-bail-vert\\\/77571\\\/#primaryimage\"},\"thumbnailUrl\":\"https:\\\/\\\/batijournal.com\\\/wp-content\\\/uploads\\\/2015\\\/03\\\/17223080.jpg\",\"articleSection\":[\"\u00c9conomie &amp; March\u00e9s\"],\"inLanguage\":\"fr-FR\",\"potentialAction\":[{\"@type\":\"CommentAction\",\"name\":\"Comment\",\"target\":[\"https:\\\/\\\/batijournal.com\\\/index.php\\\/deux-bons-eleves-ont-signe-un-bail-vert\\\/77571\\\/#respond\"]}]},{\"@type\":\"WebPage\",\"@id\":\"https:\\\/\\\/batijournal.com\\\/index.php\\\/deux-bons-eleves-ont-signe-un-bail-vert\\\/77571\\\/\",\"url\":\"https:\\\/\\\/batijournal.com\\\/index.php\\\/deux-bons-eleves-ont-signe-un-bail-vert\\\/77571\\\/\",\"name\":\"Deux bons \u00e9l\u00e8ves ont sign\u00e9 un \u00ab\u00a0bail vert\u00a0\u00bb\",\"isPartOf\":{\"@id\":\"https:\\\/\\\/batijournal.com\\\/#website\"},\"primaryImageOfPage\":{\"@id\":\"https:\\\/\\\/batijournal.com\\\/index.php\\\/deux-bons-eleves-ont-signe-un-bail-vert\\\/77571\\\/#primaryimage\"},\"image\":{\"@id\":\"https:\\\/\\\/batijournal.com\\\/index.php\\\/deux-bons-eleves-ont-signe-un-bail-vert\\\/77571\\\/#primaryimage\"},\"thumbnailUrl\":\"https:\\\/\\\/batijournal.com\\\/wp-content\\\/uploads\\\/2015\\\/03\\\/17223080.jpg\",\"datePublished\":\"2010-11-11T23:00:00+00:00\",\"dateModified\":\"2019-07-15T10:15:47+00:00\",\"author\":{\"@id\":\"https:\\\/\\\/batijournal.com\\\/#\\\/schema\\\/person\\\/6a657e8967569e1b299972574848aa76\"},\"breadcrumb\":{\"@id\":\"https:\\\/\\\/batijournal.com\\\/index.php\\\/deux-bons-eleves-ont-signe-un-bail-vert\\\/77571\\\/#breadcrumb\"},\"inLanguage\":\"fr-FR\",\"potentialAction\":[{\"@type\":\"ReadAction\",\"target\":[\"https:\\\/\\\/batijournal.com\\\/index.php\\\/deux-bons-eleves-ont-signe-un-bail-vert\\\/77571\\\/\"]}]},{\"@type\":\"ImageObject\",\"inLanguage\":\"fr-FR\",\"@id\":\"https:\\\/\\\/batijournal.com\\\/index.php\\\/deux-bons-eleves-ont-signe-un-bail-vert\\\/77571\\\/#primaryimage\",\"url\":\"https:\\\/\\\/batijournal.com\\\/wp-content\\\/uploads\\\/2015\\\/03\\\/17223080.jpg\",\"contentUrl\":\"https:\\\/\\\/batijournal.com\\\/wp-content\\\/uploads\\\/2015\\\/03\\\/17223080.jpg\",\"width\":600,\"height\":399},{\"@type\":\"BreadcrumbList\",\"@id\":\"https:\\\/\\\/batijournal.com\\\/index.php\\\/deux-bons-eleves-ont-signe-un-bail-vert\\\/77571\\\/#breadcrumb\",\"itemListElement\":[{\"@type\":\"ListItem\",\"position\":1,\"name\":\"Accueil\",\"item\":\"https:\\\/\\\/batijournal.com\\\/\"},{\"@type\":\"ListItem\",\"position\":2,\"name\":\"Actualit\u00e9s\",\"item\":\"https:\\\/\\\/batijournal.com\\\/index.php\\\/category\\\/actualites\\\/\"},{\"@type\":\"ListItem\",\"position\":3,\"name\":\"\u00c9conomie &amp; March\u00e9s\",\"item\":\"https:\\\/\\\/batijournal.com\\\/index.php\\\/category\\\/actualites\\\/economie-marches\\\/\"},{\"@type\":\"ListItem\",\"position\":4,\"name\":\"Deux bons \u00e9l\u00e8ves ont sign\u00e9 un \u00ab\u00a0bail vert\u00a0\u00bb\"}]},{\"@type\":\"WebSite\",\"@id\":\"https:\\\/\\\/batijournal.com\\\/#website\",\"url\":\"https:\\\/\\\/batijournal.com\\\/\",\"name\":\"Batijournal\",\"description\":\"L&#039;actualit\u00e9 du b\u00e2timent\",\"potentialAction\":[{\"@type\":\"SearchAction\",\"target\":{\"@type\":\"EntryPoint\",\"urlTemplate\":\"https:\\\/\\\/batijournal.com\\\/?s={search_term_string}\"},\"query-input\":{\"@type\":\"PropertyValueSpecification\",\"valueRequired\":true,\"valueName\":\"search_term_string\"}}],\"inLanguage\":\"fr-FR\"},{\"@type\":\"Person\",\"@id\":\"https:\\\/\\\/batijournal.com\\\/#\\\/schema\\\/person\\\/6a657e8967569e1b299972574848aa76\",\"name\":\"Bati-journal\",\"image\":{\"@type\":\"ImageObject\",\"inLanguage\":\"fr-FR\",\"@id\":\"https:\\\/\\\/secure.gravatar.com\\\/avatar\\\/a64364ea26392f9b4dd47e017ddaec74ff03aefc073b49e492e847201258f777?s=96&d=mm&r=g\",\"url\":\"https:\\\/\\\/secure.gravatar.com\\\/avatar\\\/a64364ea26392f9b4dd47e017ddaec74ff03aefc073b49e492e847201258f777?s=96&d=mm&r=g\",\"contentUrl\":\"https:\\\/\\\/secure.gravatar.com\\\/avatar\\\/a64364ea26392f9b4dd47e017ddaec74ff03aefc073b49e492e847201258f777?s=96&d=mm&r=g\",\"caption\":\"Bati-journal\"},\"url\":\"https:\\\/\\\/batijournal.com\\\/index.php\\\/author\\\/elodie\\\/\"}]}<\/script>\n<!-- \/ Yoast SEO plugin. -->","yoast_head_json":{"title":"Deux bons \u00e9l\u00e8ves ont sign\u00e9 un \u00ab\u00a0bail vert\u00a0\u00bb","robots":{"index":"index","follow":"follow","max-snippet":"max-snippet:-1","max-image-preview":"max-image-preview:large","max-video-preview":"max-video-preview:-1"},"canonical":"https:\/\/batijournal.com\/index.php\/deux-bons-eleves-ont-signe-un-bail-vert\/77571\/","og_locale":"fr_FR","og_type":"article","og_title":"Deux bons \u00e9l\u00e8ves ont sign\u00e9 un \u00ab\u00a0bail vert\u00a0\u00bb","og_description":"\u00c0 l\u2019occasion des 4e Troph\u00e9es du d\u00e9veloppement durable d\u2019Icade, Serge Grzybowski, pr\u00e9sident-directeur g\u00e9n\u00e9ral, a sign\u00e9 avec Thierry Hellin, directeur g\u00e9n\u00e9ral adjoint du groupe Pierre &amp; Vacances Center Parcs, une annexe environnementale au bail qui lie les deux soci\u00e9t\u00e9s depuis dix ans. Pierre &amp; Vacances Center Parcs est en effet locataire d\u2019Icade sur le Parc du [&hellip;]","og_url":"https:\/\/batijournal.com\/index.php\/deux-bons-eleves-ont-signe-un-bail-vert\/77571\/","og_site_name":"Batijournal","article_published_time":"2010-11-11T23:00:00+00:00","article_modified_time":"2019-07-15T10:15:47+00:00","og_image":[{"width":600,"height":399,"url":"https:\/\/batijournal.com\/wp-content\/uploads\/2015\/03\/17223080.jpg","type":"image\/jpeg"}],"author":"Bati-journal","twitter_card":"summary_large_image","twitter_creator":"@bati_journal","twitter_site":"@bati_journal","twitter_misc":{"\u00c9crit par":"Bati-journal","Dur\u00e9e de lecture estim\u00e9e":"1 minute"},"schema":{"@context":"https:\/\/schema.org","@graph":[{"@type":"Article","@id":"https:\/\/batijournal.com\/index.php\/deux-bons-eleves-ont-signe-un-bail-vert\/77571\/#article","isPartOf":{"@id":"https:\/\/batijournal.com\/index.php\/deux-bons-eleves-ont-signe-un-bail-vert\/77571\/"},"author":{"name":"Bati-journal","@id":"https:\/\/batijournal.com\/#\/schema\/person\/6a657e8967569e1b299972574848aa76"},"headline":"Deux bons \u00e9l\u00e8ves ont sign\u00e9 un \u00ab\u00a0bail vert\u00a0\u00bb","datePublished":"2010-11-11T23:00:00+00:00","dateModified":"2019-07-15T10:15:47+00:00","mainEntityOfPage":{"@id":"https:\/\/batijournal.com\/index.php\/deux-bons-eleves-ont-signe-un-bail-vert\/77571\/"},"wordCount":220,"commentCount":0,"image":{"@id":"https:\/\/batijournal.com\/index.php\/deux-bons-eleves-ont-signe-un-bail-vert\/77571\/#primaryimage"},"thumbnailUrl":"https:\/\/batijournal.com\/wp-content\/uploads\/2015\/03\/17223080.jpg","articleSection":["\u00c9conomie &amp; March\u00e9s"],"inLanguage":"fr-FR","potentialAction":[{"@type":"CommentAction","name":"Comment","target":["https:\/\/batijournal.com\/index.php\/deux-bons-eleves-ont-signe-un-bail-vert\/77571\/#respond"]}]},{"@type":"WebPage","@id":"https:\/\/batijournal.com\/index.php\/deux-bons-eleves-ont-signe-un-bail-vert\/77571\/","url":"https:\/\/batijournal.com\/index.php\/deux-bons-eleves-ont-signe-un-bail-vert\/77571\/","name":"Deux bons \u00e9l\u00e8ves ont sign\u00e9 un \u00ab\u00a0bail vert\u00a0\u00bb","isPartOf":{"@id":"https:\/\/batijournal.com\/#website"},"primaryImageOfPage":{"@id":"https:\/\/batijournal.com\/index.php\/deux-bons-eleves-ont-signe-un-bail-vert\/77571\/#primaryimage"},"image":{"@id":"https:\/\/batijournal.com\/index.php\/deux-bons-eleves-ont-signe-un-bail-vert\/77571\/#primaryimage"},"thumbnailUrl":"https:\/\/batijournal.com\/wp-content\/uploads\/2015\/03\/17223080.jpg","datePublished":"2010-11-11T23:00:00+00:00","dateModified":"2019-07-15T10:15:47+00:00","author":{"@id":"https:\/\/batijournal.com\/#\/schema\/person\/6a657e8967569e1b299972574848aa76"},"breadcrumb":{"@id":"https:\/\/batijournal.com\/index.php\/deux-bons-eleves-ont-signe-un-bail-vert\/77571\/#breadcrumb"},"inLanguage":"fr-FR","potentialAction":[{"@type":"ReadAction","target":["https:\/\/batijournal.com\/index.php\/deux-bons-eleves-ont-signe-un-bail-vert\/77571\/"]}]},{"@type":"ImageObject","inLanguage":"fr-FR","@id":"https:\/\/batijournal.com\/index.php\/deux-bons-eleves-ont-signe-un-bail-vert\/77571\/#primaryimage","url":"https:\/\/batijournal.com\/wp-content\/uploads\/2015\/03\/17223080.jpg","contentUrl":"https:\/\/batijournal.com\/wp-content\/uploads\/2015\/03\/17223080.jpg","width":600,"height":399},{"@type":"BreadcrumbList","@id":"https:\/\/batijournal.com\/index.php\/deux-bons-eleves-ont-signe-un-bail-vert\/77571\/#breadcrumb","itemListElement":[{"@type":"ListItem","position":1,"name":"Accueil","item":"https:\/\/batijournal.com\/"},{"@type":"ListItem","position":2,"name":"Actualit\u00e9s","item":"https:\/\/batijournal.com\/index.php\/category\/actualites\/"},{"@type":"ListItem","position":3,"name":"\u00c9conomie &amp; March\u00e9s","item":"https:\/\/batijournal.com\/index.php\/category\/actualites\/economie-marches\/"},{"@type":"ListItem","position":4,"name":"Deux bons \u00e9l\u00e8ves ont sign\u00e9 un \u00ab\u00a0bail vert\u00a0\u00bb"}]},{"@type":"WebSite","@id":"https:\/\/batijournal.com\/#website","url":"https:\/\/batijournal.com\/","name":"Batijournal","description":"L&#039;actualit\u00e9 du b\u00e2timent","potentialAction":[{"@type":"SearchAction","target":{"@type":"EntryPoint","urlTemplate":"https:\/\/batijournal.com\/?s={search_term_string}"},"query-input":{"@type":"PropertyValueSpecification","valueRequired":true,"valueName":"search_term_string"}}],"inLanguage":"fr-FR"},{"@type":"Person","@id":"https:\/\/batijournal.com\/#\/schema\/person\/6a657e8967569e1b299972574848aa76","name":"Bati-journal","image":{"@type":"ImageObject","inLanguage":"fr-FR","@id":"https:\/\/secure.gravatar.com\/avatar\/a64364ea26392f9b4dd47e017ddaec74ff03aefc073b49e492e847201258f777?s=96&d=mm&r=g","url":"https:\/\/secure.gravatar.com\/avatar\/a64364ea26392f9b4dd47e017ddaec74ff03aefc073b49e492e847201258f777?s=96&d=mm&r=g","contentUrl":"https:\/\/secure.gravatar.com\/avatar\/a64364ea26392f9b4dd47e017ddaec74ff03aefc073b49e492e847201258f777?s=96&d=mm&r=g","caption":"Bati-journal"},"url":"https:\/\/batijournal.com\/index.php\/author\/elodie\/"}]}},"_links":{"self":[{"href":"https:\/\/batijournal.com\/index.php\/wp-json\/wp\/v2\/posts\/77571","targetHints":{"allow":["GET"]}}],"collection":[{"href":"https:\/\/batijournal.com\/index.php\/wp-json\/wp\/v2\/posts"}],"about":[{"href":"https:\/\/batijournal.com\/index.php\/wp-json\/wp\/v2\/types\/post"}],"author":[{"embeddable":true,"href":"https:\/\/batijournal.com\/index.php\/wp-json\/wp\/v2\/users\/1"}],"replies":[{"embeddable":true,"href":"https:\/\/batijournal.com\/index.php\/wp-json\/wp\/v2\/comments?post=77571"}],"version-history":[{"count":0,"href":"https:\/\/batijournal.com\/index.php\/wp-json\/wp\/v2\/posts\/77571\/revisions"}],"wp:featuredmedia":[{"embeddable":true,"href":"https:\/\/batijournal.com\/index.php\/wp-json\/wp\/v2\/media\/77572"}],"wp:attachment":[{"href":"https:\/\/batijournal.com\/index.php\/wp-json\/wp\/v2\/media?parent=77571"}],"wp:term":[{"taxonomy":"category","embeddable":true,"href":"https:\/\/batijournal.com\/index.php\/wp-json\/wp\/v2\/categories?post=77571"},{"taxonomy":"post_tag","embeddable":true,"href":"https:\/\/batijournal.com\/index.php\/wp-json\/wp\/v2\/tags?post=77571"}],"curies":[{"name":"wp","href":"https:\/\/api.w.org\/{rel}","templated":true}]}}