{"id":77663,"date":"2011-05-10T00:00:00","date_gmt":"2011-05-09T22:00:00","guid":{"rendered":"http:\/\/b.bati-journal.com\/la-maison-durable-vue-par-saint-gobain\/77663"},"modified":"2019-07-15T12:15:37","modified_gmt":"2019-07-15T10:15:37","slug":"la-maison-durable-vue-par-saint-gobain","status":"publish","type":"post","link":"https:\/\/batijournal.com\/index.php\/la-maison-durable-vue-par-saint-gobain\/77663\/","title":{"rendered":"La maison durable vue par Saint-Gobain"},"content":{"rendered":"<p>Le groupe Saint-Gobain accompagne la r\u00e9alisation de la maison \u00ab\u00a0Saint-Gobain Multi-Confort\u00a0\u00bb, con\u00e7ue par l\u2019architecte Laure Levanneur. Valorisant les solutions innovantes de quinze des soci\u00e9t\u00e9s du groupe, cette maison basse consommation et \u00e0 \u00e9nergie positive sera construite dans la commune de Beaucouz\u00e9 (49), conform\u00e9ment au choix du propri\u00e9taire. Gr\u00e2ce \u00e0 une conception architecturale bioclimatique et \u00e0 une combinaison d\u2019\u00e9quipements techniques utilisant les \u00e9nergies renouvelables (puits canadien pour un apport d\u2019air neuf temp\u00e9r\u00e9, panneaux solaires thermiques pour la production d\u2019eau chaude sanitaire, et photovolta\u00efques pour la production d\u2019\u00e9lectricit\u00e9), la maison parvient \u00e0 produire plus d\u2019\u00e9nergie qu\u2019elle n\u2019en consomme. Les mat\u00e9riaux utilis\u00e9s tendent \u00e0 minimiser tout impact sur l\u2019environnement depuis leur fabrication, leur transport, leur vie en \u0153uvre, jusqu\u2019\u00e0 leur fin de vie. Les d\u00e9chets sur chantier sont, par ailleurs, tri\u00e9s et collect\u00e9s pour permettre leur recyclage. \u00ab Durable \u00bb, la maison \u00ab\u00a0Saint-Gobain Multi-Confort\u00a0\u00bb est, de surcro\u00eet, un lieu de vie agr\u00e9able. Laure Levanneur s\u2019affranchit des contraintes environnementales et \u00e9nerg\u00e9tiques pour concevoir une architecture in\u00e9dite, aux lignes esth\u00e9tiques et harmonieuses, conciliant ainsi cr\u00e9ativit\u00e9 et durabilit\u00e9. Chacune des \u00e9tapes de la construction est mise en ligne sur les sites <a href=\"http:\/\/www.saint-gobain.com\" target=\"_blank\" rel=\"noopener noreferrer\">www.saint-gobain.com<\/a>\u00a0et <a href=\"http:\/\/www.mamaison.tv\" target=\"_blank\" rel=\"noopener noreferrer\">www.mamaison.tv<\/a><\/p>\n","protected":false},"excerpt":{"rendered":"<p>Le groupe Saint-Gobain accompagne la r\u00e9alisation de la maison \u00ab\u00a0Saint-Gobain Multi-Confort\u00a0\u00bb, con\u00e7ue par l\u2019architecte Laure Levanneur. Valorisant les solutions innovantes de quinze des soci\u00e9t\u00e9s du groupe, cette maison basse consommation et \u00e0 \u00e9nergie positive sera construite dans la commune de Beaucouz\u00e9 (49), conform\u00e9ment au choix du propri\u00e9taire. Gr\u00e2ce \u00e0 une conception architecturale bioclimatique et \u00e0 [&hellip;]<\/p>\n","protected":false},"author":1,"featured_media":77664,"comment_status":"open","ping_status":"closed","sticky":false,"template":"","format":"standard","meta":{"_et_pb_use_builder":"","_et_pb_old_content":"","_et_gb_content_width":"","footnotes":""},"categories":[6345],"tags":[6497],"class_list":["post-77663","post","type-post","status-publish","format-standard","has-post-thumbnail","hentry","category-economie-marches","tag-saint-gobain"],"yoast_head":"<!-- This site is optimized with the Yoast SEO plugin v27.4 - https:\/\/yoast.com\/product\/yoast-seo-wordpress\/ -->\n<title>La maison durable vue par Saint-Gobain<\/title>\n<meta name=\"robots\" content=\"index, follow, max-snippet:-1, max-image-preview:large, max-video-preview:-1\" \/>\n<link rel=\"canonical\" href=\"https:\/\/batijournal.com\/index.php\/la-maison-durable-vue-par-saint-gobain\/77663\/\" \/>\n<meta property=\"og:locale\" content=\"fr_FR\" \/>\n<meta property=\"og:type\" content=\"article\" \/>\n<meta property=\"og:title\" content=\"La maison durable vue par Saint-Gobain\" \/>\n<meta property=\"og:description\" content=\"Le groupe Saint-Gobain accompagne la r\u00e9alisation de la maison \u00ab\u00a0Saint-Gobain Multi-Confort\u00a0\u00bb, con\u00e7ue par l\u2019architecte Laure Levanneur. Valorisant les solutions innovantes de quinze des soci\u00e9t\u00e9s du groupe, cette maison basse consommation et \u00e0 \u00e9nergie positive sera construite dans la commune de Beaucouz\u00e9 (49), conform\u00e9ment au choix du propri\u00e9taire. Gr\u00e2ce \u00e0 une conception architecturale bioclimatique et \u00e0 [&hellip;]\" \/>\n<meta property=\"og:url\" content=\"https:\/\/batijournal.com\/index.php\/la-maison-durable-vue-par-saint-gobain\/77663\/\" \/>\n<meta property=\"og:site_name\" content=\"Batijournal\" \/>\n<meta property=\"article:published_time\" content=\"2011-05-09T22:00:00+00:00\" \/>\n<meta property=\"article:modified_time\" content=\"2019-07-15T10:15:37+00:00\" \/>\n<meta property=\"og:image\" content=\"https:\/\/batijournal.com\/wp-content\/uploads\/2015\/03\/24768370.jpg\" \/>\n\t<meta property=\"og:image:width\" content=\"600\" \/>\n\t<meta property=\"og:image:height\" content=\"370\" \/>\n\t<meta property=\"og:image:type\" content=\"image\/jpeg\" \/>\n<meta name=\"author\" content=\"Bati-journal\" \/>\n<meta name=\"twitter:card\" content=\"summary_large_image\" \/>\n<meta name=\"twitter:creator\" content=\"@bati_journal\" \/>\n<meta name=\"twitter:site\" content=\"@bati_journal\" \/>\n<meta name=\"twitter:label1\" content=\"\u00c9crit par\" \/>\n\t<meta name=\"twitter:data1\" content=\"Bati-journal\" \/>\n\t<meta name=\"twitter:label2\" content=\"Dur\u00e9e de lecture estim\u00e9e\" \/>\n\t<meta name=\"twitter:data2\" content=\"1 minute\" \/>\n<script type=\"application\/ld+json\" class=\"yoast-schema-graph\">{\"@context\":\"https:\\\/\\\/schema.org\",\"@graph\":[{\"@type\":\"Article\",\"@id\":\"https:\\\/\\\/batijournal.com\\\/index.php\\\/la-maison-durable-vue-par-saint-gobain\\\/77663\\\/#article\",\"isPartOf\":{\"@id\":\"https:\\\/\\\/batijournal.com\\\/index.php\\\/la-maison-durable-vue-par-saint-gobain\\\/77663\\\/\"},\"author\":{\"name\":\"Bati-journal\",\"@id\":\"https:\\\/\\\/batijournal.com\\\/#\\\/schema\\\/person\\\/6a657e8967569e1b299972574848aa76\"},\"headline\":\"La maison durable vue par Saint-Gobain\",\"datePublished\":\"2011-05-09T22:00:00+00:00\",\"dateModified\":\"2019-07-15T10:15:37+00:00\",\"mainEntityOfPage\":{\"@id\":\"https:\\\/\\\/batijournal.com\\\/index.php\\\/la-maison-durable-vue-par-saint-gobain\\\/77663\\\/\"},\"wordCount\":220,\"commentCount\":0,\"image\":{\"@id\":\"https:\\\/\\\/batijournal.com\\\/index.php\\\/la-maison-durable-vue-par-saint-gobain\\\/77663\\\/#primaryimage\"},\"thumbnailUrl\":\"https:\\\/\\\/batijournal.com\\\/wp-content\\\/uploads\\\/2015\\\/03\\\/24768370.jpg\",\"keywords\":[\"saint gobain\"],\"articleSection\":[\"\u00c9conomie &amp; March\u00e9s\"],\"inLanguage\":\"fr-FR\",\"potentialAction\":[{\"@type\":\"CommentAction\",\"name\":\"Comment\",\"target\":[\"https:\\\/\\\/batijournal.com\\\/index.php\\\/la-maison-durable-vue-par-saint-gobain\\\/77663\\\/#respond\"]}]},{\"@type\":\"WebPage\",\"@id\":\"https:\\\/\\\/batijournal.com\\\/index.php\\\/la-maison-durable-vue-par-saint-gobain\\\/77663\\\/\",\"url\":\"https:\\\/\\\/batijournal.com\\\/index.php\\\/la-maison-durable-vue-par-saint-gobain\\\/77663\\\/\",\"name\":\"La maison durable vue par Saint-Gobain\",\"isPartOf\":{\"@id\":\"https:\\\/\\\/batijournal.com\\\/#website\"},\"primaryImageOfPage\":{\"@id\":\"https:\\\/\\\/batijournal.com\\\/index.php\\\/la-maison-durable-vue-par-saint-gobain\\\/77663\\\/#primaryimage\"},\"image\":{\"@id\":\"https:\\\/\\\/batijournal.com\\\/index.php\\\/la-maison-durable-vue-par-saint-gobain\\\/77663\\\/#primaryimage\"},\"thumbnailUrl\":\"https:\\\/\\\/batijournal.com\\\/wp-content\\\/uploads\\\/2015\\\/03\\\/24768370.jpg\",\"datePublished\":\"2011-05-09T22:00:00+00:00\",\"dateModified\":\"2019-07-15T10:15:37+00:00\",\"author\":{\"@id\":\"https:\\\/\\\/batijournal.com\\\/#\\\/schema\\\/person\\\/6a657e8967569e1b299972574848aa76\"},\"breadcrumb\":{\"@id\":\"https:\\\/\\\/batijournal.com\\\/index.php\\\/la-maison-durable-vue-par-saint-gobain\\\/77663\\\/#breadcrumb\"},\"inLanguage\":\"fr-FR\",\"potentialAction\":[{\"@type\":\"ReadAction\",\"target\":[\"https:\\\/\\\/batijournal.com\\\/index.php\\\/la-maison-durable-vue-par-saint-gobain\\\/77663\\\/\"]}]},{\"@type\":\"ImageObject\",\"inLanguage\":\"fr-FR\",\"@id\":\"https:\\\/\\\/batijournal.com\\\/index.php\\\/la-maison-durable-vue-par-saint-gobain\\\/77663\\\/#primaryimage\",\"url\":\"https:\\\/\\\/batijournal.com\\\/wp-content\\\/uploads\\\/2015\\\/03\\\/24768370.jpg\",\"contentUrl\":\"https:\\\/\\\/batijournal.com\\\/wp-content\\\/uploads\\\/2015\\\/03\\\/24768370.jpg\",\"width\":600,\"height\":370},{\"@type\":\"BreadcrumbList\",\"@id\":\"https:\\\/\\\/batijournal.com\\\/index.php\\\/la-maison-durable-vue-par-saint-gobain\\\/77663\\\/#breadcrumb\",\"itemListElement\":[{\"@type\":\"ListItem\",\"position\":1,\"name\":\"Accueil\",\"item\":\"https:\\\/\\\/batijournal.com\\\/\"},{\"@type\":\"ListItem\",\"position\":2,\"name\":\"Actualit\u00e9s\",\"item\":\"https:\\\/\\\/batijournal.com\\\/index.php\\\/category\\\/actualites\\\/\"},{\"@type\":\"ListItem\",\"position\":3,\"name\":\"\u00c9conomie &amp; March\u00e9s\",\"item\":\"https:\\\/\\\/batijournal.com\\\/index.php\\\/category\\\/actualites\\\/economie-marches\\\/\"},{\"@type\":\"ListItem\",\"position\":4,\"name\":\"La maison durable vue par Saint-Gobain\"}]},{\"@type\":\"WebSite\",\"@id\":\"https:\\\/\\\/batijournal.com\\\/#website\",\"url\":\"https:\\\/\\\/batijournal.com\\\/\",\"name\":\"Batijournal\",\"description\":\"L&#039;actualit\u00e9 du b\u00e2timent\",\"potentialAction\":[{\"@type\":\"SearchAction\",\"target\":{\"@type\":\"EntryPoint\",\"urlTemplate\":\"https:\\\/\\\/batijournal.com\\\/?s={search_term_string}\"},\"query-input\":{\"@type\":\"PropertyValueSpecification\",\"valueRequired\":true,\"valueName\":\"search_term_string\"}}],\"inLanguage\":\"fr-FR\"},{\"@type\":\"Person\",\"@id\":\"https:\\\/\\\/batijournal.com\\\/#\\\/schema\\\/person\\\/6a657e8967569e1b299972574848aa76\",\"name\":\"Bati-journal\",\"image\":{\"@type\":\"ImageObject\",\"inLanguage\":\"fr-FR\",\"@id\":\"https:\\\/\\\/secure.gravatar.com\\\/avatar\\\/a64364ea26392f9b4dd47e017ddaec74ff03aefc073b49e492e847201258f777?s=96&d=mm&r=g\",\"url\":\"https:\\\/\\\/secure.gravatar.com\\\/avatar\\\/a64364ea26392f9b4dd47e017ddaec74ff03aefc073b49e492e847201258f777?s=96&d=mm&r=g\",\"contentUrl\":\"https:\\\/\\\/secure.gravatar.com\\\/avatar\\\/a64364ea26392f9b4dd47e017ddaec74ff03aefc073b49e492e847201258f777?s=96&d=mm&r=g\",\"caption\":\"Bati-journal\"},\"url\":\"https:\\\/\\\/batijournal.com\\\/index.php\\\/author\\\/elodie\\\/\"}]}<\/script>\n<!-- \/ Yoast SEO plugin. -->","yoast_head_json":{"title":"La maison durable vue par Saint-Gobain","robots":{"index":"index","follow":"follow","max-snippet":"max-snippet:-1","max-image-preview":"max-image-preview:large","max-video-preview":"max-video-preview:-1"},"canonical":"https:\/\/batijournal.com\/index.php\/la-maison-durable-vue-par-saint-gobain\/77663\/","og_locale":"fr_FR","og_type":"article","og_title":"La maison durable vue par Saint-Gobain","og_description":"Le groupe Saint-Gobain accompagne la r\u00e9alisation de la maison \u00ab\u00a0Saint-Gobain Multi-Confort\u00a0\u00bb, con\u00e7ue par l\u2019architecte Laure Levanneur. Valorisant les solutions innovantes de quinze des soci\u00e9t\u00e9s du groupe, cette maison basse consommation et \u00e0 \u00e9nergie positive sera construite dans la commune de Beaucouz\u00e9 (49), conform\u00e9ment au choix du propri\u00e9taire. Gr\u00e2ce \u00e0 une conception architecturale bioclimatique et \u00e0 [&hellip;]","og_url":"https:\/\/batijournal.com\/index.php\/la-maison-durable-vue-par-saint-gobain\/77663\/","og_site_name":"Batijournal","article_published_time":"2011-05-09T22:00:00+00:00","article_modified_time":"2019-07-15T10:15:37+00:00","og_image":[{"width":600,"height":370,"url":"https:\/\/batijournal.com\/wp-content\/uploads\/2015\/03\/24768370.jpg","type":"image\/jpeg"}],"author":"Bati-journal","twitter_card":"summary_large_image","twitter_creator":"@bati_journal","twitter_site":"@bati_journal","twitter_misc":{"\u00c9crit par":"Bati-journal","Dur\u00e9e de lecture estim\u00e9e":"1 minute"},"schema":{"@context":"https:\/\/schema.org","@graph":[{"@type":"Article","@id":"https:\/\/batijournal.com\/index.php\/la-maison-durable-vue-par-saint-gobain\/77663\/#article","isPartOf":{"@id":"https:\/\/batijournal.com\/index.php\/la-maison-durable-vue-par-saint-gobain\/77663\/"},"author":{"name":"Bati-journal","@id":"https:\/\/batijournal.com\/#\/schema\/person\/6a657e8967569e1b299972574848aa76"},"headline":"La maison durable vue par Saint-Gobain","datePublished":"2011-05-09T22:00:00+00:00","dateModified":"2019-07-15T10:15:37+00:00","mainEntityOfPage":{"@id":"https:\/\/batijournal.com\/index.php\/la-maison-durable-vue-par-saint-gobain\/77663\/"},"wordCount":220,"commentCount":0,"image":{"@id":"https:\/\/batijournal.com\/index.php\/la-maison-durable-vue-par-saint-gobain\/77663\/#primaryimage"},"thumbnailUrl":"https:\/\/batijournal.com\/wp-content\/uploads\/2015\/03\/24768370.jpg","keywords":["saint gobain"],"articleSection":["\u00c9conomie &amp; March\u00e9s"],"inLanguage":"fr-FR","potentialAction":[{"@type":"CommentAction","name":"Comment","target":["https:\/\/batijournal.com\/index.php\/la-maison-durable-vue-par-saint-gobain\/77663\/#respond"]}]},{"@type":"WebPage","@id":"https:\/\/batijournal.com\/index.php\/la-maison-durable-vue-par-saint-gobain\/77663\/","url":"https:\/\/batijournal.com\/index.php\/la-maison-durable-vue-par-saint-gobain\/77663\/","name":"La maison durable vue par Saint-Gobain","isPartOf":{"@id":"https:\/\/batijournal.com\/#website"},"primaryImageOfPage":{"@id":"https:\/\/batijournal.com\/index.php\/la-maison-durable-vue-par-saint-gobain\/77663\/#primaryimage"},"image":{"@id":"https:\/\/batijournal.com\/index.php\/la-maison-durable-vue-par-saint-gobain\/77663\/#primaryimage"},"thumbnailUrl":"https:\/\/batijournal.com\/wp-content\/uploads\/2015\/03\/24768370.jpg","datePublished":"2011-05-09T22:00:00+00:00","dateModified":"2019-07-15T10:15:37+00:00","author":{"@id":"https:\/\/batijournal.com\/#\/schema\/person\/6a657e8967569e1b299972574848aa76"},"breadcrumb":{"@id":"https:\/\/batijournal.com\/index.php\/la-maison-durable-vue-par-saint-gobain\/77663\/#breadcrumb"},"inLanguage":"fr-FR","potentialAction":[{"@type":"ReadAction","target":["https:\/\/batijournal.com\/index.php\/la-maison-durable-vue-par-saint-gobain\/77663\/"]}]},{"@type":"ImageObject","inLanguage":"fr-FR","@id":"https:\/\/batijournal.com\/index.php\/la-maison-durable-vue-par-saint-gobain\/77663\/#primaryimage","url":"https:\/\/batijournal.com\/wp-content\/uploads\/2015\/03\/24768370.jpg","contentUrl":"https:\/\/batijournal.com\/wp-content\/uploads\/2015\/03\/24768370.jpg","width":600,"height":370},{"@type":"BreadcrumbList","@id":"https:\/\/batijournal.com\/index.php\/la-maison-durable-vue-par-saint-gobain\/77663\/#breadcrumb","itemListElement":[{"@type":"ListItem","position":1,"name":"Accueil","item":"https:\/\/batijournal.com\/"},{"@type":"ListItem","position":2,"name":"Actualit\u00e9s","item":"https:\/\/batijournal.com\/index.php\/category\/actualites\/"},{"@type":"ListItem","position":3,"name":"\u00c9conomie &amp; March\u00e9s","item":"https:\/\/batijournal.com\/index.php\/category\/actualites\/economie-marches\/"},{"@type":"ListItem","position":4,"name":"La maison durable vue par Saint-Gobain"}]},{"@type":"WebSite","@id":"https:\/\/batijournal.com\/#website","url":"https:\/\/batijournal.com\/","name":"Batijournal","description":"L&#039;actualit\u00e9 du b\u00e2timent","potentialAction":[{"@type":"SearchAction","target":{"@type":"EntryPoint","urlTemplate":"https:\/\/batijournal.com\/?s={search_term_string}"},"query-input":{"@type":"PropertyValueSpecification","valueRequired":true,"valueName":"search_term_string"}}],"inLanguage":"fr-FR"},{"@type":"Person","@id":"https:\/\/batijournal.com\/#\/schema\/person\/6a657e8967569e1b299972574848aa76","name":"Bati-journal","image":{"@type":"ImageObject","inLanguage":"fr-FR","@id":"https:\/\/secure.gravatar.com\/avatar\/a64364ea26392f9b4dd47e017ddaec74ff03aefc073b49e492e847201258f777?s=96&d=mm&r=g","url":"https:\/\/secure.gravatar.com\/avatar\/a64364ea26392f9b4dd47e017ddaec74ff03aefc073b49e492e847201258f777?s=96&d=mm&r=g","contentUrl":"https:\/\/secure.gravatar.com\/avatar\/a64364ea26392f9b4dd47e017ddaec74ff03aefc073b49e492e847201258f777?s=96&d=mm&r=g","caption":"Bati-journal"},"url":"https:\/\/batijournal.com\/index.php\/author\/elodie\/"}]}},"_links":{"self":[{"href":"https:\/\/batijournal.com\/index.php\/wp-json\/wp\/v2\/posts\/77663","targetHints":{"allow":["GET"]}}],"collection":[{"href":"https:\/\/batijournal.com\/index.php\/wp-json\/wp\/v2\/posts"}],"about":[{"href":"https:\/\/batijournal.com\/index.php\/wp-json\/wp\/v2\/types\/post"}],"author":[{"embeddable":true,"href":"https:\/\/batijournal.com\/index.php\/wp-json\/wp\/v2\/users\/1"}],"replies":[{"embeddable":true,"href":"https:\/\/batijournal.com\/index.php\/wp-json\/wp\/v2\/comments?post=77663"}],"version-history":[{"count":0,"href":"https:\/\/batijournal.com\/index.php\/wp-json\/wp\/v2\/posts\/77663\/revisions"}],"wp:featuredmedia":[{"embeddable":true,"href":"https:\/\/batijournal.com\/index.php\/wp-json\/wp\/v2\/media\/77664"}],"wp:attachment":[{"href":"https:\/\/batijournal.com\/index.php\/wp-json\/wp\/v2\/media?parent=77663"}],"wp:term":[{"taxonomy":"category","embeddable":true,"href":"https:\/\/batijournal.com\/index.php\/wp-json\/wp\/v2\/categories?post=77663"},{"taxonomy":"post_tag","embeddable":true,"href":"https:\/\/batijournal.com\/index.php\/wp-json\/wp\/v2\/tags?post=77663"}],"curies":[{"name":"wp","href":"https:\/\/api.w.org\/{rel}","templated":true}]}}