{"id":77828,"date":"2007-07-06T14:24:39","date_gmt":"2007-07-06T12:24:39","guid":{"rendered":"http:\/\/b.bati-journal.com\/les-entreprises-du-morvan-testent-la-collaboration\/77828"},"modified":"2019-07-15T12:17:49","modified_gmt":"2019-07-15T10:17:49","slug":"les-entreprises-du-morvan-testent-la-collaboration","status":"publish","type":"post","link":"https:\/\/batijournal.com\/index.php\/les-entreprises-du-morvan-testent-la-collaboration\/77828\/","title":{"rendered":"Les entreprises du Morvan testent la collaboration"},"content":{"rendered":"<p>Huit entreprises artisanales de transformation du bois ont lou\u00e9 une unit\u00e9 de s\u00e9chage mobile afin d&rsquo;en tester le fonctionnement et sa rentabilit\u00e9 avant un \u00e9ventuel achat collectif. L&rsquo;acquisition d&rsquo;un s\u00e9choir est en effet difficilement envisageable \u00e0 l&rsquo;\u00e9chelle d&rsquo;une seule entreprise. Cette unit\u00e9 mobile devrait permettre de limiter les transports du mat\u00e9riau car, ici, c&rsquo;est le s\u00e9choir que l&rsquo;on d\u00e9place jusqu&rsquo;aux bois, regroup\u00e9s sur trois sites du Morvan (Saint-L\u00e9ger-Vauban, Montigny-en-Morvan et Ch\u00e2teau-Chinon). Organis\u00e9e dans le cadre de la mission Aprovalbois- PRNM concernant les entreprises de transformation du bois du Morvan, cette tourn\u00e9e s&rsquo;inscrit parmi d&rsquo;autres projets en cours : r\u00e9alisation d&rsquo;un annuaire des professionnels locaux, mise en place d&rsquo;un r\u00e9seau d&rsquo;achat de bois, utilisation de marques collectives et d\u00e9veloppement de gammes de produits, valorisation des copeaux de bois en b\u00fbches reconstitu\u00e9es, d\u00e9veloppement du bois construction&#8230; Cette d\u00e9marche r\u00e9pond \u00e0 la forte demande r\u00e9gionale en sciages secs destin\u00e9s \u00e0 la seconde transformation (menuiserie, \u00e9b\u00e9nisterie&#8230;). Les entreprises s&rsquo;approvisionnent en effet g\u00e9n\u00e9ralement hors du territoire, bien que la ressource y soit abondante. <a href=\"http:\/\/www.parcdumorvan.org\" target=\"_blank\" rel=\"noopener noreferrer\">www.parcdumorvan.org<\/a><\/p>\n","protected":false},"excerpt":{"rendered":"<p>Huit entreprises artisanales de transformation du bois ont lou\u00e9 une unit\u00e9 de s\u00e9chage mobile afin d&rsquo;en tester le fonctionnement et sa rentabilit\u00e9 avant un \u00e9ventuel achat collectif. L&rsquo;acquisition d&rsquo;un s\u00e9choir est en effet difficilement envisageable \u00e0 l&rsquo;\u00e9chelle d&rsquo;une seule entreprise. Cette unit\u00e9 mobile devrait permettre de limiter les transports du mat\u00e9riau car, ici, c&rsquo;est le [&hellip;]<\/p>\n","protected":false},"author":1,"featured_media":0,"comment_status":"open","ping_status":"closed","sticky":false,"template":"","format":"standard","meta":{"_et_pb_use_builder":"","_et_pb_old_content":"","_et_gb_content_width":"","footnotes":""},"categories":[6345],"tags":[7843],"class_list":["post-77828","post","type-post","status-publish","format-standard","hentry","category-economie-marches","tag-morvan"],"yoast_head":"<!-- This site is optimized with the Yoast SEO plugin v27.4 - https:\/\/yoast.com\/product\/yoast-seo-wordpress\/ -->\n<title>Les entreprises du Morvan testent la collaboration<\/title>\n<meta name=\"robots\" content=\"index, follow, max-snippet:-1, max-image-preview:large, max-video-preview:-1\" \/>\n<link rel=\"canonical\" href=\"https:\/\/batijournal.com\/index.php\/les-entreprises-du-morvan-testent-la-collaboration\/77828\/\" \/>\n<meta property=\"og:locale\" content=\"fr_FR\" \/>\n<meta property=\"og:type\" content=\"article\" \/>\n<meta property=\"og:title\" content=\"Les entreprises du Morvan testent la collaboration\" \/>\n<meta property=\"og:description\" content=\"Huit entreprises artisanales de transformation du bois ont lou\u00e9 une unit\u00e9 de s\u00e9chage mobile afin d&rsquo;en tester le fonctionnement et sa rentabilit\u00e9 avant un \u00e9ventuel achat collectif. L&rsquo;acquisition d&rsquo;un s\u00e9choir est en effet difficilement envisageable \u00e0 l&rsquo;\u00e9chelle d&rsquo;une seule entreprise. Cette unit\u00e9 mobile devrait permettre de limiter les transports du mat\u00e9riau car, ici, c&rsquo;est le [&hellip;]\" \/>\n<meta property=\"og:url\" content=\"https:\/\/batijournal.com\/index.php\/les-entreprises-du-morvan-testent-la-collaboration\/77828\/\" \/>\n<meta property=\"og:site_name\" content=\"Batijournal\" \/>\n<meta property=\"article:published_time\" content=\"2007-07-06T12:24:39+00:00\" \/>\n<meta property=\"article:modified_time\" content=\"2019-07-15T10:17:49+00:00\" \/>\n<meta name=\"author\" content=\"Bati-journal\" \/>\n<meta name=\"twitter:card\" content=\"summary_large_image\" \/>\n<meta name=\"twitter:creator\" content=\"@bati_journal\" \/>\n<meta name=\"twitter:site\" content=\"@bati_journal\" \/>\n<meta name=\"twitter:label1\" content=\"\u00c9crit par\" \/>\n\t<meta name=\"twitter:data1\" content=\"Bati-journal\" \/>\n\t<meta name=\"twitter:label2\" content=\"Dur\u00e9e de lecture estim\u00e9e\" \/>\n\t<meta name=\"twitter:data2\" content=\"1 minute\" \/>\n<script type=\"application\/ld+json\" class=\"yoast-schema-graph\">{\"@context\":\"https:\\\/\\\/schema.org\",\"@graph\":[{\"@type\":\"Article\",\"@id\":\"https:\\\/\\\/batijournal.com\\\/index.php\\\/les-entreprises-du-morvan-testent-la-collaboration\\\/77828\\\/#article\",\"isPartOf\":{\"@id\":\"https:\\\/\\\/batijournal.com\\\/index.php\\\/les-entreprises-du-morvan-testent-la-collaboration\\\/77828\\\/\"},\"author\":{\"name\":\"Bati-journal\",\"@id\":\"https:\\\/\\\/batijournal.com\\\/#\\\/schema\\\/person\\\/6a657e8967569e1b299972574848aa76\"},\"headline\":\"Les entreprises du Morvan testent la collaboration\",\"datePublished\":\"2007-07-06T12:24:39+00:00\",\"dateModified\":\"2019-07-15T10:17:49+00:00\",\"mainEntityOfPage\":{\"@id\":\"https:\\\/\\\/batijournal.com\\\/index.php\\\/les-entreprises-du-morvan-testent-la-collaboration\\\/77828\\\/\"},\"wordCount\":211,\"commentCount\":0,\"keywords\":[\"morvan\"],\"articleSection\":[\"\u00c9conomie &amp; March\u00e9s\"],\"inLanguage\":\"fr-FR\",\"potentialAction\":[{\"@type\":\"CommentAction\",\"name\":\"Comment\",\"target\":[\"https:\\\/\\\/batijournal.com\\\/index.php\\\/les-entreprises-du-morvan-testent-la-collaboration\\\/77828\\\/#respond\"]}]},{\"@type\":\"WebPage\",\"@id\":\"https:\\\/\\\/batijournal.com\\\/index.php\\\/les-entreprises-du-morvan-testent-la-collaboration\\\/77828\\\/\",\"url\":\"https:\\\/\\\/batijournal.com\\\/index.php\\\/les-entreprises-du-morvan-testent-la-collaboration\\\/77828\\\/\",\"name\":\"Les entreprises du Morvan testent la collaboration\",\"isPartOf\":{\"@id\":\"https:\\\/\\\/batijournal.com\\\/#website\"},\"datePublished\":\"2007-07-06T12:24:39+00:00\",\"dateModified\":\"2019-07-15T10:17:49+00:00\",\"author\":{\"@id\":\"https:\\\/\\\/batijournal.com\\\/#\\\/schema\\\/person\\\/6a657e8967569e1b299972574848aa76\"},\"breadcrumb\":{\"@id\":\"https:\\\/\\\/batijournal.com\\\/index.php\\\/les-entreprises-du-morvan-testent-la-collaboration\\\/77828\\\/#breadcrumb\"},\"inLanguage\":\"fr-FR\",\"potentialAction\":[{\"@type\":\"ReadAction\",\"target\":[\"https:\\\/\\\/batijournal.com\\\/index.php\\\/les-entreprises-du-morvan-testent-la-collaboration\\\/77828\\\/\"]}]},{\"@type\":\"BreadcrumbList\",\"@id\":\"https:\\\/\\\/batijournal.com\\\/index.php\\\/les-entreprises-du-morvan-testent-la-collaboration\\\/77828\\\/#breadcrumb\",\"itemListElement\":[{\"@type\":\"ListItem\",\"position\":1,\"name\":\"Accueil\",\"item\":\"https:\\\/\\\/batijournal.com\\\/\"},{\"@type\":\"ListItem\",\"position\":2,\"name\":\"Actualit\u00e9s\",\"item\":\"https:\\\/\\\/batijournal.com\\\/index.php\\\/category\\\/actualites\\\/\"},{\"@type\":\"ListItem\",\"position\":3,\"name\":\"\u00c9conomie &amp; March\u00e9s\",\"item\":\"https:\\\/\\\/batijournal.com\\\/index.php\\\/category\\\/actualites\\\/economie-marches\\\/\"},{\"@type\":\"ListItem\",\"position\":4,\"name\":\"Les entreprises du Morvan testent la collaboration\"}]},{\"@type\":\"WebSite\",\"@id\":\"https:\\\/\\\/batijournal.com\\\/#website\",\"url\":\"https:\\\/\\\/batijournal.com\\\/\",\"name\":\"Batijournal\",\"description\":\"L&#039;actualit\u00e9 du b\u00e2timent\",\"potentialAction\":[{\"@type\":\"SearchAction\",\"target\":{\"@type\":\"EntryPoint\",\"urlTemplate\":\"https:\\\/\\\/batijournal.com\\\/?s={search_term_string}\"},\"query-input\":{\"@type\":\"PropertyValueSpecification\",\"valueRequired\":true,\"valueName\":\"search_term_string\"}}],\"inLanguage\":\"fr-FR\"},{\"@type\":\"Person\",\"@id\":\"https:\\\/\\\/batijournal.com\\\/#\\\/schema\\\/person\\\/6a657e8967569e1b299972574848aa76\",\"name\":\"Bati-journal\",\"image\":{\"@type\":\"ImageObject\",\"inLanguage\":\"fr-FR\",\"@id\":\"https:\\\/\\\/secure.gravatar.com\\\/avatar\\\/a64364ea26392f9b4dd47e017ddaec74ff03aefc073b49e492e847201258f777?s=96&d=mm&r=g\",\"url\":\"https:\\\/\\\/secure.gravatar.com\\\/avatar\\\/a64364ea26392f9b4dd47e017ddaec74ff03aefc073b49e492e847201258f777?s=96&d=mm&r=g\",\"contentUrl\":\"https:\\\/\\\/secure.gravatar.com\\\/avatar\\\/a64364ea26392f9b4dd47e017ddaec74ff03aefc073b49e492e847201258f777?s=96&d=mm&r=g\",\"caption\":\"Bati-journal\"},\"url\":\"https:\\\/\\\/batijournal.com\\\/index.php\\\/author\\\/elodie\\\/\"}]}<\/script>\n<!-- \/ Yoast SEO plugin. -->","yoast_head_json":{"title":"Les entreprises du Morvan testent la collaboration","robots":{"index":"index","follow":"follow","max-snippet":"max-snippet:-1","max-image-preview":"max-image-preview:large","max-video-preview":"max-video-preview:-1"},"canonical":"https:\/\/batijournal.com\/index.php\/les-entreprises-du-morvan-testent-la-collaboration\/77828\/","og_locale":"fr_FR","og_type":"article","og_title":"Les entreprises du Morvan testent la collaboration","og_description":"Huit entreprises artisanales de transformation du bois ont lou\u00e9 une unit\u00e9 de s\u00e9chage mobile afin d&rsquo;en tester le fonctionnement et sa rentabilit\u00e9 avant un \u00e9ventuel achat collectif. L&rsquo;acquisition d&rsquo;un s\u00e9choir est en effet difficilement envisageable \u00e0 l&rsquo;\u00e9chelle d&rsquo;une seule entreprise. Cette unit\u00e9 mobile devrait permettre de limiter les transports du mat\u00e9riau car, ici, c&rsquo;est le [&hellip;]","og_url":"https:\/\/batijournal.com\/index.php\/les-entreprises-du-morvan-testent-la-collaboration\/77828\/","og_site_name":"Batijournal","article_published_time":"2007-07-06T12:24:39+00:00","article_modified_time":"2019-07-15T10:17:49+00:00","author":"Bati-journal","twitter_card":"summary_large_image","twitter_creator":"@bati_journal","twitter_site":"@bati_journal","twitter_misc":{"\u00c9crit par":"Bati-journal","Dur\u00e9e de lecture estim\u00e9e":"1 minute"},"schema":{"@context":"https:\/\/schema.org","@graph":[{"@type":"Article","@id":"https:\/\/batijournal.com\/index.php\/les-entreprises-du-morvan-testent-la-collaboration\/77828\/#article","isPartOf":{"@id":"https:\/\/batijournal.com\/index.php\/les-entreprises-du-morvan-testent-la-collaboration\/77828\/"},"author":{"name":"Bati-journal","@id":"https:\/\/batijournal.com\/#\/schema\/person\/6a657e8967569e1b299972574848aa76"},"headline":"Les entreprises du Morvan testent la collaboration","datePublished":"2007-07-06T12:24:39+00:00","dateModified":"2019-07-15T10:17:49+00:00","mainEntityOfPage":{"@id":"https:\/\/batijournal.com\/index.php\/les-entreprises-du-morvan-testent-la-collaboration\/77828\/"},"wordCount":211,"commentCount":0,"keywords":["morvan"],"articleSection":["\u00c9conomie &amp; March\u00e9s"],"inLanguage":"fr-FR","potentialAction":[{"@type":"CommentAction","name":"Comment","target":["https:\/\/batijournal.com\/index.php\/les-entreprises-du-morvan-testent-la-collaboration\/77828\/#respond"]}]},{"@type":"WebPage","@id":"https:\/\/batijournal.com\/index.php\/les-entreprises-du-morvan-testent-la-collaboration\/77828\/","url":"https:\/\/batijournal.com\/index.php\/les-entreprises-du-morvan-testent-la-collaboration\/77828\/","name":"Les entreprises du Morvan testent la collaboration","isPartOf":{"@id":"https:\/\/batijournal.com\/#website"},"datePublished":"2007-07-06T12:24:39+00:00","dateModified":"2019-07-15T10:17:49+00:00","author":{"@id":"https:\/\/batijournal.com\/#\/schema\/person\/6a657e8967569e1b299972574848aa76"},"breadcrumb":{"@id":"https:\/\/batijournal.com\/index.php\/les-entreprises-du-morvan-testent-la-collaboration\/77828\/#breadcrumb"},"inLanguage":"fr-FR","potentialAction":[{"@type":"ReadAction","target":["https:\/\/batijournal.com\/index.php\/les-entreprises-du-morvan-testent-la-collaboration\/77828\/"]}]},{"@type":"BreadcrumbList","@id":"https:\/\/batijournal.com\/index.php\/les-entreprises-du-morvan-testent-la-collaboration\/77828\/#breadcrumb","itemListElement":[{"@type":"ListItem","position":1,"name":"Accueil","item":"https:\/\/batijournal.com\/"},{"@type":"ListItem","position":2,"name":"Actualit\u00e9s","item":"https:\/\/batijournal.com\/index.php\/category\/actualites\/"},{"@type":"ListItem","position":3,"name":"\u00c9conomie &amp; March\u00e9s","item":"https:\/\/batijournal.com\/index.php\/category\/actualites\/economie-marches\/"},{"@type":"ListItem","position":4,"name":"Les entreprises du Morvan testent la collaboration"}]},{"@type":"WebSite","@id":"https:\/\/batijournal.com\/#website","url":"https:\/\/batijournal.com\/","name":"Batijournal","description":"L&#039;actualit\u00e9 du b\u00e2timent","potentialAction":[{"@type":"SearchAction","target":{"@type":"EntryPoint","urlTemplate":"https:\/\/batijournal.com\/?s={search_term_string}"},"query-input":{"@type":"PropertyValueSpecification","valueRequired":true,"valueName":"search_term_string"}}],"inLanguage":"fr-FR"},{"@type":"Person","@id":"https:\/\/batijournal.com\/#\/schema\/person\/6a657e8967569e1b299972574848aa76","name":"Bati-journal","image":{"@type":"ImageObject","inLanguage":"fr-FR","@id":"https:\/\/secure.gravatar.com\/avatar\/a64364ea26392f9b4dd47e017ddaec74ff03aefc073b49e492e847201258f777?s=96&d=mm&r=g","url":"https:\/\/secure.gravatar.com\/avatar\/a64364ea26392f9b4dd47e017ddaec74ff03aefc073b49e492e847201258f777?s=96&d=mm&r=g","contentUrl":"https:\/\/secure.gravatar.com\/avatar\/a64364ea26392f9b4dd47e017ddaec74ff03aefc073b49e492e847201258f777?s=96&d=mm&r=g","caption":"Bati-journal"},"url":"https:\/\/batijournal.com\/index.php\/author\/elodie\/"}]}},"_links":{"self":[{"href":"https:\/\/batijournal.com\/index.php\/wp-json\/wp\/v2\/posts\/77828","targetHints":{"allow":["GET"]}}],"collection":[{"href":"https:\/\/batijournal.com\/index.php\/wp-json\/wp\/v2\/posts"}],"about":[{"href":"https:\/\/batijournal.com\/index.php\/wp-json\/wp\/v2\/types\/post"}],"author":[{"embeddable":true,"href":"https:\/\/batijournal.com\/index.php\/wp-json\/wp\/v2\/users\/1"}],"replies":[{"embeddable":true,"href":"https:\/\/batijournal.com\/index.php\/wp-json\/wp\/v2\/comments?post=77828"}],"version-history":[{"count":0,"href":"https:\/\/batijournal.com\/index.php\/wp-json\/wp\/v2\/posts\/77828\/revisions"}],"wp:attachment":[{"href":"https:\/\/batijournal.com\/index.php\/wp-json\/wp\/v2\/media?parent=77828"}],"wp:term":[{"taxonomy":"category","embeddable":true,"href":"https:\/\/batijournal.com\/index.php\/wp-json\/wp\/v2\/categories?post=77828"},{"taxonomy":"post_tag","embeddable":true,"href":"https:\/\/batijournal.com\/index.php\/wp-json\/wp\/v2\/tags?post=77828"}],"curies":[{"name":"wp","href":"https:\/\/api.w.org\/{rel}","templated":true}]}}