{"id":77965,"date":"2008-03-31T00:00:00","date_gmt":"2008-03-30T22:00:00","guid":{"rendered":"http:\/\/b.bati-journal.com\/la-pierre-naturelle-a-desormais-son-prix-darchitecture-en-france\/77965"},"modified":"2019-07-15T12:17:32","modified_gmt":"2019-07-15T10:17:32","slug":"la-pierre-naturelle-a-desormais-son-prix-darchitecture-en-france","status":"publish","type":"post","link":"https:\/\/batijournal.com\/index.php\/la-pierre-naturelle-a-desormais-son-prix-darchitecture-en-france\/77965\/","title":{"rendered":"La pierre naturelle a d\u00e9sormais son prix d&rsquo;architecture en France"},"content":{"rendered":"<p>Le palmar\u00e8s du concours d\u2019Architecture Pierre Naturelle s&rsquo;est d\u00e9voil\u00e9 \u00e0 l&rsquo;occasion du salon World Roc Expo. Organis\u00e9 par la r\u00e9gion Languedoc-Roussillon, la ville de Montpellier, la revue Pierre Actual et le Syndicat national des industries de roches ornementales et de construction, ce concours s&rsquo;inscrit dans le cadre d\u2019une politique de soutien de la fili\u00e8re r\u00e9gionale de la pierre et de promotion de ses activit\u00e9s. Les 23 participants retenus concouraient dans quatre cat\u00e9gories : b\u00e2timent, am\u00e9nagements urbains, d\u00e9coration et innovation technique. Dans la cat\u00e9gorie b\u00e2timent, c&rsquo;est l&rsquo;\u00c9cole nationale de musique du Grand Rodez (Ma\u00eetre d\u2019\u0153uvre : D. Joyes, L. Gouwy, A. Grima, J. L. Rames &#8211; Entreprise de la pierre : Vermorel SA) qui a re\u00e7u le premier prix. Le jury a appr\u00e9ci\u00e9 le traitement contemporain de la mati\u00e8re, le jeu des volumes et la \u201cl\u00e9g\u00e8ret\u00e9\u201d du b\u00e2timent qui met en \u0153uvre d\u2019importantes surfaces de pierre. Utilisant le mat\u00e9riau en \u00e9l\u00e9ment massif, le projet de la maison communale des Associations de Cabri\u00e8res (Ma\u00eetre d\u2019\u0153uvre : Pierre Soto &amp; Axelle Bourdeau &#8211; Entreprise de la pierre : Carri\u00e8re SOC) a obtenu une mention.<\/p>\n","protected":false},"excerpt":{"rendered":"<p>Le palmar\u00e8s du concours d\u2019Architecture Pierre Naturelle s&rsquo;est d\u00e9voil\u00e9 \u00e0 l&rsquo;occasion du salon World Roc Expo. Organis\u00e9 par la r\u00e9gion Languedoc-Roussillon, la ville de Montpellier, la revue Pierre Actual et le Syndicat national des industries de roches ornementales et de construction, ce concours s&rsquo;inscrit dans le cadre d\u2019une politique de soutien de la fili\u00e8re r\u00e9gionale [&hellip;]<\/p>\n","protected":false},"author":1,"featured_media":77966,"comment_status":"open","ping_status":"closed","sticky":false,"template":"","format":"standard","meta":{"_et_pb_use_builder":"","_et_pb_old_content":"","_et_gb_content_width":"","footnotes":""},"categories":[6345],"tags":[4919,5955],"class_list":["post-77965","post","type-post","status-publish","format-standard","has-post-thumbnail","hentry","category-economie-marches","tag-pierre-naturelle","tag-prix-darchitecture"],"yoast_head":"<!-- This site is optimized with the Yoast SEO plugin v27.4 - https:\/\/yoast.com\/product\/yoast-seo-wordpress\/ -->\n<title>La pierre naturelle a d\u00e9sormais son prix d&#039;architecture en France<\/title>\n<meta name=\"robots\" content=\"index, follow, max-snippet:-1, max-image-preview:large, max-video-preview:-1\" \/>\n<link rel=\"canonical\" href=\"https:\/\/batijournal.com\/index.php\/la-pierre-naturelle-a-desormais-son-prix-darchitecture-en-france\/77965\/\" \/>\n<meta property=\"og:locale\" content=\"fr_FR\" \/>\n<meta property=\"og:type\" content=\"article\" \/>\n<meta property=\"og:title\" content=\"La pierre naturelle a d\u00e9sormais son prix d&#039;architecture en France\" \/>\n<meta property=\"og:description\" content=\"Le palmar\u00e8s du concours d\u2019Architecture Pierre Naturelle s&rsquo;est d\u00e9voil\u00e9 \u00e0 l&rsquo;occasion du salon World Roc Expo. Organis\u00e9 par la r\u00e9gion Languedoc-Roussillon, la ville de Montpellier, la revue Pierre Actual et le Syndicat national des industries de roches ornementales et de construction, ce concours s&rsquo;inscrit dans le cadre d\u2019une politique de soutien de la fili\u00e8re r\u00e9gionale [&hellip;]\" \/>\n<meta property=\"og:url\" content=\"https:\/\/batijournal.com\/index.php\/la-pierre-naturelle-a-desormais-son-prix-darchitecture-en-france\/77965\/\" \/>\n<meta property=\"og:site_name\" content=\"Batijournal\" \/>\n<meta property=\"article:published_time\" content=\"2008-03-30T22:00:00+00:00\" \/>\n<meta property=\"article:modified_time\" content=\"2019-07-15T10:17:32+00:00\" \/>\n<meta property=\"og:image\" content=\"https:\/\/batijournal.com\/wp-content\/uploads\/2015\/03\/002520.jpg\" \/>\n\t<meta property=\"og:image:width\" content=\"407\" \/>\n\t<meta property=\"og:image:height\" content=\"600\" \/>\n\t<meta property=\"og:image:type\" content=\"image\/jpeg\" \/>\n<meta name=\"author\" content=\"Bati-journal\" \/>\n<meta name=\"twitter:card\" content=\"summary_large_image\" \/>\n<meta name=\"twitter:creator\" content=\"@bati_journal\" \/>\n<meta name=\"twitter:site\" content=\"@bati_journal\" \/>\n<meta name=\"twitter:label1\" content=\"\u00c9crit par\" \/>\n\t<meta name=\"twitter:data1\" content=\"Bati-journal\" \/>\n\t<meta name=\"twitter:label2\" content=\"Dur\u00e9e de lecture estim\u00e9e\" \/>\n\t<meta name=\"twitter:data2\" content=\"1 minute\" \/>\n<script type=\"application\/ld+json\" class=\"yoast-schema-graph\">{\"@context\":\"https:\\\/\\\/schema.org\",\"@graph\":[{\"@type\":\"Article\",\"@id\":\"https:\\\/\\\/batijournal.com\\\/index.php\\\/la-pierre-naturelle-a-desormais-son-prix-darchitecture-en-france\\\/77965\\\/#article\",\"isPartOf\":{\"@id\":\"https:\\\/\\\/batijournal.com\\\/index.php\\\/la-pierre-naturelle-a-desormais-son-prix-darchitecture-en-france\\\/77965\\\/\"},\"author\":{\"name\":\"Bati-journal\",\"@id\":\"https:\\\/\\\/batijournal.com\\\/#\\\/schema\\\/person\\\/6a657e8967569e1b299972574848aa76\"},\"headline\":\"La pierre naturelle a d\u00e9sormais son prix d&rsquo;architecture en France\",\"datePublished\":\"2008-03-30T22:00:00+00:00\",\"dateModified\":\"2019-07-15T10:17:32+00:00\",\"mainEntityOfPage\":{\"@id\":\"https:\\\/\\\/batijournal.com\\\/index.php\\\/la-pierre-naturelle-a-desormais-son-prix-darchitecture-en-france\\\/77965\\\/\"},\"wordCount\":220,\"commentCount\":0,\"image\":{\"@id\":\"https:\\\/\\\/batijournal.com\\\/index.php\\\/la-pierre-naturelle-a-desormais-son-prix-darchitecture-en-france\\\/77965\\\/#primaryimage\"},\"thumbnailUrl\":\"https:\\\/\\\/batijournal.com\\\/wp-content\\\/uploads\\\/2015\\\/03\\\/002520.jpg\",\"keywords\":[\"pierre naturelle\",\"prix d'architecture\"],\"articleSection\":[\"\u00c9conomie &amp; March\u00e9s\"],\"inLanguage\":\"fr-FR\",\"potentialAction\":[{\"@type\":\"CommentAction\",\"name\":\"Comment\",\"target\":[\"https:\\\/\\\/batijournal.com\\\/index.php\\\/la-pierre-naturelle-a-desormais-son-prix-darchitecture-en-france\\\/77965\\\/#respond\"]}]},{\"@type\":\"WebPage\",\"@id\":\"https:\\\/\\\/batijournal.com\\\/index.php\\\/la-pierre-naturelle-a-desormais-son-prix-darchitecture-en-france\\\/77965\\\/\",\"url\":\"https:\\\/\\\/batijournal.com\\\/index.php\\\/la-pierre-naturelle-a-desormais-son-prix-darchitecture-en-france\\\/77965\\\/\",\"name\":\"La pierre naturelle a d\u00e9sormais son prix d'architecture en France\",\"isPartOf\":{\"@id\":\"https:\\\/\\\/batijournal.com\\\/#website\"},\"primaryImageOfPage\":{\"@id\":\"https:\\\/\\\/batijournal.com\\\/index.php\\\/la-pierre-naturelle-a-desormais-son-prix-darchitecture-en-france\\\/77965\\\/#primaryimage\"},\"image\":{\"@id\":\"https:\\\/\\\/batijournal.com\\\/index.php\\\/la-pierre-naturelle-a-desormais-son-prix-darchitecture-en-france\\\/77965\\\/#primaryimage\"},\"thumbnailUrl\":\"https:\\\/\\\/batijournal.com\\\/wp-content\\\/uploads\\\/2015\\\/03\\\/002520.jpg\",\"datePublished\":\"2008-03-30T22:00:00+00:00\",\"dateModified\":\"2019-07-15T10:17:32+00:00\",\"author\":{\"@id\":\"https:\\\/\\\/batijournal.com\\\/#\\\/schema\\\/person\\\/6a657e8967569e1b299972574848aa76\"},\"breadcrumb\":{\"@id\":\"https:\\\/\\\/batijournal.com\\\/index.php\\\/la-pierre-naturelle-a-desormais-son-prix-darchitecture-en-france\\\/77965\\\/#breadcrumb\"},\"inLanguage\":\"fr-FR\",\"potentialAction\":[{\"@type\":\"ReadAction\",\"target\":[\"https:\\\/\\\/batijournal.com\\\/index.php\\\/la-pierre-naturelle-a-desormais-son-prix-darchitecture-en-france\\\/77965\\\/\"]}]},{\"@type\":\"ImageObject\",\"inLanguage\":\"fr-FR\",\"@id\":\"https:\\\/\\\/batijournal.com\\\/index.php\\\/la-pierre-naturelle-a-desormais-son-prix-darchitecture-en-france\\\/77965\\\/#primaryimage\",\"url\":\"https:\\\/\\\/batijournal.com\\\/wp-content\\\/uploads\\\/2015\\\/03\\\/002520.jpg\",\"contentUrl\":\"https:\\\/\\\/batijournal.com\\\/wp-content\\\/uploads\\\/2015\\\/03\\\/002520.jpg\",\"width\":407,\"height\":600},{\"@type\":\"BreadcrumbList\",\"@id\":\"https:\\\/\\\/batijournal.com\\\/index.php\\\/la-pierre-naturelle-a-desormais-son-prix-darchitecture-en-france\\\/77965\\\/#breadcrumb\",\"itemListElement\":[{\"@type\":\"ListItem\",\"position\":1,\"name\":\"Accueil\",\"item\":\"https:\\\/\\\/batijournal.com\\\/\"},{\"@type\":\"ListItem\",\"position\":2,\"name\":\"Actualit\u00e9s\",\"item\":\"https:\\\/\\\/batijournal.com\\\/index.php\\\/category\\\/actualites\\\/\"},{\"@type\":\"ListItem\",\"position\":3,\"name\":\"\u00c9conomie &amp; March\u00e9s\",\"item\":\"https:\\\/\\\/batijournal.com\\\/index.php\\\/category\\\/actualites\\\/economie-marches\\\/\"},{\"@type\":\"ListItem\",\"position\":4,\"name\":\"La pierre naturelle a d\u00e9sormais son prix d&rsquo;architecture en France\"}]},{\"@type\":\"WebSite\",\"@id\":\"https:\\\/\\\/batijournal.com\\\/#website\",\"url\":\"https:\\\/\\\/batijournal.com\\\/\",\"name\":\"Batijournal\",\"description\":\"L&#039;actualit\u00e9 du b\u00e2timent\",\"potentialAction\":[{\"@type\":\"SearchAction\",\"target\":{\"@type\":\"EntryPoint\",\"urlTemplate\":\"https:\\\/\\\/batijournal.com\\\/?s={search_term_string}\"},\"query-input\":{\"@type\":\"PropertyValueSpecification\",\"valueRequired\":true,\"valueName\":\"search_term_string\"}}],\"inLanguage\":\"fr-FR\"},{\"@type\":\"Person\",\"@id\":\"https:\\\/\\\/batijournal.com\\\/#\\\/schema\\\/person\\\/6a657e8967569e1b299972574848aa76\",\"name\":\"Bati-journal\",\"image\":{\"@type\":\"ImageObject\",\"inLanguage\":\"fr-FR\",\"@id\":\"https:\\\/\\\/secure.gravatar.com\\\/avatar\\\/a64364ea26392f9b4dd47e017ddaec74ff03aefc073b49e492e847201258f777?s=96&d=mm&r=g\",\"url\":\"https:\\\/\\\/secure.gravatar.com\\\/avatar\\\/a64364ea26392f9b4dd47e017ddaec74ff03aefc073b49e492e847201258f777?s=96&d=mm&r=g\",\"contentUrl\":\"https:\\\/\\\/secure.gravatar.com\\\/avatar\\\/a64364ea26392f9b4dd47e017ddaec74ff03aefc073b49e492e847201258f777?s=96&d=mm&r=g\",\"caption\":\"Bati-journal\"},\"url\":\"https:\\\/\\\/batijournal.com\\\/index.php\\\/author\\\/elodie\\\/\"}]}<\/script>\n<!-- \/ Yoast SEO plugin. -->","yoast_head_json":{"title":"La pierre naturelle a d\u00e9sormais son prix d'architecture en France","robots":{"index":"index","follow":"follow","max-snippet":"max-snippet:-1","max-image-preview":"max-image-preview:large","max-video-preview":"max-video-preview:-1"},"canonical":"https:\/\/batijournal.com\/index.php\/la-pierre-naturelle-a-desormais-son-prix-darchitecture-en-france\/77965\/","og_locale":"fr_FR","og_type":"article","og_title":"La pierre naturelle a d\u00e9sormais son prix d'architecture en France","og_description":"Le palmar\u00e8s du concours d\u2019Architecture Pierre Naturelle s&rsquo;est d\u00e9voil\u00e9 \u00e0 l&rsquo;occasion du salon World Roc Expo. Organis\u00e9 par la r\u00e9gion Languedoc-Roussillon, la ville de Montpellier, la revue Pierre Actual et le Syndicat national des industries de roches ornementales et de construction, ce concours s&rsquo;inscrit dans le cadre d\u2019une politique de soutien de la fili\u00e8re r\u00e9gionale [&hellip;]","og_url":"https:\/\/batijournal.com\/index.php\/la-pierre-naturelle-a-desormais-son-prix-darchitecture-en-france\/77965\/","og_site_name":"Batijournal","article_published_time":"2008-03-30T22:00:00+00:00","article_modified_time":"2019-07-15T10:17:32+00:00","og_image":[{"width":407,"height":600,"url":"https:\/\/batijournal.com\/wp-content\/uploads\/2015\/03\/002520.jpg","type":"image\/jpeg"}],"author":"Bati-journal","twitter_card":"summary_large_image","twitter_creator":"@bati_journal","twitter_site":"@bati_journal","twitter_misc":{"\u00c9crit par":"Bati-journal","Dur\u00e9e de lecture estim\u00e9e":"1 minute"},"schema":{"@context":"https:\/\/schema.org","@graph":[{"@type":"Article","@id":"https:\/\/batijournal.com\/index.php\/la-pierre-naturelle-a-desormais-son-prix-darchitecture-en-france\/77965\/#article","isPartOf":{"@id":"https:\/\/batijournal.com\/index.php\/la-pierre-naturelle-a-desormais-son-prix-darchitecture-en-france\/77965\/"},"author":{"name":"Bati-journal","@id":"https:\/\/batijournal.com\/#\/schema\/person\/6a657e8967569e1b299972574848aa76"},"headline":"La pierre naturelle a d\u00e9sormais son prix d&rsquo;architecture en France","datePublished":"2008-03-30T22:00:00+00:00","dateModified":"2019-07-15T10:17:32+00:00","mainEntityOfPage":{"@id":"https:\/\/batijournal.com\/index.php\/la-pierre-naturelle-a-desormais-son-prix-darchitecture-en-france\/77965\/"},"wordCount":220,"commentCount":0,"image":{"@id":"https:\/\/batijournal.com\/index.php\/la-pierre-naturelle-a-desormais-son-prix-darchitecture-en-france\/77965\/#primaryimage"},"thumbnailUrl":"https:\/\/batijournal.com\/wp-content\/uploads\/2015\/03\/002520.jpg","keywords":["pierre naturelle","prix d'architecture"],"articleSection":["\u00c9conomie &amp; March\u00e9s"],"inLanguage":"fr-FR","potentialAction":[{"@type":"CommentAction","name":"Comment","target":["https:\/\/batijournal.com\/index.php\/la-pierre-naturelle-a-desormais-son-prix-darchitecture-en-france\/77965\/#respond"]}]},{"@type":"WebPage","@id":"https:\/\/batijournal.com\/index.php\/la-pierre-naturelle-a-desormais-son-prix-darchitecture-en-france\/77965\/","url":"https:\/\/batijournal.com\/index.php\/la-pierre-naturelle-a-desormais-son-prix-darchitecture-en-france\/77965\/","name":"La pierre naturelle a d\u00e9sormais son prix d'architecture en France","isPartOf":{"@id":"https:\/\/batijournal.com\/#website"},"primaryImageOfPage":{"@id":"https:\/\/batijournal.com\/index.php\/la-pierre-naturelle-a-desormais-son-prix-darchitecture-en-france\/77965\/#primaryimage"},"image":{"@id":"https:\/\/batijournal.com\/index.php\/la-pierre-naturelle-a-desormais-son-prix-darchitecture-en-france\/77965\/#primaryimage"},"thumbnailUrl":"https:\/\/batijournal.com\/wp-content\/uploads\/2015\/03\/002520.jpg","datePublished":"2008-03-30T22:00:00+00:00","dateModified":"2019-07-15T10:17:32+00:00","author":{"@id":"https:\/\/batijournal.com\/#\/schema\/person\/6a657e8967569e1b299972574848aa76"},"breadcrumb":{"@id":"https:\/\/batijournal.com\/index.php\/la-pierre-naturelle-a-desormais-son-prix-darchitecture-en-france\/77965\/#breadcrumb"},"inLanguage":"fr-FR","potentialAction":[{"@type":"ReadAction","target":["https:\/\/batijournal.com\/index.php\/la-pierre-naturelle-a-desormais-son-prix-darchitecture-en-france\/77965\/"]}]},{"@type":"ImageObject","inLanguage":"fr-FR","@id":"https:\/\/batijournal.com\/index.php\/la-pierre-naturelle-a-desormais-son-prix-darchitecture-en-france\/77965\/#primaryimage","url":"https:\/\/batijournal.com\/wp-content\/uploads\/2015\/03\/002520.jpg","contentUrl":"https:\/\/batijournal.com\/wp-content\/uploads\/2015\/03\/002520.jpg","width":407,"height":600},{"@type":"BreadcrumbList","@id":"https:\/\/batijournal.com\/index.php\/la-pierre-naturelle-a-desormais-son-prix-darchitecture-en-france\/77965\/#breadcrumb","itemListElement":[{"@type":"ListItem","position":1,"name":"Accueil","item":"https:\/\/batijournal.com\/"},{"@type":"ListItem","position":2,"name":"Actualit\u00e9s","item":"https:\/\/batijournal.com\/index.php\/category\/actualites\/"},{"@type":"ListItem","position":3,"name":"\u00c9conomie &amp; March\u00e9s","item":"https:\/\/batijournal.com\/index.php\/category\/actualites\/economie-marches\/"},{"@type":"ListItem","position":4,"name":"La pierre naturelle a d\u00e9sormais son prix d&rsquo;architecture en France"}]},{"@type":"WebSite","@id":"https:\/\/batijournal.com\/#website","url":"https:\/\/batijournal.com\/","name":"Batijournal","description":"L&#039;actualit\u00e9 du b\u00e2timent","potentialAction":[{"@type":"SearchAction","target":{"@type":"EntryPoint","urlTemplate":"https:\/\/batijournal.com\/?s={search_term_string}"},"query-input":{"@type":"PropertyValueSpecification","valueRequired":true,"valueName":"search_term_string"}}],"inLanguage":"fr-FR"},{"@type":"Person","@id":"https:\/\/batijournal.com\/#\/schema\/person\/6a657e8967569e1b299972574848aa76","name":"Bati-journal","image":{"@type":"ImageObject","inLanguage":"fr-FR","@id":"https:\/\/secure.gravatar.com\/avatar\/a64364ea26392f9b4dd47e017ddaec74ff03aefc073b49e492e847201258f777?s=96&d=mm&r=g","url":"https:\/\/secure.gravatar.com\/avatar\/a64364ea26392f9b4dd47e017ddaec74ff03aefc073b49e492e847201258f777?s=96&d=mm&r=g","contentUrl":"https:\/\/secure.gravatar.com\/avatar\/a64364ea26392f9b4dd47e017ddaec74ff03aefc073b49e492e847201258f777?s=96&d=mm&r=g","caption":"Bati-journal"},"url":"https:\/\/batijournal.com\/index.php\/author\/elodie\/"}]}},"_links":{"self":[{"href":"https:\/\/batijournal.com\/index.php\/wp-json\/wp\/v2\/posts\/77965","targetHints":{"allow":["GET"]}}],"collection":[{"href":"https:\/\/batijournal.com\/index.php\/wp-json\/wp\/v2\/posts"}],"about":[{"href":"https:\/\/batijournal.com\/index.php\/wp-json\/wp\/v2\/types\/post"}],"author":[{"embeddable":true,"href":"https:\/\/batijournal.com\/index.php\/wp-json\/wp\/v2\/users\/1"}],"replies":[{"embeddable":true,"href":"https:\/\/batijournal.com\/index.php\/wp-json\/wp\/v2\/comments?post=77965"}],"version-history":[{"count":0,"href":"https:\/\/batijournal.com\/index.php\/wp-json\/wp\/v2\/posts\/77965\/revisions"}],"wp:featuredmedia":[{"embeddable":true,"href":"https:\/\/batijournal.com\/index.php\/wp-json\/wp\/v2\/media\/77966"}],"wp:attachment":[{"href":"https:\/\/batijournal.com\/index.php\/wp-json\/wp\/v2\/media?parent=77965"}],"wp:term":[{"taxonomy":"category","embeddable":true,"href":"https:\/\/batijournal.com\/index.php\/wp-json\/wp\/v2\/categories?post=77965"},{"taxonomy":"post_tag","embeddable":true,"href":"https:\/\/batijournal.com\/index.php\/wp-json\/wp\/v2\/tags?post=77965"}],"curies":[{"name":"wp","href":"https:\/\/api.w.org\/{rel}","templated":true}]}}