{"id":78862,"date":"2012-05-23T16:10:32","date_gmt":"2012-05-23T14:10:32","guid":{"rendered":"http:\/\/b.bati-journal.com\/xylexpo-2012-un-bilan-mitige\/78862"},"modified":"2015-03-04T11:40:07","modified_gmt":"2015-03-04T10:40:07","slug":"xylexpo-2012-un-bilan-mitige","status":"publish","type":"post","link":"https:\/\/batijournal.com\/index.php\/xylexpo-2012-un-bilan-mitige\/78862\/","title":{"rendered":"Xylexpo 2012 : un bilan mitig\u00e9"},"content":{"rendered":"<p>La 23<i>e<\/i> \u00e9dition de Xylexpo, qui s&rsquo;est d\u00e9roul\u00e9e \u00e0 Fiera Milano-Rho du 8 au 12 mai, a enregistr\u00e9, avec 43 295 entr\u00e9es, une fr\u00e9quentation de 15,9 % inf\u00e9rieure \u00e0 celle de l&rsquo;ann\u00e9e 2010. La biennale internationale des technologies pour l&rsquo;usinage du bois et des fournitures pour l&rsquo;industrie du meuble a r\u00e9uni cette fois 515 exposants (dont 177 \u00e9trangers, venus de 34 pays) sur une surface de plus de 32 000 m\u00e8tres carr\u00e9s. 47 % des visiteurs venaient de l&rsquo;\u00e9tranger : France, Turquie, Suisse, F\u00e9d\u00e9ration de Russie, Allemagne&#8230; Le nombre de visiteurs en provenance de Turquie a augment\u00e9 de 45,6 % par rapport \u00e0 l&rsquo;\u00e9dition 2010. Les augmentations concernent \u00e9galement le visitorat chinois (+ 36,1 %) et russe (+ 33,5 %). Le salon milanais refl\u00e8te la situation de l&rsquo;industrie italienne qui, dans le premier trimestre de cette ann\u00e9e, a enregistr\u00e9 une diminution des commandes de 4,6 % par rapport aux trois premiers mois de 2011, avec une baisse de 24,8 % sur le march\u00e9 national balanc\u00e9e par les commandes \u00e9trang\u00e8res (+ 4,25 %). Pour les organisateurs de l&rsquo;\u00e9v\u00e8nement, la diminution du nombre des visiteurs a \u00e9t\u00e9 compens\u00e9e par la bonne qualit\u00e9 des contacts nou\u00e9s pendant le salon et qui permettent d&rsquo;envisager des opportunit\u00e9s de ventes.<\/p>\n<p><span style=\"font-size: medium;\"><a href=\"http:\/\/www.xylexpo.com\" target=\"_blank\">www.xylexpo.com<\/a><\/span><\/p>\n","protected":false},"excerpt":{"rendered":"<p>La 23e \u00e9dition de Xylexpo, qui s&rsquo;est d\u00e9roul\u00e9e \u00e0 Fiera Milano-Rho du 8 au 12 mai, a enregistr\u00e9, avec 43 295 entr\u00e9es, une fr\u00e9quentation de 15,9 % inf\u00e9rieure \u00e0 celle de l&rsquo;ann\u00e9e 2010. La biennale internationale des technologies pour l&rsquo;usinage du bois et des fournitures pour l&rsquo;industrie du meuble a r\u00e9uni cette fois 515 exposants [&hellip;]<\/p>\n","protected":false},"author":1,"featured_media":0,"comment_status":"open","ping_status":"closed","sticky":false,"template":"","format":"standard","meta":{"_et_pb_use_builder":"","_et_pb_old_content":"","_et_gb_content_width":"","footnotes":""},"categories":[9192],"tags":[1333],"class_list":["post-78862","post","type-post","status-publish","format-standard","hentry","category-evenements","tag-xylexpo"],"yoast_head":"<!-- This site is optimized with the Yoast SEO plugin v27.4 - https:\/\/yoast.com\/product\/yoast-seo-wordpress\/ -->\n<title>Xylexpo 2012 : un bilan mitig\u00e9<\/title>\n<meta name=\"robots\" content=\"index, follow, max-snippet:-1, max-image-preview:large, max-video-preview:-1\" \/>\n<link rel=\"canonical\" href=\"https:\/\/batijournal.com\/index.php\/xylexpo-2012-un-bilan-mitige\/78862\/\" \/>\n<meta property=\"og:locale\" content=\"fr_FR\" \/>\n<meta property=\"og:type\" content=\"article\" \/>\n<meta property=\"og:title\" content=\"Xylexpo 2012 : un bilan mitig\u00e9\" \/>\n<meta property=\"og:description\" content=\"La 23e \u00e9dition de Xylexpo, qui s&rsquo;est d\u00e9roul\u00e9e \u00e0 Fiera Milano-Rho du 8 au 12 mai, a enregistr\u00e9, avec 43 295 entr\u00e9es, une fr\u00e9quentation de 15,9 % inf\u00e9rieure \u00e0 celle de l&rsquo;ann\u00e9e 2010. La biennale internationale des technologies pour l&rsquo;usinage du bois et des fournitures pour l&rsquo;industrie du meuble a r\u00e9uni cette fois 515 exposants [&hellip;]\" \/>\n<meta property=\"og:url\" content=\"https:\/\/batijournal.com\/index.php\/xylexpo-2012-un-bilan-mitige\/78862\/\" \/>\n<meta property=\"og:site_name\" content=\"Batijournal\" \/>\n<meta property=\"article:published_time\" content=\"2012-05-23T14:10:32+00:00\" \/>\n<meta property=\"article:modified_time\" content=\"2015-03-04T10:40:07+00:00\" \/>\n<meta name=\"author\" content=\"Bati-journal\" \/>\n<meta name=\"twitter:card\" content=\"summary_large_image\" \/>\n<meta name=\"twitter:creator\" content=\"@bati_journal\" \/>\n<meta name=\"twitter:site\" content=\"@bati_journal\" \/>\n<meta name=\"twitter:label1\" content=\"\u00c9crit par\" \/>\n\t<meta name=\"twitter:data1\" content=\"Bati-journal\" \/>\n\t<meta name=\"twitter:label2\" content=\"Dur\u00e9e de lecture estim\u00e9e\" \/>\n\t<meta name=\"twitter:data2\" content=\"1 minute\" \/>\n<script type=\"application\/ld+json\" class=\"yoast-schema-graph\">{\"@context\":\"https:\\\/\\\/schema.org\",\"@graph\":[{\"@type\":\"Article\",\"@id\":\"https:\\\/\\\/batijournal.com\\\/index.php\\\/xylexpo-2012-un-bilan-mitige\\\/78862\\\/#article\",\"isPartOf\":{\"@id\":\"https:\\\/\\\/batijournal.com\\\/index.php\\\/xylexpo-2012-un-bilan-mitige\\\/78862\\\/\"},\"author\":{\"name\":\"Bati-journal\",\"@id\":\"https:\\\/\\\/batijournal.com\\\/#\\\/schema\\\/person\\\/6a657e8967569e1b299972574848aa76\"},\"headline\":\"Xylexpo 2012 : un bilan mitig\u00e9\",\"datePublished\":\"2012-05-23T14:10:32+00:00\",\"dateModified\":\"2015-03-04T10:40:07+00:00\",\"mainEntityOfPage\":{\"@id\":\"https:\\\/\\\/batijournal.com\\\/index.php\\\/xylexpo-2012-un-bilan-mitige\\\/78862\\\/\"},\"wordCount\":204,\"commentCount\":0,\"keywords\":[\"xylexpo\"],\"articleSection\":[\"\u00c9v\u00e9nements\"],\"inLanguage\":\"fr-FR\",\"potentialAction\":[{\"@type\":\"CommentAction\",\"name\":\"Comment\",\"target\":[\"https:\\\/\\\/batijournal.com\\\/index.php\\\/xylexpo-2012-un-bilan-mitige\\\/78862\\\/#respond\"]}]},{\"@type\":\"WebPage\",\"@id\":\"https:\\\/\\\/batijournal.com\\\/index.php\\\/xylexpo-2012-un-bilan-mitige\\\/78862\\\/\",\"url\":\"https:\\\/\\\/batijournal.com\\\/index.php\\\/xylexpo-2012-un-bilan-mitige\\\/78862\\\/\",\"name\":\"Xylexpo 2012 : un bilan mitig\u00e9\",\"isPartOf\":{\"@id\":\"https:\\\/\\\/batijournal.com\\\/#website\"},\"datePublished\":\"2012-05-23T14:10:32+00:00\",\"dateModified\":\"2015-03-04T10:40:07+00:00\",\"author\":{\"@id\":\"https:\\\/\\\/batijournal.com\\\/#\\\/schema\\\/person\\\/6a657e8967569e1b299972574848aa76\"},\"breadcrumb\":{\"@id\":\"https:\\\/\\\/batijournal.com\\\/index.php\\\/xylexpo-2012-un-bilan-mitige\\\/78862\\\/#breadcrumb\"},\"inLanguage\":\"fr-FR\",\"potentialAction\":[{\"@type\":\"ReadAction\",\"target\":[\"https:\\\/\\\/batijournal.com\\\/index.php\\\/xylexpo-2012-un-bilan-mitige\\\/78862\\\/\"]}]},{\"@type\":\"BreadcrumbList\",\"@id\":\"https:\\\/\\\/batijournal.com\\\/index.php\\\/xylexpo-2012-un-bilan-mitige\\\/78862\\\/#breadcrumb\",\"itemListElement\":[{\"@type\":\"ListItem\",\"position\":1,\"name\":\"Accueil\",\"item\":\"https:\\\/\\\/batijournal.com\\\/\"},{\"@type\":\"ListItem\",\"position\":2,\"name\":\"\u00c9v\u00e9nements\",\"item\":\"https:\\\/\\\/batijournal.com\\\/index.php\\\/category\\\/evenements\\\/\"},{\"@type\":\"ListItem\",\"position\":3,\"name\":\"Xylexpo 2012 : un bilan mitig\u00e9\"}]},{\"@type\":\"WebSite\",\"@id\":\"https:\\\/\\\/batijournal.com\\\/#website\",\"url\":\"https:\\\/\\\/batijournal.com\\\/\",\"name\":\"Batijournal\",\"description\":\"L&#039;actualit\u00e9 du b\u00e2timent\",\"potentialAction\":[{\"@type\":\"SearchAction\",\"target\":{\"@type\":\"EntryPoint\",\"urlTemplate\":\"https:\\\/\\\/batijournal.com\\\/?s={search_term_string}\"},\"query-input\":{\"@type\":\"PropertyValueSpecification\",\"valueRequired\":true,\"valueName\":\"search_term_string\"}}],\"inLanguage\":\"fr-FR\"},{\"@type\":\"Person\",\"@id\":\"https:\\\/\\\/batijournal.com\\\/#\\\/schema\\\/person\\\/6a657e8967569e1b299972574848aa76\",\"name\":\"Bati-journal\",\"image\":{\"@type\":\"ImageObject\",\"inLanguage\":\"fr-FR\",\"@id\":\"https:\\\/\\\/secure.gravatar.com\\\/avatar\\\/a64364ea26392f9b4dd47e017ddaec74ff03aefc073b49e492e847201258f777?s=96&d=mm&r=g\",\"url\":\"https:\\\/\\\/secure.gravatar.com\\\/avatar\\\/a64364ea26392f9b4dd47e017ddaec74ff03aefc073b49e492e847201258f777?s=96&d=mm&r=g\",\"contentUrl\":\"https:\\\/\\\/secure.gravatar.com\\\/avatar\\\/a64364ea26392f9b4dd47e017ddaec74ff03aefc073b49e492e847201258f777?s=96&d=mm&r=g\",\"caption\":\"Bati-journal\"},\"url\":\"https:\\\/\\\/batijournal.com\\\/index.php\\\/author\\\/elodie\\\/\"}]}<\/script>\n<!-- \/ Yoast SEO plugin. -->","yoast_head_json":{"title":"Xylexpo 2012 : un bilan mitig\u00e9","robots":{"index":"index","follow":"follow","max-snippet":"max-snippet:-1","max-image-preview":"max-image-preview:large","max-video-preview":"max-video-preview:-1"},"canonical":"https:\/\/batijournal.com\/index.php\/xylexpo-2012-un-bilan-mitige\/78862\/","og_locale":"fr_FR","og_type":"article","og_title":"Xylexpo 2012 : un bilan mitig\u00e9","og_description":"La 23e \u00e9dition de Xylexpo, qui s&rsquo;est d\u00e9roul\u00e9e \u00e0 Fiera Milano-Rho du 8 au 12 mai, a enregistr\u00e9, avec 43 295 entr\u00e9es, une fr\u00e9quentation de 15,9 % inf\u00e9rieure \u00e0 celle de l&rsquo;ann\u00e9e 2010. La biennale internationale des technologies pour l&rsquo;usinage du bois et des fournitures pour l&rsquo;industrie du meuble a r\u00e9uni cette fois 515 exposants [&hellip;]","og_url":"https:\/\/batijournal.com\/index.php\/xylexpo-2012-un-bilan-mitige\/78862\/","og_site_name":"Batijournal","article_published_time":"2012-05-23T14:10:32+00:00","article_modified_time":"2015-03-04T10:40:07+00:00","author":"Bati-journal","twitter_card":"summary_large_image","twitter_creator":"@bati_journal","twitter_site":"@bati_journal","twitter_misc":{"\u00c9crit par":"Bati-journal","Dur\u00e9e de lecture estim\u00e9e":"1 minute"},"schema":{"@context":"https:\/\/schema.org","@graph":[{"@type":"Article","@id":"https:\/\/batijournal.com\/index.php\/xylexpo-2012-un-bilan-mitige\/78862\/#article","isPartOf":{"@id":"https:\/\/batijournal.com\/index.php\/xylexpo-2012-un-bilan-mitige\/78862\/"},"author":{"name":"Bati-journal","@id":"https:\/\/batijournal.com\/#\/schema\/person\/6a657e8967569e1b299972574848aa76"},"headline":"Xylexpo 2012 : un bilan mitig\u00e9","datePublished":"2012-05-23T14:10:32+00:00","dateModified":"2015-03-04T10:40:07+00:00","mainEntityOfPage":{"@id":"https:\/\/batijournal.com\/index.php\/xylexpo-2012-un-bilan-mitige\/78862\/"},"wordCount":204,"commentCount":0,"keywords":["xylexpo"],"articleSection":["\u00c9v\u00e9nements"],"inLanguage":"fr-FR","potentialAction":[{"@type":"CommentAction","name":"Comment","target":["https:\/\/batijournal.com\/index.php\/xylexpo-2012-un-bilan-mitige\/78862\/#respond"]}]},{"@type":"WebPage","@id":"https:\/\/batijournal.com\/index.php\/xylexpo-2012-un-bilan-mitige\/78862\/","url":"https:\/\/batijournal.com\/index.php\/xylexpo-2012-un-bilan-mitige\/78862\/","name":"Xylexpo 2012 : un bilan mitig\u00e9","isPartOf":{"@id":"https:\/\/batijournal.com\/#website"},"datePublished":"2012-05-23T14:10:32+00:00","dateModified":"2015-03-04T10:40:07+00:00","author":{"@id":"https:\/\/batijournal.com\/#\/schema\/person\/6a657e8967569e1b299972574848aa76"},"breadcrumb":{"@id":"https:\/\/batijournal.com\/index.php\/xylexpo-2012-un-bilan-mitige\/78862\/#breadcrumb"},"inLanguage":"fr-FR","potentialAction":[{"@type":"ReadAction","target":["https:\/\/batijournal.com\/index.php\/xylexpo-2012-un-bilan-mitige\/78862\/"]}]},{"@type":"BreadcrumbList","@id":"https:\/\/batijournal.com\/index.php\/xylexpo-2012-un-bilan-mitige\/78862\/#breadcrumb","itemListElement":[{"@type":"ListItem","position":1,"name":"Accueil","item":"https:\/\/batijournal.com\/"},{"@type":"ListItem","position":2,"name":"\u00c9v\u00e9nements","item":"https:\/\/batijournal.com\/index.php\/category\/evenements\/"},{"@type":"ListItem","position":3,"name":"Xylexpo 2012 : un bilan mitig\u00e9"}]},{"@type":"WebSite","@id":"https:\/\/batijournal.com\/#website","url":"https:\/\/batijournal.com\/","name":"Batijournal","description":"L&#039;actualit\u00e9 du b\u00e2timent","potentialAction":[{"@type":"SearchAction","target":{"@type":"EntryPoint","urlTemplate":"https:\/\/batijournal.com\/?s={search_term_string}"},"query-input":{"@type":"PropertyValueSpecification","valueRequired":true,"valueName":"search_term_string"}}],"inLanguage":"fr-FR"},{"@type":"Person","@id":"https:\/\/batijournal.com\/#\/schema\/person\/6a657e8967569e1b299972574848aa76","name":"Bati-journal","image":{"@type":"ImageObject","inLanguage":"fr-FR","@id":"https:\/\/secure.gravatar.com\/avatar\/a64364ea26392f9b4dd47e017ddaec74ff03aefc073b49e492e847201258f777?s=96&d=mm&r=g","url":"https:\/\/secure.gravatar.com\/avatar\/a64364ea26392f9b4dd47e017ddaec74ff03aefc073b49e492e847201258f777?s=96&d=mm&r=g","contentUrl":"https:\/\/secure.gravatar.com\/avatar\/a64364ea26392f9b4dd47e017ddaec74ff03aefc073b49e492e847201258f777?s=96&d=mm&r=g","caption":"Bati-journal"},"url":"https:\/\/batijournal.com\/index.php\/author\/elodie\/"}]}},"_links":{"self":[{"href":"https:\/\/batijournal.com\/index.php\/wp-json\/wp\/v2\/posts\/78862","targetHints":{"allow":["GET"]}}],"collection":[{"href":"https:\/\/batijournal.com\/index.php\/wp-json\/wp\/v2\/posts"}],"about":[{"href":"https:\/\/batijournal.com\/index.php\/wp-json\/wp\/v2\/types\/post"}],"author":[{"embeddable":true,"href":"https:\/\/batijournal.com\/index.php\/wp-json\/wp\/v2\/users\/1"}],"replies":[{"embeddable":true,"href":"https:\/\/batijournal.com\/index.php\/wp-json\/wp\/v2\/comments?post=78862"}],"version-history":[{"count":0,"href":"https:\/\/batijournal.com\/index.php\/wp-json\/wp\/v2\/posts\/78862\/revisions"}],"wp:attachment":[{"href":"https:\/\/batijournal.com\/index.php\/wp-json\/wp\/v2\/media?parent=78862"}],"wp:term":[{"taxonomy":"category","embeddable":true,"href":"https:\/\/batijournal.com\/index.php\/wp-json\/wp\/v2\/categories?post=78862"},{"taxonomy":"post_tag","embeddable":true,"href":"https:\/\/batijournal.com\/index.php\/wp-json\/wp\/v2\/tags?post=78862"}],"curies":[{"name":"wp","href":"https:\/\/api.w.org\/{rel}","templated":true}]}}