{"id":78865,"date":"2012-05-30T00:00:00","date_gmt":"2012-05-29T22:00:00","guid":{"rendered":"http:\/\/b.bati-journal.com\/bientot-la-3e-edition-des-journees-nationales-de-larcheologie\/78865"},"modified":"2012-05-30T00:00:00","modified_gmt":"2012-05-29T22:00:00","slug":"bientot-la-3e-edition-des-journees-nationales-de-larcheologie","status":"publish","type":"post","link":"https:\/\/batijournal.com\/index.php\/bientot-la-3e-edition-des-journees-nationales-de-larcheologie\/78865\/","title":{"rendered":"Bient\u00f4t la 3e \u00e9dition des Journ\u00e9es nationales de l&rsquo;Arch\u00e9ologie"},"content":{"rendered":"<p>La troisi\u00e8me \u00e9dition des Journ\u00e9es nationales de l&rsquo;Arch\u00e9ologie se d\u00e9roulera du vendredi 22 au dimanche 24 juin 2012. Cette manifestation vise \u00e0 sensibiliser le public \u00e0 la richesse et la diversit\u00e9 du patrimoine arch\u00e9ologique et lui faire d\u00e9couvrir, \u00e0 travers la visite de chantiers de fouilles, de sites arch\u00e9ologiques, de collections permanentes et d&rsquo;expositions dans les mus\u00e9es ou encore de laboratoires, les enjeux contemporains de la recherche arch\u00e9ologique, ses disciplines et ses m\u00e9thodes. C&rsquo;est ainsi une rencontre entre les publics les plus divers et l&rsquo;ensemble des acteurs de l&rsquo;arch\u00e9ologie qui est encourag\u00e9e durant ces trois journ\u00e9es. Ces journ\u00e9es, dont le pilotage a \u00e9t\u00e9 confi\u00e9 \u00e0 l&rsquo;Inrap, mobilisent l&rsquo;ensemble de la communaut\u00e9 arch\u00e9ologique en France m\u00e9tropolitaine, en Martinique, en Guadeloupe, en Guyane et \u00e0 La R\u00e9union. Parmi les nouveaux partenaires 2012 : le mus\u00e9e d&rsquo;Art et d&rsquo;Histoire d&rsquo;Avranches, le mus\u00e9e et le site gallo-romain du F\u00e2 \u00e0 Barzan, le ch\u00e2teau du Guildo \u00e0 Crehen, le mus\u00e9e national du ch\u00e2teau de Compi\u00e8gne, le mus\u00e9um d&rsquo;Histoire naturelle du Havre, le mus\u00e9e des Mines d&rsquo;argent du Fournel \u00e0 L&rsquo;Argenti\u00e8re-La Bess\u00e9e, le logis royal de Loches, le mus\u00e9e de la Pr\u00e9histoire de Penmarch, le mus\u00e9e du ch\u00e2teau des ducs de Wurtemberg \u00e0 Montb\u00e9liard, le mus\u00e9e du Louvre, le mus\u00e9e du quai Branly, le mus\u00e9e national du Moyen \u00c2ge-Thermes de Cluny, le mus\u00e9um national d&rsquo;Histoire naturelle, la grande saline de Salins-les-Bains, l&rsquo;abbaye du Mont-Saint-Michel, la forteresse bastionn\u00e9e de Saint-Amand-Montrond, le mus\u00e9e maritime de l&rsquo;\u00eele de Tatihou \u00e0 Saint-Vaast-la-Hougue, le logis des Gouverneurs de Tours, etc. Ces nouveaux partenaires s&rsquo;ajoutent \u00e0 ceux qui reconduisent leur participation : la Cit\u00e9 de l&rsquo;architecture et du patrimoine, le Centre des monuments nationaux, le ch\u00e2teau et le domaine national de Chambord.<\/p>\n","protected":false},"excerpt":{"rendered":"<p>La troisi\u00e8me \u00e9dition des Journ\u00e9es nationales de l&rsquo;Arch\u00e9ologie se d\u00e9roulera du vendredi 22 au dimanche 24 juin 2012. Cette manifestation vise \u00e0 sensibiliser le public \u00e0 la richesse et la diversit\u00e9 du patrimoine arch\u00e9ologique et lui faire d\u00e9couvrir, \u00e0 travers la visite de chantiers de fouilles, de sites arch\u00e9ologiques, de collections permanentes et d&rsquo;expositions dans [&hellip;]<\/p>\n","protected":false},"author":1,"featured_media":78866,"comment_status":"open","ping_status":"closed","sticky":false,"template":"","format":"standard","meta":{"_et_pb_use_builder":"","_et_pb_old_content":"","_et_gb_content_width":"","footnotes":""},"categories":[9192],"tags":[9196],"class_list":["post-78865","post","type-post","status-publish","format-standard","has-post-thumbnail","hentry","category-evenements","tag-journees-nationales-de-larcheologie"],"yoast_head":"<!-- This site is optimized with the Yoast SEO plugin v27.4 - https:\/\/yoast.com\/product\/yoast-seo-wordpress\/ -->\n<title>Bient\u00f4t la 3e \u00e9dition des Journ\u00e9es nationales de l&#039;Arch\u00e9ologie<\/title>\n<meta name=\"robots\" content=\"index, follow, max-snippet:-1, max-image-preview:large, max-video-preview:-1\" \/>\n<link rel=\"canonical\" href=\"https:\/\/batijournal.com\/index.php\/bientot-la-3e-edition-des-journees-nationales-de-larcheologie\/78865\/\" \/>\n<meta property=\"og:locale\" content=\"fr_FR\" \/>\n<meta property=\"og:type\" content=\"article\" \/>\n<meta property=\"og:title\" content=\"Bient\u00f4t la 3e \u00e9dition des Journ\u00e9es nationales de l&#039;Arch\u00e9ologie\" \/>\n<meta property=\"og:description\" content=\"La troisi\u00e8me \u00e9dition des Journ\u00e9es nationales de l&rsquo;Arch\u00e9ologie se d\u00e9roulera du vendredi 22 au dimanche 24 juin 2012. Cette manifestation vise \u00e0 sensibiliser le public \u00e0 la richesse et la diversit\u00e9 du patrimoine arch\u00e9ologique et lui faire d\u00e9couvrir, \u00e0 travers la visite de chantiers de fouilles, de sites arch\u00e9ologiques, de collections permanentes et d&rsquo;expositions dans [&hellip;]\" \/>\n<meta property=\"og:url\" content=\"https:\/\/batijournal.com\/index.php\/bientot-la-3e-edition-des-journees-nationales-de-larcheologie\/78865\/\" \/>\n<meta property=\"og:site_name\" content=\"Batijournal\" \/>\n<meta property=\"article:published_time\" content=\"2012-05-29T22:00:00+00:00\" \/>\n<meta property=\"og:image\" content=\"https:\/\/batijournal.com\/wp-content\/uploads\/2015\/03\/45399025.jpg\" \/>\n\t<meta property=\"og:image:width\" content=\"579\" \/>\n\t<meta property=\"og:image:height\" content=\"599\" \/>\n\t<meta property=\"og:image:type\" content=\"image\/jpeg\" \/>\n<meta name=\"author\" content=\"Bati-journal\" \/>\n<meta name=\"twitter:card\" content=\"summary_large_image\" \/>\n<meta name=\"twitter:creator\" content=\"@bati_journal\" \/>\n<meta name=\"twitter:site\" content=\"@bati_journal\" \/>\n<meta name=\"twitter:label1\" content=\"\u00c9crit par\" \/>\n\t<meta name=\"twitter:data1\" content=\"Bati-journal\" \/>\n\t<meta name=\"twitter:label2\" content=\"Dur\u00e9e de lecture estim\u00e9e\" \/>\n\t<meta name=\"twitter:data2\" content=\"2 minutes\" \/>\n<script type=\"application\/ld+json\" class=\"yoast-schema-graph\">{\"@context\":\"https:\\\/\\\/schema.org\",\"@graph\":[{\"@type\":\"Article\",\"@id\":\"https:\\\/\\\/batijournal.com\\\/index.php\\\/bientot-la-3e-edition-des-journees-nationales-de-larcheologie\\\/78865\\\/#article\",\"isPartOf\":{\"@id\":\"https:\\\/\\\/batijournal.com\\\/index.php\\\/bientot-la-3e-edition-des-journees-nationales-de-larcheologie\\\/78865\\\/\"},\"author\":{\"name\":\"Bati-journal\",\"@id\":\"https:\\\/\\\/batijournal.com\\\/#\\\/schema\\\/person\\\/6a657e8967569e1b299972574848aa76\"},\"headline\":\"Bient\u00f4t la 3e \u00e9dition des Journ\u00e9es nationales de l&rsquo;Arch\u00e9ologie\",\"datePublished\":\"2012-05-29T22:00:00+00:00\",\"mainEntityOfPage\":{\"@id\":\"https:\\\/\\\/batijournal.com\\\/index.php\\\/bientot-la-3e-edition-des-journees-nationales-de-larcheologie\\\/78865\\\/\"},\"wordCount\":333,\"commentCount\":0,\"image\":{\"@id\":\"https:\\\/\\\/batijournal.com\\\/index.php\\\/bientot-la-3e-edition-des-journees-nationales-de-larcheologie\\\/78865\\\/#primaryimage\"},\"thumbnailUrl\":\"https:\\\/\\\/batijournal.com\\\/wp-content\\\/uploads\\\/2015\\\/03\\\/45399025.jpg\",\"keywords\":[\"journees nationales de larcheologie\"],\"articleSection\":[\"\u00c9v\u00e9nements\"],\"inLanguage\":\"fr-FR\",\"potentialAction\":[{\"@type\":\"CommentAction\",\"name\":\"Comment\",\"target\":[\"https:\\\/\\\/batijournal.com\\\/index.php\\\/bientot-la-3e-edition-des-journees-nationales-de-larcheologie\\\/78865\\\/#respond\"]}]},{\"@type\":\"WebPage\",\"@id\":\"https:\\\/\\\/batijournal.com\\\/index.php\\\/bientot-la-3e-edition-des-journees-nationales-de-larcheologie\\\/78865\\\/\",\"url\":\"https:\\\/\\\/batijournal.com\\\/index.php\\\/bientot-la-3e-edition-des-journees-nationales-de-larcheologie\\\/78865\\\/\",\"name\":\"Bient\u00f4t la 3e \u00e9dition des Journ\u00e9es nationales de l'Arch\u00e9ologie\",\"isPartOf\":{\"@id\":\"https:\\\/\\\/batijournal.com\\\/#website\"},\"primaryImageOfPage\":{\"@id\":\"https:\\\/\\\/batijournal.com\\\/index.php\\\/bientot-la-3e-edition-des-journees-nationales-de-larcheologie\\\/78865\\\/#primaryimage\"},\"image\":{\"@id\":\"https:\\\/\\\/batijournal.com\\\/index.php\\\/bientot-la-3e-edition-des-journees-nationales-de-larcheologie\\\/78865\\\/#primaryimage\"},\"thumbnailUrl\":\"https:\\\/\\\/batijournal.com\\\/wp-content\\\/uploads\\\/2015\\\/03\\\/45399025.jpg\",\"datePublished\":\"2012-05-29T22:00:00+00:00\",\"author\":{\"@id\":\"https:\\\/\\\/batijournal.com\\\/#\\\/schema\\\/person\\\/6a657e8967569e1b299972574848aa76\"},\"breadcrumb\":{\"@id\":\"https:\\\/\\\/batijournal.com\\\/index.php\\\/bientot-la-3e-edition-des-journees-nationales-de-larcheologie\\\/78865\\\/#breadcrumb\"},\"inLanguage\":\"fr-FR\",\"potentialAction\":[{\"@type\":\"ReadAction\",\"target\":[\"https:\\\/\\\/batijournal.com\\\/index.php\\\/bientot-la-3e-edition-des-journees-nationales-de-larcheologie\\\/78865\\\/\"]}]},{\"@type\":\"ImageObject\",\"inLanguage\":\"fr-FR\",\"@id\":\"https:\\\/\\\/batijournal.com\\\/index.php\\\/bientot-la-3e-edition-des-journees-nationales-de-larcheologie\\\/78865\\\/#primaryimage\",\"url\":\"https:\\\/\\\/batijournal.com\\\/wp-content\\\/uploads\\\/2015\\\/03\\\/45399025.jpg\",\"contentUrl\":\"https:\\\/\\\/batijournal.com\\\/wp-content\\\/uploads\\\/2015\\\/03\\\/45399025.jpg\",\"width\":579,\"height\":599},{\"@type\":\"BreadcrumbList\",\"@id\":\"https:\\\/\\\/batijournal.com\\\/index.php\\\/bientot-la-3e-edition-des-journees-nationales-de-larcheologie\\\/78865\\\/#breadcrumb\",\"itemListElement\":[{\"@type\":\"ListItem\",\"position\":1,\"name\":\"Accueil\",\"item\":\"https:\\\/\\\/batijournal.com\\\/\"},{\"@type\":\"ListItem\",\"position\":2,\"name\":\"\u00c9v\u00e9nements\",\"item\":\"https:\\\/\\\/batijournal.com\\\/index.php\\\/category\\\/evenements\\\/\"},{\"@type\":\"ListItem\",\"position\":3,\"name\":\"Bient\u00f4t la 3e \u00e9dition des Journ\u00e9es nationales de l&rsquo;Arch\u00e9ologie\"}]},{\"@type\":\"WebSite\",\"@id\":\"https:\\\/\\\/batijournal.com\\\/#website\",\"url\":\"https:\\\/\\\/batijournal.com\\\/\",\"name\":\"Batijournal\",\"description\":\"L&#039;actualit\u00e9 du b\u00e2timent\",\"potentialAction\":[{\"@type\":\"SearchAction\",\"target\":{\"@type\":\"EntryPoint\",\"urlTemplate\":\"https:\\\/\\\/batijournal.com\\\/?s={search_term_string}\"},\"query-input\":{\"@type\":\"PropertyValueSpecification\",\"valueRequired\":true,\"valueName\":\"search_term_string\"}}],\"inLanguage\":\"fr-FR\"},{\"@type\":\"Person\",\"@id\":\"https:\\\/\\\/batijournal.com\\\/#\\\/schema\\\/person\\\/6a657e8967569e1b299972574848aa76\",\"name\":\"Bati-journal\",\"image\":{\"@type\":\"ImageObject\",\"inLanguage\":\"fr-FR\",\"@id\":\"https:\\\/\\\/secure.gravatar.com\\\/avatar\\\/a64364ea26392f9b4dd47e017ddaec74ff03aefc073b49e492e847201258f777?s=96&d=mm&r=g\",\"url\":\"https:\\\/\\\/secure.gravatar.com\\\/avatar\\\/a64364ea26392f9b4dd47e017ddaec74ff03aefc073b49e492e847201258f777?s=96&d=mm&r=g\",\"contentUrl\":\"https:\\\/\\\/secure.gravatar.com\\\/avatar\\\/a64364ea26392f9b4dd47e017ddaec74ff03aefc073b49e492e847201258f777?s=96&d=mm&r=g\",\"caption\":\"Bati-journal\"},\"url\":\"https:\\\/\\\/batijournal.com\\\/index.php\\\/author\\\/elodie\\\/\"}]}<\/script>\n<!-- \/ Yoast SEO plugin. -->","yoast_head_json":{"title":"Bient\u00f4t la 3e \u00e9dition des Journ\u00e9es nationales de l'Arch\u00e9ologie","robots":{"index":"index","follow":"follow","max-snippet":"max-snippet:-1","max-image-preview":"max-image-preview:large","max-video-preview":"max-video-preview:-1"},"canonical":"https:\/\/batijournal.com\/index.php\/bientot-la-3e-edition-des-journees-nationales-de-larcheologie\/78865\/","og_locale":"fr_FR","og_type":"article","og_title":"Bient\u00f4t la 3e \u00e9dition des Journ\u00e9es nationales de l'Arch\u00e9ologie","og_description":"La troisi\u00e8me \u00e9dition des Journ\u00e9es nationales de l&rsquo;Arch\u00e9ologie se d\u00e9roulera du vendredi 22 au dimanche 24 juin 2012. Cette manifestation vise \u00e0 sensibiliser le public \u00e0 la richesse et la diversit\u00e9 du patrimoine arch\u00e9ologique et lui faire d\u00e9couvrir, \u00e0 travers la visite de chantiers de fouilles, de sites arch\u00e9ologiques, de collections permanentes et d&rsquo;expositions dans [&hellip;]","og_url":"https:\/\/batijournal.com\/index.php\/bientot-la-3e-edition-des-journees-nationales-de-larcheologie\/78865\/","og_site_name":"Batijournal","article_published_time":"2012-05-29T22:00:00+00:00","og_image":[{"width":579,"height":599,"url":"https:\/\/batijournal.com\/wp-content\/uploads\/2015\/03\/45399025.jpg","type":"image\/jpeg"}],"author":"Bati-journal","twitter_card":"summary_large_image","twitter_creator":"@bati_journal","twitter_site":"@bati_journal","twitter_misc":{"\u00c9crit par":"Bati-journal","Dur\u00e9e de lecture estim\u00e9e":"2 minutes"},"schema":{"@context":"https:\/\/schema.org","@graph":[{"@type":"Article","@id":"https:\/\/batijournal.com\/index.php\/bientot-la-3e-edition-des-journees-nationales-de-larcheologie\/78865\/#article","isPartOf":{"@id":"https:\/\/batijournal.com\/index.php\/bientot-la-3e-edition-des-journees-nationales-de-larcheologie\/78865\/"},"author":{"name":"Bati-journal","@id":"https:\/\/batijournal.com\/#\/schema\/person\/6a657e8967569e1b299972574848aa76"},"headline":"Bient\u00f4t la 3e \u00e9dition des Journ\u00e9es nationales de l&rsquo;Arch\u00e9ologie","datePublished":"2012-05-29T22:00:00+00:00","mainEntityOfPage":{"@id":"https:\/\/batijournal.com\/index.php\/bientot-la-3e-edition-des-journees-nationales-de-larcheologie\/78865\/"},"wordCount":333,"commentCount":0,"image":{"@id":"https:\/\/batijournal.com\/index.php\/bientot-la-3e-edition-des-journees-nationales-de-larcheologie\/78865\/#primaryimage"},"thumbnailUrl":"https:\/\/batijournal.com\/wp-content\/uploads\/2015\/03\/45399025.jpg","keywords":["journees nationales de larcheologie"],"articleSection":["\u00c9v\u00e9nements"],"inLanguage":"fr-FR","potentialAction":[{"@type":"CommentAction","name":"Comment","target":["https:\/\/batijournal.com\/index.php\/bientot-la-3e-edition-des-journees-nationales-de-larcheologie\/78865\/#respond"]}]},{"@type":"WebPage","@id":"https:\/\/batijournal.com\/index.php\/bientot-la-3e-edition-des-journees-nationales-de-larcheologie\/78865\/","url":"https:\/\/batijournal.com\/index.php\/bientot-la-3e-edition-des-journees-nationales-de-larcheologie\/78865\/","name":"Bient\u00f4t la 3e \u00e9dition des Journ\u00e9es nationales de l'Arch\u00e9ologie","isPartOf":{"@id":"https:\/\/batijournal.com\/#website"},"primaryImageOfPage":{"@id":"https:\/\/batijournal.com\/index.php\/bientot-la-3e-edition-des-journees-nationales-de-larcheologie\/78865\/#primaryimage"},"image":{"@id":"https:\/\/batijournal.com\/index.php\/bientot-la-3e-edition-des-journees-nationales-de-larcheologie\/78865\/#primaryimage"},"thumbnailUrl":"https:\/\/batijournal.com\/wp-content\/uploads\/2015\/03\/45399025.jpg","datePublished":"2012-05-29T22:00:00+00:00","author":{"@id":"https:\/\/batijournal.com\/#\/schema\/person\/6a657e8967569e1b299972574848aa76"},"breadcrumb":{"@id":"https:\/\/batijournal.com\/index.php\/bientot-la-3e-edition-des-journees-nationales-de-larcheologie\/78865\/#breadcrumb"},"inLanguage":"fr-FR","potentialAction":[{"@type":"ReadAction","target":["https:\/\/batijournal.com\/index.php\/bientot-la-3e-edition-des-journees-nationales-de-larcheologie\/78865\/"]}]},{"@type":"ImageObject","inLanguage":"fr-FR","@id":"https:\/\/batijournal.com\/index.php\/bientot-la-3e-edition-des-journees-nationales-de-larcheologie\/78865\/#primaryimage","url":"https:\/\/batijournal.com\/wp-content\/uploads\/2015\/03\/45399025.jpg","contentUrl":"https:\/\/batijournal.com\/wp-content\/uploads\/2015\/03\/45399025.jpg","width":579,"height":599},{"@type":"BreadcrumbList","@id":"https:\/\/batijournal.com\/index.php\/bientot-la-3e-edition-des-journees-nationales-de-larcheologie\/78865\/#breadcrumb","itemListElement":[{"@type":"ListItem","position":1,"name":"Accueil","item":"https:\/\/batijournal.com\/"},{"@type":"ListItem","position":2,"name":"\u00c9v\u00e9nements","item":"https:\/\/batijournal.com\/index.php\/category\/evenements\/"},{"@type":"ListItem","position":3,"name":"Bient\u00f4t la 3e \u00e9dition des Journ\u00e9es nationales de l&rsquo;Arch\u00e9ologie"}]},{"@type":"WebSite","@id":"https:\/\/batijournal.com\/#website","url":"https:\/\/batijournal.com\/","name":"Batijournal","description":"L&#039;actualit\u00e9 du b\u00e2timent","potentialAction":[{"@type":"SearchAction","target":{"@type":"EntryPoint","urlTemplate":"https:\/\/batijournal.com\/?s={search_term_string}"},"query-input":{"@type":"PropertyValueSpecification","valueRequired":true,"valueName":"search_term_string"}}],"inLanguage":"fr-FR"},{"@type":"Person","@id":"https:\/\/batijournal.com\/#\/schema\/person\/6a657e8967569e1b299972574848aa76","name":"Bati-journal","image":{"@type":"ImageObject","inLanguage":"fr-FR","@id":"https:\/\/secure.gravatar.com\/avatar\/a64364ea26392f9b4dd47e017ddaec74ff03aefc073b49e492e847201258f777?s=96&d=mm&r=g","url":"https:\/\/secure.gravatar.com\/avatar\/a64364ea26392f9b4dd47e017ddaec74ff03aefc073b49e492e847201258f777?s=96&d=mm&r=g","contentUrl":"https:\/\/secure.gravatar.com\/avatar\/a64364ea26392f9b4dd47e017ddaec74ff03aefc073b49e492e847201258f777?s=96&d=mm&r=g","caption":"Bati-journal"},"url":"https:\/\/batijournal.com\/index.php\/author\/elodie\/"}]}},"_links":{"self":[{"href":"https:\/\/batijournal.com\/index.php\/wp-json\/wp\/v2\/posts\/78865","targetHints":{"allow":["GET"]}}],"collection":[{"href":"https:\/\/batijournal.com\/index.php\/wp-json\/wp\/v2\/posts"}],"about":[{"href":"https:\/\/batijournal.com\/index.php\/wp-json\/wp\/v2\/types\/post"}],"author":[{"embeddable":true,"href":"https:\/\/batijournal.com\/index.php\/wp-json\/wp\/v2\/users\/1"}],"replies":[{"embeddable":true,"href":"https:\/\/batijournal.com\/index.php\/wp-json\/wp\/v2\/comments?post=78865"}],"version-history":[{"count":0,"href":"https:\/\/batijournal.com\/index.php\/wp-json\/wp\/v2\/posts\/78865\/revisions"}],"wp:featuredmedia":[{"embeddable":true,"href":"https:\/\/batijournal.com\/index.php\/wp-json\/wp\/v2\/media\/78866"}],"wp:attachment":[{"href":"https:\/\/batijournal.com\/index.php\/wp-json\/wp\/v2\/media?parent=78865"}],"wp:term":[{"taxonomy":"category","embeddable":true,"href":"https:\/\/batijournal.com\/index.php\/wp-json\/wp\/v2\/categories?post=78865"},{"taxonomy":"post_tag","embeddable":true,"href":"https:\/\/batijournal.com\/index.php\/wp-json\/wp\/v2\/tags?post=78865"}],"curies":[{"name":"wp","href":"https:\/\/api.w.org\/{rel}","templated":true}]}}