{"id":78880,"date":"2012-06-12T16:08:42","date_gmt":"2012-06-12T14:08:42","guid":{"rendered":"http:\/\/b.bati-journal.com\/le-carrefour-international-du-bois-2012-fait-fi-de-la-crise-et-federe-la-profession\/78880"},"modified":"2020-07-17T13:50:07","modified_gmt":"2020-07-17T11:50:07","slug":"le-carrefour-international-du-bois-2012-fait-fi-de-la-crise-et-federe-la-profession","status":"publish","type":"post","link":"https:\/\/batijournal.com\/index.php\/le-carrefour-international-du-bois-2012-fait-fi-de-la-crise-et-federe-la-profession\/78880\/","title":{"rendered":"Le Carrefour international du bois 2012 fait fi de la crise et f\u00e9d\u00e8re la profession"},"content":{"rendered":"<p>Avec 530 exposants, dont 30 % d&rsquo;internationaux et 10 000 visiteurs professionnels venus de 68 pays (hors France m\u00e9tropolitaine), l&rsquo;\u00e9dition 2012 du Carrefour international du bois (CIB) \u00e0 Nantes r\u00e9alise une v\u00e9ritable performance en p\u00e9riode de crise et affiche le volontarisme des acteurs de la fili\u00e8re. \u00ab Bien s\u00fbr, les acteurs de la fili\u00e8re ont la crise en t\u00eate, mais la demande dans le secteur de la construction va croissant et s&rsquo;inscrit dans une tendance de fond, surtout pour les produits transform\u00e9s. Le succ\u00e8s du \u00ab\u00a0Carrefour\u00a0\u00bb 2012 montre qu&rsquo;aucune entreprise ne se laisse d\u00e9sar\u00e7onner par la conjoncture \u00bb, affirme Pierre Piveteau, pr\u00e9sident du CIB. L&rsquo;espace Techniques et Solutions Bois, install\u00e9 dans le hall 4, a, cette ann\u00e9e encore, permis de v\u00e9rifier le dynamisme de l&rsquo;innovation, tant dans le domaine du BTP que dans celui de l&rsquo;am\u00e9nagement int\u00e9rieur. Un beau succ\u00e8s \u00e9galement pour le cycle de conf\u00e9rences qui a fait le plein, avec notamment la pr\u00e9sentation par l&rsquo;Observatoire \u00e9conomique de FBF de la premi\u00e8re \u00e9tude chiffr\u00e9e sur la construction bois en France.<\/p>\n<p>La prochaine \u00e9dition du Carrefour international du bois de d\u00e9roulera du 4 au 6 juin 2014.<\/p>\n<p><span style=\"font-size: medium;\"><a href=\"http:\/\/www.timbershow.com\">www.timbershow.com<\/a><\/span><\/p>\n","protected":false},"excerpt":{"rendered":"<p>Avec 530 exposants, dont 30 % d&rsquo;internationaux et 10 000 visiteurs professionnels venus de 68 pays (hors France m\u00e9tropolitaine), l&rsquo;\u00e9dition 2012 du Carrefour international du bois (CIB) \u00e0 Nantes r\u00e9alise une v\u00e9ritable performance en p\u00e9riode de crise et affiche le volontarisme des acteurs de la fili\u00e8re. \u00ab Bien s\u00fbr, les acteurs de la fili\u00e8re ont [&hellip;]<\/p>\n","protected":false},"author":1,"featured_media":78881,"comment_status":"open","ping_status":"closed","sticky":false,"template":"","format":"standard","meta":{"_et_pb_use_builder":"","_et_pb_old_content":"","_et_gb_content_width":"","footnotes":""},"categories":[9192],"tags":[4122],"class_list":["post-78880","post","type-post","status-publish","format-standard","has-post-thumbnail","hentry","category-evenements","tag-piveteaubois"],"yoast_head":"<!-- This site is optimized with the Yoast SEO plugin v27.4 - https:\/\/yoast.com\/product\/yoast-seo-wordpress\/ -->\n<title>Le Carrefour international du bois 2012 fait fi de la crise et f\u00e9d\u00e8re la profession<\/title>\n<meta name=\"robots\" content=\"index, follow, max-snippet:-1, max-image-preview:large, max-video-preview:-1\" \/>\n<link rel=\"canonical\" href=\"https:\/\/batijournal.com\/index.php\/le-carrefour-international-du-bois-2012-fait-fi-de-la-crise-et-federe-la-profession\/78880\/\" \/>\n<meta property=\"og:locale\" content=\"fr_FR\" \/>\n<meta property=\"og:type\" content=\"article\" \/>\n<meta property=\"og:title\" content=\"Le Carrefour international du bois 2012 fait fi de la crise et f\u00e9d\u00e8re la profession\" \/>\n<meta property=\"og:description\" content=\"Avec 530 exposants, dont 30 % d&rsquo;internationaux et 10 000 visiteurs professionnels venus de 68 pays (hors France m\u00e9tropolitaine), l&rsquo;\u00e9dition 2012 du Carrefour international du bois (CIB) \u00e0 Nantes r\u00e9alise une v\u00e9ritable performance en p\u00e9riode de crise et affiche le volontarisme des acteurs de la fili\u00e8re. \u00ab Bien s\u00fbr, les acteurs de la fili\u00e8re ont [&hellip;]\" \/>\n<meta property=\"og:url\" content=\"https:\/\/batijournal.com\/index.php\/le-carrefour-international-du-bois-2012-fait-fi-de-la-crise-et-federe-la-profession\/78880\/\" \/>\n<meta property=\"og:site_name\" content=\"Batijournal\" \/>\n<meta property=\"article:published_time\" content=\"2012-06-12T14:08:42+00:00\" \/>\n<meta property=\"article:modified_time\" content=\"2020-07-17T11:50:07+00:00\" \/>\n<meta property=\"og:image\" content=\"https:\/\/batijournal.com\/wp-content\/uploads\/2015\/03\/46403672.jpg\" \/>\n\t<meta property=\"og:image:width\" content=\"600\" \/>\n\t<meta property=\"og:image:height\" content=\"399\" \/>\n\t<meta property=\"og:image:type\" content=\"image\/jpeg\" \/>\n<meta name=\"author\" content=\"Bati-journal\" \/>\n<meta name=\"twitter:card\" content=\"summary_large_image\" \/>\n<meta name=\"twitter:creator\" content=\"@bati_journal\" \/>\n<meta name=\"twitter:site\" content=\"@bati_journal\" \/>\n<meta name=\"twitter:label1\" content=\"\u00c9crit par\" \/>\n\t<meta name=\"twitter:data1\" content=\"Bati-journal\" \/>\n\t<meta name=\"twitter:label2\" content=\"Dur\u00e9e de lecture estim\u00e9e\" \/>\n\t<meta name=\"twitter:data2\" content=\"1 minute\" \/>\n<script type=\"application\/ld+json\" class=\"yoast-schema-graph\">{\"@context\":\"https:\\\/\\\/schema.org\",\"@graph\":[{\"@type\":\"Article\",\"@id\":\"https:\\\/\\\/batijournal.com\\\/index.php\\\/le-carrefour-international-du-bois-2012-fait-fi-de-la-crise-et-federe-la-profession\\\/78880\\\/#article\",\"isPartOf\":{\"@id\":\"https:\\\/\\\/batijournal.com\\\/index.php\\\/le-carrefour-international-du-bois-2012-fait-fi-de-la-crise-et-federe-la-profession\\\/78880\\\/\"},\"author\":{\"name\":\"Bati-journal\",\"@id\":\"https:\\\/\\\/batijournal.com\\\/#\\\/schema\\\/person\\\/6a657e8967569e1b299972574848aa76\"},\"headline\":\"Le Carrefour international du bois 2012 fait fi de la crise et f\u00e9d\u00e8re la profession\",\"datePublished\":\"2012-06-12T14:08:42+00:00\",\"dateModified\":\"2020-07-17T11:50:07+00:00\",\"mainEntityOfPage\":{\"@id\":\"https:\\\/\\\/batijournal.com\\\/index.php\\\/le-carrefour-international-du-bois-2012-fait-fi-de-la-crise-et-federe-la-profession\\\/78880\\\/\"},\"wordCount\":222,\"commentCount\":0,\"image\":{\"@id\":\"https:\\\/\\\/batijournal.com\\\/index.php\\\/le-carrefour-international-du-bois-2012-fait-fi-de-la-crise-et-federe-la-profession\\\/78880\\\/#primaryimage\"},\"thumbnailUrl\":\"https:\\\/\\\/batijournal.com\\\/wp-content\\\/uploads\\\/2015\\\/03\\\/46403672.jpg\",\"keywords\":[\"PiveteauBois\"],\"articleSection\":[\"\u00c9v\u00e9nements\"],\"inLanguage\":\"fr-FR\",\"potentialAction\":[{\"@type\":\"CommentAction\",\"name\":\"Comment\",\"target\":[\"https:\\\/\\\/batijournal.com\\\/index.php\\\/le-carrefour-international-du-bois-2012-fait-fi-de-la-crise-et-federe-la-profession\\\/78880\\\/#respond\"]}]},{\"@type\":\"WebPage\",\"@id\":\"https:\\\/\\\/batijournal.com\\\/index.php\\\/le-carrefour-international-du-bois-2012-fait-fi-de-la-crise-et-federe-la-profession\\\/78880\\\/\",\"url\":\"https:\\\/\\\/batijournal.com\\\/index.php\\\/le-carrefour-international-du-bois-2012-fait-fi-de-la-crise-et-federe-la-profession\\\/78880\\\/\",\"name\":\"Le Carrefour international du bois 2012 fait fi de la crise et f\u00e9d\u00e8re la profession\",\"isPartOf\":{\"@id\":\"https:\\\/\\\/batijournal.com\\\/#website\"},\"primaryImageOfPage\":{\"@id\":\"https:\\\/\\\/batijournal.com\\\/index.php\\\/le-carrefour-international-du-bois-2012-fait-fi-de-la-crise-et-federe-la-profession\\\/78880\\\/#primaryimage\"},\"image\":{\"@id\":\"https:\\\/\\\/batijournal.com\\\/index.php\\\/le-carrefour-international-du-bois-2012-fait-fi-de-la-crise-et-federe-la-profession\\\/78880\\\/#primaryimage\"},\"thumbnailUrl\":\"https:\\\/\\\/batijournal.com\\\/wp-content\\\/uploads\\\/2015\\\/03\\\/46403672.jpg\",\"datePublished\":\"2012-06-12T14:08:42+00:00\",\"dateModified\":\"2020-07-17T11:50:07+00:00\",\"author\":{\"@id\":\"https:\\\/\\\/batijournal.com\\\/#\\\/schema\\\/person\\\/6a657e8967569e1b299972574848aa76\"},\"breadcrumb\":{\"@id\":\"https:\\\/\\\/batijournal.com\\\/index.php\\\/le-carrefour-international-du-bois-2012-fait-fi-de-la-crise-et-federe-la-profession\\\/78880\\\/#breadcrumb\"},\"inLanguage\":\"fr-FR\",\"potentialAction\":[{\"@type\":\"ReadAction\",\"target\":[\"https:\\\/\\\/batijournal.com\\\/index.php\\\/le-carrefour-international-du-bois-2012-fait-fi-de-la-crise-et-federe-la-profession\\\/78880\\\/\"]}]},{\"@type\":\"ImageObject\",\"inLanguage\":\"fr-FR\",\"@id\":\"https:\\\/\\\/batijournal.com\\\/index.php\\\/le-carrefour-international-du-bois-2012-fait-fi-de-la-crise-et-federe-la-profession\\\/78880\\\/#primaryimage\",\"url\":\"https:\\\/\\\/batijournal.com\\\/wp-content\\\/uploads\\\/2015\\\/03\\\/46403672.jpg\",\"contentUrl\":\"https:\\\/\\\/batijournal.com\\\/wp-content\\\/uploads\\\/2015\\\/03\\\/46403672.jpg\",\"width\":600,\"height\":399},{\"@type\":\"BreadcrumbList\",\"@id\":\"https:\\\/\\\/batijournal.com\\\/index.php\\\/le-carrefour-international-du-bois-2012-fait-fi-de-la-crise-et-federe-la-profession\\\/78880\\\/#breadcrumb\",\"itemListElement\":[{\"@type\":\"ListItem\",\"position\":1,\"name\":\"Accueil\",\"item\":\"https:\\\/\\\/batijournal.com\\\/\"},{\"@type\":\"ListItem\",\"position\":2,\"name\":\"\u00c9v\u00e9nements\",\"item\":\"https:\\\/\\\/batijournal.com\\\/index.php\\\/category\\\/evenements\\\/\"},{\"@type\":\"ListItem\",\"position\":3,\"name\":\"Le Carrefour international du bois 2012 fait fi de la crise et f\u00e9d\u00e8re la profession\"}]},{\"@type\":\"WebSite\",\"@id\":\"https:\\\/\\\/batijournal.com\\\/#website\",\"url\":\"https:\\\/\\\/batijournal.com\\\/\",\"name\":\"Batijournal\",\"description\":\"L&#039;actualit\u00e9 du b\u00e2timent\",\"potentialAction\":[{\"@type\":\"SearchAction\",\"target\":{\"@type\":\"EntryPoint\",\"urlTemplate\":\"https:\\\/\\\/batijournal.com\\\/?s={search_term_string}\"},\"query-input\":{\"@type\":\"PropertyValueSpecification\",\"valueRequired\":true,\"valueName\":\"search_term_string\"}}],\"inLanguage\":\"fr-FR\"},{\"@type\":\"Person\",\"@id\":\"https:\\\/\\\/batijournal.com\\\/#\\\/schema\\\/person\\\/6a657e8967569e1b299972574848aa76\",\"name\":\"Bati-journal\",\"image\":{\"@type\":\"ImageObject\",\"inLanguage\":\"fr-FR\",\"@id\":\"https:\\\/\\\/secure.gravatar.com\\\/avatar\\\/a64364ea26392f9b4dd47e017ddaec74ff03aefc073b49e492e847201258f777?s=96&d=mm&r=g\",\"url\":\"https:\\\/\\\/secure.gravatar.com\\\/avatar\\\/a64364ea26392f9b4dd47e017ddaec74ff03aefc073b49e492e847201258f777?s=96&d=mm&r=g\",\"contentUrl\":\"https:\\\/\\\/secure.gravatar.com\\\/avatar\\\/a64364ea26392f9b4dd47e017ddaec74ff03aefc073b49e492e847201258f777?s=96&d=mm&r=g\",\"caption\":\"Bati-journal\"},\"url\":\"https:\\\/\\\/batijournal.com\\\/index.php\\\/author\\\/elodie\\\/\"}]}<\/script>\n<!-- \/ Yoast SEO plugin. -->","yoast_head_json":{"title":"Le Carrefour international du bois 2012 fait fi de la crise et f\u00e9d\u00e8re la profession","robots":{"index":"index","follow":"follow","max-snippet":"max-snippet:-1","max-image-preview":"max-image-preview:large","max-video-preview":"max-video-preview:-1"},"canonical":"https:\/\/batijournal.com\/index.php\/le-carrefour-international-du-bois-2012-fait-fi-de-la-crise-et-federe-la-profession\/78880\/","og_locale":"fr_FR","og_type":"article","og_title":"Le Carrefour international du bois 2012 fait fi de la crise et f\u00e9d\u00e8re la profession","og_description":"Avec 530 exposants, dont 30 % d&rsquo;internationaux et 10 000 visiteurs professionnels venus de 68 pays (hors France m\u00e9tropolitaine), l&rsquo;\u00e9dition 2012 du Carrefour international du bois (CIB) \u00e0 Nantes r\u00e9alise une v\u00e9ritable performance en p\u00e9riode de crise et affiche le volontarisme des acteurs de la fili\u00e8re. \u00ab Bien s\u00fbr, les acteurs de la fili\u00e8re ont [&hellip;]","og_url":"https:\/\/batijournal.com\/index.php\/le-carrefour-international-du-bois-2012-fait-fi-de-la-crise-et-federe-la-profession\/78880\/","og_site_name":"Batijournal","article_published_time":"2012-06-12T14:08:42+00:00","article_modified_time":"2020-07-17T11:50:07+00:00","og_image":[{"width":600,"height":399,"url":"https:\/\/batijournal.com\/wp-content\/uploads\/2015\/03\/46403672.jpg","type":"image\/jpeg"}],"author":"Bati-journal","twitter_card":"summary_large_image","twitter_creator":"@bati_journal","twitter_site":"@bati_journal","twitter_misc":{"\u00c9crit par":"Bati-journal","Dur\u00e9e de lecture estim\u00e9e":"1 minute"},"schema":{"@context":"https:\/\/schema.org","@graph":[{"@type":"Article","@id":"https:\/\/batijournal.com\/index.php\/le-carrefour-international-du-bois-2012-fait-fi-de-la-crise-et-federe-la-profession\/78880\/#article","isPartOf":{"@id":"https:\/\/batijournal.com\/index.php\/le-carrefour-international-du-bois-2012-fait-fi-de-la-crise-et-federe-la-profession\/78880\/"},"author":{"name":"Bati-journal","@id":"https:\/\/batijournal.com\/#\/schema\/person\/6a657e8967569e1b299972574848aa76"},"headline":"Le Carrefour international du bois 2012 fait fi de la crise et f\u00e9d\u00e8re la profession","datePublished":"2012-06-12T14:08:42+00:00","dateModified":"2020-07-17T11:50:07+00:00","mainEntityOfPage":{"@id":"https:\/\/batijournal.com\/index.php\/le-carrefour-international-du-bois-2012-fait-fi-de-la-crise-et-federe-la-profession\/78880\/"},"wordCount":222,"commentCount":0,"image":{"@id":"https:\/\/batijournal.com\/index.php\/le-carrefour-international-du-bois-2012-fait-fi-de-la-crise-et-federe-la-profession\/78880\/#primaryimage"},"thumbnailUrl":"https:\/\/batijournal.com\/wp-content\/uploads\/2015\/03\/46403672.jpg","keywords":["PiveteauBois"],"articleSection":["\u00c9v\u00e9nements"],"inLanguage":"fr-FR","potentialAction":[{"@type":"CommentAction","name":"Comment","target":["https:\/\/batijournal.com\/index.php\/le-carrefour-international-du-bois-2012-fait-fi-de-la-crise-et-federe-la-profession\/78880\/#respond"]}]},{"@type":"WebPage","@id":"https:\/\/batijournal.com\/index.php\/le-carrefour-international-du-bois-2012-fait-fi-de-la-crise-et-federe-la-profession\/78880\/","url":"https:\/\/batijournal.com\/index.php\/le-carrefour-international-du-bois-2012-fait-fi-de-la-crise-et-federe-la-profession\/78880\/","name":"Le Carrefour international du bois 2012 fait fi de la crise et f\u00e9d\u00e8re la profession","isPartOf":{"@id":"https:\/\/batijournal.com\/#website"},"primaryImageOfPage":{"@id":"https:\/\/batijournal.com\/index.php\/le-carrefour-international-du-bois-2012-fait-fi-de-la-crise-et-federe-la-profession\/78880\/#primaryimage"},"image":{"@id":"https:\/\/batijournal.com\/index.php\/le-carrefour-international-du-bois-2012-fait-fi-de-la-crise-et-federe-la-profession\/78880\/#primaryimage"},"thumbnailUrl":"https:\/\/batijournal.com\/wp-content\/uploads\/2015\/03\/46403672.jpg","datePublished":"2012-06-12T14:08:42+00:00","dateModified":"2020-07-17T11:50:07+00:00","author":{"@id":"https:\/\/batijournal.com\/#\/schema\/person\/6a657e8967569e1b299972574848aa76"},"breadcrumb":{"@id":"https:\/\/batijournal.com\/index.php\/le-carrefour-international-du-bois-2012-fait-fi-de-la-crise-et-federe-la-profession\/78880\/#breadcrumb"},"inLanguage":"fr-FR","potentialAction":[{"@type":"ReadAction","target":["https:\/\/batijournal.com\/index.php\/le-carrefour-international-du-bois-2012-fait-fi-de-la-crise-et-federe-la-profession\/78880\/"]}]},{"@type":"ImageObject","inLanguage":"fr-FR","@id":"https:\/\/batijournal.com\/index.php\/le-carrefour-international-du-bois-2012-fait-fi-de-la-crise-et-federe-la-profession\/78880\/#primaryimage","url":"https:\/\/batijournal.com\/wp-content\/uploads\/2015\/03\/46403672.jpg","contentUrl":"https:\/\/batijournal.com\/wp-content\/uploads\/2015\/03\/46403672.jpg","width":600,"height":399},{"@type":"BreadcrumbList","@id":"https:\/\/batijournal.com\/index.php\/le-carrefour-international-du-bois-2012-fait-fi-de-la-crise-et-federe-la-profession\/78880\/#breadcrumb","itemListElement":[{"@type":"ListItem","position":1,"name":"Accueil","item":"https:\/\/batijournal.com\/"},{"@type":"ListItem","position":2,"name":"\u00c9v\u00e9nements","item":"https:\/\/batijournal.com\/index.php\/category\/evenements\/"},{"@type":"ListItem","position":3,"name":"Le Carrefour international du bois 2012 fait fi de la crise et f\u00e9d\u00e8re la profession"}]},{"@type":"WebSite","@id":"https:\/\/batijournal.com\/#website","url":"https:\/\/batijournal.com\/","name":"Batijournal","description":"L&#039;actualit\u00e9 du b\u00e2timent","potentialAction":[{"@type":"SearchAction","target":{"@type":"EntryPoint","urlTemplate":"https:\/\/batijournal.com\/?s={search_term_string}"},"query-input":{"@type":"PropertyValueSpecification","valueRequired":true,"valueName":"search_term_string"}}],"inLanguage":"fr-FR"},{"@type":"Person","@id":"https:\/\/batijournal.com\/#\/schema\/person\/6a657e8967569e1b299972574848aa76","name":"Bati-journal","image":{"@type":"ImageObject","inLanguage":"fr-FR","@id":"https:\/\/secure.gravatar.com\/avatar\/a64364ea26392f9b4dd47e017ddaec74ff03aefc073b49e492e847201258f777?s=96&d=mm&r=g","url":"https:\/\/secure.gravatar.com\/avatar\/a64364ea26392f9b4dd47e017ddaec74ff03aefc073b49e492e847201258f777?s=96&d=mm&r=g","contentUrl":"https:\/\/secure.gravatar.com\/avatar\/a64364ea26392f9b4dd47e017ddaec74ff03aefc073b49e492e847201258f777?s=96&d=mm&r=g","caption":"Bati-journal"},"url":"https:\/\/batijournal.com\/index.php\/author\/elodie\/"}]}},"_links":{"self":[{"href":"https:\/\/batijournal.com\/index.php\/wp-json\/wp\/v2\/posts\/78880","targetHints":{"allow":["GET"]}}],"collection":[{"href":"https:\/\/batijournal.com\/index.php\/wp-json\/wp\/v2\/posts"}],"about":[{"href":"https:\/\/batijournal.com\/index.php\/wp-json\/wp\/v2\/types\/post"}],"author":[{"embeddable":true,"href":"https:\/\/batijournal.com\/index.php\/wp-json\/wp\/v2\/users\/1"}],"replies":[{"embeddable":true,"href":"https:\/\/batijournal.com\/index.php\/wp-json\/wp\/v2\/comments?post=78880"}],"version-history":[{"count":0,"href":"https:\/\/batijournal.com\/index.php\/wp-json\/wp\/v2\/posts\/78880\/revisions"}],"wp:featuredmedia":[{"embeddable":true,"href":"https:\/\/batijournal.com\/index.php\/wp-json\/wp\/v2\/media\/78881"}],"wp:attachment":[{"href":"https:\/\/batijournal.com\/index.php\/wp-json\/wp\/v2\/media?parent=78880"}],"wp:term":[{"taxonomy":"category","embeddable":true,"href":"https:\/\/batijournal.com\/index.php\/wp-json\/wp\/v2\/categories?post=78880"},{"taxonomy":"post_tag","embeddable":true,"href":"https:\/\/batijournal.com\/index.php\/wp-json\/wp\/v2\/tags?post=78880"}],"curies":[{"name":"wp","href":"https:\/\/api.w.org\/{rel}","templated":true}]}}