{"id":78888,"date":"2012-06-21T16:07:51","date_gmt":"2012-06-21T14:07:51","guid":{"rendered":"http:\/\/b.bati-journal.com\/des-structures-bois-ephemeres-au-festival-solidays\/78888"},"modified":"2015-03-04T11:46:14","modified_gmt":"2015-03-04T10:46:14","slug":"des-structures-bois-ephemeres-au-festival-solidays","status":"publish","type":"post","link":"https:\/\/batijournal.com\/index.php\/des-structures-bois-ephemeres-au-festival-solidays\/78888\/","title":{"rendered":"Des structures bois \u00e9ph\u00e9m\u00e8res au festival Solidays"},"content":{"rendered":"<p>Cinq ombri\u00e8res g\u00e9antes int\u00e9gralement en bois seront install\u00e9es ce week-end \u00e0 l&rsquo;hippodrome de Longchamp, \u00e0 l&rsquo;occasion de la 14e \u00e9dition du festival Solidays qui se d\u00e9roulera du 22 au 24 juin. Ce \u00ab\u00a0Green Corner\u00a0\u00bb, cr\u00e9\u00e9 \u00e0 l&rsquo;initiative de l&rsquo;Ecole des Ponts ParisTech par six \u00e9tudiants du d\u00e9partement G\u00e9nie civil et Construction, est un espace de bien-\u00eatre de 600 m2 pour les festivaliers. La g\u00e9om\u00e9trie \u00e9vas\u00e9e des pavillons permet de minimiser l&#8217;emprise au sol tout en assurant une grande envergure en toiture maximisant ainsi l&rsquo;ombre projet\u00e9e. Ce design innovant met en valeur le bois en tant que mat\u00e9riau de construction \u00e0 la fois souple et r\u00e9sistant. Un exercice p\u00e9dagogique int\u00e9ressant pour les \u00e9l\u00e8ves de la c\u00e9l\u00e8bre grande \u00e9cole !<\/p>\n<p><span style=\"font-size: medium;\"><a href=\"http:\/\/www.paristech.fr\" target=\"_blank\">www.paristech.fr<\/a><\/span><\/p>\n","protected":false},"excerpt":{"rendered":"<p>Cinq ombri\u00e8res g\u00e9antes int\u00e9gralement en bois seront install\u00e9es ce week-end \u00e0 l&rsquo;hippodrome de Longchamp, \u00e0 l&rsquo;occasion de la 14e \u00e9dition du festival Solidays qui se d\u00e9roulera du 22 au 24 juin. Ce \u00ab\u00a0Green Corner\u00a0\u00bb, cr\u00e9\u00e9 \u00e0 l&rsquo;initiative de l&rsquo;Ecole des Ponts ParisTech par six \u00e9tudiants du d\u00e9partement G\u00e9nie civil et Construction, est un espace de [&hellip;]<\/p>\n","protected":false},"author":1,"featured_media":78889,"comment_status":"open","ping_status":"closed","sticky":false,"template":"","format":"standard","meta":{"_et_pb_use_builder":"","_et_pb_old_content":"","_et_gb_content_width":"","footnotes":""},"categories":[9192],"tags":[],"class_list":["post-78888","post","type-post","status-publish","format-standard","has-post-thumbnail","hentry","category-evenements"],"yoast_head":"<!-- This site is optimized with the Yoast SEO plugin v27.4 - https:\/\/yoast.com\/product\/yoast-seo-wordpress\/ -->\n<title>Des structures bois \u00e9ph\u00e9m\u00e8res au festival Solidays<\/title>\n<meta name=\"robots\" content=\"index, follow, max-snippet:-1, max-image-preview:large, max-video-preview:-1\" \/>\n<link rel=\"canonical\" href=\"https:\/\/batijournal.com\/index.php\/des-structures-bois-ephemeres-au-festival-solidays\/78888\/\" \/>\n<meta property=\"og:locale\" content=\"fr_FR\" \/>\n<meta property=\"og:type\" content=\"article\" \/>\n<meta property=\"og:title\" content=\"Des structures bois \u00e9ph\u00e9m\u00e8res au festival Solidays\" \/>\n<meta property=\"og:description\" content=\"Cinq ombri\u00e8res g\u00e9antes int\u00e9gralement en bois seront install\u00e9es ce week-end \u00e0 l&rsquo;hippodrome de Longchamp, \u00e0 l&rsquo;occasion de la 14e \u00e9dition du festival Solidays qui se d\u00e9roulera du 22 au 24 juin. Ce \u00ab\u00a0Green Corner\u00a0\u00bb, cr\u00e9\u00e9 \u00e0 l&rsquo;initiative de l&rsquo;Ecole des Ponts ParisTech par six \u00e9tudiants du d\u00e9partement G\u00e9nie civil et Construction, est un espace de [&hellip;]\" \/>\n<meta property=\"og:url\" content=\"https:\/\/batijournal.com\/index.php\/des-structures-bois-ephemeres-au-festival-solidays\/78888\/\" \/>\n<meta property=\"og:site_name\" content=\"Batijournal\" \/>\n<meta property=\"article:published_time\" content=\"2012-06-21T14:07:51+00:00\" \/>\n<meta property=\"article:modified_time\" content=\"2015-03-04T10:46:14+00:00\" \/>\n<meta property=\"og:image\" content=\"https:\/\/batijournal.com\/wp-content\/uploads\/2015\/03\/46923181.jpg\" \/>\n\t<meta property=\"og:image:width\" content=\"600\" \/>\n\t<meta property=\"og:image:height\" content=\"345\" \/>\n\t<meta property=\"og:image:type\" content=\"image\/jpeg\" \/>\n<meta name=\"author\" content=\"Bati-journal\" \/>\n<meta name=\"twitter:card\" content=\"summary_large_image\" \/>\n<meta name=\"twitter:creator\" content=\"@bati_journal\" \/>\n<meta name=\"twitter:site\" content=\"@bati_journal\" \/>\n<meta name=\"twitter:label1\" content=\"\u00c9crit par\" \/>\n\t<meta name=\"twitter:data1\" content=\"Bati-journal\" \/>\n\t<meta name=\"twitter:label2\" content=\"Dur\u00e9e de lecture estim\u00e9e\" \/>\n\t<meta name=\"twitter:data2\" content=\"1 minute\" \/>\n<script type=\"application\/ld+json\" class=\"yoast-schema-graph\">{\"@context\":\"https:\\\/\\\/schema.org\",\"@graph\":[{\"@type\":\"Article\",\"@id\":\"https:\\\/\\\/batijournal.com\\\/index.php\\\/des-structures-bois-ephemeres-au-festival-solidays\\\/78888\\\/#article\",\"isPartOf\":{\"@id\":\"https:\\\/\\\/batijournal.com\\\/index.php\\\/des-structures-bois-ephemeres-au-festival-solidays\\\/78888\\\/\"},\"author\":{\"name\":\"Bati-journal\",\"@id\":\"https:\\\/\\\/batijournal.com\\\/#\\\/schema\\\/person\\\/6a657e8967569e1b299972574848aa76\"},\"headline\":\"Des structures bois \u00e9ph\u00e9m\u00e8res au festival Solidays\",\"datePublished\":\"2012-06-21T14:07:51+00:00\",\"dateModified\":\"2015-03-04T10:46:14+00:00\",\"mainEntityOfPage\":{\"@id\":\"https:\\\/\\\/batijournal.com\\\/index.php\\\/des-structures-bois-ephemeres-au-festival-solidays\\\/78888\\\/\"},\"wordCount\":147,\"commentCount\":0,\"image\":{\"@id\":\"https:\\\/\\\/batijournal.com\\\/index.php\\\/des-structures-bois-ephemeres-au-festival-solidays\\\/78888\\\/#primaryimage\"},\"thumbnailUrl\":\"https:\\\/\\\/batijournal.com\\\/wp-content\\\/uploads\\\/2015\\\/03\\\/46923181.jpg\",\"articleSection\":[\"\u00c9v\u00e9nements\"],\"inLanguage\":\"fr-FR\",\"potentialAction\":[{\"@type\":\"CommentAction\",\"name\":\"Comment\",\"target\":[\"https:\\\/\\\/batijournal.com\\\/index.php\\\/des-structures-bois-ephemeres-au-festival-solidays\\\/78888\\\/#respond\"]}]},{\"@type\":\"WebPage\",\"@id\":\"https:\\\/\\\/batijournal.com\\\/index.php\\\/des-structures-bois-ephemeres-au-festival-solidays\\\/78888\\\/\",\"url\":\"https:\\\/\\\/batijournal.com\\\/index.php\\\/des-structures-bois-ephemeres-au-festival-solidays\\\/78888\\\/\",\"name\":\"Des structures bois \u00e9ph\u00e9m\u00e8res au festival Solidays\",\"isPartOf\":{\"@id\":\"https:\\\/\\\/batijournal.com\\\/#website\"},\"primaryImageOfPage\":{\"@id\":\"https:\\\/\\\/batijournal.com\\\/index.php\\\/des-structures-bois-ephemeres-au-festival-solidays\\\/78888\\\/#primaryimage\"},\"image\":{\"@id\":\"https:\\\/\\\/batijournal.com\\\/index.php\\\/des-structures-bois-ephemeres-au-festival-solidays\\\/78888\\\/#primaryimage\"},\"thumbnailUrl\":\"https:\\\/\\\/batijournal.com\\\/wp-content\\\/uploads\\\/2015\\\/03\\\/46923181.jpg\",\"datePublished\":\"2012-06-21T14:07:51+00:00\",\"dateModified\":\"2015-03-04T10:46:14+00:00\",\"author\":{\"@id\":\"https:\\\/\\\/batijournal.com\\\/#\\\/schema\\\/person\\\/6a657e8967569e1b299972574848aa76\"},\"breadcrumb\":{\"@id\":\"https:\\\/\\\/batijournal.com\\\/index.php\\\/des-structures-bois-ephemeres-au-festival-solidays\\\/78888\\\/#breadcrumb\"},\"inLanguage\":\"fr-FR\",\"potentialAction\":[{\"@type\":\"ReadAction\",\"target\":[\"https:\\\/\\\/batijournal.com\\\/index.php\\\/des-structures-bois-ephemeres-au-festival-solidays\\\/78888\\\/\"]}]},{\"@type\":\"ImageObject\",\"inLanguage\":\"fr-FR\",\"@id\":\"https:\\\/\\\/batijournal.com\\\/index.php\\\/des-structures-bois-ephemeres-au-festival-solidays\\\/78888\\\/#primaryimage\",\"url\":\"https:\\\/\\\/batijournal.com\\\/wp-content\\\/uploads\\\/2015\\\/03\\\/46923181.jpg\",\"contentUrl\":\"https:\\\/\\\/batijournal.com\\\/wp-content\\\/uploads\\\/2015\\\/03\\\/46923181.jpg\",\"width\":600,\"height\":345},{\"@type\":\"BreadcrumbList\",\"@id\":\"https:\\\/\\\/batijournal.com\\\/index.php\\\/des-structures-bois-ephemeres-au-festival-solidays\\\/78888\\\/#breadcrumb\",\"itemListElement\":[{\"@type\":\"ListItem\",\"position\":1,\"name\":\"Accueil\",\"item\":\"https:\\\/\\\/batijournal.com\\\/\"},{\"@type\":\"ListItem\",\"position\":2,\"name\":\"\u00c9v\u00e9nements\",\"item\":\"https:\\\/\\\/batijournal.com\\\/index.php\\\/category\\\/evenements\\\/\"},{\"@type\":\"ListItem\",\"position\":3,\"name\":\"Des structures bois \u00e9ph\u00e9m\u00e8res au festival Solidays\"}]},{\"@type\":\"WebSite\",\"@id\":\"https:\\\/\\\/batijournal.com\\\/#website\",\"url\":\"https:\\\/\\\/batijournal.com\\\/\",\"name\":\"Batijournal\",\"description\":\"L&#039;actualit\u00e9 du b\u00e2timent\",\"potentialAction\":[{\"@type\":\"SearchAction\",\"target\":{\"@type\":\"EntryPoint\",\"urlTemplate\":\"https:\\\/\\\/batijournal.com\\\/?s={search_term_string}\"},\"query-input\":{\"@type\":\"PropertyValueSpecification\",\"valueRequired\":true,\"valueName\":\"search_term_string\"}}],\"inLanguage\":\"fr-FR\"},{\"@type\":\"Person\",\"@id\":\"https:\\\/\\\/batijournal.com\\\/#\\\/schema\\\/person\\\/6a657e8967569e1b299972574848aa76\",\"name\":\"Bati-journal\",\"image\":{\"@type\":\"ImageObject\",\"inLanguage\":\"fr-FR\",\"@id\":\"https:\\\/\\\/secure.gravatar.com\\\/avatar\\\/a64364ea26392f9b4dd47e017ddaec74ff03aefc073b49e492e847201258f777?s=96&d=mm&r=g\",\"url\":\"https:\\\/\\\/secure.gravatar.com\\\/avatar\\\/a64364ea26392f9b4dd47e017ddaec74ff03aefc073b49e492e847201258f777?s=96&d=mm&r=g\",\"contentUrl\":\"https:\\\/\\\/secure.gravatar.com\\\/avatar\\\/a64364ea26392f9b4dd47e017ddaec74ff03aefc073b49e492e847201258f777?s=96&d=mm&r=g\",\"caption\":\"Bati-journal\"},\"url\":\"https:\\\/\\\/batijournal.com\\\/index.php\\\/author\\\/elodie\\\/\"}]}<\/script>\n<!-- \/ Yoast SEO plugin. -->","yoast_head_json":{"title":"Des structures bois \u00e9ph\u00e9m\u00e8res au festival Solidays","robots":{"index":"index","follow":"follow","max-snippet":"max-snippet:-1","max-image-preview":"max-image-preview:large","max-video-preview":"max-video-preview:-1"},"canonical":"https:\/\/batijournal.com\/index.php\/des-structures-bois-ephemeres-au-festival-solidays\/78888\/","og_locale":"fr_FR","og_type":"article","og_title":"Des structures bois \u00e9ph\u00e9m\u00e8res au festival Solidays","og_description":"Cinq ombri\u00e8res g\u00e9antes int\u00e9gralement en bois seront install\u00e9es ce week-end \u00e0 l&rsquo;hippodrome de Longchamp, \u00e0 l&rsquo;occasion de la 14e \u00e9dition du festival Solidays qui se d\u00e9roulera du 22 au 24 juin. Ce \u00ab\u00a0Green Corner\u00a0\u00bb, cr\u00e9\u00e9 \u00e0 l&rsquo;initiative de l&rsquo;Ecole des Ponts ParisTech par six \u00e9tudiants du d\u00e9partement G\u00e9nie civil et Construction, est un espace de [&hellip;]","og_url":"https:\/\/batijournal.com\/index.php\/des-structures-bois-ephemeres-au-festival-solidays\/78888\/","og_site_name":"Batijournal","article_published_time":"2012-06-21T14:07:51+00:00","article_modified_time":"2015-03-04T10:46:14+00:00","og_image":[{"width":600,"height":345,"url":"https:\/\/batijournal.com\/wp-content\/uploads\/2015\/03\/46923181.jpg","type":"image\/jpeg"}],"author":"Bati-journal","twitter_card":"summary_large_image","twitter_creator":"@bati_journal","twitter_site":"@bati_journal","twitter_misc":{"\u00c9crit par":"Bati-journal","Dur\u00e9e de lecture estim\u00e9e":"1 minute"},"schema":{"@context":"https:\/\/schema.org","@graph":[{"@type":"Article","@id":"https:\/\/batijournal.com\/index.php\/des-structures-bois-ephemeres-au-festival-solidays\/78888\/#article","isPartOf":{"@id":"https:\/\/batijournal.com\/index.php\/des-structures-bois-ephemeres-au-festival-solidays\/78888\/"},"author":{"name":"Bati-journal","@id":"https:\/\/batijournal.com\/#\/schema\/person\/6a657e8967569e1b299972574848aa76"},"headline":"Des structures bois \u00e9ph\u00e9m\u00e8res au festival Solidays","datePublished":"2012-06-21T14:07:51+00:00","dateModified":"2015-03-04T10:46:14+00:00","mainEntityOfPage":{"@id":"https:\/\/batijournal.com\/index.php\/des-structures-bois-ephemeres-au-festival-solidays\/78888\/"},"wordCount":147,"commentCount":0,"image":{"@id":"https:\/\/batijournal.com\/index.php\/des-structures-bois-ephemeres-au-festival-solidays\/78888\/#primaryimage"},"thumbnailUrl":"https:\/\/batijournal.com\/wp-content\/uploads\/2015\/03\/46923181.jpg","articleSection":["\u00c9v\u00e9nements"],"inLanguage":"fr-FR","potentialAction":[{"@type":"CommentAction","name":"Comment","target":["https:\/\/batijournal.com\/index.php\/des-structures-bois-ephemeres-au-festival-solidays\/78888\/#respond"]}]},{"@type":"WebPage","@id":"https:\/\/batijournal.com\/index.php\/des-structures-bois-ephemeres-au-festival-solidays\/78888\/","url":"https:\/\/batijournal.com\/index.php\/des-structures-bois-ephemeres-au-festival-solidays\/78888\/","name":"Des structures bois \u00e9ph\u00e9m\u00e8res au festival Solidays","isPartOf":{"@id":"https:\/\/batijournal.com\/#website"},"primaryImageOfPage":{"@id":"https:\/\/batijournal.com\/index.php\/des-structures-bois-ephemeres-au-festival-solidays\/78888\/#primaryimage"},"image":{"@id":"https:\/\/batijournal.com\/index.php\/des-structures-bois-ephemeres-au-festival-solidays\/78888\/#primaryimage"},"thumbnailUrl":"https:\/\/batijournal.com\/wp-content\/uploads\/2015\/03\/46923181.jpg","datePublished":"2012-06-21T14:07:51+00:00","dateModified":"2015-03-04T10:46:14+00:00","author":{"@id":"https:\/\/batijournal.com\/#\/schema\/person\/6a657e8967569e1b299972574848aa76"},"breadcrumb":{"@id":"https:\/\/batijournal.com\/index.php\/des-structures-bois-ephemeres-au-festival-solidays\/78888\/#breadcrumb"},"inLanguage":"fr-FR","potentialAction":[{"@type":"ReadAction","target":["https:\/\/batijournal.com\/index.php\/des-structures-bois-ephemeres-au-festival-solidays\/78888\/"]}]},{"@type":"ImageObject","inLanguage":"fr-FR","@id":"https:\/\/batijournal.com\/index.php\/des-structures-bois-ephemeres-au-festival-solidays\/78888\/#primaryimage","url":"https:\/\/batijournal.com\/wp-content\/uploads\/2015\/03\/46923181.jpg","contentUrl":"https:\/\/batijournal.com\/wp-content\/uploads\/2015\/03\/46923181.jpg","width":600,"height":345},{"@type":"BreadcrumbList","@id":"https:\/\/batijournal.com\/index.php\/des-structures-bois-ephemeres-au-festival-solidays\/78888\/#breadcrumb","itemListElement":[{"@type":"ListItem","position":1,"name":"Accueil","item":"https:\/\/batijournal.com\/"},{"@type":"ListItem","position":2,"name":"\u00c9v\u00e9nements","item":"https:\/\/batijournal.com\/index.php\/category\/evenements\/"},{"@type":"ListItem","position":3,"name":"Des structures bois \u00e9ph\u00e9m\u00e8res au festival Solidays"}]},{"@type":"WebSite","@id":"https:\/\/batijournal.com\/#website","url":"https:\/\/batijournal.com\/","name":"Batijournal","description":"L&#039;actualit\u00e9 du b\u00e2timent","potentialAction":[{"@type":"SearchAction","target":{"@type":"EntryPoint","urlTemplate":"https:\/\/batijournal.com\/?s={search_term_string}"},"query-input":{"@type":"PropertyValueSpecification","valueRequired":true,"valueName":"search_term_string"}}],"inLanguage":"fr-FR"},{"@type":"Person","@id":"https:\/\/batijournal.com\/#\/schema\/person\/6a657e8967569e1b299972574848aa76","name":"Bati-journal","image":{"@type":"ImageObject","inLanguage":"fr-FR","@id":"https:\/\/secure.gravatar.com\/avatar\/a64364ea26392f9b4dd47e017ddaec74ff03aefc073b49e492e847201258f777?s=96&d=mm&r=g","url":"https:\/\/secure.gravatar.com\/avatar\/a64364ea26392f9b4dd47e017ddaec74ff03aefc073b49e492e847201258f777?s=96&d=mm&r=g","contentUrl":"https:\/\/secure.gravatar.com\/avatar\/a64364ea26392f9b4dd47e017ddaec74ff03aefc073b49e492e847201258f777?s=96&d=mm&r=g","caption":"Bati-journal"},"url":"https:\/\/batijournal.com\/index.php\/author\/elodie\/"}]}},"_links":{"self":[{"href":"https:\/\/batijournal.com\/index.php\/wp-json\/wp\/v2\/posts\/78888","targetHints":{"allow":["GET"]}}],"collection":[{"href":"https:\/\/batijournal.com\/index.php\/wp-json\/wp\/v2\/posts"}],"about":[{"href":"https:\/\/batijournal.com\/index.php\/wp-json\/wp\/v2\/types\/post"}],"author":[{"embeddable":true,"href":"https:\/\/batijournal.com\/index.php\/wp-json\/wp\/v2\/users\/1"}],"replies":[{"embeddable":true,"href":"https:\/\/batijournal.com\/index.php\/wp-json\/wp\/v2\/comments?post=78888"}],"version-history":[{"count":0,"href":"https:\/\/batijournal.com\/index.php\/wp-json\/wp\/v2\/posts\/78888\/revisions"}],"wp:featuredmedia":[{"embeddable":true,"href":"https:\/\/batijournal.com\/index.php\/wp-json\/wp\/v2\/media\/78889"}],"wp:attachment":[{"href":"https:\/\/batijournal.com\/index.php\/wp-json\/wp\/v2\/media?parent=78888"}],"wp:term":[{"taxonomy":"category","embeddable":true,"href":"https:\/\/batijournal.com\/index.php\/wp-json\/wp\/v2\/categories?post=78888"},{"taxonomy":"post_tag","embeddable":true,"href":"https:\/\/batijournal.com\/index.php\/wp-json\/wp\/v2\/tags?post=78888"}],"curies":[{"name":"wp","href":"https:\/\/api.w.org\/{rel}","templated":true}]}}