{"id":78895,"date":"2012-07-03T00:00:00","date_gmt":"2012-07-02T22:00:00","guid":{"rendered":"http:\/\/b.bati-journal.com\/les-coulisses-du-batiment-la-10e-edition-se-fete\/78895"},"modified":"2012-07-03T00:00:00","modified_gmt":"2012-07-02T22:00:00","slug":"les-coulisses-du-batiment-la-10e-edition-se-fete","status":"publish","type":"post","link":"https:\/\/batijournal.com\/index.php\/les-coulisses-du-batiment-la-10e-edition-se-fete\/78895\/","title":{"rendered":"Les Coulisses du B\u00e2timent : la 10e \u00e9dition se f\u00eate"},"content":{"rendered":"<p>Cette ann\u00e9e, pour la 10e \u00e9dition des Coulisses du B\u00e2timent, la FFB met \u00e0 l&rsquo;honneur cette op\u00e9ration en proposant aux classes de coll\u00e8ges et lyc\u00e9es de participer \u00e0 un concours national. Elles devront r\u00e9aliser l&rsquo;affiche des Coulisses du B\u00e2timent 2013. La classe laur\u00e9ate gagnera un week-end dans un centre BTP-Vacances, g\u00e9r\u00e9 par PRO BTP. Les Coulisses du B\u00e2timent consistent en l&rsquo;ouverture aux jeunes et au grand public de chantiers et d&rsquo;ateliers partout en France pour leur faire d\u00e9couvrir le secteur du B\u00e2timent et la diversit\u00e9 de ses m\u00e9tiers. Au programme : visites de divers chantiers et ateliers \u00e0 diff\u00e9rents stades d&rsquo;avancement, d\u00e9couverte des m\u00e9tiers, rencontre avec des hommes et des femmes passionn\u00e9s, expositions photos, etc. Chaque ann\u00e9e, pr\u00e8s de 100 000 visiteurs sont accueillis et accompagn\u00e9s par les professionnels.<\/p>\n","protected":false},"excerpt":{"rendered":"<p>Cette ann\u00e9e, pour la 10e \u00e9dition des Coulisses du B\u00e2timent, la FFB met \u00e0 l&rsquo;honneur cette op\u00e9ration en proposant aux classes de coll\u00e8ges et lyc\u00e9es de participer \u00e0 un concours national. Elles devront r\u00e9aliser l&rsquo;affiche des Coulisses du B\u00e2timent 2013. La classe laur\u00e9ate gagnera un week-end dans un centre BTP-Vacances, g\u00e9r\u00e9 par PRO BTP. Les [&hellip;]<\/p>\n","protected":false},"author":1,"featured_media":0,"comment_status":"open","ping_status":"closed","sticky":false,"template":"","format":"standard","meta":{"_et_pb_use_builder":"","_et_pb_old_content":"","_et_gb_content_width":"","footnotes":""},"categories":[9192],"tags":[8340],"class_list":["post-78895","post","type-post","status-publish","format-standard","hentry","category-evenements","tag-coulisses-du-batiment"],"yoast_head":"<!-- This site is optimized with the Yoast SEO plugin v27.4 - https:\/\/yoast.com\/product\/yoast-seo-wordpress\/ -->\n<title>Les Coulisses du B\u00e2timent : la 10e \u00e9dition se f\u00eate<\/title>\n<meta name=\"robots\" content=\"index, follow, max-snippet:-1, max-image-preview:large, max-video-preview:-1\" \/>\n<link rel=\"canonical\" href=\"https:\/\/batijournal.com\/index.php\/les-coulisses-du-batiment-la-10e-edition-se-fete\/78895\/\" \/>\n<meta property=\"og:locale\" content=\"fr_FR\" \/>\n<meta property=\"og:type\" content=\"article\" \/>\n<meta property=\"og:title\" content=\"Les Coulisses du B\u00e2timent : la 10e \u00e9dition se f\u00eate\" \/>\n<meta property=\"og:description\" content=\"Cette ann\u00e9e, pour la 10e \u00e9dition des Coulisses du B\u00e2timent, la FFB met \u00e0 l&rsquo;honneur cette op\u00e9ration en proposant aux classes de coll\u00e8ges et lyc\u00e9es de participer \u00e0 un concours national. Elles devront r\u00e9aliser l&rsquo;affiche des Coulisses du B\u00e2timent 2013. La classe laur\u00e9ate gagnera un week-end dans un centre BTP-Vacances, g\u00e9r\u00e9 par PRO BTP. Les [&hellip;]\" \/>\n<meta property=\"og:url\" content=\"https:\/\/batijournal.com\/index.php\/les-coulisses-du-batiment-la-10e-edition-se-fete\/78895\/\" \/>\n<meta property=\"og:site_name\" content=\"Batijournal\" \/>\n<meta property=\"article:published_time\" content=\"2012-07-02T22:00:00+00:00\" \/>\n<meta name=\"author\" content=\"Bati-journal\" \/>\n<meta name=\"twitter:card\" content=\"summary_large_image\" \/>\n<meta name=\"twitter:creator\" content=\"@bati_journal\" \/>\n<meta name=\"twitter:site\" content=\"@bati_journal\" \/>\n<meta name=\"twitter:label1\" content=\"\u00c9crit par\" \/>\n\t<meta name=\"twitter:data1\" content=\"Bati-journal\" \/>\n\t<meta name=\"twitter:label2\" content=\"Dur\u00e9e de lecture estim\u00e9e\" \/>\n\t<meta name=\"twitter:data2\" content=\"1 minute\" \/>\n<script type=\"application\/ld+json\" class=\"yoast-schema-graph\">{\"@context\":\"https:\\\/\\\/schema.org\",\"@graph\":[{\"@type\":\"Article\",\"@id\":\"https:\\\/\\\/batijournal.com\\\/index.php\\\/les-coulisses-du-batiment-la-10e-edition-se-fete\\\/78895\\\/#article\",\"isPartOf\":{\"@id\":\"https:\\\/\\\/batijournal.com\\\/index.php\\\/les-coulisses-du-batiment-la-10e-edition-se-fete\\\/78895\\\/\"},\"author\":{\"name\":\"Bati-journal\",\"@id\":\"https:\\\/\\\/batijournal.com\\\/#\\\/schema\\\/person\\\/6a657e8967569e1b299972574848aa76\"},\"headline\":\"Les Coulisses du B\u00e2timent : la 10e \u00e9dition se f\u00eate\",\"datePublished\":\"2012-07-02T22:00:00+00:00\",\"mainEntityOfPage\":{\"@id\":\"https:\\\/\\\/batijournal.com\\\/index.php\\\/les-coulisses-du-batiment-la-10e-edition-se-fete\\\/78895\\\/\"},\"wordCount\":158,\"commentCount\":0,\"keywords\":[\"coulisses du batiment\"],\"articleSection\":[\"\u00c9v\u00e9nements\"],\"inLanguage\":\"fr-FR\",\"potentialAction\":[{\"@type\":\"CommentAction\",\"name\":\"Comment\",\"target\":[\"https:\\\/\\\/batijournal.com\\\/index.php\\\/les-coulisses-du-batiment-la-10e-edition-se-fete\\\/78895\\\/#respond\"]}]},{\"@type\":\"WebPage\",\"@id\":\"https:\\\/\\\/batijournal.com\\\/index.php\\\/les-coulisses-du-batiment-la-10e-edition-se-fete\\\/78895\\\/\",\"url\":\"https:\\\/\\\/batijournal.com\\\/index.php\\\/les-coulisses-du-batiment-la-10e-edition-se-fete\\\/78895\\\/\",\"name\":\"Les Coulisses du B\u00e2timent : la 10e \u00e9dition se f\u00eate\",\"isPartOf\":{\"@id\":\"https:\\\/\\\/batijournal.com\\\/#website\"},\"datePublished\":\"2012-07-02T22:00:00+00:00\",\"author\":{\"@id\":\"https:\\\/\\\/batijournal.com\\\/#\\\/schema\\\/person\\\/6a657e8967569e1b299972574848aa76\"},\"breadcrumb\":{\"@id\":\"https:\\\/\\\/batijournal.com\\\/index.php\\\/les-coulisses-du-batiment-la-10e-edition-se-fete\\\/78895\\\/#breadcrumb\"},\"inLanguage\":\"fr-FR\",\"potentialAction\":[{\"@type\":\"ReadAction\",\"target\":[\"https:\\\/\\\/batijournal.com\\\/index.php\\\/les-coulisses-du-batiment-la-10e-edition-se-fete\\\/78895\\\/\"]}]},{\"@type\":\"BreadcrumbList\",\"@id\":\"https:\\\/\\\/batijournal.com\\\/index.php\\\/les-coulisses-du-batiment-la-10e-edition-se-fete\\\/78895\\\/#breadcrumb\",\"itemListElement\":[{\"@type\":\"ListItem\",\"position\":1,\"name\":\"Accueil\",\"item\":\"https:\\\/\\\/batijournal.com\\\/\"},{\"@type\":\"ListItem\",\"position\":2,\"name\":\"\u00c9v\u00e9nements\",\"item\":\"https:\\\/\\\/batijournal.com\\\/index.php\\\/category\\\/evenements\\\/\"},{\"@type\":\"ListItem\",\"position\":3,\"name\":\"Les Coulisses du B\u00e2timent : la 10e \u00e9dition se f\u00eate\"}]},{\"@type\":\"WebSite\",\"@id\":\"https:\\\/\\\/batijournal.com\\\/#website\",\"url\":\"https:\\\/\\\/batijournal.com\\\/\",\"name\":\"Batijournal\",\"description\":\"L&#039;actualit\u00e9 du b\u00e2timent\",\"potentialAction\":[{\"@type\":\"SearchAction\",\"target\":{\"@type\":\"EntryPoint\",\"urlTemplate\":\"https:\\\/\\\/batijournal.com\\\/?s={search_term_string}\"},\"query-input\":{\"@type\":\"PropertyValueSpecification\",\"valueRequired\":true,\"valueName\":\"search_term_string\"}}],\"inLanguage\":\"fr-FR\"},{\"@type\":\"Person\",\"@id\":\"https:\\\/\\\/batijournal.com\\\/#\\\/schema\\\/person\\\/6a657e8967569e1b299972574848aa76\",\"name\":\"Bati-journal\",\"image\":{\"@type\":\"ImageObject\",\"inLanguage\":\"fr-FR\",\"@id\":\"https:\\\/\\\/secure.gravatar.com\\\/avatar\\\/a64364ea26392f9b4dd47e017ddaec74ff03aefc073b49e492e847201258f777?s=96&d=mm&r=g\",\"url\":\"https:\\\/\\\/secure.gravatar.com\\\/avatar\\\/a64364ea26392f9b4dd47e017ddaec74ff03aefc073b49e492e847201258f777?s=96&d=mm&r=g\",\"contentUrl\":\"https:\\\/\\\/secure.gravatar.com\\\/avatar\\\/a64364ea26392f9b4dd47e017ddaec74ff03aefc073b49e492e847201258f777?s=96&d=mm&r=g\",\"caption\":\"Bati-journal\"},\"url\":\"https:\\\/\\\/batijournal.com\\\/index.php\\\/author\\\/elodie\\\/\"}]}<\/script>\n<!-- \/ Yoast SEO plugin. -->","yoast_head_json":{"title":"Les Coulisses du B\u00e2timent : la 10e \u00e9dition se f\u00eate","robots":{"index":"index","follow":"follow","max-snippet":"max-snippet:-1","max-image-preview":"max-image-preview:large","max-video-preview":"max-video-preview:-1"},"canonical":"https:\/\/batijournal.com\/index.php\/les-coulisses-du-batiment-la-10e-edition-se-fete\/78895\/","og_locale":"fr_FR","og_type":"article","og_title":"Les Coulisses du B\u00e2timent : la 10e \u00e9dition se f\u00eate","og_description":"Cette ann\u00e9e, pour la 10e \u00e9dition des Coulisses du B\u00e2timent, la FFB met \u00e0 l&rsquo;honneur cette op\u00e9ration en proposant aux classes de coll\u00e8ges et lyc\u00e9es de participer \u00e0 un concours national. Elles devront r\u00e9aliser l&rsquo;affiche des Coulisses du B\u00e2timent 2013. La classe laur\u00e9ate gagnera un week-end dans un centre BTP-Vacances, g\u00e9r\u00e9 par PRO BTP. Les [&hellip;]","og_url":"https:\/\/batijournal.com\/index.php\/les-coulisses-du-batiment-la-10e-edition-se-fete\/78895\/","og_site_name":"Batijournal","article_published_time":"2012-07-02T22:00:00+00:00","author":"Bati-journal","twitter_card":"summary_large_image","twitter_creator":"@bati_journal","twitter_site":"@bati_journal","twitter_misc":{"\u00c9crit par":"Bati-journal","Dur\u00e9e de lecture estim\u00e9e":"1 minute"},"schema":{"@context":"https:\/\/schema.org","@graph":[{"@type":"Article","@id":"https:\/\/batijournal.com\/index.php\/les-coulisses-du-batiment-la-10e-edition-se-fete\/78895\/#article","isPartOf":{"@id":"https:\/\/batijournal.com\/index.php\/les-coulisses-du-batiment-la-10e-edition-se-fete\/78895\/"},"author":{"name":"Bati-journal","@id":"https:\/\/batijournal.com\/#\/schema\/person\/6a657e8967569e1b299972574848aa76"},"headline":"Les Coulisses du B\u00e2timent : la 10e \u00e9dition se f\u00eate","datePublished":"2012-07-02T22:00:00+00:00","mainEntityOfPage":{"@id":"https:\/\/batijournal.com\/index.php\/les-coulisses-du-batiment-la-10e-edition-se-fete\/78895\/"},"wordCount":158,"commentCount":0,"keywords":["coulisses du batiment"],"articleSection":["\u00c9v\u00e9nements"],"inLanguage":"fr-FR","potentialAction":[{"@type":"CommentAction","name":"Comment","target":["https:\/\/batijournal.com\/index.php\/les-coulisses-du-batiment-la-10e-edition-se-fete\/78895\/#respond"]}]},{"@type":"WebPage","@id":"https:\/\/batijournal.com\/index.php\/les-coulisses-du-batiment-la-10e-edition-se-fete\/78895\/","url":"https:\/\/batijournal.com\/index.php\/les-coulisses-du-batiment-la-10e-edition-se-fete\/78895\/","name":"Les Coulisses du B\u00e2timent : la 10e \u00e9dition se f\u00eate","isPartOf":{"@id":"https:\/\/batijournal.com\/#website"},"datePublished":"2012-07-02T22:00:00+00:00","author":{"@id":"https:\/\/batijournal.com\/#\/schema\/person\/6a657e8967569e1b299972574848aa76"},"breadcrumb":{"@id":"https:\/\/batijournal.com\/index.php\/les-coulisses-du-batiment-la-10e-edition-se-fete\/78895\/#breadcrumb"},"inLanguage":"fr-FR","potentialAction":[{"@type":"ReadAction","target":["https:\/\/batijournal.com\/index.php\/les-coulisses-du-batiment-la-10e-edition-se-fete\/78895\/"]}]},{"@type":"BreadcrumbList","@id":"https:\/\/batijournal.com\/index.php\/les-coulisses-du-batiment-la-10e-edition-se-fete\/78895\/#breadcrumb","itemListElement":[{"@type":"ListItem","position":1,"name":"Accueil","item":"https:\/\/batijournal.com\/"},{"@type":"ListItem","position":2,"name":"\u00c9v\u00e9nements","item":"https:\/\/batijournal.com\/index.php\/category\/evenements\/"},{"@type":"ListItem","position":3,"name":"Les Coulisses du B\u00e2timent : la 10e \u00e9dition se f\u00eate"}]},{"@type":"WebSite","@id":"https:\/\/batijournal.com\/#website","url":"https:\/\/batijournal.com\/","name":"Batijournal","description":"L&#039;actualit\u00e9 du b\u00e2timent","potentialAction":[{"@type":"SearchAction","target":{"@type":"EntryPoint","urlTemplate":"https:\/\/batijournal.com\/?s={search_term_string}"},"query-input":{"@type":"PropertyValueSpecification","valueRequired":true,"valueName":"search_term_string"}}],"inLanguage":"fr-FR"},{"@type":"Person","@id":"https:\/\/batijournal.com\/#\/schema\/person\/6a657e8967569e1b299972574848aa76","name":"Bati-journal","image":{"@type":"ImageObject","inLanguage":"fr-FR","@id":"https:\/\/secure.gravatar.com\/avatar\/a64364ea26392f9b4dd47e017ddaec74ff03aefc073b49e492e847201258f777?s=96&d=mm&r=g","url":"https:\/\/secure.gravatar.com\/avatar\/a64364ea26392f9b4dd47e017ddaec74ff03aefc073b49e492e847201258f777?s=96&d=mm&r=g","contentUrl":"https:\/\/secure.gravatar.com\/avatar\/a64364ea26392f9b4dd47e017ddaec74ff03aefc073b49e492e847201258f777?s=96&d=mm&r=g","caption":"Bati-journal"},"url":"https:\/\/batijournal.com\/index.php\/author\/elodie\/"}]}},"_links":{"self":[{"href":"https:\/\/batijournal.com\/index.php\/wp-json\/wp\/v2\/posts\/78895","targetHints":{"allow":["GET"]}}],"collection":[{"href":"https:\/\/batijournal.com\/index.php\/wp-json\/wp\/v2\/posts"}],"about":[{"href":"https:\/\/batijournal.com\/index.php\/wp-json\/wp\/v2\/types\/post"}],"author":[{"embeddable":true,"href":"https:\/\/batijournal.com\/index.php\/wp-json\/wp\/v2\/users\/1"}],"replies":[{"embeddable":true,"href":"https:\/\/batijournal.com\/index.php\/wp-json\/wp\/v2\/comments?post=78895"}],"version-history":[{"count":0,"href":"https:\/\/batijournal.com\/index.php\/wp-json\/wp\/v2\/posts\/78895\/revisions"}],"wp:attachment":[{"href":"https:\/\/batijournal.com\/index.php\/wp-json\/wp\/v2\/media?parent=78895"}],"wp:term":[{"taxonomy":"category","embeddable":true,"href":"https:\/\/batijournal.com\/index.php\/wp-json\/wp\/v2\/categories?post=78895"},{"taxonomy":"post_tag","embeddable":true,"href":"https:\/\/batijournal.com\/index.php\/wp-json\/wp\/v2\/tags?post=78895"}],"curies":[{"name":"wp","href":"https:\/\/api.w.org\/{rel}","templated":true}]}}