{"id":78926,"date":"2012-09-19T00:00:00","date_gmt":"2012-09-18T22:00:00","guid":{"rendered":"http:\/\/b.bati-journal.com\/12-millions-de-visiteurs-pour-les-journees-du-patrimoine-2012\/78926"},"modified":"2012-09-19T00:00:00","modified_gmt":"2012-09-18T22:00:00","slug":"12-millions-de-visiteurs-pour-les-journees-du-patrimoine-2012","status":"publish","type":"post","link":"https:\/\/batijournal.com\/index.php\/12-millions-de-visiteurs-pour-les-journees-du-patrimoine-2012\/78926\/","title":{"rendered":"12 millions de visiteurs pour les Journ\u00e9es du patrimoine 2012"},"content":{"rendered":"<p>Plus de 12 millions de visiteurs ont d\u00e9couvert \u00ab les patrimoines cach\u00e9s \u00bb propos\u00e9s les 15 et 16 septembre 2012 par le Minist\u00e8re de la Culture et de la Communication. Avec la 29e \u00e9dition des Journ\u00e9es europ\u00e9ennes du patrimoine, qui s&rsquo;est d\u00e9roul\u00e9e partout en France les 15 et 16 septembre dernier, le minist\u00e8re de la Culture et de la Communication invitait le public \u00e0 d\u00e9couvrir les pans m\u00e9connus de l&rsquo;histoire de France, d\u00e9tails d\u00e9rob\u00e9s aux regards, lieux tenus secrets, etc., qui se cachent derri\u00e8re les fa\u00e7ades des quelques 16 000 sites et monuments ouverts \u00e0 la visite. Pari \u00e0 nouveau r\u00e9ussi : le public a de nouveau massivement r\u00e9pondu \u00e0 cette invitation : il \u00e9tait nombreux \u00e0 se rendre dans les lieux de pouvoirs et lieux r\u00e9publicains, \u00e0 ouvrir les portes de monuments qui participaient pour la premi\u00e8re fois \u00e0 ces Journ\u00e9es, \u00e0 voir sous un angle nouveau ces sites patrimoniaux qui offrent \u00e0 cette occasion des animations et des visites sp\u00e9cifiques. Les Journ\u00e9es europ\u00e9ennes du patrimoine cristallisent ainsi durant deux jours l&rsquo;attachement des Fran\u00e7ais \u00e0 la culture, aux chefs d&rsquo;oeuvres architecturaux, aux lieux de m\u00e9moires, renfor\u00e7ant le lien qui les unit aux traces ind\u00e9l\u00e9biles d&rsquo;un pass\u00e9 commun, et soulignent leur attachement \u00e0 ces tr\u00e9sors collectifs, fa\u00e7onn\u00e9s et conserv\u00e9s par les g\u00e9n\u00e9rations pass\u00e9es. La ministre de la Culture et de la Communication, Aur\u00e9lie Filippetti, consid\u00e8re le patrimoine comme un axe prioritaire de sa politique, ainsi qu&rsquo;elle a eu l&rsquo;occasion de l&rsquo;affirmer le 14 septembre, \u00e0 Metz. Elle estime, \u00e0 ce titre, que l&rsquo;acc\u00e8s aux oeuvres, aux patrimoines, est une des pierres angulaires de la politique culturelle conduite en France.<\/p>\n","protected":false},"excerpt":{"rendered":"<p>Plus de 12 millions de visiteurs ont d\u00e9couvert \u00ab les patrimoines cach\u00e9s \u00bb propos\u00e9s les 15 et 16 septembre 2012 par le Minist\u00e8re de la Culture et de la Communication. Avec la 29e \u00e9dition des Journ\u00e9es europ\u00e9ennes du patrimoine, qui s&rsquo;est d\u00e9roul\u00e9e partout en France les 15 et 16 septembre dernier, le minist\u00e8re de la [&hellip;]<\/p>\n","protected":false},"author":1,"featured_media":78927,"comment_status":"open","ping_status":"closed","sticky":false,"template":"","format":"standard","meta":{"_et_pb_use_builder":"","_et_pb_old_content":"","_et_gb_content_width":"","footnotes":""},"categories":[9192],"tags":[],"class_list":["post-78926","post","type-post","status-publish","format-standard","has-post-thumbnail","hentry","category-evenements"],"yoast_head":"<!-- This site is optimized with the Yoast SEO plugin v27.4 - https:\/\/yoast.com\/product\/yoast-seo-wordpress\/ -->\n<title>12 millions de visiteurs pour les Journ\u00e9es du patrimoine 2012<\/title>\n<meta name=\"robots\" content=\"index, follow, max-snippet:-1, max-image-preview:large, max-video-preview:-1\" \/>\n<link rel=\"canonical\" href=\"https:\/\/batijournal.com\/index.php\/12-millions-de-visiteurs-pour-les-journees-du-patrimoine-2012\/78926\/\" \/>\n<meta property=\"og:locale\" content=\"fr_FR\" \/>\n<meta property=\"og:type\" content=\"article\" \/>\n<meta property=\"og:title\" content=\"12 millions de visiteurs pour les Journ\u00e9es du patrimoine 2012\" \/>\n<meta property=\"og:description\" content=\"Plus de 12 millions de visiteurs ont d\u00e9couvert \u00ab les patrimoines cach\u00e9s \u00bb propos\u00e9s les 15 et 16 septembre 2012 par le Minist\u00e8re de la Culture et de la Communication. Avec la 29e \u00e9dition des Journ\u00e9es europ\u00e9ennes du patrimoine, qui s&rsquo;est d\u00e9roul\u00e9e partout en France les 15 et 16 septembre dernier, le minist\u00e8re de la [&hellip;]\" \/>\n<meta property=\"og:url\" content=\"https:\/\/batijournal.com\/index.php\/12-millions-de-visiteurs-pour-les-journees-du-patrimoine-2012\/78926\/\" \/>\n<meta property=\"og:site_name\" content=\"Batijournal\" \/>\n<meta property=\"article:published_time\" content=\"2012-09-18T22:00:00+00:00\" \/>\n<meta property=\"og:image\" content=\"https:\/\/batijournal.com\/wp-content\/uploads\/2015\/03\/51529741.jpg\" \/>\n\t<meta property=\"og:image:width\" content=\"600\" \/>\n\t<meta property=\"og:image:height\" content=\"524\" \/>\n\t<meta property=\"og:image:type\" content=\"image\/jpeg\" \/>\n<meta name=\"author\" content=\"Bati-journal\" \/>\n<meta name=\"twitter:card\" content=\"summary_large_image\" \/>\n<meta name=\"twitter:creator\" content=\"@bati_journal\" \/>\n<meta name=\"twitter:site\" content=\"@bati_journal\" \/>\n<meta name=\"twitter:label1\" content=\"\u00c9crit par\" \/>\n\t<meta name=\"twitter:data1\" content=\"Bati-journal\" \/>\n\t<meta name=\"twitter:label2\" content=\"Dur\u00e9e de lecture estim\u00e9e\" \/>\n\t<meta name=\"twitter:data2\" content=\"1 minute\" \/>\n<script type=\"application\/ld+json\" class=\"yoast-schema-graph\">{\"@context\":\"https:\\\/\\\/schema.org\",\"@graph\":[{\"@type\":\"Article\",\"@id\":\"https:\\\/\\\/batijournal.com\\\/index.php\\\/12-millions-de-visiteurs-pour-les-journees-du-patrimoine-2012\\\/78926\\\/#article\",\"isPartOf\":{\"@id\":\"https:\\\/\\\/batijournal.com\\\/index.php\\\/12-millions-de-visiteurs-pour-les-journees-du-patrimoine-2012\\\/78926\\\/\"},\"author\":{\"name\":\"Bati-journal\",\"@id\":\"https:\\\/\\\/batijournal.com\\\/#\\\/schema\\\/person\\\/6a657e8967569e1b299972574848aa76\"},\"headline\":\"12 millions de visiteurs pour les Journ\u00e9es du patrimoine 2012\",\"datePublished\":\"2012-09-18T22:00:00+00:00\",\"mainEntityOfPage\":{\"@id\":\"https:\\\/\\\/batijournal.com\\\/index.php\\\/12-millions-de-visiteurs-pour-les-journees-du-patrimoine-2012\\\/78926\\\/\"},\"wordCount\":300,\"commentCount\":0,\"image\":{\"@id\":\"https:\\\/\\\/batijournal.com\\\/index.php\\\/12-millions-de-visiteurs-pour-les-journees-du-patrimoine-2012\\\/78926\\\/#primaryimage\"},\"thumbnailUrl\":\"https:\\\/\\\/batijournal.com\\\/wp-content\\\/uploads\\\/2015\\\/03\\\/51529741.jpg\",\"articleSection\":[\"\u00c9v\u00e9nements\"],\"inLanguage\":\"fr-FR\",\"potentialAction\":[{\"@type\":\"CommentAction\",\"name\":\"Comment\",\"target\":[\"https:\\\/\\\/batijournal.com\\\/index.php\\\/12-millions-de-visiteurs-pour-les-journees-du-patrimoine-2012\\\/78926\\\/#respond\"]}]},{\"@type\":\"WebPage\",\"@id\":\"https:\\\/\\\/batijournal.com\\\/index.php\\\/12-millions-de-visiteurs-pour-les-journees-du-patrimoine-2012\\\/78926\\\/\",\"url\":\"https:\\\/\\\/batijournal.com\\\/index.php\\\/12-millions-de-visiteurs-pour-les-journees-du-patrimoine-2012\\\/78926\\\/\",\"name\":\"12 millions de visiteurs pour les Journ\u00e9es du patrimoine 2012\",\"isPartOf\":{\"@id\":\"https:\\\/\\\/batijournal.com\\\/#website\"},\"primaryImageOfPage\":{\"@id\":\"https:\\\/\\\/batijournal.com\\\/index.php\\\/12-millions-de-visiteurs-pour-les-journees-du-patrimoine-2012\\\/78926\\\/#primaryimage\"},\"image\":{\"@id\":\"https:\\\/\\\/batijournal.com\\\/index.php\\\/12-millions-de-visiteurs-pour-les-journees-du-patrimoine-2012\\\/78926\\\/#primaryimage\"},\"thumbnailUrl\":\"https:\\\/\\\/batijournal.com\\\/wp-content\\\/uploads\\\/2015\\\/03\\\/51529741.jpg\",\"datePublished\":\"2012-09-18T22:00:00+00:00\",\"author\":{\"@id\":\"https:\\\/\\\/batijournal.com\\\/#\\\/schema\\\/person\\\/6a657e8967569e1b299972574848aa76\"},\"breadcrumb\":{\"@id\":\"https:\\\/\\\/batijournal.com\\\/index.php\\\/12-millions-de-visiteurs-pour-les-journees-du-patrimoine-2012\\\/78926\\\/#breadcrumb\"},\"inLanguage\":\"fr-FR\",\"potentialAction\":[{\"@type\":\"ReadAction\",\"target\":[\"https:\\\/\\\/batijournal.com\\\/index.php\\\/12-millions-de-visiteurs-pour-les-journees-du-patrimoine-2012\\\/78926\\\/\"]}]},{\"@type\":\"ImageObject\",\"inLanguage\":\"fr-FR\",\"@id\":\"https:\\\/\\\/batijournal.com\\\/index.php\\\/12-millions-de-visiteurs-pour-les-journees-du-patrimoine-2012\\\/78926\\\/#primaryimage\",\"url\":\"https:\\\/\\\/batijournal.com\\\/wp-content\\\/uploads\\\/2015\\\/03\\\/51529741.jpg\",\"contentUrl\":\"https:\\\/\\\/batijournal.com\\\/wp-content\\\/uploads\\\/2015\\\/03\\\/51529741.jpg\",\"width\":600,\"height\":524},{\"@type\":\"BreadcrumbList\",\"@id\":\"https:\\\/\\\/batijournal.com\\\/index.php\\\/12-millions-de-visiteurs-pour-les-journees-du-patrimoine-2012\\\/78926\\\/#breadcrumb\",\"itemListElement\":[{\"@type\":\"ListItem\",\"position\":1,\"name\":\"Accueil\",\"item\":\"https:\\\/\\\/batijournal.com\\\/\"},{\"@type\":\"ListItem\",\"position\":2,\"name\":\"\u00c9v\u00e9nements\",\"item\":\"https:\\\/\\\/batijournal.com\\\/index.php\\\/category\\\/evenements\\\/\"},{\"@type\":\"ListItem\",\"position\":3,\"name\":\"12 millions de visiteurs pour les Journ\u00e9es du patrimoine 2012\"}]},{\"@type\":\"WebSite\",\"@id\":\"https:\\\/\\\/batijournal.com\\\/#website\",\"url\":\"https:\\\/\\\/batijournal.com\\\/\",\"name\":\"Batijournal\",\"description\":\"L&#039;actualit\u00e9 du b\u00e2timent\",\"potentialAction\":[{\"@type\":\"SearchAction\",\"target\":{\"@type\":\"EntryPoint\",\"urlTemplate\":\"https:\\\/\\\/batijournal.com\\\/?s={search_term_string}\"},\"query-input\":{\"@type\":\"PropertyValueSpecification\",\"valueRequired\":true,\"valueName\":\"search_term_string\"}}],\"inLanguage\":\"fr-FR\"},{\"@type\":\"Person\",\"@id\":\"https:\\\/\\\/batijournal.com\\\/#\\\/schema\\\/person\\\/6a657e8967569e1b299972574848aa76\",\"name\":\"Bati-journal\",\"image\":{\"@type\":\"ImageObject\",\"inLanguage\":\"fr-FR\",\"@id\":\"https:\\\/\\\/secure.gravatar.com\\\/avatar\\\/a64364ea26392f9b4dd47e017ddaec74ff03aefc073b49e492e847201258f777?s=96&d=mm&r=g\",\"url\":\"https:\\\/\\\/secure.gravatar.com\\\/avatar\\\/a64364ea26392f9b4dd47e017ddaec74ff03aefc073b49e492e847201258f777?s=96&d=mm&r=g\",\"contentUrl\":\"https:\\\/\\\/secure.gravatar.com\\\/avatar\\\/a64364ea26392f9b4dd47e017ddaec74ff03aefc073b49e492e847201258f777?s=96&d=mm&r=g\",\"caption\":\"Bati-journal\"},\"url\":\"https:\\\/\\\/batijournal.com\\\/index.php\\\/author\\\/elodie\\\/\"}]}<\/script>\n<!-- \/ Yoast SEO plugin. -->","yoast_head_json":{"title":"12 millions de visiteurs pour les Journ\u00e9es du patrimoine 2012","robots":{"index":"index","follow":"follow","max-snippet":"max-snippet:-1","max-image-preview":"max-image-preview:large","max-video-preview":"max-video-preview:-1"},"canonical":"https:\/\/batijournal.com\/index.php\/12-millions-de-visiteurs-pour-les-journees-du-patrimoine-2012\/78926\/","og_locale":"fr_FR","og_type":"article","og_title":"12 millions de visiteurs pour les Journ\u00e9es du patrimoine 2012","og_description":"Plus de 12 millions de visiteurs ont d\u00e9couvert \u00ab les patrimoines cach\u00e9s \u00bb propos\u00e9s les 15 et 16 septembre 2012 par le Minist\u00e8re de la Culture et de la Communication. Avec la 29e \u00e9dition des Journ\u00e9es europ\u00e9ennes du patrimoine, qui s&rsquo;est d\u00e9roul\u00e9e partout en France les 15 et 16 septembre dernier, le minist\u00e8re de la [&hellip;]","og_url":"https:\/\/batijournal.com\/index.php\/12-millions-de-visiteurs-pour-les-journees-du-patrimoine-2012\/78926\/","og_site_name":"Batijournal","article_published_time":"2012-09-18T22:00:00+00:00","og_image":[{"width":600,"height":524,"url":"https:\/\/batijournal.com\/wp-content\/uploads\/2015\/03\/51529741.jpg","type":"image\/jpeg"}],"author":"Bati-journal","twitter_card":"summary_large_image","twitter_creator":"@bati_journal","twitter_site":"@bati_journal","twitter_misc":{"\u00c9crit par":"Bati-journal","Dur\u00e9e de lecture estim\u00e9e":"1 minute"},"schema":{"@context":"https:\/\/schema.org","@graph":[{"@type":"Article","@id":"https:\/\/batijournal.com\/index.php\/12-millions-de-visiteurs-pour-les-journees-du-patrimoine-2012\/78926\/#article","isPartOf":{"@id":"https:\/\/batijournal.com\/index.php\/12-millions-de-visiteurs-pour-les-journees-du-patrimoine-2012\/78926\/"},"author":{"name":"Bati-journal","@id":"https:\/\/batijournal.com\/#\/schema\/person\/6a657e8967569e1b299972574848aa76"},"headline":"12 millions de visiteurs pour les Journ\u00e9es du patrimoine 2012","datePublished":"2012-09-18T22:00:00+00:00","mainEntityOfPage":{"@id":"https:\/\/batijournal.com\/index.php\/12-millions-de-visiteurs-pour-les-journees-du-patrimoine-2012\/78926\/"},"wordCount":300,"commentCount":0,"image":{"@id":"https:\/\/batijournal.com\/index.php\/12-millions-de-visiteurs-pour-les-journees-du-patrimoine-2012\/78926\/#primaryimage"},"thumbnailUrl":"https:\/\/batijournal.com\/wp-content\/uploads\/2015\/03\/51529741.jpg","articleSection":["\u00c9v\u00e9nements"],"inLanguage":"fr-FR","potentialAction":[{"@type":"CommentAction","name":"Comment","target":["https:\/\/batijournal.com\/index.php\/12-millions-de-visiteurs-pour-les-journees-du-patrimoine-2012\/78926\/#respond"]}]},{"@type":"WebPage","@id":"https:\/\/batijournal.com\/index.php\/12-millions-de-visiteurs-pour-les-journees-du-patrimoine-2012\/78926\/","url":"https:\/\/batijournal.com\/index.php\/12-millions-de-visiteurs-pour-les-journees-du-patrimoine-2012\/78926\/","name":"12 millions de visiteurs pour les Journ\u00e9es du patrimoine 2012","isPartOf":{"@id":"https:\/\/batijournal.com\/#website"},"primaryImageOfPage":{"@id":"https:\/\/batijournal.com\/index.php\/12-millions-de-visiteurs-pour-les-journees-du-patrimoine-2012\/78926\/#primaryimage"},"image":{"@id":"https:\/\/batijournal.com\/index.php\/12-millions-de-visiteurs-pour-les-journees-du-patrimoine-2012\/78926\/#primaryimage"},"thumbnailUrl":"https:\/\/batijournal.com\/wp-content\/uploads\/2015\/03\/51529741.jpg","datePublished":"2012-09-18T22:00:00+00:00","author":{"@id":"https:\/\/batijournal.com\/#\/schema\/person\/6a657e8967569e1b299972574848aa76"},"breadcrumb":{"@id":"https:\/\/batijournal.com\/index.php\/12-millions-de-visiteurs-pour-les-journees-du-patrimoine-2012\/78926\/#breadcrumb"},"inLanguage":"fr-FR","potentialAction":[{"@type":"ReadAction","target":["https:\/\/batijournal.com\/index.php\/12-millions-de-visiteurs-pour-les-journees-du-patrimoine-2012\/78926\/"]}]},{"@type":"ImageObject","inLanguage":"fr-FR","@id":"https:\/\/batijournal.com\/index.php\/12-millions-de-visiteurs-pour-les-journees-du-patrimoine-2012\/78926\/#primaryimage","url":"https:\/\/batijournal.com\/wp-content\/uploads\/2015\/03\/51529741.jpg","contentUrl":"https:\/\/batijournal.com\/wp-content\/uploads\/2015\/03\/51529741.jpg","width":600,"height":524},{"@type":"BreadcrumbList","@id":"https:\/\/batijournal.com\/index.php\/12-millions-de-visiteurs-pour-les-journees-du-patrimoine-2012\/78926\/#breadcrumb","itemListElement":[{"@type":"ListItem","position":1,"name":"Accueil","item":"https:\/\/batijournal.com\/"},{"@type":"ListItem","position":2,"name":"\u00c9v\u00e9nements","item":"https:\/\/batijournal.com\/index.php\/category\/evenements\/"},{"@type":"ListItem","position":3,"name":"12 millions de visiteurs pour les Journ\u00e9es du patrimoine 2012"}]},{"@type":"WebSite","@id":"https:\/\/batijournal.com\/#website","url":"https:\/\/batijournal.com\/","name":"Batijournal","description":"L&#039;actualit\u00e9 du b\u00e2timent","potentialAction":[{"@type":"SearchAction","target":{"@type":"EntryPoint","urlTemplate":"https:\/\/batijournal.com\/?s={search_term_string}"},"query-input":{"@type":"PropertyValueSpecification","valueRequired":true,"valueName":"search_term_string"}}],"inLanguage":"fr-FR"},{"@type":"Person","@id":"https:\/\/batijournal.com\/#\/schema\/person\/6a657e8967569e1b299972574848aa76","name":"Bati-journal","image":{"@type":"ImageObject","inLanguage":"fr-FR","@id":"https:\/\/secure.gravatar.com\/avatar\/a64364ea26392f9b4dd47e017ddaec74ff03aefc073b49e492e847201258f777?s=96&d=mm&r=g","url":"https:\/\/secure.gravatar.com\/avatar\/a64364ea26392f9b4dd47e017ddaec74ff03aefc073b49e492e847201258f777?s=96&d=mm&r=g","contentUrl":"https:\/\/secure.gravatar.com\/avatar\/a64364ea26392f9b4dd47e017ddaec74ff03aefc073b49e492e847201258f777?s=96&d=mm&r=g","caption":"Bati-journal"},"url":"https:\/\/batijournal.com\/index.php\/author\/elodie\/"}]}},"_links":{"self":[{"href":"https:\/\/batijournal.com\/index.php\/wp-json\/wp\/v2\/posts\/78926","targetHints":{"allow":["GET"]}}],"collection":[{"href":"https:\/\/batijournal.com\/index.php\/wp-json\/wp\/v2\/posts"}],"about":[{"href":"https:\/\/batijournal.com\/index.php\/wp-json\/wp\/v2\/types\/post"}],"author":[{"embeddable":true,"href":"https:\/\/batijournal.com\/index.php\/wp-json\/wp\/v2\/users\/1"}],"replies":[{"embeddable":true,"href":"https:\/\/batijournal.com\/index.php\/wp-json\/wp\/v2\/comments?post=78926"}],"version-history":[{"count":0,"href":"https:\/\/batijournal.com\/index.php\/wp-json\/wp\/v2\/posts\/78926\/revisions"}],"wp:featuredmedia":[{"embeddable":true,"href":"https:\/\/batijournal.com\/index.php\/wp-json\/wp\/v2\/media\/78927"}],"wp:attachment":[{"href":"https:\/\/batijournal.com\/index.php\/wp-json\/wp\/v2\/media?parent=78926"}],"wp:term":[{"taxonomy":"category","embeddable":true,"href":"https:\/\/batijournal.com\/index.php\/wp-json\/wp\/v2\/categories?post=78926"},{"taxonomy":"post_tag","embeddable":true,"href":"https:\/\/batijournal.com\/index.php\/wp-json\/wp\/v2\/tags?post=78926"}],"curies":[{"name":"wp","href":"https:\/\/api.w.org\/{rel}","templated":true}]}}