{"id":78958,"date":"2012-11-07T00:00:00","date_gmt":"2012-11-06T23:00:00","guid":{"rendered":"http:\/\/b.bati-journal.com\/pw-group-designer-lumiere-exposant-au-salon-international-du-patrimoine-culturel-2012\/78958"},"modified":"2012-11-07T00:00:00","modified_gmt":"2012-11-06T23:00:00","slug":"pw-group-designer-lumiere-exposant-au-salon-international-du-patrimoine-culturel-2012","status":"publish","type":"post","link":"https:\/\/batijournal.com\/index.php\/pw-group-designer-lumiere-exposant-au-salon-international-du-patrimoine-culturel-2012\/78958\/","title":{"rendered":"Pw-group, designer lumi\u00e8re, exposant au Salon international du patrimoine culturel 2012"},"content":{"rendered":"<p>Dans son laboratoire d&rsquo;arts appliqu\u00e9s \u00e0 la lumi\u00e8re, class\u00e9 Entreprise du Patrimoine Vivant depuis f\u00e9vrier 2012, Jean-Philippe Weimer d\u00e9veloppe ses recherches design et initie ses plans originaux d&rsquo;\u00e9clairages de jardins. Chacun d&rsquo;eux suscite une mise en lumi\u00e8re sp\u00e9cifique, l&rsquo;invention de dispositifs singuliers et d&rsquo;objets exclusifs adapt\u00e9s aux contraintes particuli\u00e8res des paysages. La nuit est son terrain de jeux, la lumi\u00e8re sa mati\u00e8re premi\u00e8re. Les luminaires fusionnent avec le v\u00e9g\u00e9tal qui devient lumi\u00e8re. Salle LE NOTRE stand H5<\/p>\n","protected":false},"excerpt":{"rendered":"<p>Dans son laboratoire d&rsquo;arts appliqu\u00e9s \u00e0 la lumi\u00e8re, class\u00e9 Entreprise du Patrimoine Vivant depuis f\u00e9vrier 2012, Jean-Philippe Weimer d\u00e9veloppe ses recherches design et initie ses plans originaux d&rsquo;\u00e9clairages de jardins. Chacun d&rsquo;eux suscite une mise en lumi\u00e8re sp\u00e9cifique, l&rsquo;invention de dispositifs singuliers et d&rsquo;objets exclusifs adapt\u00e9s aux contraintes particuli\u00e8res des paysages. La nuit est son [&hellip;]<\/p>\n","protected":false},"author":1,"featured_media":78959,"comment_status":"open","ping_status":"closed","sticky":false,"template":"","format":"standard","meta":{"_et_pb_use_builder":"","_et_pb_old_content":"","_et_gb_content_width":"","footnotes":""},"categories":[9192],"tags":[11042,386],"class_list":["post-78958","post","type-post","status-publish","format-standard","has-post-thumbnail","hentry","category-evenements","tag-patrimoine","tag-salon"],"yoast_head":"<!-- This site is optimized with the Yoast SEO plugin v27.4 - https:\/\/yoast.com\/product\/yoast-seo-wordpress\/ -->\n<title>Pw-group, designer lumi\u00e8re, exposant au Salon international du patrimoine culturel 2012<\/title>\n<meta name=\"robots\" content=\"index, follow, max-snippet:-1, max-image-preview:large, max-video-preview:-1\" \/>\n<link rel=\"canonical\" href=\"https:\/\/batijournal.com\/index.php\/pw-group-designer-lumiere-exposant-au-salon-international-du-patrimoine-culturel-2012\/78958\/\" \/>\n<meta property=\"og:locale\" content=\"fr_FR\" \/>\n<meta property=\"og:type\" content=\"article\" \/>\n<meta property=\"og:title\" content=\"Pw-group, designer lumi\u00e8re, exposant au Salon international du patrimoine culturel 2012\" \/>\n<meta property=\"og:description\" content=\"Dans son laboratoire d&rsquo;arts appliqu\u00e9s \u00e0 la lumi\u00e8re, class\u00e9 Entreprise du Patrimoine Vivant depuis f\u00e9vrier 2012, Jean-Philippe Weimer d\u00e9veloppe ses recherches design et initie ses plans originaux d&rsquo;\u00e9clairages de jardins. Chacun d&rsquo;eux suscite une mise en lumi\u00e8re sp\u00e9cifique, l&rsquo;invention de dispositifs singuliers et d&rsquo;objets exclusifs adapt\u00e9s aux contraintes particuli\u00e8res des paysages. La nuit est son [&hellip;]\" \/>\n<meta property=\"og:url\" content=\"https:\/\/batijournal.com\/index.php\/pw-group-designer-lumiere-exposant-au-salon-international-du-patrimoine-culturel-2012\/78958\/\" \/>\n<meta property=\"og:site_name\" content=\"Batijournal\" \/>\n<meta property=\"article:published_time\" content=\"2012-11-06T23:00:00+00:00\" \/>\n<meta property=\"og:image\" content=\"https:\/\/batijournal.com\/wp-content\/uploads\/2015\/03\/53924122.jpg\" \/>\n\t<meta property=\"og:image:width\" content=\"509\" \/>\n\t<meta property=\"og:image:height\" content=\"600\" \/>\n\t<meta property=\"og:image:type\" content=\"image\/jpeg\" \/>\n<meta name=\"author\" content=\"Bati-journal\" \/>\n<meta name=\"twitter:card\" content=\"summary_large_image\" \/>\n<meta name=\"twitter:creator\" content=\"@bati_journal\" \/>\n<meta name=\"twitter:site\" content=\"@bati_journal\" \/>\n<meta name=\"twitter:label1\" content=\"\u00c9crit par\" \/>\n\t<meta name=\"twitter:data1\" content=\"Bati-journal\" \/>\n<script type=\"application\/ld+json\" class=\"yoast-schema-graph\">{\"@context\":\"https:\\\/\\\/schema.org\",\"@graph\":[{\"@type\":\"Article\",\"@id\":\"https:\\\/\\\/batijournal.com\\\/index.php\\\/pw-group-designer-lumiere-exposant-au-salon-international-du-patrimoine-culturel-2012\\\/78958\\\/#article\",\"isPartOf\":{\"@id\":\"https:\\\/\\\/batijournal.com\\\/index.php\\\/pw-group-designer-lumiere-exposant-au-salon-international-du-patrimoine-culturel-2012\\\/78958\\\/\"},\"author\":{\"name\":\"Bati-journal\",\"@id\":\"https:\\\/\\\/batijournal.com\\\/#\\\/schema\\\/person\\\/6a657e8967569e1b299972574848aa76\"},\"headline\":\"Pw-group, designer lumi\u00e8re, exposant au Salon international du patrimoine culturel 2012\",\"datePublished\":\"2012-11-06T23:00:00+00:00\",\"mainEntityOfPage\":{\"@id\":\"https:\\\/\\\/batijournal.com\\\/index.php\\\/pw-group-designer-lumiere-exposant-au-salon-international-du-patrimoine-culturel-2012\\\/78958\\\/\"},\"wordCount\":105,\"commentCount\":0,\"image\":{\"@id\":\"https:\\\/\\\/batijournal.com\\\/index.php\\\/pw-group-designer-lumiere-exposant-au-salon-international-du-patrimoine-culturel-2012\\\/78958\\\/#primaryimage\"},\"thumbnailUrl\":\"https:\\\/\\\/batijournal.com\\\/wp-content\\\/uploads\\\/2015\\\/03\\\/53924122.jpg\",\"keywords\":[\"patrimoine\",\"salon\"],\"articleSection\":[\"\u00c9v\u00e9nements\"],\"inLanguage\":\"fr-FR\",\"potentialAction\":[{\"@type\":\"CommentAction\",\"name\":\"Comment\",\"target\":[\"https:\\\/\\\/batijournal.com\\\/index.php\\\/pw-group-designer-lumiere-exposant-au-salon-international-du-patrimoine-culturel-2012\\\/78958\\\/#respond\"]}]},{\"@type\":\"WebPage\",\"@id\":\"https:\\\/\\\/batijournal.com\\\/index.php\\\/pw-group-designer-lumiere-exposant-au-salon-international-du-patrimoine-culturel-2012\\\/78958\\\/\",\"url\":\"https:\\\/\\\/batijournal.com\\\/index.php\\\/pw-group-designer-lumiere-exposant-au-salon-international-du-patrimoine-culturel-2012\\\/78958\\\/\",\"name\":\"Pw-group, designer lumi\u00e8re, exposant au Salon international du patrimoine culturel 2012\",\"isPartOf\":{\"@id\":\"https:\\\/\\\/batijournal.com\\\/#website\"},\"primaryImageOfPage\":{\"@id\":\"https:\\\/\\\/batijournal.com\\\/index.php\\\/pw-group-designer-lumiere-exposant-au-salon-international-du-patrimoine-culturel-2012\\\/78958\\\/#primaryimage\"},\"image\":{\"@id\":\"https:\\\/\\\/batijournal.com\\\/index.php\\\/pw-group-designer-lumiere-exposant-au-salon-international-du-patrimoine-culturel-2012\\\/78958\\\/#primaryimage\"},\"thumbnailUrl\":\"https:\\\/\\\/batijournal.com\\\/wp-content\\\/uploads\\\/2015\\\/03\\\/53924122.jpg\",\"datePublished\":\"2012-11-06T23:00:00+00:00\",\"author\":{\"@id\":\"https:\\\/\\\/batijournal.com\\\/#\\\/schema\\\/person\\\/6a657e8967569e1b299972574848aa76\"},\"breadcrumb\":{\"@id\":\"https:\\\/\\\/batijournal.com\\\/index.php\\\/pw-group-designer-lumiere-exposant-au-salon-international-du-patrimoine-culturel-2012\\\/78958\\\/#breadcrumb\"},\"inLanguage\":\"fr-FR\",\"potentialAction\":[{\"@type\":\"ReadAction\",\"target\":[\"https:\\\/\\\/batijournal.com\\\/index.php\\\/pw-group-designer-lumiere-exposant-au-salon-international-du-patrimoine-culturel-2012\\\/78958\\\/\"]}]},{\"@type\":\"ImageObject\",\"inLanguage\":\"fr-FR\",\"@id\":\"https:\\\/\\\/batijournal.com\\\/index.php\\\/pw-group-designer-lumiere-exposant-au-salon-international-du-patrimoine-culturel-2012\\\/78958\\\/#primaryimage\",\"url\":\"https:\\\/\\\/batijournal.com\\\/wp-content\\\/uploads\\\/2015\\\/03\\\/53924122.jpg\",\"contentUrl\":\"https:\\\/\\\/batijournal.com\\\/wp-content\\\/uploads\\\/2015\\\/03\\\/53924122.jpg\",\"width\":509,\"height\":600},{\"@type\":\"BreadcrumbList\",\"@id\":\"https:\\\/\\\/batijournal.com\\\/index.php\\\/pw-group-designer-lumiere-exposant-au-salon-international-du-patrimoine-culturel-2012\\\/78958\\\/#breadcrumb\",\"itemListElement\":[{\"@type\":\"ListItem\",\"position\":1,\"name\":\"Accueil\",\"item\":\"https:\\\/\\\/batijournal.com\\\/\"},{\"@type\":\"ListItem\",\"position\":2,\"name\":\"\u00c9v\u00e9nements\",\"item\":\"https:\\\/\\\/batijournal.com\\\/index.php\\\/category\\\/evenements\\\/\"},{\"@type\":\"ListItem\",\"position\":3,\"name\":\"Pw-group, designer lumi\u00e8re, exposant au Salon international du patrimoine culturel 2012\"}]},{\"@type\":\"WebSite\",\"@id\":\"https:\\\/\\\/batijournal.com\\\/#website\",\"url\":\"https:\\\/\\\/batijournal.com\\\/\",\"name\":\"Batijournal\",\"description\":\"L&#039;actualit\u00e9 du b\u00e2timent\",\"potentialAction\":[{\"@type\":\"SearchAction\",\"target\":{\"@type\":\"EntryPoint\",\"urlTemplate\":\"https:\\\/\\\/batijournal.com\\\/?s={search_term_string}\"},\"query-input\":{\"@type\":\"PropertyValueSpecification\",\"valueRequired\":true,\"valueName\":\"search_term_string\"}}],\"inLanguage\":\"fr-FR\"},{\"@type\":\"Person\",\"@id\":\"https:\\\/\\\/batijournal.com\\\/#\\\/schema\\\/person\\\/6a657e8967569e1b299972574848aa76\",\"name\":\"Bati-journal\",\"image\":{\"@type\":\"ImageObject\",\"inLanguage\":\"fr-FR\",\"@id\":\"https:\\\/\\\/secure.gravatar.com\\\/avatar\\\/a64364ea26392f9b4dd47e017ddaec74ff03aefc073b49e492e847201258f777?s=96&d=mm&r=g\",\"url\":\"https:\\\/\\\/secure.gravatar.com\\\/avatar\\\/a64364ea26392f9b4dd47e017ddaec74ff03aefc073b49e492e847201258f777?s=96&d=mm&r=g\",\"contentUrl\":\"https:\\\/\\\/secure.gravatar.com\\\/avatar\\\/a64364ea26392f9b4dd47e017ddaec74ff03aefc073b49e492e847201258f777?s=96&d=mm&r=g\",\"caption\":\"Bati-journal\"},\"url\":\"https:\\\/\\\/batijournal.com\\\/index.php\\\/author\\\/elodie\\\/\"}]}<\/script>\n<!-- \/ Yoast SEO plugin. -->","yoast_head_json":{"title":"Pw-group, designer lumi\u00e8re, exposant au Salon international du patrimoine culturel 2012","robots":{"index":"index","follow":"follow","max-snippet":"max-snippet:-1","max-image-preview":"max-image-preview:large","max-video-preview":"max-video-preview:-1"},"canonical":"https:\/\/batijournal.com\/index.php\/pw-group-designer-lumiere-exposant-au-salon-international-du-patrimoine-culturel-2012\/78958\/","og_locale":"fr_FR","og_type":"article","og_title":"Pw-group, designer lumi\u00e8re, exposant au Salon international du patrimoine culturel 2012","og_description":"Dans son laboratoire d&rsquo;arts appliqu\u00e9s \u00e0 la lumi\u00e8re, class\u00e9 Entreprise du Patrimoine Vivant depuis f\u00e9vrier 2012, Jean-Philippe Weimer d\u00e9veloppe ses recherches design et initie ses plans originaux d&rsquo;\u00e9clairages de jardins. Chacun d&rsquo;eux suscite une mise en lumi\u00e8re sp\u00e9cifique, l&rsquo;invention de dispositifs singuliers et d&rsquo;objets exclusifs adapt\u00e9s aux contraintes particuli\u00e8res des paysages. La nuit est son [&hellip;]","og_url":"https:\/\/batijournal.com\/index.php\/pw-group-designer-lumiere-exposant-au-salon-international-du-patrimoine-culturel-2012\/78958\/","og_site_name":"Batijournal","article_published_time":"2012-11-06T23:00:00+00:00","og_image":[{"width":509,"height":600,"url":"https:\/\/batijournal.com\/wp-content\/uploads\/2015\/03\/53924122.jpg","type":"image\/jpeg"}],"author":"Bati-journal","twitter_card":"summary_large_image","twitter_creator":"@bati_journal","twitter_site":"@bati_journal","twitter_misc":{"\u00c9crit par":"Bati-journal"},"schema":{"@context":"https:\/\/schema.org","@graph":[{"@type":"Article","@id":"https:\/\/batijournal.com\/index.php\/pw-group-designer-lumiere-exposant-au-salon-international-du-patrimoine-culturel-2012\/78958\/#article","isPartOf":{"@id":"https:\/\/batijournal.com\/index.php\/pw-group-designer-lumiere-exposant-au-salon-international-du-patrimoine-culturel-2012\/78958\/"},"author":{"name":"Bati-journal","@id":"https:\/\/batijournal.com\/#\/schema\/person\/6a657e8967569e1b299972574848aa76"},"headline":"Pw-group, designer lumi\u00e8re, exposant au Salon international du patrimoine culturel 2012","datePublished":"2012-11-06T23:00:00+00:00","mainEntityOfPage":{"@id":"https:\/\/batijournal.com\/index.php\/pw-group-designer-lumiere-exposant-au-salon-international-du-patrimoine-culturel-2012\/78958\/"},"wordCount":105,"commentCount":0,"image":{"@id":"https:\/\/batijournal.com\/index.php\/pw-group-designer-lumiere-exposant-au-salon-international-du-patrimoine-culturel-2012\/78958\/#primaryimage"},"thumbnailUrl":"https:\/\/batijournal.com\/wp-content\/uploads\/2015\/03\/53924122.jpg","keywords":["patrimoine","salon"],"articleSection":["\u00c9v\u00e9nements"],"inLanguage":"fr-FR","potentialAction":[{"@type":"CommentAction","name":"Comment","target":["https:\/\/batijournal.com\/index.php\/pw-group-designer-lumiere-exposant-au-salon-international-du-patrimoine-culturel-2012\/78958\/#respond"]}]},{"@type":"WebPage","@id":"https:\/\/batijournal.com\/index.php\/pw-group-designer-lumiere-exposant-au-salon-international-du-patrimoine-culturel-2012\/78958\/","url":"https:\/\/batijournal.com\/index.php\/pw-group-designer-lumiere-exposant-au-salon-international-du-patrimoine-culturel-2012\/78958\/","name":"Pw-group, designer lumi\u00e8re, exposant au Salon international du patrimoine culturel 2012","isPartOf":{"@id":"https:\/\/batijournal.com\/#website"},"primaryImageOfPage":{"@id":"https:\/\/batijournal.com\/index.php\/pw-group-designer-lumiere-exposant-au-salon-international-du-patrimoine-culturel-2012\/78958\/#primaryimage"},"image":{"@id":"https:\/\/batijournal.com\/index.php\/pw-group-designer-lumiere-exposant-au-salon-international-du-patrimoine-culturel-2012\/78958\/#primaryimage"},"thumbnailUrl":"https:\/\/batijournal.com\/wp-content\/uploads\/2015\/03\/53924122.jpg","datePublished":"2012-11-06T23:00:00+00:00","author":{"@id":"https:\/\/batijournal.com\/#\/schema\/person\/6a657e8967569e1b299972574848aa76"},"breadcrumb":{"@id":"https:\/\/batijournal.com\/index.php\/pw-group-designer-lumiere-exposant-au-salon-international-du-patrimoine-culturel-2012\/78958\/#breadcrumb"},"inLanguage":"fr-FR","potentialAction":[{"@type":"ReadAction","target":["https:\/\/batijournal.com\/index.php\/pw-group-designer-lumiere-exposant-au-salon-international-du-patrimoine-culturel-2012\/78958\/"]}]},{"@type":"ImageObject","inLanguage":"fr-FR","@id":"https:\/\/batijournal.com\/index.php\/pw-group-designer-lumiere-exposant-au-salon-international-du-patrimoine-culturel-2012\/78958\/#primaryimage","url":"https:\/\/batijournal.com\/wp-content\/uploads\/2015\/03\/53924122.jpg","contentUrl":"https:\/\/batijournal.com\/wp-content\/uploads\/2015\/03\/53924122.jpg","width":509,"height":600},{"@type":"BreadcrumbList","@id":"https:\/\/batijournal.com\/index.php\/pw-group-designer-lumiere-exposant-au-salon-international-du-patrimoine-culturel-2012\/78958\/#breadcrumb","itemListElement":[{"@type":"ListItem","position":1,"name":"Accueil","item":"https:\/\/batijournal.com\/"},{"@type":"ListItem","position":2,"name":"\u00c9v\u00e9nements","item":"https:\/\/batijournal.com\/index.php\/category\/evenements\/"},{"@type":"ListItem","position":3,"name":"Pw-group, designer lumi\u00e8re, exposant au Salon international du patrimoine culturel 2012"}]},{"@type":"WebSite","@id":"https:\/\/batijournal.com\/#website","url":"https:\/\/batijournal.com\/","name":"Batijournal","description":"L&#039;actualit\u00e9 du b\u00e2timent","potentialAction":[{"@type":"SearchAction","target":{"@type":"EntryPoint","urlTemplate":"https:\/\/batijournal.com\/?s={search_term_string}"},"query-input":{"@type":"PropertyValueSpecification","valueRequired":true,"valueName":"search_term_string"}}],"inLanguage":"fr-FR"},{"@type":"Person","@id":"https:\/\/batijournal.com\/#\/schema\/person\/6a657e8967569e1b299972574848aa76","name":"Bati-journal","image":{"@type":"ImageObject","inLanguage":"fr-FR","@id":"https:\/\/secure.gravatar.com\/avatar\/a64364ea26392f9b4dd47e017ddaec74ff03aefc073b49e492e847201258f777?s=96&d=mm&r=g","url":"https:\/\/secure.gravatar.com\/avatar\/a64364ea26392f9b4dd47e017ddaec74ff03aefc073b49e492e847201258f777?s=96&d=mm&r=g","contentUrl":"https:\/\/secure.gravatar.com\/avatar\/a64364ea26392f9b4dd47e017ddaec74ff03aefc073b49e492e847201258f777?s=96&d=mm&r=g","caption":"Bati-journal"},"url":"https:\/\/batijournal.com\/index.php\/author\/elodie\/"}]}},"_links":{"self":[{"href":"https:\/\/batijournal.com\/index.php\/wp-json\/wp\/v2\/posts\/78958","targetHints":{"allow":["GET"]}}],"collection":[{"href":"https:\/\/batijournal.com\/index.php\/wp-json\/wp\/v2\/posts"}],"about":[{"href":"https:\/\/batijournal.com\/index.php\/wp-json\/wp\/v2\/types\/post"}],"author":[{"embeddable":true,"href":"https:\/\/batijournal.com\/index.php\/wp-json\/wp\/v2\/users\/1"}],"replies":[{"embeddable":true,"href":"https:\/\/batijournal.com\/index.php\/wp-json\/wp\/v2\/comments?post=78958"}],"version-history":[{"count":0,"href":"https:\/\/batijournal.com\/index.php\/wp-json\/wp\/v2\/posts\/78958\/revisions"}],"wp:featuredmedia":[{"embeddable":true,"href":"https:\/\/batijournal.com\/index.php\/wp-json\/wp\/v2\/media\/78959"}],"wp:attachment":[{"href":"https:\/\/batijournal.com\/index.php\/wp-json\/wp\/v2\/media?parent=78958"}],"wp:term":[{"taxonomy":"category","embeddable":true,"href":"https:\/\/batijournal.com\/index.php\/wp-json\/wp\/v2\/categories?post=78958"},{"taxonomy":"post_tag","embeddable":true,"href":"https:\/\/batijournal.com\/index.php\/wp-json\/wp\/v2\/tags?post=78958"}],"curies":[{"name":"wp","href":"https:\/\/api.w.org\/{rel}","templated":true}]}}