{"id":78996,"date":"2013-01-15T00:00:00","date_gmt":"2013-01-14T23:00:00","guid":{"rendered":"http:\/\/b.bati-journal.com\/biennale-de-lhabitat-durable-2013\/78996"},"modified":"2013-01-15T00:00:00","modified_gmt":"2013-01-14T23:00:00","slug":"biennale-de-lhabitat-durable-2013","status":"publish","type":"post","link":"https:\/\/batijournal.com\/index.php\/biennale-de-lhabitat-durable-2013\/78996\/","title":{"rendered":"Biennale de l&rsquo;Habitat Durable 2013"},"content":{"rendered":"<p>Les enjeux majeurs de l&rsquo;\u00e9cocit\u00e9 d&rsquo;aujourd&rsquo;hui et de la ville de demain seront au c\u0153ur des d\u00e9bats de la 4e \u00e9dition de la Biennale de l&rsquo;Habitat Durable de la ville de Grenoble, lesquels prendront en compte les retours d&rsquo;exp\u00e9riences des premiers \u00e9coquartiers. L&rsquo;\u00e9v\u00e8nement se tiendra dans l&rsquo;\u00e9coquartier de Bonne, autour de th\u00e8mes devenus prioritaires pour les pouvoirs publics, les collectivit\u00e9s, les b\u00e2tisseurs&#8230; et les citadins. D\u00e9bats et conf\u00e9rences seront consacr\u00e9s aux retours d&rsquo;exp\u00e9riences des \u00e9coquartiers, aux \u00e9volutions vers les \u00e9cocit\u00e9s, \u00e0 la valorisation de la fili\u00e8re bois, \u00e0 l&rsquo;\u00e9volution des modes \u00e9nerg\u00e9tiques et environnementaux, \u00e0 la r\u00e9novation thermique et \u00e0 la qualit\u00e9 de vie en ville. Les supports de pr\u00e9sentation et de communication seront totalement d\u00e9mat\u00e9rialis\u00e9s. Une plate-forme communautaire, compl\u00e9mentaire du site internet, sera cr\u00e9\u00e9e. A travers cet outil interactif devenu espace de r\u00e9flexion, les professionnels et les sp\u00e9cialistes pourront \u00e9changer \u00e0 tout moment avec des experts du monde entier. Durant ces deux jours, de 10 h \u00e0 18 h, les d\u00e9bats seront film\u00e9s et diffus\u00e9s en direct sous forme d&rsquo;un talk-show sur terre.tv ainsi que sur l&rsquo;ensemble des sites web partenaires m\u00e9dias, institutions et entreprises. Des t\u00e9moins notoires participeront \u00e0 cette manifestation. Des visites de sites exemplaires seront organis\u00e9es \u00e0 travers la ville et sa r\u00e9gion. Biennale de l&rsquo;Habitat Durable 2013 Les villes durables : Exp\u00e9riences et perspectives. Les 13 et 14 Juin 2013 \u00e0 Grenoble<\/p>\n","protected":false},"excerpt":{"rendered":"<p>Les enjeux majeurs de l&rsquo;\u00e9cocit\u00e9 d&rsquo;aujourd&rsquo;hui et de la ville de demain seront au c\u0153ur des d\u00e9bats de la 4e \u00e9dition de la Biennale de l&rsquo;Habitat Durable de la ville de Grenoble, lesquels prendront en compte les retours d&rsquo;exp\u00e9riences des premiers \u00e9coquartiers. L&rsquo;\u00e9v\u00e8nement se tiendra dans l&rsquo;\u00e9coquartier de Bonne, autour de th\u00e8mes devenus prioritaires pour [&hellip;]<\/p>\n","protected":false},"author":1,"featured_media":0,"comment_status":"open","ping_status":"closed","sticky":false,"template":"","format":"standard","meta":{"_et_pb_use_builder":"","_et_pb_old_content":"","_et_gb_content_width":"","footnotes":""},"categories":[9192],"tags":[1279],"class_list":["post-78996","post","type-post","status-publish","format-standard","hentry","category-evenements","tag-habitat-durable"],"yoast_head":"<!-- This site is optimized with the Yoast SEO plugin v27.4 - https:\/\/yoast.com\/product\/yoast-seo-wordpress\/ -->\n<title>Biennale de l&#039;Habitat Durable 2013<\/title>\n<meta name=\"robots\" content=\"index, follow, max-snippet:-1, max-image-preview:large, max-video-preview:-1\" \/>\n<link rel=\"canonical\" href=\"https:\/\/batijournal.com\/index.php\/biennale-de-lhabitat-durable-2013\/78996\/\" \/>\n<meta property=\"og:locale\" content=\"fr_FR\" \/>\n<meta property=\"og:type\" content=\"article\" \/>\n<meta property=\"og:title\" content=\"Biennale de l&#039;Habitat Durable 2013\" \/>\n<meta property=\"og:description\" content=\"Les enjeux majeurs de l&rsquo;\u00e9cocit\u00e9 d&rsquo;aujourd&rsquo;hui et de la ville de demain seront au c\u0153ur des d\u00e9bats de la 4e \u00e9dition de la Biennale de l&rsquo;Habitat Durable de la ville de Grenoble, lesquels prendront en compte les retours d&rsquo;exp\u00e9riences des premiers \u00e9coquartiers. L&rsquo;\u00e9v\u00e8nement se tiendra dans l&rsquo;\u00e9coquartier de Bonne, autour de th\u00e8mes devenus prioritaires pour [&hellip;]\" \/>\n<meta property=\"og:url\" content=\"https:\/\/batijournal.com\/index.php\/biennale-de-lhabitat-durable-2013\/78996\/\" \/>\n<meta property=\"og:site_name\" content=\"Batijournal\" \/>\n<meta property=\"article:published_time\" content=\"2013-01-14T23:00:00+00:00\" \/>\n<meta name=\"author\" content=\"Bati-journal\" \/>\n<meta name=\"twitter:card\" content=\"summary_large_image\" \/>\n<meta name=\"twitter:creator\" content=\"@bati_journal\" \/>\n<meta name=\"twitter:site\" content=\"@bati_journal\" \/>\n<meta name=\"twitter:label1\" content=\"\u00c9crit par\" \/>\n\t<meta name=\"twitter:data1\" content=\"Bati-journal\" \/>\n\t<meta name=\"twitter:label2\" content=\"Dur\u00e9e de lecture estim\u00e9e\" \/>\n\t<meta name=\"twitter:data2\" content=\"1 minute\" \/>\n<script type=\"application\/ld+json\" class=\"yoast-schema-graph\">{\"@context\":\"https:\\\/\\\/schema.org\",\"@graph\":[{\"@type\":\"Article\",\"@id\":\"https:\\\/\\\/batijournal.com\\\/index.php\\\/biennale-de-lhabitat-durable-2013\\\/78996\\\/#article\",\"isPartOf\":{\"@id\":\"https:\\\/\\\/batijournal.com\\\/index.php\\\/biennale-de-lhabitat-durable-2013\\\/78996\\\/\"},\"author\":{\"name\":\"Bati-journal\",\"@id\":\"https:\\\/\\\/batijournal.com\\\/#\\\/schema\\\/person\\\/6a657e8967569e1b299972574848aa76\"},\"headline\":\"Biennale de l&rsquo;Habitat Durable 2013\",\"datePublished\":\"2013-01-14T23:00:00+00:00\",\"mainEntityOfPage\":{\"@id\":\"https:\\\/\\\/batijournal.com\\\/index.php\\\/biennale-de-lhabitat-durable-2013\\\/78996\\\/\"},\"wordCount\":260,\"commentCount\":0,\"keywords\":[\"habitat durable\"],\"articleSection\":[\"\u00c9v\u00e9nements\"],\"inLanguage\":\"fr-FR\",\"potentialAction\":[{\"@type\":\"CommentAction\",\"name\":\"Comment\",\"target\":[\"https:\\\/\\\/batijournal.com\\\/index.php\\\/biennale-de-lhabitat-durable-2013\\\/78996\\\/#respond\"]}]},{\"@type\":\"WebPage\",\"@id\":\"https:\\\/\\\/batijournal.com\\\/index.php\\\/biennale-de-lhabitat-durable-2013\\\/78996\\\/\",\"url\":\"https:\\\/\\\/batijournal.com\\\/index.php\\\/biennale-de-lhabitat-durable-2013\\\/78996\\\/\",\"name\":\"Biennale de l'Habitat Durable 2013\",\"isPartOf\":{\"@id\":\"https:\\\/\\\/batijournal.com\\\/#website\"},\"datePublished\":\"2013-01-14T23:00:00+00:00\",\"author\":{\"@id\":\"https:\\\/\\\/batijournal.com\\\/#\\\/schema\\\/person\\\/6a657e8967569e1b299972574848aa76\"},\"breadcrumb\":{\"@id\":\"https:\\\/\\\/batijournal.com\\\/index.php\\\/biennale-de-lhabitat-durable-2013\\\/78996\\\/#breadcrumb\"},\"inLanguage\":\"fr-FR\",\"potentialAction\":[{\"@type\":\"ReadAction\",\"target\":[\"https:\\\/\\\/batijournal.com\\\/index.php\\\/biennale-de-lhabitat-durable-2013\\\/78996\\\/\"]}]},{\"@type\":\"BreadcrumbList\",\"@id\":\"https:\\\/\\\/batijournal.com\\\/index.php\\\/biennale-de-lhabitat-durable-2013\\\/78996\\\/#breadcrumb\",\"itemListElement\":[{\"@type\":\"ListItem\",\"position\":1,\"name\":\"Accueil\",\"item\":\"https:\\\/\\\/batijournal.com\\\/\"},{\"@type\":\"ListItem\",\"position\":2,\"name\":\"\u00c9v\u00e9nements\",\"item\":\"https:\\\/\\\/batijournal.com\\\/index.php\\\/category\\\/evenements\\\/\"},{\"@type\":\"ListItem\",\"position\":3,\"name\":\"Biennale de l&rsquo;Habitat Durable 2013\"}]},{\"@type\":\"WebSite\",\"@id\":\"https:\\\/\\\/batijournal.com\\\/#website\",\"url\":\"https:\\\/\\\/batijournal.com\\\/\",\"name\":\"Batijournal\",\"description\":\"L&#039;actualit\u00e9 du b\u00e2timent\",\"potentialAction\":[{\"@type\":\"SearchAction\",\"target\":{\"@type\":\"EntryPoint\",\"urlTemplate\":\"https:\\\/\\\/batijournal.com\\\/?s={search_term_string}\"},\"query-input\":{\"@type\":\"PropertyValueSpecification\",\"valueRequired\":true,\"valueName\":\"search_term_string\"}}],\"inLanguage\":\"fr-FR\"},{\"@type\":\"Person\",\"@id\":\"https:\\\/\\\/batijournal.com\\\/#\\\/schema\\\/person\\\/6a657e8967569e1b299972574848aa76\",\"name\":\"Bati-journal\",\"image\":{\"@type\":\"ImageObject\",\"inLanguage\":\"fr-FR\",\"@id\":\"https:\\\/\\\/secure.gravatar.com\\\/avatar\\\/a64364ea26392f9b4dd47e017ddaec74ff03aefc073b49e492e847201258f777?s=96&d=mm&r=g\",\"url\":\"https:\\\/\\\/secure.gravatar.com\\\/avatar\\\/a64364ea26392f9b4dd47e017ddaec74ff03aefc073b49e492e847201258f777?s=96&d=mm&r=g\",\"contentUrl\":\"https:\\\/\\\/secure.gravatar.com\\\/avatar\\\/a64364ea26392f9b4dd47e017ddaec74ff03aefc073b49e492e847201258f777?s=96&d=mm&r=g\",\"caption\":\"Bati-journal\"},\"url\":\"https:\\\/\\\/batijournal.com\\\/index.php\\\/author\\\/elodie\\\/\"}]}<\/script>\n<!-- \/ Yoast SEO plugin. -->","yoast_head_json":{"title":"Biennale de l'Habitat Durable 2013","robots":{"index":"index","follow":"follow","max-snippet":"max-snippet:-1","max-image-preview":"max-image-preview:large","max-video-preview":"max-video-preview:-1"},"canonical":"https:\/\/batijournal.com\/index.php\/biennale-de-lhabitat-durable-2013\/78996\/","og_locale":"fr_FR","og_type":"article","og_title":"Biennale de l'Habitat Durable 2013","og_description":"Les enjeux majeurs de l&rsquo;\u00e9cocit\u00e9 d&rsquo;aujourd&rsquo;hui et de la ville de demain seront au c\u0153ur des d\u00e9bats de la 4e \u00e9dition de la Biennale de l&rsquo;Habitat Durable de la ville de Grenoble, lesquels prendront en compte les retours d&rsquo;exp\u00e9riences des premiers \u00e9coquartiers. L&rsquo;\u00e9v\u00e8nement se tiendra dans l&rsquo;\u00e9coquartier de Bonne, autour de th\u00e8mes devenus prioritaires pour [&hellip;]","og_url":"https:\/\/batijournal.com\/index.php\/biennale-de-lhabitat-durable-2013\/78996\/","og_site_name":"Batijournal","article_published_time":"2013-01-14T23:00:00+00:00","author":"Bati-journal","twitter_card":"summary_large_image","twitter_creator":"@bati_journal","twitter_site":"@bati_journal","twitter_misc":{"\u00c9crit par":"Bati-journal","Dur\u00e9e de lecture estim\u00e9e":"1 minute"},"schema":{"@context":"https:\/\/schema.org","@graph":[{"@type":"Article","@id":"https:\/\/batijournal.com\/index.php\/biennale-de-lhabitat-durable-2013\/78996\/#article","isPartOf":{"@id":"https:\/\/batijournal.com\/index.php\/biennale-de-lhabitat-durable-2013\/78996\/"},"author":{"name":"Bati-journal","@id":"https:\/\/batijournal.com\/#\/schema\/person\/6a657e8967569e1b299972574848aa76"},"headline":"Biennale de l&rsquo;Habitat Durable 2013","datePublished":"2013-01-14T23:00:00+00:00","mainEntityOfPage":{"@id":"https:\/\/batijournal.com\/index.php\/biennale-de-lhabitat-durable-2013\/78996\/"},"wordCount":260,"commentCount":0,"keywords":["habitat durable"],"articleSection":["\u00c9v\u00e9nements"],"inLanguage":"fr-FR","potentialAction":[{"@type":"CommentAction","name":"Comment","target":["https:\/\/batijournal.com\/index.php\/biennale-de-lhabitat-durable-2013\/78996\/#respond"]}]},{"@type":"WebPage","@id":"https:\/\/batijournal.com\/index.php\/biennale-de-lhabitat-durable-2013\/78996\/","url":"https:\/\/batijournal.com\/index.php\/biennale-de-lhabitat-durable-2013\/78996\/","name":"Biennale de l'Habitat Durable 2013","isPartOf":{"@id":"https:\/\/batijournal.com\/#website"},"datePublished":"2013-01-14T23:00:00+00:00","author":{"@id":"https:\/\/batijournal.com\/#\/schema\/person\/6a657e8967569e1b299972574848aa76"},"breadcrumb":{"@id":"https:\/\/batijournal.com\/index.php\/biennale-de-lhabitat-durable-2013\/78996\/#breadcrumb"},"inLanguage":"fr-FR","potentialAction":[{"@type":"ReadAction","target":["https:\/\/batijournal.com\/index.php\/biennale-de-lhabitat-durable-2013\/78996\/"]}]},{"@type":"BreadcrumbList","@id":"https:\/\/batijournal.com\/index.php\/biennale-de-lhabitat-durable-2013\/78996\/#breadcrumb","itemListElement":[{"@type":"ListItem","position":1,"name":"Accueil","item":"https:\/\/batijournal.com\/"},{"@type":"ListItem","position":2,"name":"\u00c9v\u00e9nements","item":"https:\/\/batijournal.com\/index.php\/category\/evenements\/"},{"@type":"ListItem","position":3,"name":"Biennale de l&rsquo;Habitat Durable 2013"}]},{"@type":"WebSite","@id":"https:\/\/batijournal.com\/#website","url":"https:\/\/batijournal.com\/","name":"Batijournal","description":"L&#039;actualit\u00e9 du b\u00e2timent","potentialAction":[{"@type":"SearchAction","target":{"@type":"EntryPoint","urlTemplate":"https:\/\/batijournal.com\/?s={search_term_string}"},"query-input":{"@type":"PropertyValueSpecification","valueRequired":true,"valueName":"search_term_string"}}],"inLanguage":"fr-FR"},{"@type":"Person","@id":"https:\/\/batijournal.com\/#\/schema\/person\/6a657e8967569e1b299972574848aa76","name":"Bati-journal","image":{"@type":"ImageObject","inLanguage":"fr-FR","@id":"https:\/\/secure.gravatar.com\/avatar\/a64364ea26392f9b4dd47e017ddaec74ff03aefc073b49e492e847201258f777?s=96&d=mm&r=g","url":"https:\/\/secure.gravatar.com\/avatar\/a64364ea26392f9b4dd47e017ddaec74ff03aefc073b49e492e847201258f777?s=96&d=mm&r=g","contentUrl":"https:\/\/secure.gravatar.com\/avatar\/a64364ea26392f9b4dd47e017ddaec74ff03aefc073b49e492e847201258f777?s=96&d=mm&r=g","caption":"Bati-journal"},"url":"https:\/\/batijournal.com\/index.php\/author\/elodie\/"}]}},"_links":{"self":[{"href":"https:\/\/batijournal.com\/index.php\/wp-json\/wp\/v2\/posts\/78996","targetHints":{"allow":["GET"]}}],"collection":[{"href":"https:\/\/batijournal.com\/index.php\/wp-json\/wp\/v2\/posts"}],"about":[{"href":"https:\/\/batijournal.com\/index.php\/wp-json\/wp\/v2\/types\/post"}],"author":[{"embeddable":true,"href":"https:\/\/batijournal.com\/index.php\/wp-json\/wp\/v2\/users\/1"}],"replies":[{"embeddable":true,"href":"https:\/\/batijournal.com\/index.php\/wp-json\/wp\/v2\/comments?post=78996"}],"version-history":[{"count":0,"href":"https:\/\/batijournal.com\/index.php\/wp-json\/wp\/v2\/posts\/78996\/revisions"}],"wp:attachment":[{"href":"https:\/\/batijournal.com\/index.php\/wp-json\/wp\/v2\/media?parent=78996"}],"wp:term":[{"taxonomy":"category","embeddable":true,"href":"https:\/\/batijournal.com\/index.php\/wp-json\/wp\/v2\/categories?post=78996"},{"taxonomy":"post_tag","embeddable":true,"href":"https:\/\/batijournal.com\/index.php\/wp-json\/wp\/v2\/tags?post=78996"}],"curies":[{"name":"wp","href":"https:\/\/api.w.org\/{rel}","templated":true}]}}