{"id":79071,"date":"2013-06-25T08:11:12","date_gmt":"2013-06-25T06:11:12","guid":{"rendered":"http:\/\/b.bati-journal.com\/concours-darchitecture-les-lauriers-de-la-construction-bois\/79071"},"modified":"2015-03-04T17:38:35","modified_gmt":"2015-03-04T16:38:35","slug":"concours-darchitecture-les-lauriers-de-la-construction-bois","status":"publish","type":"post","link":"https:\/\/batijournal.com\/index.php\/concours-darchitecture-les-lauriers-de-la-construction-bois\/79071\/","title":{"rendered":"Concours d&rsquo;architecture Les Lauriers de la construction bois"},"content":{"rendered":"<p>Les inscriptions pour la huiti\u00e8me \u00e9dition des Lauriers de la construction bois sont lanc\u00e9es ! Ce concours d&rsquo;architecture est ouvert aux architectes, concepteurs, artisans, d\u00e9sireux de promouvoir leurs r\u00e9alisations ou leurs projets en bois \u00e0 une \u00e9chelle nationale. L&rsquo;exposition de tous les projets candidats sera organis\u00e9e pendant le Salon de la construction bois et de l&rsquo;Habitat durable \u00e0 Grenoble, du 11 au 14 avril 2013. Tous les projets candidats seront \u00e9galement \u00e9dit\u00e9s dans un livre num\u00e9rique diffus\u00e9 gratuitement via le Web et des campagnes de mailings. Les inscriptions au concours seront cl\u00f4tur\u00e9es le 11 mars 2013.<\/p>\n<p><a href=\"http:\/\/www.salondubois.com\/lauriers-salon-du-bois.html\" target=\"_blank\"><span style=\"font-size: medium;\">T\u00e9l\u00e9chargez le dossier d&rsquo;inscription et le r\u00e8glement<\/span><\/a><\/p>\n","protected":false},"excerpt":{"rendered":"<p>Les inscriptions pour la huiti\u00e8me \u00e9dition des Lauriers de la construction bois sont lanc\u00e9es ! Ce concours d&rsquo;architecture est ouvert aux architectes, concepteurs, artisans, d\u00e9sireux de promouvoir leurs r\u00e9alisations ou leurs projets en bois \u00e0 une \u00e9chelle nationale. L&rsquo;exposition de tous les projets candidats sera organis\u00e9e pendant le Salon de la construction bois et de [&hellip;]<\/p>\n","protected":false},"author":1,"featured_media":79072,"comment_status":"open","ping_status":"closed","sticky":false,"template":"","format":"standard","meta":{"_et_pb_use_builder":"","_et_pb_old_content":"","_et_gb_content_width":"","footnotes":""},"categories":[9192],"tags":[6160],"class_list":["post-79071","post","type-post","status-publish","format-standard","has-post-thumbnail","hentry","category-evenements","tag-lauriers-de-la-construction-bois"],"yoast_head":"<!-- This site is optimized with the Yoast SEO plugin v27.4 - https:\/\/yoast.com\/product\/yoast-seo-wordpress\/ -->\n<title>Concours d&#039;architecture Les Lauriers de la construction bois<\/title>\n<meta name=\"robots\" content=\"index, follow, max-snippet:-1, max-image-preview:large, max-video-preview:-1\" \/>\n<link rel=\"canonical\" href=\"https:\/\/batijournal.com\/index.php\/concours-darchitecture-les-lauriers-de-la-construction-bois\/79071\/\" \/>\n<meta property=\"og:locale\" content=\"fr_FR\" \/>\n<meta property=\"og:type\" content=\"article\" \/>\n<meta property=\"og:title\" content=\"Concours d&#039;architecture Les Lauriers de la construction bois\" \/>\n<meta property=\"og:description\" content=\"Les inscriptions pour la huiti\u00e8me \u00e9dition des Lauriers de la construction bois sont lanc\u00e9es ! Ce concours d&rsquo;architecture est ouvert aux architectes, concepteurs, artisans, d\u00e9sireux de promouvoir leurs r\u00e9alisations ou leurs projets en bois \u00e0 une \u00e9chelle nationale. L&rsquo;exposition de tous les projets candidats sera organis\u00e9e pendant le Salon de la construction bois et de [&hellip;]\" \/>\n<meta property=\"og:url\" content=\"https:\/\/batijournal.com\/index.php\/concours-darchitecture-les-lauriers-de-la-construction-bois\/79071\/\" \/>\n<meta property=\"og:site_name\" content=\"Batijournal\" \/>\n<meta property=\"article:published_time\" content=\"2013-06-25T06:11:12+00:00\" \/>\n<meta property=\"article:modified_time\" content=\"2015-03-04T16:38:35+00:00\" \/>\n<meta property=\"og:image\" content=\"https:\/\/batijournal.com\/wp-content\/uploads\/2015\/03\/57527224.jpg\" \/>\n\t<meta property=\"og:image:width\" content=\"600\" \/>\n\t<meta property=\"og:image:height\" content=\"271\" \/>\n\t<meta property=\"og:image:type\" content=\"image\/jpeg\" \/>\n<meta name=\"author\" content=\"Bati-journal\" \/>\n<meta name=\"twitter:card\" content=\"summary_large_image\" \/>\n<meta name=\"twitter:creator\" content=\"@bati_journal\" \/>\n<meta name=\"twitter:site\" content=\"@bati_journal\" \/>\n<meta name=\"twitter:label1\" content=\"\u00c9crit par\" \/>\n\t<meta name=\"twitter:data1\" content=\"Bati-journal\" \/>\n\t<meta name=\"twitter:label2\" content=\"Dur\u00e9e de lecture estim\u00e9e\" \/>\n\t<meta name=\"twitter:data2\" content=\"1 minute\" \/>\n<script type=\"application\/ld+json\" class=\"yoast-schema-graph\">{\"@context\":\"https:\\\/\\\/schema.org\",\"@graph\":[{\"@type\":\"Article\",\"@id\":\"https:\\\/\\\/batijournal.com\\\/index.php\\\/concours-darchitecture-les-lauriers-de-la-construction-bois\\\/79071\\\/#article\",\"isPartOf\":{\"@id\":\"https:\\\/\\\/batijournal.com\\\/index.php\\\/concours-darchitecture-les-lauriers-de-la-construction-bois\\\/79071\\\/\"},\"author\":{\"name\":\"Bati-journal\",\"@id\":\"https:\\\/\\\/batijournal.com\\\/#\\\/schema\\\/person\\\/6a657e8967569e1b299972574848aa76\"},\"headline\":\"Concours d&rsquo;architecture Les Lauriers de la construction bois\",\"datePublished\":\"2013-06-25T06:11:12+00:00\",\"dateModified\":\"2015-03-04T16:38:35+00:00\",\"mainEntityOfPage\":{\"@id\":\"https:\\\/\\\/batijournal.com\\\/index.php\\\/concours-darchitecture-les-lauriers-de-la-construction-bois\\\/79071\\\/\"},\"wordCount\":120,\"commentCount\":0,\"image\":{\"@id\":\"https:\\\/\\\/batijournal.com\\\/index.php\\\/concours-darchitecture-les-lauriers-de-la-construction-bois\\\/79071\\\/#primaryimage\"},\"thumbnailUrl\":\"https:\\\/\\\/batijournal.com\\\/wp-content\\\/uploads\\\/2015\\\/03\\\/57527224.jpg\",\"keywords\":[\"lauriers de la construction bois\"],\"articleSection\":[\"\u00c9v\u00e9nements\"],\"inLanguage\":\"fr-FR\",\"potentialAction\":[{\"@type\":\"CommentAction\",\"name\":\"Comment\",\"target\":[\"https:\\\/\\\/batijournal.com\\\/index.php\\\/concours-darchitecture-les-lauriers-de-la-construction-bois\\\/79071\\\/#respond\"]}]},{\"@type\":\"WebPage\",\"@id\":\"https:\\\/\\\/batijournal.com\\\/index.php\\\/concours-darchitecture-les-lauriers-de-la-construction-bois\\\/79071\\\/\",\"url\":\"https:\\\/\\\/batijournal.com\\\/index.php\\\/concours-darchitecture-les-lauriers-de-la-construction-bois\\\/79071\\\/\",\"name\":\"Concours d'architecture Les Lauriers de la construction bois\",\"isPartOf\":{\"@id\":\"https:\\\/\\\/batijournal.com\\\/#website\"},\"primaryImageOfPage\":{\"@id\":\"https:\\\/\\\/batijournal.com\\\/index.php\\\/concours-darchitecture-les-lauriers-de-la-construction-bois\\\/79071\\\/#primaryimage\"},\"image\":{\"@id\":\"https:\\\/\\\/batijournal.com\\\/index.php\\\/concours-darchitecture-les-lauriers-de-la-construction-bois\\\/79071\\\/#primaryimage\"},\"thumbnailUrl\":\"https:\\\/\\\/batijournal.com\\\/wp-content\\\/uploads\\\/2015\\\/03\\\/57527224.jpg\",\"datePublished\":\"2013-06-25T06:11:12+00:00\",\"dateModified\":\"2015-03-04T16:38:35+00:00\",\"author\":{\"@id\":\"https:\\\/\\\/batijournal.com\\\/#\\\/schema\\\/person\\\/6a657e8967569e1b299972574848aa76\"},\"breadcrumb\":{\"@id\":\"https:\\\/\\\/batijournal.com\\\/index.php\\\/concours-darchitecture-les-lauriers-de-la-construction-bois\\\/79071\\\/#breadcrumb\"},\"inLanguage\":\"fr-FR\",\"potentialAction\":[{\"@type\":\"ReadAction\",\"target\":[\"https:\\\/\\\/batijournal.com\\\/index.php\\\/concours-darchitecture-les-lauriers-de-la-construction-bois\\\/79071\\\/\"]}]},{\"@type\":\"ImageObject\",\"inLanguage\":\"fr-FR\",\"@id\":\"https:\\\/\\\/batijournal.com\\\/index.php\\\/concours-darchitecture-les-lauriers-de-la-construction-bois\\\/79071\\\/#primaryimage\",\"url\":\"https:\\\/\\\/batijournal.com\\\/wp-content\\\/uploads\\\/2015\\\/03\\\/57527224.jpg\",\"contentUrl\":\"https:\\\/\\\/batijournal.com\\\/wp-content\\\/uploads\\\/2015\\\/03\\\/57527224.jpg\",\"width\":600,\"height\":271},{\"@type\":\"BreadcrumbList\",\"@id\":\"https:\\\/\\\/batijournal.com\\\/index.php\\\/concours-darchitecture-les-lauriers-de-la-construction-bois\\\/79071\\\/#breadcrumb\",\"itemListElement\":[{\"@type\":\"ListItem\",\"position\":1,\"name\":\"Accueil\",\"item\":\"https:\\\/\\\/batijournal.com\\\/\"},{\"@type\":\"ListItem\",\"position\":2,\"name\":\"\u00c9v\u00e9nements\",\"item\":\"https:\\\/\\\/batijournal.com\\\/index.php\\\/category\\\/evenements\\\/\"},{\"@type\":\"ListItem\",\"position\":3,\"name\":\"Concours d&rsquo;architecture Les Lauriers de la construction bois\"}]},{\"@type\":\"WebSite\",\"@id\":\"https:\\\/\\\/batijournal.com\\\/#website\",\"url\":\"https:\\\/\\\/batijournal.com\\\/\",\"name\":\"Batijournal\",\"description\":\"L&#039;actualit\u00e9 du b\u00e2timent\",\"potentialAction\":[{\"@type\":\"SearchAction\",\"target\":{\"@type\":\"EntryPoint\",\"urlTemplate\":\"https:\\\/\\\/batijournal.com\\\/?s={search_term_string}\"},\"query-input\":{\"@type\":\"PropertyValueSpecification\",\"valueRequired\":true,\"valueName\":\"search_term_string\"}}],\"inLanguage\":\"fr-FR\"},{\"@type\":\"Person\",\"@id\":\"https:\\\/\\\/batijournal.com\\\/#\\\/schema\\\/person\\\/6a657e8967569e1b299972574848aa76\",\"name\":\"Bati-journal\",\"image\":{\"@type\":\"ImageObject\",\"inLanguage\":\"fr-FR\",\"@id\":\"https:\\\/\\\/secure.gravatar.com\\\/avatar\\\/a64364ea26392f9b4dd47e017ddaec74ff03aefc073b49e492e847201258f777?s=96&d=mm&r=g\",\"url\":\"https:\\\/\\\/secure.gravatar.com\\\/avatar\\\/a64364ea26392f9b4dd47e017ddaec74ff03aefc073b49e492e847201258f777?s=96&d=mm&r=g\",\"contentUrl\":\"https:\\\/\\\/secure.gravatar.com\\\/avatar\\\/a64364ea26392f9b4dd47e017ddaec74ff03aefc073b49e492e847201258f777?s=96&d=mm&r=g\",\"caption\":\"Bati-journal\"},\"url\":\"https:\\\/\\\/batijournal.com\\\/index.php\\\/author\\\/elodie\\\/\"}]}<\/script>\n<!-- \/ Yoast SEO plugin. -->","yoast_head_json":{"title":"Concours d'architecture Les Lauriers de la construction bois","robots":{"index":"index","follow":"follow","max-snippet":"max-snippet:-1","max-image-preview":"max-image-preview:large","max-video-preview":"max-video-preview:-1"},"canonical":"https:\/\/batijournal.com\/index.php\/concours-darchitecture-les-lauriers-de-la-construction-bois\/79071\/","og_locale":"fr_FR","og_type":"article","og_title":"Concours d'architecture Les Lauriers de la construction bois","og_description":"Les inscriptions pour la huiti\u00e8me \u00e9dition des Lauriers de la construction bois sont lanc\u00e9es ! Ce concours d&rsquo;architecture est ouvert aux architectes, concepteurs, artisans, d\u00e9sireux de promouvoir leurs r\u00e9alisations ou leurs projets en bois \u00e0 une \u00e9chelle nationale. L&rsquo;exposition de tous les projets candidats sera organis\u00e9e pendant le Salon de la construction bois et de [&hellip;]","og_url":"https:\/\/batijournal.com\/index.php\/concours-darchitecture-les-lauriers-de-la-construction-bois\/79071\/","og_site_name":"Batijournal","article_published_time":"2013-06-25T06:11:12+00:00","article_modified_time":"2015-03-04T16:38:35+00:00","og_image":[{"width":600,"height":271,"url":"https:\/\/batijournal.com\/wp-content\/uploads\/2015\/03\/57527224.jpg","type":"image\/jpeg"}],"author":"Bati-journal","twitter_card":"summary_large_image","twitter_creator":"@bati_journal","twitter_site":"@bati_journal","twitter_misc":{"\u00c9crit par":"Bati-journal","Dur\u00e9e de lecture estim\u00e9e":"1 minute"},"schema":{"@context":"https:\/\/schema.org","@graph":[{"@type":"Article","@id":"https:\/\/batijournal.com\/index.php\/concours-darchitecture-les-lauriers-de-la-construction-bois\/79071\/#article","isPartOf":{"@id":"https:\/\/batijournal.com\/index.php\/concours-darchitecture-les-lauriers-de-la-construction-bois\/79071\/"},"author":{"name":"Bati-journal","@id":"https:\/\/batijournal.com\/#\/schema\/person\/6a657e8967569e1b299972574848aa76"},"headline":"Concours d&rsquo;architecture Les Lauriers de la construction bois","datePublished":"2013-06-25T06:11:12+00:00","dateModified":"2015-03-04T16:38:35+00:00","mainEntityOfPage":{"@id":"https:\/\/batijournal.com\/index.php\/concours-darchitecture-les-lauriers-de-la-construction-bois\/79071\/"},"wordCount":120,"commentCount":0,"image":{"@id":"https:\/\/batijournal.com\/index.php\/concours-darchitecture-les-lauriers-de-la-construction-bois\/79071\/#primaryimage"},"thumbnailUrl":"https:\/\/batijournal.com\/wp-content\/uploads\/2015\/03\/57527224.jpg","keywords":["lauriers de la construction bois"],"articleSection":["\u00c9v\u00e9nements"],"inLanguage":"fr-FR","potentialAction":[{"@type":"CommentAction","name":"Comment","target":["https:\/\/batijournal.com\/index.php\/concours-darchitecture-les-lauriers-de-la-construction-bois\/79071\/#respond"]}]},{"@type":"WebPage","@id":"https:\/\/batijournal.com\/index.php\/concours-darchitecture-les-lauriers-de-la-construction-bois\/79071\/","url":"https:\/\/batijournal.com\/index.php\/concours-darchitecture-les-lauriers-de-la-construction-bois\/79071\/","name":"Concours d'architecture Les Lauriers de la construction bois","isPartOf":{"@id":"https:\/\/batijournal.com\/#website"},"primaryImageOfPage":{"@id":"https:\/\/batijournal.com\/index.php\/concours-darchitecture-les-lauriers-de-la-construction-bois\/79071\/#primaryimage"},"image":{"@id":"https:\/\/batijournal.com\/index.php\/concours-darchitecture-les-lauriers-de-la-construction-bois\/79071\/#primaryimage"},"thumbnailUrl":"https:\/\/batijournal.com\/wp-content\/uploads\/2015\/03\/57527224.jpg","datePublished":"2013-06-25T06:11:12+00:00","dateModified":"2015-03-04T16:38:35+00:00","author":{"@id":"https:\/\/batijournal.com\/#\/schema\/person\/6a657e8967569e1b299972574848aa76"},"breadcrumb":{"@id":"https:\/\/batijournal.com\/index.php\/concours-darchitecture-les-lauriers-de-la-construction-bois\/79071\/#breadcrumb"},"inLanguage":"fr-FR","potentialAction":[{"@type":"ReadAction","target":["https:\/\/batijournal.com\/index.php\/concours-darchitecture-les-lauriers-de-la-construction-bois\/79071\/"]}]},{"@type":"ImageObject","inLanguage":"fr-FR","@id":"https:\/\/batijournal.com\/index.php\/concours-darchitecture-les-lauriers-de-la-construction-bois\/79071\/#primaryimage","url":"https:\/\/batijournal.com\/wp-content\/uploads\/2015\/03\/57527224.jpg","contentUrl":"https:\/\/batijournal.com\/wp-content\/uploads\/2015\/03\/57527224.jpg","width":600,"height":271},{"@type":"BreadcrumbList","@id":"https:\/\/batijournal.com\/index.php\/concours-darchitecture-les-lauriers-de-la-construction-bois\/79071\/#breadcrumb","itemListElement":[{"@type":"ListItem","position":1,"name":"Accueil","item":"https:\/\/batijournal.com\/"},{"@type":"ListItem","position":2,"name":"\u00c9v\u00e9nements","item":"https:\/\/batijournal.com\/index.php\/category\/evenements\/"},{"@type":"ListItem","position":3,"name":"Concours d&rsquo;architecture Les Lauriers de la construction bois"}]},{"@type":"WebSite","@id":"https:\/\/batijournal.com\/#website","url":"https:\/\/batijournal.com\/","name":"Batijournal","description":"L&#039;actualit\u00e9 du b\u00e2timent","potentialAction":[{"@type":"SearchAction","target":{"@type":"EntryPoint","urlTemplate":"https:\/\/batijournal.com\/?s={search_term_string}"},"query-input":{"@type":"PropertyValueSpecification","valueRequired":true,"valueName":"search_term_string"}}],"inLanguage":"fr-FR"},{"@type":"Person","@id":"https:\/\/batijournal.com\/#\/schema\/person\/6a657e8967569e1b299972574848aa76","name":"Bati-journal","image":{"@type":"ImageObject","inLanguage":"fr-FR","@id":"https:\/\/secure.gravatar.com\/avatar\/a64364ea26392f9b4dd47e017ddaec74ff03aefc073b49e492e847201258f777?s=96&d=mm&r=g","url":"https:\/\/secure.gravatar.com\/avatar\/a64364ea26392f9b4dd47e017ddaec74ff03aefc073b49e492e847201258f777?s=96&d=mm&r=g","contentUrl":"https:\/\/secure.gravatar.com\/avatar\/a64364ea26392f9b4dd47e017ddaec74ff03aefc073b49e492e847201258f777?s=96&d=mm&r=g","caption":"Bati-journal"},"url":"https:\/\/batijournal.com\/index.php\/author\/elodie\/"}]}},"_links":{"self":[{"href":"https:\/\/batijournal.com\/index.php\/wp-json\/wp\/v2\/posts\/79071","targetHints":{"allow":["GET"]}}],"collection":[{"href":"https:\/\/batijournal.com\/index.php\/wp-json\/wp\/v2\/posts"}],"about":[{"href":"https:\/\/batijournal.com\/index.php\/wp-json\/wp\/v2\/types\/post"}],"author":[{"embeddable":true,"href":"https:\/\/batijournal.com\/index.php\/wp-json\/wp\/v2\/users\/1"}],"replies":[{"embeddable":true,"href":"https:\/\/batijournal.com\/index.php\/wp-json\/wp\/v2\/comments?post=79071"}],"version-history":[{"count":0,"href":"https:\/\/batijournal.com\/index.php\/wp-json\/wp\/v2\/posts\/79071\/revisions"}],"wp:featuredmedia":[{"embeddable":true,"href":"https:\/\/batijournal.com\/index.php\/wp-json\/wp\/v2\/media\/79072"}],"wp:attachment":[{"href":"https:\/\/batijournal.com\/index.php\/wp-json\/wp\/v2\/media?parent=79071"}],"wp:term":[{"taxonomy":"category","embeddable":true,"href":"https:\/\/batijournal.com\/index.php\/wp-json\/wp\/v2\/categories?post=79071"},{"taxonomy":"post_tag","embeddable":true,"href":"https:\/\/batijournal.com\/index.php\/wp-json\/wp\/v2\/tags?post=79071"}],"curies":[{"name":"wp","href":"https:\/\/api.w.org\/{rel}","templated":true}]}}