{"id":79079,"date":"2013-06-25T16:07:02","date_gmt":"2013-06-25T14:07:02","guid":{"rendered":"http:\/\/b.bati-journal.com\/seize-laureats-pour-le-prix-national-de-la-construction-bois\/79079"},"modified":"2015-03-04T17:50:15","modified_gmt":"2015-03-04T16:50:15","slug":"seize-laureats-pour-le-prix-national-de-la-construction-bois","status":"publish","type":"post","link":"https:\/\/batijournal.com\/index.php\/seize-laureats-pour-le-prix-national-de-la-construction-bois\/79079\/","title":{"rendered":"Seize Laur\u00e9ats pour le Prix national de la construction bois"},"content":{"rendered":"<div>A l&rsquo;initiative de France Bois For\u00eat (FBF), du r\u00e9seau des Interprofessions (IRB) et du Comit\u00e9 national pour le d\u00e9veloppement du bois, le Prix national de la construction bois a \u00e9t\u00e9 cr\u00e9\u00e9 afin de regrouper l&rsquo;ensemble des palmar\u00e8s r\u00e9gionaux, les palmar\u00e8s du salon Maison Bois d&rsquo;Angers et du CNDB. Ce prix r\u00e9compense les architectes, les constructeurs, les concepteurs et les ma\u00eetres d&rsquo;\u00a6uvre.<\/div>\n<div><\/div>\n<div>Mercredi 4 juillet 2012, un jury de professionnels pr\u00e9sid\u00e9 par Dominique Gauzin-M\u00efller s\u00e9lectionnera seize r\u00e9alisations sur les 333 pr\u00e9sent\u00e9es dans sept cat\u00e9gories : B\u00e2timent public et tertiaire ; B\u00e2timent d&rsquo;\u00e9ducation et de culture ; Logement individuel &lt; 120 m<span class=\"Apple-style-span\" style=\"font-size: 10px;\"><sup>2<\/sup><\/span><sup>\u00a0<\/sup>SHON ; Logement individuel &gt; 120 m<sup>2<\/sup> SHON ; Logement collectif ou group\u00e9 ; Extension et sur\u00e9l\u00e9vation de maison individuelle ; R\u00e9habilitation\/r\u00e9novation thermique &amp; Autres. Deux mentions \u00ab essences locales \u00bb permettront de mettre en avant les b\u00e2timents valorisant les bois fran\u00e7ais.<\/div>\n<div><\/div>\n<div>Les crit\u00e8res de s\u00e9lection du jury sont la qualit\u00e9 architecturale et l&rsquo;insertion paysag\u00e8re, l&rsquo;approche environnementale et la performance \u00e9nerg\u00e9tique, la cr\u00e9ativit\u00e9 et l&rsquo;innovation, la performance technique et l&#8217;emploi d&rsquo;essences locales.<\/div>\n<div><\/div>\n<div>Suivront un ouvrage \u00e9dit\u00e9 \u00e0 20 000 exemplaires et une exposition pr\u00e9sent\u00e9e lors du salon Maison Bois d&rsquo;Angers. Les r\u00e9sultats seront d\u00e9voil\u00e9s le vendredi 12 octobre \u00e0 14 h 30 lors de ce m\u00eame salon. Les prix seront remis aux laur\u00e9ats \u00e0 cette occasion.<\/div>\n<div><a href=\"http:\/\/www.cndb.org\">www.cndb.org<\/a><\/div>\n<p><span style=\"font-size: medium;\"><a href=\"http:\/\/www.bois.com\" target=\"_blank\">www.bois.com<\/a><\/span><\/p>\n","protected":false},"excerpt":{"rendered":"<p>A l&rsquo;initiative de France Bois For\u00eat (FBF), du r\u00e9seau des Interprofessions (IRB) et du Comit\u00e9 national pour le d\u00e9veloppement du bois, le Prix national de la construction bois a \u00e9t\u00e9 cr\u00e9\u00e9 afin de regrouper l&rsquo;ensemble des palmar\u00e8s r\u00e9gionaux, les palmar\u00e8s du salon Maison Bois d&rsquo;Angers et du CNDB. Ce prix r\u00e9compense les architectes, les constructeurs, [&hellip;]<\/p>\n","protected":false},"author":1,"featured_media":0,"comment_status":"open","ping_status":"closed","sticky":false,"template":"","format":"standard","meta":{"_et_pb_use_builder":"","_et_pb_old_content":"","_et_gb_content_width":"","footnotes":""},"categories":[9192],"tags":[11005,374],"class_list":["post-79079","post","type-post","status-publish","format-standard","hentry","category-evenements","tag-concours","tag-construction-bois-2"],"yoast_head":"<!-- This site is optimized with the Yoast SEO plugin v27.4 - https:\/\/yoast.com\/product\/yoast-seo-wordpress\/ -->\n<title>Seize Laur\u00e9ats pour le Prix national de la construction bois<\/title>\n<meta name=\"robots\" content=\"index, follow, max-snippet:-1, max-image-preview:large, max-video-preview:-1\" \/>\n<link rel=\"canonical\" href=\"https:\/\/batijournal.com\/index.php\/seize-laureats-pour-le-prix-national-de-la-construction-bois\/79079\/\" \/>\n<meta property=\"og:locale\" content=\"fr_FR\" \/>\n<meta property=\"og:type\" content=\"article\" \/>\n<meta property=\"og:title\" content=\"Seize Laur\u00e9ats pour le Prix national de la construction bois\" \/>\n<meta property=\"og:description\" content=\"A l&rsquo;initiative de France Bois For\u00eat (FBF), du r\u00e9seau des Interprofessions (IRB) et du Comit\u00e9 national pour le d\u00e9veloppement du bois, le Prix national de la construction bois a \u00e9t\u00e9 cr\u00e9\u00e9 afin de regrouper l&rsquo;ensemble des palmar\u00e8s r\u00e9gionaux, les palmar\u00e8s du salon Maison Bois d&rsquo;Angers et du CNDB. Ce prix r\u00e9compense les architectes, les constructeurs, [&hellip;]\" \/>\n<meta property=\"og:url\" content=\"https:\/\/batijournal.com\/index.php\/seize-laureats-pour-le-prix-national-de-la-construction-bois\/79079\/\" \/>\n<meta property=\"og:site_name\" content=\"Batijournal\" \/>\n<meta property=\"article:published_time\" content=\"2013-06-25T14:07:02+00:00\" \/>\n<meta property=\"article:modified_time\" content=\"2015-03-04T16:50:15+00:00\" \/>\n<meta name=\"author\" content=\"Bati-journal\" \/>\n<meta name=\"twitter:card\" content=\"summary_large_image\" \/>\n<meta name=\"twitter:creator\" content=\"@bati_journal\" \/>\n<meta name=\"twitter:site\" content=\"@bati_journal\" \/>\n<meta name=\"twitter:label1\" content=\"\u00c9crit par\" \/>\n\t<meta name=\"twitter:data1\" content=\"Bati-journal\" \/>\n\t<meta name=\"twitter:label2\" content=\"Dur\u00e9e de lecture estim\u00e9e\" \/>\n\t<meta name=\"twitter:data2\" content=\"1 minute\" \/>\n<script type=\"application\/ld+json\" class=\"yoast-schema-graph\">{\"@context\":\"https:\\\/\\\/schema.org\",\"@graph\":[{\"@type\":\"Article\",\"@id\":\"https:\\\/\\\/batijournal.com\\\/index.php\\\/seize-laureats-pour-le-prix-national-de-la-construction-bois\\\/79079\\\/#article\",\"isPartOf\":{\"@id\":\"https:\\\/\\\/batijournal.com\\\/index.php\\\/seize-laureats-pour-le-prix-national-de-la-construction-bois\\\/79079\\\/\"},\"author\":{\"name\":\"Bati-journal\",\"@id\":\"https:\\\/\\\/batijournal.com\\\/#\\\/schema\\\/person\\\/6a657e8967569e1b299972574848aa76\"},\"headline\":\"Seize Laur\u00e9ats pour le Prix national de la construction bois\",\"datePublished\":\"2013-06-25T14:07:02+00:00\",\"dateModified\":\"2015-03-04T16:50:15+00:00\",\"mainEntityOfPage\":{\"@id\":\"https:\\\/\\\/batijournal.com\\\/index.php\\\/seize-laureats-pour-le-prix-national-de-la-construction-bois\\\/79079\\\/\"},\"wordCount\":258,\"commentCount\":0,\"keywords\":[\"concours\",\"construction bois\"],\"articleSection\":[\"\u00c9v\u00e9nements\"],\"inLanguage\":\"fr-FR\",\"potentialAction\":[{\"@type\":\"CommentAction\",\"name\":\"Comment\",\"target\":[\"https:\\\/\\\/batijournal.com\\\/index.php\\\/seize-laureats-pour-le-prix-national-de-la-construction-bois\\\/79079\\\/#respond\"]}]},{\"@type\":\"WebPage\",\"@id\":\"https:\\\/\\\/batijournal.com\\\/index.php\\\/seize-laureats-pour-le-prix-national-de-la-construction-bois\\\/79079\\\/\",\"url\":\"https:\\\/\\\/batijournal.com\\\/index.php\\\/seize-laureats-pour-le-prix-national-de-la-construction-bois\\\/79079\\\/\",\"name\":\"Seize Laur\u00e9ats pour le Prix national de la construction bois\",\"isPartOf\":{\"@id\":\"https:\\\/\\\/batijournal.com\\\/#website\"},\"datePublished\":\"2013-06-25T14:07:02+00:00\",\"dateModified\":\"2015-03-04T16:50:15+00:00\",\"author\":{\"@id\":\"https:\\\/\\\/batijournal.com\\\/#\\\/schema\\\/person\\\/6a657e8967569e1b299972574848aa76\"},\"breadcrumb\":{\"@id\":\"https:\\\/\\\/batijournal.com\\\/index.php\\\/seize-laureats-pour-le-prix-national-de-la-construction-bois\\\/79079\\\/#breadcrumb\"},\"inLanguage\":\"fr-FR\",\"potentialAction\":[{\"@type\":\"ReadAction\",\"target\":[\"https:\\\/\\\/batijournal.com\\\/index.php\\\/seize-laureats-pour-le-prix-national-de-la-construction-bois\\\/79079\\\/\"]}]},{\"@type\":\"BreadcrumbList\",\"@id\":\"https:\\\/\\\/batijournal.com\\\/index.php\\\/seize-laureats-pour-le-prix-national-de-la-construction-bois\\\/79079\\\/#breadcrumb\",\"itemListElement\":[{\"@type\":\"ListItem\",\"position\":1,\"name\":\"Accueil\",\"item\":\"https:\\\/\\\/batijournal.com\\\/\"},{\"@type\":\"ListItem\",\"position\":2,\"name\":\"\u00c9v\u00e9nements\",\"item\":\"https:\\\/\\\/batijournal.com\\\/index.php\\\/category\\\/evenements\\\/\"},{\"@type\":\"ListItem\",\"position\":3,\"name\":\"Seize Laur\u00e9ats pour le Prix national de la construction bois\"}]},{\"@type\":\"WebSite\",\"@id\":\"https:\\\/\\\/batijournal.com\\\/#website\",\"url\":\"https:\\\/\\\/batijournal.com\\\/\",\"name\":\"Batijournal\",\"description\":\"L&#039;actualit\u00e9 du b\u00e2timent\",\"potentialAction\":[{\"@type\":\"SearchAction\",\"target\":{\"@type\":\"EntryPoint\",\"urlTemplate\":\"https:\\\/\\\/batijournal.com\\\/?s={search_term_string}\"},\"query-input\":{\"@type\":\"PropertyValueSpecification\",\"valueRequired\":true,\"valueName\":\"search_term_string\"}}],\"inLanguage\":\"fr-FR\"},{\"@type\":\"Person\",\"@id\":\"https:\\\/\\\/batijournal.com\\\/#\\\/schema\\\/person\\\/6a657e8967569e1b299972574848aa76\",\"name\":\"Bati-journal\",\"image\":{\"@type\":\"ImageObject\",\"inLanguage\":\"fr-FR\",\"@id\":\"https:\\\/\\\/secure.gravatar.com\\\/avatar\\\/a64364ea26392f9b4dd47e017ddaec74ff03aefc073b49e492e847201258f777?s=96&d=mm&r=g\",\"url\":\"https:\\\/\\\/secure.gravatar.com\\\/avatar\\\/a64364ea26392f9b4dd47e017ddaec74ff03aefc073b49e492e847201258f777?s=96&d=mm&r=g\",\"contentUrl\":\"https:\\\/\\\/secure.gravatar.com\\\/avatar\\\/a64364ea26392f9b4dd47e017ddaec74ff03aefc073b49e492e847201258f777?s=96&d=mm&r=g\",\"caption\":\"Bati-journal\"},\"url\":\"https:\\\/\\\/batijournal.com\\\/index.php\\\/author\\\/elodie\\\/\"}]}<\/script>\n<!-- \/ Yoast SEO plugin. -->","yoast_head_json":{"title":"Seize Laur\u00e9ats pour le Prix national de la construction bois","robots":{"index":"index","follow":"follow","max-snippet":"max-snippet:-1","max-image-preview":"max-image-preview:large","max-video-preview":"max-video-preview:-1"},"canonical":"https:\/\/batijournal.com\/index.php\/seize-laureats-pour-le-prix-national-de-la-construction-bois\/79079\/","og_locale":"fr_FR","og_type":"article","og_title":"Seize Laur\u00e9ats pour le Prix national de la construction bois","og_description":"A l&rsquo;initiative de France Bois For\u00eat (FBF), du r\u00e9seau des Interprofessions (IRB) et du Comit\u00e9 national pour le d\u00e9veloppement du bois, le Prix national de la construction bois a \u00e9t\u00e9 cr\u00e9\u00e9 afin de regrouper l&rsquo;ensemble des palmar\u00e8s r\u00e9gionaux, les palmar\u00e8s du salon Maison Bois d&rsquo;Angers et du CNDB. Ce prix r\u00e9compense les architectes, les constructeurs, [&hellip;]","og_url":"https:\/\/batijournal.com\/index.php\/seize-laureats-pour-le-prix-national-de-la-construction-bois\/79079\/","og_site_name":"Batijournal","article_published_time":"2013-06-25T14:07:02+00:00","article_modified_time":"2015-03-04T16:50:15+00:00","author":"Bati-journal","twitter_card":"summary_large_image","twitter_creator":"@bati_journal","twitter_site":"@bati_journal","twitter_misc":{"\u00c9crit par":"Bati-journal","Dur\u00e9e de lecture estim\u00e9e":"1 minute"},"schema":{"@context":"https:\/\/schema.org","@graph":[{"@type":"Article","@id":"https:\/\/batijournal.com\/index.php\/seize-laureats-pour-le-prix-national-de-la-construction-bois\/79079\/#article","isPartOf":{"@id":"https:\/\/batijournal.com\/index.php\/seize-laureats-pour-le-prix-national-de-la-construction-bois\/79079\/"},"author":{"name":"Bati-journal","@id":"https:\/\/batijournal.com\/#\/schema\/person\/6a657e8967569e1b299972574848aa76"},"headline":"Seize Laur\u00e9ats pour le Prix national de la construction bois","datePublished":"2013-06-25T14:07:02+00:00","dateModified":"2015-03-04T16:50:15+00:00","mainEntityOfPage":{"@id":"https:\/\/batijournal.com\/index.php\/seize-laureats-pour-le-prix-national-de-la-construction-bois\/79079\/"},"wordCount":258,"commentCount":0,"keywords":["concours","construction bois"],"articleSection":["\u00c9v\u00e9nements"],"inLanguage":"fr-FR","potentialAction":[{"@type":"CommentAction","name":"Comment","target":["https:\/\/batijournal.com\/index.php\/seize-laureats-pour-le-prix-national-de-la-construction-bois\/79079\/#respond"]}]},{"@type":"WebPage","@id":"https:\/\/batijournal.com\/index.php\/seize-laureats-pour-le-prix-national-de-la-construction-bois\/79079\/","url":"https:\/\/batijournal.com\/index.php\/seize-laureats-pour-le-prix-national-de-la-construction-bois\/79079\/","name":"Seize Laur\u00e9ats pour le Prix national de la construction bois","isPartOf":{"@id":"https:\/\/batijournal.com\/#website"},"datePublished":"2013-06-25T14:07:02+00:00","dateModified":"2015-03-04T16:50:15+00:00","author":{"@id":"https:\/\/batijournal.com\/#\/schema\/person\/6a657e8967569e1b299972574848aa76"},"breadcrumb":{"@id":"https:\/\/batijournal.com\/index.php\/seize-laureats-pour-le-prix-national-de-la-construction-bois\/79079\/#breadcrumb"},"inLanguage":"fr-FR","potentialAction":[{"@type":"ReadAction","target":["https:\/\/batijournal.com\/index.php\/seize-laureats-pour-le-prix-national-de-la-construction-bois\/79079\/"]}]},{"@type":"BreadcrumbList","@id":"https:\/\/batijournal.com\/index.php\/seize-laureats-pour-le-prix-national-de-la-construction-bois\/79079\/#breadcrumb","itemListElement":[{"@type":"ListItem","position":1,"name":"Accueil","item":"https:\/\/batijournal.com\/"},{"@type":"ListItem","position":2,"name":"\u00c9v\u00e9nements","item":"https:\/\/batijournal.com\/index.php\/category\/evenements\/"},{"@type":"ListItem","position":3,"name":"Seize Laur\u00e9ats pour le Prix national de la construction bois"}]},{"@type":"WebSite","@id":"https:\/\/batijournal.com\/#website","url":"https:\/\/batijournal.com\/","name":"Batijournal","description":"L&#039;actualit\u00e9 du b\u00e2timent","potentialAction":[{"@type":"SearchAction","target":{"@type":"EntryPoint","urlTemplate":"https:\/\/batijournal.com\/?s={search_term_string}"},"query-input":{"@type":"PropertyValueSpecification","valueRequired":true,"valueName":"search_term_string"}}],"inLanguage":"fr-FR"},{"@type":"Person","@id":"https:\/\/batijournal.com\/#\/schema\/person\/6a657e8967569e1b299972574848aa76","name":"Bati-journal","image":{"@type":"ImageObject","inLanguage":"fr-FR","@id":"https:\/\/secure.gravatar.com\/avatar\/a64364ea26392f9b4dd47e017ddaec74ff03aefc073b49e492e847201258f777?s=96&d=mm&r=g","url":"https:\/\/secure.gravatar.com\/avatar\/a64364ea26392f9b4dd47e017ddaec74ff03aefc073b49e492e847201258f777?s=96&d=mm&r=g","contentUrl":"https:\/\/secure.gravatar.com\/avatar\/a64364ea26392f9b4dd47e017ddaec74ff03aefc073b49e492e847201258f777?s=96&d=mm&r=g","caption":"Bati-journal"},"url":"https:\/\/batijournal.com\/index.php\/author\/elodie\/"}]}},"_links":{"self":[{"href":"https:\/\/batijournal.com\/index.php\/wp-json\/wp\/v2\/posts\/79079","targetHints":{"allow":["GET"]}}],"collection":[{"href":"https:\/\/batijournal.com\/index.php\/wp-json\/wp\/v2\/posts"}],"about":[{"href":"https:\/\/batijournal.com\/index.php\/wp-json\/wp\/v2\/types\/post"}],"author":[{"embeddable":true,"href":"https:\/\/batijournal.com\/index.php\/wp-json\/wp\/v2\/users\/1"}],"replies":[{"embeddable":true,"href":"https:\/\/batijournal.com\/index.php\/wp-json\/wp\/v2\/comments?post=79079"}],"version-history":[{"count":0,"href":"https:\/\/batijournal.com\/index.php\/wp-json\/wp\/v2\/posts\/79079\/revisions"}],"wp:attachment":[{"href":"https:\/\/batijournal.com\/index.php\/wp-json\/wp\/v2\/media?parent=79079"}],"wp:term":[{"taxonomy":"category","embeddable":true,"href":"https:\/\/batijournal.com\/index.php\/wp-json\/wp\/v2\/categories?post=79079"},{"taxonomy":"post_tag","embeddable":true,"href":"https:\/\/batijournal.com\/index.php\/wp-json\/wp\/v2\/tags?post=79079"}],"curies":[{"name":"wp","href":"https:\/\/api.w.org\/{rel}","templated":true}]}}