{"id":79085,"date":"2013-06-25T16:14:39","date_gmt":"2013-06-25T14:14:39","guid":{"rendered":"http:\/\/b.bati-journal.com\/defis-du-bois-2012\/79085"},"modified":"2015-03-04T17:54:48","modified_gmt":"2015-03-04T16:54:48","slug":"defis-du-bois-2012","status":"publish","type":"post","link":"https:\/\/batijournal.com\/index.php\/defis-du-bois-2012\/79085\/","title":{"rendered":"D\u00e9fis du Bois 2012"},"content":{"rendered":"<p>La prochaine \u00e9dition des D\u00e9fis du Bois se d\u00e9roulera \u00e0 Epinal, du 18 au 25 mai 2012. Cette \u00e9preuve initiatique et cr\u00e9ative aura lieu dans une carri\u00e8re de gr\u00e8s, en plein centre-ville, et r\u00e9unira dix \u00e9quipes de cinq jeunes ing\u00e9nieurs et architectes venus du monde entier. Tous recevront les m\u00eames outils et la m\u00eame qualit\u00e9 volontairement limit\u00e9e de mat\u00e9riaux pour r\u00e9aliser une \u00a6uvre aussi technique qu&rsquo;esth\u00e9tique, en relation avec le sujet propos\u00e9 par une \u00e9quipe p\u00e9dagogique internationale et pluridisciplinaire sp\u00e9cialis\u00e9e dans le bois. Les organisateurs ont d\u00e9cid\u00e9 cette fois d&rsquo;imposer aux candidats l&rsquo;utilisation des mat\u00e9riaux bois de r\u00e9cup\u00e9ration en donnant aux D\u00e9fis un nouvel objectif : faire plus avec moins. Organis\u00e9e par l&rsquo;ENSA-Nancy et l&rsquo;ENSTIB (universit\u00e9 de Lorraine) en partenariat avec le Critt bois et l&rsquo;ENSA-Strasbourg, cette manifestation b\u00e9n\u00e9ficie du soutien de la Ville d&rsquo;Epinal, du conseil g\u00e9n\u00e9ral des Vosges, de la r\u00e9gion Lorraine et de nombreux partenaires industriels. Une aide particuli\u00e8re est apport\u00e9e par la F\u00e9d\u00e9ration fran\u00e7aise du b\u00e2timent (Charpentes 21).<\/p>\n<p><span style=\"font-size: medium;\"><a href=\"http:\/\/www.d\u00e9fisbois.fr\" target=\"_blank\">www.d\u00e9fisbois.fr<\/a><\/span><\/p>\n","protected":false},"excerpt":{"rendered":"<p>La prochaine \u00e9dition des D\u00e9fis du Bois se d\u00e9roulera \u00e0 Epinal, du 18 au 25 mai 2012. Cette \u00e9preuve initiatique et cr\u00e9ative aura lieu dans une carri\u00e8re de gr\u00e8s, en plein centre-ville, et r\u00e9unira dix \u00e9quipes de cinq jeunes ing\u00e9nieurs et architectes venus du monde entier. Tous recevront les m\u00eames outils et la m\u00eame qualit\u00e9 [&hellip;]<\/p>\n","protected":false},"author":1,"featured_media":79086,"comment_status":"open","ping_status":"closed","sticky":false,"template":"","format":"standard","meta":{"_et_pb_use_builder":"","_et_pb_old_content":"","_et_gb_content_width":"","footnotes":""},"categories":[9192],"tags":[3957],"class_list":["post-79085","post","type-post","status-publish","format-standard","has-post-thumbnail","hentry","category-evenements","tag-defis-du-bois"],"yoast_head":"<!-- This site is optimized with the Yoast SEO plugin v27.4 - https:\/\/yoast.com\/product\/yoast-seo-wordpress\/ -->\n<title>D\u00e9fis du Bois 2012<\/title>\n<meta name=\"robots\" content=\"index, follow, max-snippet:-1, max-image-preview:large, max-video-preview:-1\" \/>\n<link rel=\"canonical\" href=\"https:\/\/batijournal.com\/index.php\/defis-du-bois-2012\/79085\/\" \/>\n<meta property=\"og:locale\" content=\"fr_FR\" \/>\n<meta property=\"og:type\" content=\"article\" \/>\n<meta property=\"og:title\" content=\"D\u00e9fis du Bois 2012\" \/>\n<meta property=\"og:description\" content=\"La prochaine \u00e9dition des D\u00e9fis du Bois se d\u00e9roulera \u00e0 Epinal, du 18 au 25 mai 2012. Cette \u00e9preuve initiatique et cr\u00e9ative aura lieu dans une carri\u00e8re de gr\u00e8s, en plein centre-ville, et r\u00e9unira dix \u00e9quipes de cinq jeunes ing\u00e9nieurs et architectes venus du monde entier. Tous recevront les m\u00eames outils et la m\u00eame qualit\u00e9 [&hellip;]\" \/>\n<meta property=\"og:url\" content=\"https:\/\/batijournal.com\/index.php\/defis-du-bois-2012\/79085\/\" \/>\n<meta property=\"og:site_name\" content=\"Batijournal\" \/>\n<meta property=\"article:published_time\" content=\"2013-06-25T14:14:39+00:00\" \/>\n<meta property=\"article:modified_time\" content=\"2015-03-04T16:54:48+00:00\" \/>\n<meta property=\"og:image\" content=\"https:\/\/batijournal.com\/wp-content\/uploads\/2015\/03\/42358399.jpg\" \/>\n\t<meta property=\"og:image:width\" content=\"600\" \/>\n\t<meta property=\"og:image:height\" content=\"192\" \/>\n\t<meta property=\"og:image:type\" content=\"image\/jpeg\" \/>\n<meta name=\"author\" content=\"Bati-journal\" \/>\n<meta name=\"twitter:card\" content=\"summary_large_image\" \/>\n<meta name=\"twitter:creator\" content=\"@bati_journal\" \/>\n<meta name=\"twitter:site\" content=\"@bati_journal\" \/>\n<meta name=\"twitter:label1\" content=\"\u00c9crit par\" \/>\n\t<meta name=\"twitter:data1\" content=\"Bati-journal\" \/>\n\t<meta name=\"twitter:label2\" content=\"Dur\u00e9e de lecture estim\u00e9e\" \/>\n\t<meta name=\"twitter:data2\" content=\"1 minute\" \/>\n<script type=\"application\/ld+json\" class=\"yoast-schema-graph\">{\"@context\":\"https:\\\/\\\/schema.org\",\"@graph\":[{\"@type\":\"Article\",\"@id\":\"https:\\\/\\\/batijournal.com\\\/index.php\\\/defis-du-bois-2012\\\/79085\\\/#article\",\"isPartOf\":{\"@id\":\"https:\\\/\\\/batijournal.com\\\/index.php\\\/defis-du-bois-2012\\\/79085\\\/\"},\"author\":{\"name\":\"Bati-journal\",\"@id\":\"https:\\\/\\\/batijournal.com\\\/#\\\/schema\\\/person\\\/6a657e8967569e1b299972574848aa76\"},\"headline\":\"D\u00e9fis du Bois 2012\",\"datePublished\":\"2013-06-25T14:14:39+00:00\",\"dateModified\":\"2015-03-04T16:54:48+00:00\",\"mainEntityOfPage\":{\"@id\":\"https:\\\/\\\/batijournal.com\\\/index.php\\\/defis-du-bois-2012\\\/79085\\\/\"},\"wordCount\":204,\"commentCount\":0,\"image\":{\"@id\":\"https:\\\/\\\/batijournal.com\\\/index.php\\\/defis-du-bois-2012\\\/79085\\\/#primaryimage\"},\"thumbnailUrl\":\"https:\\\/\\\/batijournal.com\\\/wp-content\\\/uploads\\\/2015\\\/03\\\/42358399.jpg\",\"keywords\":[\"D\u00e9fis du Bois\"],\"articleSection\":[\"\u00c9v\u00e9nements\"],\"inLanguage\":\"fr-FR\",\"potentialAction\":[{\"@type\":\"CommentAction\",\"name\":\"Comment\",\"target\":[\"https:\\\/\\\/batijournal.com\\\/index.php\\\/defis-du-bois-2012\\\/79085\\\/#respond\"]}]},{\"@type\":\"WebPage\",\"@id\":\"https:\\\/\\\/batijournal.com\\\/index.php\\\/defis-du-bois-2012\\\/79085\\\/\",\"url\":\"https:\\\/\\\/batijournal.com\\\/index.php\\\/defis-du-bois-2012\\\/79085\\\/\",\"name\":\"D\u00e9fis du Bois 2012\",\"isPartOf\":{\"@id\":\"https:\\\/\\\/batijournal.com\\\/#website\"},\"primaryImageOfPage\":{\"@id\":\"https:\\\/\\\/batijournal.com\\\/index.php\\\/defis-du-bois-2012\\\/79085\\\/#primaryimage\"},\"image\":{\"@id\":\"https:\\\/\\\/batijournal.com\\\/index.php\\\/defis-du-bois-2012\\\/79085\\\/#primaryimage\"},\"thumbnailUrl\":\"https:\\\/\\\/batijournal.com\\\/wp-content\\\/uploads\\\/2015\\\/03\\\/42358399.jpg\",\"datePublished\":\"2013-06-25T14:14:39+00:00\",\"dateModified\":\"2015-03-04T16:54:48+00:00\",\"author\":{\"@id\":\"https:\\\/\\\/batijournal.com\\\/#\\\/schema\\\/person\\\/6a657e8967569e1b299972574848aa76\"},\"breadcrumb\":{\"@id\":\"https:\\\/\\\/batijournal.com\\\/index.php\\\/defis-du-bois-2012\\\/79085\\\/#breadcrumb\"},\"inLanguage\":\"fr-FR\",\"potentialAction\":[{\"@type\":\"ReadAction\",\"target\":[\"https:\\\/\\\/batijournal.com\\\/index.php\\\/defis-du-bois-2012\\\/79085\\\/\"]}]},{\"@type\":\"ImageObject\",\"inLanguage\":\"fr-FR\",\"@id\":\"https:\\\/\\\/batijournal.com\\\/index.php\\\/defis-du-bois-2012\\\/79085\\\/#primaryimage\",\"url\":\"https:\\\/\\\/batijournal.com\\\/wp-content\\\/uploads\\\/2015\\\/03\\\/42358399.jpg\",\"contentUrl\":\"https:\\\/\\\/batijournal.com\\\/wp-content\\\/uploads\\\/2015\\\/03\\\/42358399.jpg\",\"width\":600,\"height\":192},{\"@type\":\"BreadcrumbList\",\"@id\":\"https:\\\/\\\/batijournal.com\\\/index.php\\\/defis-du-bois-2012\\\/79085\\\/#breadcrumb\",\"itemListElement\":[{\"@type\":\"ListItem\",\"position\":1,\"name\":\"Accueil\",\"item\":\"https:\\\/\\\/batijournal.com\\\/\"},{\"@type\":\"ListItem\",\"position\":2,\"name\":\"\u00c9v\u00e9nements\",\"item\":\"https:\\\/\\\/batijournal.com\\\/index.php\\\/category\\\/evenements\\\/\"},{\"@type\":\"ListItem\",\"position\":3,\"name\":\"D\u00e9fis du Bois 2012\"}]},{\"@type\":\"WebSite\",\"@id\":\"https:\\\/\\\/batijournal.com\\\/#website\",\"url\":\"https:\\\/\\\/batijournal.com\\\/\",\"name\":\"Batijournal\",\"description\":\"L&#039;actualit\u00e9 du b\u00e2timent\",\"potentialAction\":[{\"@type\":\"SearchAction\",\"target\":{\"@type\":\"EntryPoint\",\"urlTemplate\":\"https:\\\/\\\/batijournal.com\\\/?s={search_term_string}\"},\"query-input\":{\"@type\":\"PropertyValueSpecification\",\"valueRequired\":true,\"valueName\":\"search_term_string\"}}],\"inLanguage\":\"fr-FR\"},{\"@type\":\"Person\",\"@id\":\"https:\\\/\\\/batijournal.com\\\/#\\\/schema\\\/person\\\/6a657e8967569e1b299972574848aa76\",\"name\":\"Bati-journal\",\"image\":{\"@type\":\"ImageObject\",\"inLanguage\":\"fr-FR\",\"@id\":\"https:\\\/\\\/secure.gravatar.com\\\/avatar\\\/a64364ea26392f9b4dd47e017ddaec74ff03aefc073b49e492e847201258f777?s=96&d=mm&r=g\",\"url\":\"https:\\\/\\\/secure.gravatar.com\\\/avatar\\\/a64364ea26392f9b4dd47e017ddaec74ff03aefc073b49e492e847201258f777?s=96&d=mm&r=g\",\"contentUrl\":\"https:\\\/\\\/secure.gravatar.com\\\/avatar\\\/a64364ea26392f9b4dd47e017ddaec74ff03aefc073b49e492e847201258f777?s=96&d=mm&r=g\",\"caption\":\"Bati-journal\"},\"url\":\"https:\\\/\\\/batijournal.com\\\/index.php\\\/author\\\/elodie\\\/\"}]}<\/script>\n<!-- \/ Yoast SEO plugin. -->","yoast_head_json":{"title":"D\u00e9fis du Bois 2012","robots":{"index":"index","follow":"follow","max-snippet":"max-snippet:-1","max-image-preview":"max-image-preview:large","max-video-preview":"max-video-preview:-1"},"canonical":"https:\/\/batijournal.com\/index.php\/defis-du-bois-2012\/79085\/","og_locale":"fr_FR","og_type":"article","og_title":"D\u00e9fis du Bois 2012","og_description":"La prochaine \u00e9dition des D\u00e9fis du Bois se d\u00e9roulera \u00e0 Epinal, du 18 au 25 mai 2012. Cette \u00e9preuve initiatique et cr\u00e9ative aura lieu dans une carri\u00e8re de gr\u00e8s, en plein centre-ville, et r\u00e9unira dix \u00e9quipes de cinq jeunes ing\u00e9nieurs et architectes venus du monde entier. Tous recevront les m\u00eames outils et la m\u00eame qualit\u00e9 [&hellip;]","og_url":"https:\/\/batijournal.com\/index.php\/defis-du-bois-2012\/79085\/","og_site_name":"Batijournal","article_published_time":"2013-06-25T14:14:39+00:00","article_modified_time":"2015-03-04T16:54:48+00:00","og_image":[{"width":600,"height":192,"url":"https:\/\/batijournal.com\/wp-content\/uploads\/2015\/03\/42358399.jpg","type":"image\/jpeg"}],"author":"Bati-journal","twitter_card":"summary_large_image","twitter_creator":"@bati_journal","twitter_site":"@bati_journal","twitter_misc":{"\u00c9crit par":"Bati-journal","Dur\u00e9e de lecture estim\u00e9e":"1 minute"},"schema":{"@context":"https:\/\/schema.org","@graph":[{"@type":"Article","@id":"https:\/\/batijournal.com\/index.php\/defis-du-bois-2012\/79085\/#article","isPartOf":{"@id":"https:\/\/batijournal.com\/index.php\/defis-du-bois-2012\/79085\/"},"author":{"name":"Bati-journal","@id":"https:\/\/batijournal.com\/#\/schema\/person\/6a657e8967569e1b299972574848aa76"},"headline":"D\u00e9fis du Bois 2012","datePublished":"2013-06-25T14:14:39+00:00","dateModified":"2015-03-04T16:54:48+00:00","mainEntityOfPage":{"@id":"https:\/\/batijournal.com\/index.php\/defis-du-bois-2012\/79085\/"},"wordCount":204,"commentCount":0,"image":{"@id":"https:\/\/batijournal.com\/index.php\/defis-du-bois-2012\/79085\/#primaryimage"},"thumbnailUrl":"https:\/\/batijournal.com\/wp-content\/uploads\/2015\/03\/42358399.jpg","keywords":["D\u00e9fis du Bois"],"articleSection":["\u00c9v\u00e9nements"],"inLanguage":"fr-FR","potentialAction":[{"@type":"CommentAction","name":"Comment","target":["https:\/\/batijournal.com\/index.php\/defis-du-bois-2012\/79085\/#respond"]}]},{"@type":"WebPage","@id":"https:\/\/batijournal.com\/index.php\/defis-du-bois-2012\/79085\/","url":"https:\/\/batijournal.com\/index.php\/defis-du-bois-2012\/79085\/","name":"D\u00e9fis du Bois 2012","isPartOf":{"@id":"https:\/\/batijournal.com\/#website"},"primaryImageOfPage":{"@id":"https:\/\/batijournal.com\/index.php\/defis-du-bois-2012\/79085\/#primaryimage"},"image":{"@id":"https:\/\/batijournal.com\/index.php\/defis-du-bois-2012\/79085\/#primaryimage"},"thumbnailUrl":"https:\/\/batijournal.com\/wp-content\/uploads\/2015\/03\/42358399.jpg","datePublished":"2013-06-25T14:14:39+00:00","dateModified":"2015-03-04T16:54:48+00:00","author":{"@id":"https:\/\/batijournal.com\/#\/schema\/person\/6a657e8967569e1b299972574848aa76"},"breadcrumb":{"@id":"https:\/\/batijournal.com\/index.php\/defis-du-bois-2012\/79085\/#breadcrumb"},"inLanguage":"fr-FR","potentialAction":[{"@type":"ReadAction","target":["https:\/\/batijournal.com\/index.php\/defis-du-bois-2012\/79085\/"]}]},{"@type":"ImageObject","inLanguage":"fr-FR","@id":"https:\/\/batijournal.com\/index.php\/defis-du-bois-2012\/79085\/#primaryimage","url":"https:\/\/batijournal.com\/wp-content\/uploads\/2015\/03\/42358399.jpg","contentUrl":"https:\/\/batijournal.com\/wp-content\/uploads\/2015\/03\/42358399.jpg","width":600,"height":192},{"@type":"BreadcrumbList","@id":"https:\/\/batijournal.com\/index.php\/defis-du-bois-2012\/79085\/#breadcrumb","itemListElement":[{"@type":"ListItem","position":1,"name":"Accueil","item":"https:\/\/batijournal.com\/"},{"@type":"ListItem","position":2,"name":"\u00c9v\u00e9nements","item":"https:\/\/batijournal.com\/index.php\/category\/evenements\/"},{"@type":"ListItem","position":3,"name":"D\u00e9fis du Bois 2012"}]},{"@type":"WebSite","@id":"https:\/\/batijournal.com\/#website","url":"https:\/\/batijournal.com\/","name":"Batijournal","description":"L&#039;actualit\u00e9 du b\u00e2timent","potentialAction":[{"@type":"SearchAction","target":{"@type":"EntryPoint","urlTemplate":"https:\/\/batijournal.com\/?s={search_term_string}"},"query-input":{"@type":"PropertyValueSpecification","valueRequired":true,"valueName":"search_term_string"}}],"inLanguage":"fr-FR"},{"@type":"Person","@id":"https:\/\/batijournal.com\/#\/schema\/person\/6a657e8967569e1b299972574848aa76","name":"Bati-journal","image":{"@type":"ImageObject","inLanguage":"fr-FR","@id":"https:\/\/secure.gravatar.com\/avatar\/a64364ea26392f9b4dd47e017ddaec74ff03aefc073b49e492e847201258f777?s=96&d=mm&r=g","url":"https:\/\/secure.gravatar.com\/avatar\/a64364ea26392f9b4dd47e017ddaec74ff03aefc073b49e492e847201258f777?s=96&d=mm&r=g","contentUrl":"https:\/\/secure.gravatar.com\/avatar\/a64364ea26392f9b4dd47e017ddaec74ff03aefc073b49e492e847201258f777?s=96&d=mm&r=g","caption":"Bati-journal"},"url":"https:\/\/batijournal.com\/index.php\/author\/elodie\/"}]}},"_links":{"self":[{"href":"https:\/\/batijournal.com\/index.php\/wp-json\/wp\/v2\/posts\/79085","targetHints":{"allow":["GET"]}}],"collection":[{"href":"https:\/\/batijournal.com\/index.php\/wp-json\/wp\/v2\/posts"}],"about":[{"href":"https:\/\/batijournal.com\/index.php\/wp-json\/wp\/v2\/types\/post"}],"author":[{"embeddable":true,"href":"https:\/\/batijournal.com\/index.php\/wp-json\/wp\/v2\/users\/1"}],"replies":[{"embeddable":true,"href":"https:\/\/batijournal.com\/index.php\/wp-json\/wp\/v2\/comments?post=79085"}],"version-history":[{"count":0,"href":"https:\/\/batijournal.com\/index.php\/wp-json\/wp\/v2\/posts\/79085\/revisions"}],"wp:featuredmedia":[{"embeddable":true,"href":"https:\/\/batijournal.com\/index.php\/wp-json\/wp\/v2\/media\/79086"}],"wp:attachment":[{"href":"https:\/\/batijournal.com\/index.php\/wp-json\/wp\/v2\/media?parent=79085"}],"wp:term":[{"taxonomy":"category","embeddable":true,"href":"https:\/\/batijournal.com\/index.php\/wp-json\/wp\/v2\/categories?post=79085"},{"taxonomy":"post_tag","embeddable":true,"href":"https:\/\/batijournal.com\/index.php\/wp-json\/wp\/v2\/tags?post=79085"}],"curies":[{"name":"wp","href":"https:\/\/api.w.org\/{rel}","templated":true}]}}