{"id":79185,"date":"2013-11-15T08:16:00","date_gmt":"2013-11-15T07:16:00","guid":{"rendered":"http:\/\/b.bati-journal.com\/franche-comte-les-prix-de-linitiative-filiere-bois-2013\/79185"},"modified":"2015-03-05T11:28:16","modified_gmt":"2015-03-05T10:28:16","slug":"franche-comte-les-prix-de-linitiative-filiere-bois-2013","status":"publish","type":"post","link":"https:\/\/batijournal.com\/index.php\/franche-comte-les-prix-de-linitiative-filiere-bois-2013\/79185\/","title":{"rendered":"Franche-Comt\u00e9 : les Prix de l&rsquo;Initiative fili\u00e8re bois 2013"},"content":{"rendered":"<h4>Dans le cadre des 3\u00e8mes assises de la fili\u00e8re For\u00eat-Bois, l&rsquo;ADIB organise la seconde \u00e9dition des Prix de l&rsquo;Initiative.<\/h4>\n<p>Inscrit dans le cadre du Contrat d&rsquo;Aide \u00e0 la Comp\u00e9titivit\u00e9, ce concours a pour principaux objectifs de mettre en exergue le dynamisme et les savoir-faire des acteurs de la r\u00e9gion. Les Prix de l&rsquo;Initiative vont r\u00e9compenser 5 initiatives de 5 acteurs de la fili\u00e8re dans 5 cat\u00e9gories et, notamment, \u00ab Environnement \u00bb (r\u00e9alisation des produits \u00e9co-con\u00e7us, am\u00e9lioration de l&rsquo;efficacit\u00e9 \u00e9nerg\u00e9tique d&rsquo;un produit ou d&rsquo;une r\u00e9alisation, gestion durable et utilisation de la ressource locale) ou encore \u00ab Innovation \u00bb (process, produits ou services innovants&#8230;). Toute entreprise de la fili\u00e8re peut participer \u00e0 cette comp\u00e9tition. Les dossiers de candidatures doivent \u00eatre envoy\u00e9s avant le 31 janvier 2014. La d\u00e9cision du jury sera prise courant mars 2014.<\/p>\n<p><a href=\"http:\/\/www.adib-franche-comte.com\/Actualite\/115-prix-initiative.html\" target=\"_blank\"><span style=\"font-size: medium;\">T\u00e9l\u00e9charger le r\u00e8glement et le dossier de candidature.<\/span><\/a><\/p>\n","protected":false},"excerpt":{"rendered":"<p>Dans le cadre des 3\u00e8mes assises de la fili\u00e8re For\u00eat-Bois, l&rsquo;ADIB organise la seconde \u00e9dition des Prix de l&rsquo;Initiative. Inscrit dans le cadre du Contrat d&rsquo;Aide \u00e0 la Comp\u00e9titivit\u00e9, ce concours a pour principaux objectifs de mettre en exergue le dynamisme et les savoir-faire des acteurs de la r\u00e9gion. Les Prix de l&rsquo;Initiative vont r\u00e9compenser [&hellip;]<\/p>\n","protected":false},"author":1,"featured_media":79186,"comment_status":"open","ping_status":"closed","sticky":false,"template":"","format":"standard","meta":{"_et_pb_use_builder":"","_et_pb_old_content":"","_et_gb_content_width":"","footnotes":""},"categories":[9192],"tags":[11005,6516],"class_list":["post-79185","post","type-post","status-publish","format-standard","has-post-thumbnail","hentry","category-evenements","tag-concours","tag-franche-comte"],"yoast_head":"<!-- This site is optimized with the Yoast SEO plugin v27.4 - https:\/\/yoast.com\/product\/yoast-seo-wordpress\/ -->\n<title>Franche-Comt\u00e9 : les Prix de l&#039;Initiative fili\u00e8re bois 2013<\/title>\n<meta name=\"robots\" content=\"index, follow, max-snippet:-1, max-image-preview:large, max-video-preview:-1\" \/>\n<link rel=\"canonical\" href=\"https:\/\/batijournal.com\/index.php\/franche-comte-les-prix-de-linitiative-filiere-bois-2013\/79185\/\" \/>\n<meta property=\"og:locale\" content=\"fr_FR\" \/>\n<meta property=\"og:type\" content=\"article\" \/>\n<meta property=\"og:title\" content=\"Franche-Comt\u00e9 : les Prix de l&#039;Initiative fili\u00e8re bois 2013\" \/>\n<meta property=\"og:description\" content=\"Dans le cadre des 3\u00e8mes assises de la fili\u00e8re For\u00eat-Bois, l&rsquo;ADIB organise la seconde \u00e9dition des Prix de l&rsquo;Initiative. Inscrit dans le cadre du Contrat d&rsquo;Aide \u00e0 la Comp\u00e9titivit\u00e9, ce concours a pour principaux objectifs de mettre en exergue le dynamisme et les savoir-faire des acteurs de la r\u00e9gion. Les Prix de l&rsquo;Initiative vont r\u00e9compenser [&hellip;]\" \/>\n<meta property=\"og:url\" content=\"https:\/\/batijournal.com\/index.php\/franche-comte-les-prix-de-linitiative-filiere-bois-2013\/79185\/\" \/>\n<meta property=\"og:site_name\" content=\"Batijournal\" \/>\n<meta property=\"article:published_time\" content=\"2013-11-15T07:16:00+00:00\" \/>\n<meta property=\"article:modified_time\" content=\"2015-03-05T10:28:16+00:00\" \/>\n<meta property=\"og:image\" content=\"https:\/\/batijournal.com\/wp-content\/uploads\/2015\/03\/74464287.jpg\" \/>\n\t<meta property=\"og:image:width\" content=\"600\" \/>\n\t<meta property=\"og:image:height\" content=\"271\" \/>\n\t<meta property=\"og:image:type\" content=\"image\/jpeg\" \/>\n<meta name=\"author\" content=\"Bati-journal\" \/>\n<meta name=\"twitter:card\" content=\"summary_large_image\" \/>\n<meta name=\"twitter:creator\" content=\"@bati_journal\" \/>\n<meta name=\"twitter:site\" content=\"@bati_journal\" \/>\n<meta name=\"twitter:label1\" content=\"\u00c9crit par\" \/>\n\t<meta name=\"twitter:data1\" content=\"Bati-journal\" \/>\n\t<meta name=\"twitter:label2\" content=\"Dur\u00e9e de lecture estim\u00e9e\" \/>\n\t<meta name=\"twitter:data2\" content=\"1 minute\" \/>\n<script type=\"application\/ld+json\" class=\"yoast-schema-graph\">{\"@context\":\"https:\\\/\\\/schema.org\",\"@graph\":[{\"@type\":\"Article\",\"@id\":\"https:\\\/\\\/batijournal.com\\\/index.php\\\/franche-comte-les-prix-de-linitiative-filiere-bois-2013\\\/79185\\\/#article\",\"isPartOf\":{\"@id\":\"https:\\\/\\\/batijournal.com\\\/index.php\\\/franche-comte-les-prix-de-linitiative-filiere-bois-2013\\\/79185\\\/\"},\"author\":{\"name\":\"Bati-journal\",\"@id\":\"https:\\\/\\\/batijournal.com\\\/#\\\/schema\\\/person\\\/6a657e8967569e1b299972574848aa76\"},\"headline\":\"Franche-Comt\u00e9 : les Prix de l&rsquo;Initiative fili\u00e8re bois 2013\",\"datePublished\":\"2013-11-15T07:16:00+00:00\",\"dateModified\":\"2015-03-05T10:28:16+00:00\",\"mainEntityOfPage\":{\"@id\":\"https:\\\/\\\/batijournal.com\\\/index.php\\\/franche-comte-les-prix-de-linitiative-filiere-bois-2013\\\/79185\\\/\"},\"wordCount\":164,\"commentCount\":0,\"image\":{\"@id\":\"https:\\\/\\\/batijournal.com\\\/index.php\\\/franche-comte-les-prix-de-linitiative-filiere-bois-2013\\\/79185\\\/#primaryimage\"},\"thumbnailUrl\":\"https:\\\/\\\/batijournal.com\\\/wp-content\\\/uploads\\\/2015\\\/03\\\/74464287.jpg\",\"keywords\":[\"concours\",\"franche comte\"],\"articleSection\":[\"\u00c9v\u00e9nements\"],\"inLanguage\":\"fr-FR\",\"potentialAction\":[{\"@type\":\"CommentAction\",\"name\":\"Comment\",\"target\":[\"https:\\\/\\\/batijournal.com\\\/index.php\\\/franche-comte-les-prix-de-linitiative-filiere-bois-2013\\\/79185\\\/#respond\"]}]},{\"@type\":\"WebPage\",\"@id\":\"https:\\\/\\\/batijournal.com\\\/index.php\\\/franche-comte-les-prix-de-linitiative-filiere-bois-2013\\\/79185\\\/\",\"url\":\"https:\\\/\\\/batijournal.com\\\/index.php\\\/franche-comte-les-prix-de-linitiative-filiere-bois-2013\\\/79185\\\/\",\"name\":\"Franche-Comt\u00e9 : les Prix de l'Initiative fili\u00e8re bois 2013\",\"isPartOf\":{\"@id\":\"https:\\\/\\\/batijournal.com\\\/#website\"},\"primaryImageOfPage\":{\"@id\":\"https:\\\/\\\/batijournal.com\\\/index.php\\\/franche-comte-les-prix-de-linitiative-filiere-bois-2013\\\/79185\\\/#primaryimage\"},\"image\":{\"@id\":\"https:\\\/\\\/batijournal.com\\\/index.php\\\/franche-comte-les-prix-de-linitiative-filiere-bois-2013\\\/79185\\\/#primaryimage\"},\"thumbnailUrl\":\"https:\\\/\\\/batijournal.com\\\/wp-content\\\/uploads\\\/2015\\\/03\\\/74464287.jpg\",\"datePublished\":\"2013-11-15T07:16:00+00:00\",\"dateModified\":\"2015-03-05T10:28:16+00:00\",\"author\":{\"@id\":\"https:\\\/\\\/batijournal.com\\\/#\\\/schema\\\/person\\\/6a657e8967569e1b299972574848aa76\"},\"breadcrumb\":{\"@id\":\"https:\\\/\\\/batijournal.com\\\/index.php\\\/franche-comte-les-prix-de-linitiative-filiere-bois-2013\\\/79185\\\/#breadcrumb\"},\"inLanguage\":\"fr-FR\",\"potentialAction\":[{\"@type\":\"ReadAction\",\"target\":[\"https:\\\/\\\/batijournal.com\\\/index.php\\\/franche-comte-les-prix-de-linitiative-filiere-bois-2013\\\/79185\\\/\"]}]},{\"@type\":\"ImageObject\",\"inLanguage\":\"fr-FR\",\"@id\":\"https:\\\/\\\/batijournal.com\\\/index.php\\\/franche-comte-les-prix-de-linitiative-filiere-bois-2013\\\/79185\\\/#primaryimage\",\"url\":\"https:\\\/\\\/batijournal.com\\\/wp-content\\\/uploads\\\/2015\\\/03\\\/74464287.jpg\",\"contentUrl\":\"https:\\\/\\\/batijournal.com\\\/wp-content\\\/uploads\\\/2015\\\/03\\\/74464287.jpg\",\"width\":600,\"height\":271},{\"@type\":\"BreadcrumbList\",\"@id\":\"https:\\\/\\\/batijournal.com\\\/index.php\\\/franche-comte-les-prix-de-linitiative-filiere-bois-2013\\\/79185\\\/#breadcrumb\",\"itemListElement\":[{\"@type\":\"ListItem\",\"position\":1,\"name\":\"Accueil\",\"item\":\"https:\\\/\\\/batijournal.com\\\/\"},{\"@type\":\"ListItem\",\"position\":2,\"name\":\"\u00c9v\u00e9nements\",\"item\":\"https:\\\/\\\/batijournal.com\\\/index.php\\\/category\\\/evenements\\\/\"},{\"@type\":\"ListItem\",\"position\":3,\"name\":\"Franche-Comt\u00e9 : les Prix de l&rsquo;Initiative fili\u00e8re bois 2013\"}]},{\"@type\":\"WebSite\",\"@id\":\"https:\\\/\\\/batijournal.com\\\/#website\",\"url\":\"https:\\\/\\\/batijournal.com\\\/\",\"name\":\"Batijournal\",\"description\":\"L&#039;actualit\u00e9 du b\u00e2timent\",\"potentialAction\":[{\"@type\":\"SearchAction\",\"target\":{\"@type\":\"EntryPoint\",\"urlTemplate\":\"https:\\\/\\\/batijournal.com\\\/?s={search_term_string}\"},\"query-input\":{\"@type\":\"PropertyValueSpecification\",\"valueRequired\":true,\"valueName\":\"search_term_string\"}}],\"inLanguage\":\"fr-FR\"},{\"@type\":\"Person\",\"@id\":\"https:\\\/\\\/batijournal.com\\\/#\\\/schema\\\/person\\\/6a657e8967569e1b299972574848aa76\",\"name\":\"Bati-journal\",\"image\":{\"@type\":\"ImageObject\",\"inLanguage\":\"fr-FR\",\"@id\":\"https:\\\/\\\/secure.gravatar.com\\\/avatar\\\/a64364ea26392f9b4dd47e017ddaec74ff03aefc073b49e492e847201258f777?s=96&d=mm&r=g\",\"url\":\"https:\\\/\\\/secure.gravatar.com\\\/avatar\\\/a64364ea26392f9b4dd47e017ddaec74ff03aefc073b49e492e847201258f777?s=96&d=mm&r=g\",\"contentUrl\":\"https:\\\/\\\/secure.gravatar.com\\\/avatar\\\/a64364ea26392f9b4dd47e017ddaec74ff03aefc073b49e492e847201258f777?s=96&d=mm&r=g\",\"caption\":\"Bati-journal\"},\"url\":\"https:\\\/\\\/batijournal.com\\\/index.php\\\/author\\\/elodie\\\/\"}]}<\/script>\n<!-- \/ Yoast SEO plugin. -->","yoast_head_json":{"title":"Franche-Comt\u00e9 : les Prix de l'Initiative fili\u00e8re bois 2013","robots":{"index":"index","follow":"follow","max-snippet":"max-snippet:-1","max-image-preview":"max-image-preview:large","max-video-preview":"max-video-preview:-1"},"canonical":"https:\/\/batijournal.com\/index.php\/franche-comte-les-prix-de-linitiative-filiere-bois-2013\/79185\/","og_locale":"fr_FR","og_type":"article","og_title":"Franche-Comt\u00e9 : les Prix de l'Initiative fili\u00e8re bois 2013","og_description":"Dans le cadre des 3\u00e8mes assises de la fili\u00e8re For\u00eat-Bois, l&rsquo;ADIB organise la seconde \u00e9dition des Prix de l&rsquo;Initiative. Inscrit dans le cadre du Contrat d&rsquo;Aide \u00e0 la Comp\u00e9titivit\u00e9, ce concours a pour principaux objectifs de mettre en exergue le dynamisme et les savoir-faire des acteurs de la r\u00e9gion. Les Prix de l&rsquo;Initiative vont r\u00e9compenser [&hellip;]","og_url":"https:\/\/batijournal.com\/index.php\/franche-comte-les-prix-de-linitiative-filiere-bois-2013\/79185\/","og_site_name":"Batijournal","article_published_time":"2013-11-15T07:16:00+00:00","article_modified_time":"2015-03-05T10:28:16+00:00","og_image":[{"width":600,"height":271,"url":"https:\/\/batijournal.com\/wp-content\/uploads\/2015\/03\/74464287.jpg","type":"image\/jpeg"}],"author":"Bati-journal","twitter_card":"summary_large_image","twitter_creator":"@bati_journal","twitter_site":"@bati_journal","twitter_misc":{"\u00c9crit par":"Bati-journal","Dur\u00e9e de lecture estim\u00e9e":"1 minute"},"schema":{"@context":"https:\/\/schema.org","@graph":[{"@type":"Article","@id":"https:\/\/batijournal.com\/index.php\/franche-comte-les-prix-de-linitiative-filiere-bois-2013\/79185\/#article","isPartOf":{"@id":"https:\/\/batijournal.com\/index.php\/franche-comte-les-prix-de-linitiative-filiere-bois-2013\/79185\/"},"author":{"name":"Bati-journal","@id":"https:\/\/batijournal.com\/#\/schema\/person\/6a657e8967569e1b299972574848aa76"},"headline":"Franche-Comt\u00e9 : les Prix de l&rsquo;Initiative fili\u00e8re bois 2013","datePublished":"2013-11-15T07:16:00+00:00","dateModified":"2015-03-05T10:28:16+00:00","mainEntityOfPage":{"@id":"https:\/\/batijournal.com\/index.php\/franche-comte-les-prix-de-linitiative-filiere-bois-2013\/79185\/"},"wordCount":164,"commentCount":0,"image":{"@id":"https:\/\/batijournal.com\/index.php\/franche-comte-les-prix-de-linitiative-filiere-bois-2013\/79185\/#primaryimage"},"thumbnailUrl":"https:\/\/batijournal.com\/wp-content\/uploads\/2015\/03\/74464287.jpg","keywords":["concours","franche comte"],"articleSection":["\u00c9v\u00e9nements"],"inLanguage":"fr-FR","potentialAction":[{"@type":"CommentAction","name":"Comment","target":["https:\/\/batijournal.com\/index.php\/franche-comte-les-prix-de-linitiative-filiere-bois-2013\/79185\/#respond"]}]},{"@type":"WebPage","@id":"https:\/\/batijournal.com\/index.php\/franche-comte-les-prix-de-linitiative-filiere-bois-2013\/79185\/","url":"https:\/\/batijournal.com\/index.php\/franche-comte-les-prix-de-linitiative-filiere-bois-2013\/79185\/","name":"Franche-Comt\u00e9 : les Prix de l'Initiative fili\u00e8re bois 2013","isPartOf":{"@id":"https:\/\/batijournal.com\/#website"},"primaryImageOfPage":{"@id":"https:\/\/batijournal.com\/index.php\/franche-comte-les-prix-de-linitiative-filiere-bois-2013\/79185\/#primaryimage"},"image":{"@id":"https:\/\/batijournal.com\/index.php\/franche-comte-les-prix-de-linitiative-filiere-bois-2013\/79185\/#primaryimage"},"thumbnailUrl":"https:\/\/batijournal.com\/wp-content\/uploads\/2015\/03\/74464287.jpg","datePublished":"2013-11-15T07:16:00+00:00","dateModified":"2015-03-05T10:28:16+00:00","author":{"@id":"https:\/\/batijournal.com\/#\/schema\/person\/6a657e8967569e1b299972574848aa76"},"breadcrumb":{"@id":"https:\/\/batijournal.com\/index.php\/franche-comte-les-prix-de-linitiative-filiere-bois-2013\/79185\/#breadcrumb"},"inLanguage":"fr-FR","potentialAction":[{"@type":"ReadAction","target":["https:\/\/batijournal.com\/index.php\/franche-comte-les-prix-de-linitiative-filiere-bois-2013\/79185\/"]}]},{"@type":"ImageObject","inLanguage":"fr-FR","@id":"https:\/\/batijournal.com\/index.php\/franche-comte-les-prix-de-linitiative-filiere-bois-2013\/79185\/#primaryimage","url":"https:\/\/batijournal.com\/wp-content\/uploads\/2015\/03\/74464287.jpg","contentUrl":"https:\/\/batijournal.com\/wp-content\/uploads\/2015\/03\/74464287.jpg","width":600,"height":271},{"@type":"BreadcrumbList","@id":"https:\/\/batijournal.com\/index.php\/franche-comte-les-prix-de-linitiative-filiere-bois-2013\/79185\/#breadcrumb","itemListElement":[{"@type":"ListItem","position":1,"name":"Accueil","item":"https:\/\/batijournal.com\/"},{"@type":"ListItem","position":2,"name":"\u00c9v\u00e9nements","item":"https:\/\/batijournal.com\/index.php\/category\/evenements\/"},{"@type":"ListItem","position":3,"name":"Franche-Comt\u00e9 : les Prix de l&rsquo;Initiative fili\u00e8re bois 2013"}]},{"@type":"WebSite","@id":"https:\/\/batijournal.com\/#website","url":"https:\/\/batijournal.com\/","name":"Batijournal","description":"L&#039;actualit\u00e9 du b\u00e2timent","potentialAction":[{"@type":"SearchAction","target":{"@type":"EntryPoint","urlTemplate":"https:\/\/batijournal.com\/?s={search_term_string}"},"query-input":{"@type":"PropertyValueSpecification","valueRequired":true,"valueName":"search_term_string"}}],"inLanguage":"fr-FR"},{"@type":"Person","@id":"https:\/\/batijournal.com\/#\/schema\/person\/6a657e8967569e1b299972574848aa76","name":"Bati-journal","image":{"@type":"ImageObject","inLanguage":"fr-FR","@id":"https:\/\/secure.gravatar.com\/avatar\/a64364ea26392f9b4dd47e017ddaec74ff03aefc073b49e492e847201258f777?s=96&d=mm&r=g","url":"https:\/\/secure.gravatar.com\/avatar\/a64364ea26392f9b4dd47e017ddaec74ff03aefc073b49e492e847201258f777?s=96&d=mm&r=g","contentUrl":"https:\/\/secure.gravatar.com\/avatar\/a64364ea26392f9b4dd47e017ddaec74ff03aefc073b49e492e847201258f777?s=96&d=mm&r=g","caption":"Bati-journal"},"url":"https:\/\/batijournal.com\/index.php\/author\/elodie\/"}]}},"_links":{"self":[{"href":"https:\/\/batijournal.com\/index.php\/wp-json\/wp\/v2\/posts\/79185","targetHints":{"allow":["GET"]}}],"collection":[{"href":"https:\/\/batijournal.com\/index.php\/wp-json\/wp\/v2\/posts"}],"about":[{"href":"https:\/\/batijournal.com\/index.php\/wp-json\/wp\/v2\/types\/post"}],"author":[{"embeddable":true,"href":"https:\/\/batijournal.com\/index.php\/wp-json\/wp\/v2\/users\/1"}],"replies":[{"embeddable":true,"href":"https:\/\/batijournal.com\/index.php\/wp-json\/wp\/v2\/comments?post=79185"}],"version-history":[{"count":0,"href":"https:\/\/batijournal.com\/index.php\/wp-json\/wp\/v2\/posts\/79185\/revisions"}],"wp:featuredmedia":[{"embeddable":true,"href":"https:\/\/batijournal.com\/index.php\/wp-json\/wp\/v2\/media\/79186"}],"wp:attachment":[{"href":"https:\/\/batijournal.com\/index.php\/wp-json\/wp\/v2\/media?parent=79185"}],"wp:term":[{"taxonomy":"category","embeddable":true,"href":"https:\/\/batijournal.com\/index.php\/wp-json\/wp\/v2\/categories?post=79185"},{"taxonomy":"post_tag","embeddable":true,"href":"https:\/\/batijournal.com\/index.php\/wp-json\/wp\/v2\/tags?post=79185"}],"curies":[{"name":"wp","href":"https:\/\/api.w.org\/{rel}","templated":true}]}}