{"id":79193,"date":"2013-11-26T00:00:00","date_gmt":"2013-11-25T23:00:00","guid":{"rendered":"http:\/\/b.bati-journal.com\/12e-edition-du-palmares-architecture-aluminium\/79193"},"modified":"2015-03-05T16:47:13","modified_gmt":"2015-03-05T15:47:13","slug":"12e-edition-du-palmares-architecture-aluminium","status":"publish","type":"post","link":"https:\/\/batijournal.com\/index.php\/12e-edition-du-palmares-architecture-aluminium\/79193\/","title":{"rendered":"12e \u00e9dition du Palmar\u00e8s Architecture Aluminium"},"content":{"rendered":"<p>La 12e \u00e9dition du Palmar\u00e8s Architecture Aluminium Technal a r\u00e9v\u00e9l\u00e9 les huit r\u00e9alisations prim\u00e9es pour leur architecture originale, leur confort et leur int\u00e9gration \u00e0 l\u2019environnement. Les ma\u00eetres d\u2019\u0153uvre mettant en \u0153uvre les divers profil\u00e9s aluminium du fabricant ont \u00e9t\u00e9 r\u00e9compens\u00e9s dans sept cat\u00e9gories.<\/p>\n<p><a href=\"http:\/\/b.bati-journal.com\/wp-content\/uploads\/2013\/11\/75044394.jpg\"><img loading=\"lazy\" decoding=\"async\" class=\"aligncenter size-full wp-image-86282\" src=\"http:\/\/b.bati-journal.com\/wp-content\/uploads\/2013\/11\/75044394.jpg\" alt=\"75044394\" width=\"600\" height=\"257\" srcset=\"https:\/\/batijournal.com\/wp-content\/uploads\/2013\/11\/75044394.jpg 600w, https:\/\/batijournal.com\/wp-content\/uploads\/2013\/11\/75044394-300x129.jpg 300w\" sizes=\"(max-width: 600px) 100vw, 600px\" \/><\/a><\/p>\n<dl class=\"gallery-item\">\n<dd class=\"gallery-caption\">Prix \u00c9tudier : p\u00f4le \u00e9ducatif et culturel, Pau (64)<br \/>\n\u2013 Ma\u00eetre d\u2019ouvrage : Commune de Pau et Soci\u00e9t\u00e9 d\u2019\u00e9quipement des pays de l\u2019Adour<br \/>\n\u2013 Ma\u00eetre d\u2019\u0153uvre : Marjan Hessamfar et Joe V\u00e9rons Architectes Asso-ci\u00e9s (33) ; Camborde Architectes (cotraitant, 64)<br \/>\n\u2013 Aluminier agr\u00e9\u00e9 Technal : Labast\u00e8re (64)<br \/>\n\u2013 Ch\u00e2ssis fixes ouvrants et oscillo-battant ; 978 m2 de surfaces vitr\u00e9es<br \/>\nCe p\u00f4le f\u00e9d\u00e9rateur r\u00e9unit sept entit\u00e9s d\u00e9di\u00e9es \u00e0 la culture et \u00e0 l\u2019\u00e9ducation. Les mat\u00e9riaux bruts utilis\u00e9s (bois, b\u00e9ton, aluminium et verre) s\u2019int\u00e8grent \u00e0 l\u2019environnement. La lumi\u00e8re naturelle est trait\u00e9e par les fen\u00eatres toute hauteur laqu\u00e9es noires Soleal (profil\u00e9s fins) et des brise-soleil en bois. La m\u00e9diath\u00e8que se distingue par sa seconde peau en alliage de cuivre et d\u2019aluminium.\u00a0Photo : David Helman<\/dd>\n<\/dl>\n<p><a href=\"http:\/\/b.bati-journal.com\/wp-content\/uploads\/2013\/11\/75047979-599x330.jpg\"><img loading=\"lazy\" decoding=\"async\" class=\"aligncenter size-full wp-image-86283\" src=\"http:\/\/b.bati-journal.com\/wp-content\/uploads\/2013\/11\/75047979-599x330.jpg\" alt=\"75047979-599x330\" width=\"599\" height=\"330\" srcset=\"https:\/\/batijournal.com\/wp-content\/uploads\/2013\/11\/75047979-599x330.jpg 599w, https:\/\/batijournal.com\/wp-content\/uploads\/2013\/11\/75047979-599x330-300x165.jpg 300w\" sizes=\"(max-width: 599px) 100vw, 599px\" \/><\/a><\/p>\n<p>Prix S\u2019amuser : m\u00e9diath\u00e8que, Montauban (82)<\/p>\n<p>Aux extr\u00e9mit\u00e9s des deux plateaux de lecture (2e et 3e \u00e9tages), 450 m2 de murs-rideaux G\u00e9ode participent \u00e0 la luminosit\u00e9 int\u00e9rieure, tandis que le rez-de-chauss\u00e9e est dot\u00e9 d\u2019une fa\u00e7ade double peau G\u00e9ode (300 et 280 m2), \u00e9tanche \u00e0 l\u2019air et \u00e0 l\u2019eau, qui prot\u00e8ge thermique-ment le b\u00e2timent. Des menuiseries sur mesure adapt\u00e9es au porte-\u00e0-faux assurent la continuit\u00e9 de la fa\u00e7ade vitr\u00e9e.<br \/>\n&#8211; Ma\u00eetre d\u2019ouvrage : Commune de Montauban<br \/>\n&#8211; Ma\u00eetre d\u2019\u0153uvre : Colboc Franzen et Associ\u00e9s Architectes (75)<br \/>\n&#8211; Aluminier agr\u00e9\u00e9 Technal : Realco (31)<br \/>\n&#8211; Murs-rideaux G\u00e9ode ; 1 030 m2 (trame de 1 200 x 4 700 mm)<\/p>\n<p>Photo : P. Raftery<\/p>\n<p><a href=\"http:\/\/b.bati-journal.com\/wp-content\/uploads\/2013\/11\/75048163-599x330.jpg\"><img loading=\"lazy\" decoding=\"async\" class=\"aligncenter size-full wp-image-86284\" src=\"http:\/\/b.bati-journal.com\/wp-content\/uploads\/2013\/11\/75048163-599x330.jpg\" alt=\"75048163-599x330\" width=\"599\" height=\"330\" srcset=\"https:\/\/batijournal.com\/wp-content\/uploads\/2013\/11\/75048163-599x330.jpg 599w, https:\/\/batijournal.com\/wp-content\/uploads\/2013\/11\/75048163-599x330-300x165.jpg 300w\" sizes=\"(max-width: 599px) 100vw, 599px\" \/><\/a><\/p>\n<p>Prix R\u00e9habiliter Logement individuel : r\u00e9habilitation d&rsquo;un corps de ferme et extension d&rsquo;une maison, Savignac-de-Duras (47)<\/p>\n<p>L\u2019architecture est ici inspir\u00e9e des s\u00e9choirs \u00e0 tabac r\u00e9gionaux. Un bardage en pin Douglas habille l\u2019enveloppe de l\u2019habitat, tandis que les locaux de l\u2019agence d\u2019architectes conservent leurs fa\u00e7ades en pierre calcaire du Castillon. Le bandeau form\u00e9 par les baies aux fins montants de la fa\u00e7ade sud de la maison optimise, avec le d\u00e9bord de toit, l\u2019apport de lumi\u00e8re et de chaleur selon les saisons. La fa\u00e7ade sud-est du b\u00e2ti r\u00e9habilit\u00e9 int\u00e8gre une baie avec une anse de panier. B\u00e2timent HQE et BBC.<br \/>\n&#8211; Ma\u00eetre d\u2019ouvrage : priv\u00e9<br \/>\n&#8211; Ma\u00eetre d\u2019\u0153uvre : Agence Carbonnet Architectes (75)<br \/>\n&#8211; Aluminier agr\u00e9\u00e9 Technal : Labast\u00e8re (33)<br \/>\n&#8211; Fen\u00eatres, portes et ch\u00e2ssis Soleal, coulissants Lumeal (153 m2)<\/p>\n<p>Photo : Carbonnet Architectes<br \/>\n<a href=\"http:\/\/b.bati-journal.com\/wp-content\/uploads\/2013\/11\/75048404-600x330.jpg\"><img loading=\"lazy\" decoding=\"async\" class=\"aligncenter size-full wp-image-86285\" src=\"http:\/\/b.bati-journal.com\/wp-content\/uploads\/2013\/11\/75048404-600x330.jpg\" alt=\"75048404-600x330\" width=\"600\" height=\"330\" srcset=\"https:\/\/batijournal.com\/wp-content\/uploads\/2013\/11\/75048404-600x330.jpg 600w, https:\/\/batijournal.com\/wp-content\/uploads\/2013\/11\/75048404-600x330-300x165.jpg 300w\" sizes=\"(max-width: 600px) 100vw, 600px\" \/><\/a><\/p>\n<p>Prix R\u00e9habiliter Logement individuel : maison individuelle, Bordeaux (33)<\/p>\n<p>La charpente en bois de 20 m de large et les murs en pierre de taille de ce b\u00e2timent de 400 m2 ont \u00e9t\u00e9 conserv\u00e9s. Trois larges bandeaux de coulissants ont \u00e9t\u00e9 cr\u00e9\u00e9s : deux de 16 m chacun sur un premier patio, un de 18 m en fond de parcelle sur un second patio. Le syst\u00e8me d\u2019ouvrant cach\u00e9 des menuiseries r\u00e9duit les masses visibles. Fa\u00e7ade en zinc en partie haute.<br \/>\n&#8211; Ma\u00eetre d\u2019ouvrage : priv\u00e9<br \/>\n&#8211; Ma\u00eetre d\u2019\u0153uvre : Fabre\/De Marien (33)<br \/>\n&#8211; Aluminier agr\u00e9\u00e9 Technal : Labast\u00e8re (33)<br \/>\n&#8211; Coulissants Lumeal (125 m2)<\/p>\n<p>Photo : St\u00e9phane Chalmeau<\/p>\n<p><a href=\"http:\/\/b.bati-journal.com\/wp-content\/uploads\/2013\/11\/75048424-600x330.jpg\"><img loading=\"lazy\" decoding=\"async\" class=\"aligncenter size-full wp-image-86286\" src=\"http:\/\/b.bati-journal.com\/wp-content\/uploads\/2013\/11\/75048424-600x330.jpg\" alt=\"75048424-600x330\" width=\"600\" height=\"330\" srcset=\"https:\/\/batijournal.com\/wp-content\/uploads\/2013\/11\/75048424-600x330.jpg 600w, https:\/\/batijournal.com\/wp-content\/uploads\/2013\/11\/75048424-600x330-300x165.jpg 300w\" sizes=\"(max-width: 600px) 100vw, 600px\" \/><\/a><\/p>\n<p>Prix Habiter Logement individuel : maison individuelle, Seclin (59)<\/p>\n<p>Les larges baies de l\u2019extension contemporaine de cette maison des ann\u00e9es 1930 sont mises en \u0153uvre sur toute la largeur de la fa\u00e7ade c\u00f4t\u00e9 jardin, soit 20 m2. Leurs lignes fines estompent la fronti\u00e8re entre int\u00e9rieur et ext\u00e9rieur. Deux ch\u00e2ssis d\u2019angle fixes vitr\u00e9s \u00e0 joints coll\u00e9s font la liaison des deux entit\u00e9s de la maison.<br \/>\n&#8211; Ma\u00eetre d\u2019ouvrage : priv\u00e9<br \/>\n&#8211; Ma\u00eetre d\u2019\u0153uvre : Emmanuelle Weiss (59)<br \/>\n&#8211; Aluminier agr\u00e9\u00e9 Technal : Constru (59)<br \/>\n&#8211; Fen\u00eatres et coulissants Soleal (50 m2)<\/p>\n<p>Photo : Julien Lanoo<\/p>\n<p><a href=\"http:\/\/b.bati-journal.com\/wp-content\/uploads\/2013\/11\/75049937-450x330.jpg\"><img loading=\"lazy\" decoding=\"async\" class=\"aligncenter size-full wp-image-86287\" src=\"http:\/\/b.bati-journal.com\/wp-content\/uploads\/2013\/11\/75049937-450x330.jpg\" alt=\"75049937-450x330\" width=\"450\" height=\"330\" srcset=\"https:\/\/batijournal.com\/wp-content\/uploads\/2013\/11\/75049937-450x330.jpg 450w, https:\/\/batijournal.com\/wp-content\/uploads\/2013\/11\/75049937-450x330-300x220.jpg 300w\" sizes=\"(max-width: 450px) 100vw, 450px\" \/><\/a><\/p>\n<p>Prix R\u00e9habiliter Tertiaire : atelier d\u2019architecture T, Toulouse (31)<\/p>\n<p>Les lignes design et carr\u00e9es de ces menuiseries soulignent le style industriel de cet ancienne sacherie pour les \u00e9piceries environnantes \u00e0 l\u2019\u00e9poque. La charpente m\u00e9tallique a \u00e9t\u00e9 conserv\u00e9e pour la m\u00e9moire du lieu et l\u2019identit\u00e9 propre de l\u2019agence d\u2019architecture actuelle. L\u2019apport de lumi\u00e8re naturelle est optimis\u00e9 par deux fa\u00e7ades enti\u00e8rement vitr\u00e9es \u00e0 l\u2019est et \u00e0 l\u2019ouest. Les menuiseries sont habill\u00e9es de brise-soleil verticaux en bois. Ces deux solutions passives r\u00e9gulent les apports solaires, la ventilation et r\u00e9duisent les besoins en chauffage.<br \/>\n&#8211; Ma\u00eetre d\u2019ouvrage : Taillandier Architectes Associ\u00e9s (31)<br \/>\n&#8211; Ma\u00eetre d\u2019\u0153uvre : Taillandier Architectes Associ\u00e9s (31)<br \/>\n&#8211; Aluminier agr\u00e9\u00e9 Technal : Labast\u00e8re (31)<br \/>\n&#8211; Fen\u00eatres fixes, \u00e0 la fran\u00e7aise et \u00e0 soufflets Soleal, portes Soleal (195 m2)<\/p>\n<p>Photo : St\u00e9phane Chalmeau<\/p>\n<p><a href=\"http:\/\/b.bati-journal.com\/wp-content\/uploads\/2013\/11\/75050092-600x330.jpg\"><img loading=\"lazy\" decoding=\"async\" class=\"aligncenter size-full wp-image-86288\" src=\"http:\/\/b.bati-journal.com\/wp-content\/uploads\/2013\/11\/75050092-600x330.jpg\" alt=\"75050092-600x330\" width=\"600\" height=\"330\" srcset=\"https:\/\/batijournal.com\/wp-content\/uploads\/2013\/11\/75050092-600x330.jpg 600w, https:\/\/batijournal.com\/wp-content\/uploads\/2013\/11\/75050092-600x330-300x165.jpg 300w\" sizes=\"(max-width: 600px) 100vw, 600px\" \/><\/a><\/p>\n<p>Prix Habiter Logements collectifs : EHPAD de 80 lits, Miribel-les-\u00c9chelles (38)<\/p>\n<p>Chacune des trois ailes (5 400 m2 au total) de cet \u00e9tablissement pour personnes \u00e2g\u00e9es d\u00e9pendantes multiplie les points de vue sur l\u2019ext\u00e9rieur. Les fa\u00e7ades est sont trait\u00e9es en transparence gr\u00e2ce \u00e0 125 m2 de murs-rideaux. Les fen\u00eatres sont basculantes et antid\u00e9fenestration, tandis que les portes sont dot\u00e9es d\u2019un seuil plat pour le passage des personnes \u00e0 mobilit\u00e9 r\u00e9duite. Quarante ouvertures \u00e0 la fran\u00e7aise facilitent l\u2019entretien des salles communes. La couverture en zinc pr\u00e9patin\u00e9 \u00e0 joint debout se prolonge sur les fa\u00e7ades longitudinales ; sa couleur grise rappelle l\u2019aluminium des menuiseries. Les pignons sud sont habill\u00e9s d\u2019une v\u00eature de bois ajour\u00e9e qui comprend des brise-soleil repliables du m\u00eame mat\u00e9riau.<br \/>\n&#8211; Ma\u00eetre d\u2019ouvrage : centre hospitalier de Saint-Laurent-du-Pont (38)<br \/>\n&#8211; Ma\u00eetre d\u2019\u0153uvre : \u00c9mergence Architecture, mandataire (68) ; GTBA, associ\u00e9 (38)<br \/>\n&#8211; Aluminier agr\u00e9\u00e9 Technal : Borello Isoclair (38)<br \/>\n&#8211; Murs-rideaux G\u00e9ode (335 m2), 120 ch\u00e2ssis et douze portes Soleal, 80 fen\u00eatres Soleal<\/p>\n<p>Photo : J-P Angei<\/p>\n<p><a href=\"http:\/\/b.bati-journal.com\/wp-content\/uploads\/2013\/11\/75050267-600x330.jpg\"><img loading=\"lazy\" decoding=\"async\" class=\"aligncenter size-full wp-image-86289\" src=\"http:\/\/b.bati-journal.com\/wp-content\/uploads\/2013\/11\/75050267-600x330.jpg\" alt=\"75050267-600x330\" width=\"600\" height=\"330\" srcset=\"https:\/\/batijournal.com\/wp-content\/uploads\/2013\/11\/75050267-600x330.jpg 600w, https:\/\/batijournal.com\/wp-content\/uploads\/2013\/11\/75050267-600x330-300x165.jpg 300w\" sizes=\"(max-width: 600px) 100vw, 600px\" \/><\/a><\/p>\n<p>Prix Travailler : extension et r\u00e9am\u00e9nagement d\u2019une mairie, Pr\u00e9serville (31)<\/p>\n<p>L\u2019extension (140 m2) de cette mairie elle-m\u00eame r\u00e9nov\u00e9e en locaux administratifs (200 m2) est traversante et ouvre via un mur-rideau de 42 m2 (l 14 x h 3 m) sur un panorama verdoyant. Un second mur-rideau de 30 m2 (l 10 x h 3 m) habille la fa\u00e7ade du c\u00f4t\u00e9 de l\u2019entr\u00e9e ; ces bandeaux de verre sans trame verticale apparente diffuse la lumi\u00e8re naturelle. Un porte-\u00e0-faux assure la fonction de brise-soleil. Concernant la r\u00e9novation, une porte d\u2019entr\u00e9e et des fen\u00eatres oscillo-battantes Soleal int\u00e8grent des stores v\u00e9nitiens aux vitrages. La finesse et la teinte des profil\u00e9s s\u2019harmonisent avec le b\u00e9ton et le bois de l\u2019extension ainsi que la brique foraine de la fa\u00e7ade r\u00e9nov\u00e9e.<br \/>\n&#8211; Ma\u00eetre d\u2019ouvrage : Commune de Pr\u00e9serville<br \/>\n&#8211; Ma\u00eetre d\u2019\u0153uvre : Philippe Guilbert, mandataire (31) ; Olivier Gorget, associ\u00e9 OPC (31)<br \/>\n&#8211; Aluminier agr\u00e9\u00e9 Technal : Labast\u00e8re (31)<br \/>\n&#8211; Une porte d\u2019entr\u00e9e et dix fen\u00eatres Soleal, 72 m2 de murs-rideaux G\u00e9ode<\/p>\n<p>Photo : P.Guilbert<\/p>\n","protected":false},"excerpt":{"rendered":"<p>La 12e \u00e9dition du Palmar\u00e8s Architecture Aluminium Technal a r\u00e9v\u00e9l\u00e9 les huit r\u00e9alisations prim\u00e9es pour leur architecture originale, leur confort et leur int\u00e9gration \u00e0 l\u2019environnement. Les ma\u00eetres d\u2019\u0153uvre mettant en \u0153uvre les divers profil\u00e9s aluminium du fabricant ont \u00e9t\u00e9 r\u00e9compens\u00e9s dans sept cat\u00e9gories. Prix \u00c9tudier : p\u00f4le \u00e9ducatif et culturel, Pau (64) \u2013 Ma\u00eetre d\u2019ouvrage [&hellip;]<\/p>\n","protected":false},"author":1,"featured_media":79194,"comment_status":"open","ping_status":"closed","sticky":false,"template":"","format":"standard","meta":{"_et_pb_use_builder":"","_et_pb_old_content":"","_et_gb_content_width":"","footnotes":""},"categories":[9192],"tags":[5907],"class_list":["post-79193","post","type-post","status-publish","format-standard","has-post-thumbnail","hentry","category-evenements","tag-palmares-architecture-aluminium"],"yoast_head":"<!-- This site is optimized with the Yoast SEO plugin v27.4 - https:\/\/yoast.com\/product\/yoast-seo-wordpress\/ -->\n<title>12e \u00e9dition du Palmar\u00e8s Architecture Aluminium<\/title>\n<meta name=\"robots\" content=\"index, follow, max-snippet:-1, max-image-preview:large, max-video-preview:-1\" \/>\n<link rel=\"canonical\" href=\"https:\/\/batijournal.com\/index.php\/12e-edition-du-palmares-architecture-aluminium\/79193\/\" \/>\n<meta property=\"og:locale\" content=\"fr_FR\" \/>\n<meta property=\"og:type\" content=\"article\" \/>\n<meta property=\"og:title\" content=\"12e \u00e9dition du Palmar\u00e8s Architecture Aluminium\" \/>\n<meta property=\"og:description\" content=\"La 12e \u00e9dition du Palmar\u00e8s Architecture Aluminium Technal a r\u00e9v\u00e9l\u00e9 les huit r\u00e9alisations prim\u00e9es pour leur architecture originale, leur confort et leur int\u00e9gration \u00e0 l\u2019environnement. Les ma\u00eetres d\u2019\u0153uvre mettant en \u0153uvre les divers profil\u00e9s aluminium du fabricant ont \u00e9t\u00e9 r\u00e9compens\u00e9s dans sept cat\u00e9gories. Prix \u00c9tudier : p\u00f4le \u00e9ducatif et culturel, Pau (64) \u2013 Ma\u00eetre d\u2019ouvrage [&hellip;]\" \/>\n<meta property=\"og:url\" content=\"https:\/\/batijournal.com\/index.php\/12e-edition-du-palmares-architecture-aluminium\/79193\/\" \/>\n<meta property=\"og:site_name\" content=\"Batijournal\" \/>\n<meta property=\"article:published_time\" content=\"2013-11-25T23:00:00+00:00\" \/>\n<meta property=\"article:modified_time\" content=\"2015-03-05T15:47:13+00:00\" \/>\n<meta property=\"og:image\" content=\"https:\/\/batijournal.com\/wp-content\/uploads\/2015\/03\/75044394.jpg\" \/>\n\t<meta property=\"og:image:width\" content=\"600\" \/>\n\t<meta property=\"og:image:height\" content=\"257\" \/>\n\t<meta property=\"og:image:type\" content=\"image\/jpeg\" \/>\n<meta name=\"author\" content=\"Bati-journal\" \/>\n<meta name=\"twitter:card\" content=\"summary_large_image\" \/>\n<meta name=\"twitter:creator\" content=\"@bati_journal\" \/>\n<meta name=\"twitter:site\" content=\"@bati_journal\" \/>\n<meta name=\"twitter:label1\" content=\"\u00c9crit par\" \/>\n\t<meta name=\"twitter:data1\" content=\"Bati-journal\" \/>\n\t<meta name=\"twitter:label2\" content=\"Dur\u00e9e de lecture estim\u00e9e\" \/>\n\t<meta name=\"twitter:data2\" content=\"6 minutes\" \/>\n<script type=\"application\/ld+json\" class=\"yoast-schema-graph\">{\"@context\":\"https:\\\/\\\/schema.org\",\"@graph\":[{\"@type\":\"Article\",\"@id\":\"https:\\\/\\\/batijournal.com\\\/index.php\\\/12e-edition-du-palmares-architecture-aluminium\\\/79193\\\/#article\",\"isPartOf\":{\"@id\":\"https:\\\/\\\/batijournal.com\\\/index.php\\\/12e-edition-du-palmares-architecture-aluminium\\\/79193\\\/\"},\"author\":{\"name\":\"Bati-journal\",\"@id\":\"https:\\\/\\\/batijournal.com\\\/#\\\/schema\\\/person\\\/6a657e8967569e1b299972574848aa76\"},\"headline\":\"12e \u00e9dition du Palmar\u00e8s Architecture Aluminium\",\"datePublished\":\"2013-11-25T23:00:00+00:00\",\"dateModified\":\"2015-03-05T15:47:13+00:00\",\"mainEntityOfPage\":{\"@id\":\"https:\\\/\\\/batijournal.com\\\/index.php\\\/12e-edition-du-palmares-architecture-aluminium\\\/79193\\\/\"},\"wordCount\":1180,\"commentCount\":0,\"image\":{\"@id\":\"https:\\\/\\\/batijournal.com\\\/index.php\\\/12e-edition-du-palmares-architecture-aluminium\\\/79193\\\/#primaryimage\"},\"thumbnailUrl\":\"https:\\\/\\\/batijournal.com\\\/wp-content\\\/uploads\\\/2015\\\/03\\\/75044394.jpg\",\"keywords\":[\"palmar\u00e8s architecture aluminium\"],\"articleSection\":[\"\u00c9v\u00e9nements\"],\"inLanguage\":\"fr-FR\",\"potentialAction\":[{\"@type\":\"CommentAction\",\"name\":\"Comment\",\"target\":[\"https:\\\/\\\/batijournal.com\\\/index.php\\\/12e-edition-du-palmares-architecture-aluminium\\\/79193\\\/#respond\"]}]},{\"@type\":\"WebPage\",\"@id\":\"https:\\\/\\\/batijournal.com\\\/index.php\\\/12e-edition-du-palmares-architecture-aluminium\\\/79193\\\/\",\"url\":\"https:\\\/\\\/batijournal.com\\\/index.php\\\/12e-edition-du-palmares-architecture-aluminium\\\/79193\\\/\",\"name\":\"12e \u00e9dition du Palmar\u00e8s Architecture Aluminium\",\"isPartOf\":{\"@id\":\"https:\\\/\\\/batijournal.com\\\/#website\"},\"primaryImageOfPage\":{\"@id\":\"https:\\\/\\\/batijournal.com\\\/index.php\\\/12e-edition-du-palmares-architecture-aluminium\\\/79193\\\/#primaryimage\"},\"image\":{\"@id\":\"https:\\\/\\\/batijournal.com\\\/index.php\\\/12e-edition-du-palmares-architecture-aluminium\\\/79193\\\/#primaryimage\"},\"thumbnailUrl\":\"https:\\\/\\\/batijournal.com\\\/wp-content\\\/uploads\\\/2015\\\/03\\\/75044394.jpg\",\"datePublished\":\"2013-11-25T23:00:00+00:00\",\"dateModified\":\"2015-03-05T15:47:13+00:00\",\"author\":{\"@id\":\"https:\\\/\\\/batijournal.com\\\/#\\\/schema\\\/person\\\/6a657e8967569e1b299972574848aa76\"},\"breadcrumb\":{\"@id\":\"https:\\\/\\\/batijournal.com\\\/index.php\\\/12e-edition-du-palmares-architecture-aluminium\\\/79193\\\/#breadcrumb\"},\"inLanguage\":\"fr-FR\",\"potentialAction\":[{\"@type\":\"ReadAction\",\"target\":[\"https:\\\/\\\/batijournal.com\\\/index.php\\\/12e-edition-du-palmares-architecture-aluminium\\\/79193\\\/\"]}]},{\"@type\":\"ImageObject\",\"inLanguage\":\"fr-FR\",\"@id\":\"https:\\\/\\\/batijournal.com\\\/index.php\\\/12e-edition-du-palmares-architecture-aluminium\\\/79193\\\/#primaryimage\",\"url\":\"https:\\\/\\\/batijournal.com\\\/wp-content\\\/uploads\\\/2015\\\/03\\\/75044394.jpg\",\"contentUrl\":\"https:\\\/\\\/batijournal.com\\\/wp-content\\\/uploads\\\/2015\\\/03\\\/75044394.jpg\",\"width\":600,\"height\":257},{\"@type\":\"BreadcrumbList\",\"@id\":\"https:\\\/\\\/batijournal.com\\\/index.php\\\/12e-edition-du-palmares-architecture-aluminium\\\/79193\\\/#breadcrumb\",\"itemListElement\":[{\"@type\":\"ListItem\",\"position\":1,\"name\":\"Accueil\",\"item\":\"https:\\\/\\\/batijournal.com\\\/\"},{\"@type\":\"ListItem\",\"position\":2,\"name\":\"\u00c9v\u00e9nements\",\"item\":\"https:\\\/\\\/batijournal.com\\\/index.php\\\/category\\\/evenements\\\/\"},{\"@type\":\"ListItem\",\"position\":3,\"name\":\"12e \u00e9dition du Palmar\u00e8s Architecture Aluminium\"}]},{\"@type\":\"WebSite\",\"@id\":\"https:\\\/\\\/batijournal.com\\\/#website\",\"url\":\"https:\\\/\\\/batijournal.com\\\/\",\"name\":\"Batijournal\",\"description\":\"L&#039;actualit\u00e9 du b\u00e2timent\",\"potentialAction\":[{\"@type\":\"SearchAction\",\"target\":{\"@type\":\"EntryPoint\",\"urlTemplate\":\"https:\\\/\\\/batijournal.com\\\/?s={search_term_string}\"},\"query-input\":{\"@type\":\"PropertyValueSpecification\",\"valueRequired\":true,\"valueName\":\"search_term_string\"}}],\"inLanguage\":\"fr-FR\"},{\"@type\":\"Person\",\"@id\":\"https:\\\/\\\/batijournal.com\\\/#\\\/schema\\\/person\\\/6a657e8967569e1b299972574848aa76\",\"name\":\"Bati-journal\",\"image\":{\"@type\":\"ImageObject\",\"inLanguage\":\"fr-FR\",\"@id\":\"https:\\\/\\\/secure.gravatar.com\\\/avatar\\\/a64364ea26392f9b4dd47e017ddaec74ff03aefc073b49e492e847201258f777?s=96&d=mm&r=g\",\"url\":\"https:\\\/\\\/secure.gravatar.com\\\/avatar\\\/a64364ea26392f9b4dd47e017ddaec74ff03aefc073b49e492e847201258f777?s=96&d=mm&r=g\",\"contentUrl\":\"https:\\\/\\\/secure.gravatar.com\\\/avatar\\\/a64364ea26392f9b4dd47e017ddaec74ff03aefc073b49e492e847201258f777?s=96&d=mm&r=g\",\"caption\":\"Bati-journal\"},\"url\":\"https:\\\/\\\/batijournal.com\\\/index.php\\\/author\\\/elodie\\\/\"}]}<\/script>\n<!-- \/ Yoast SEO plugin. -->","yoast_head_json":{"title":"12e \u00e9dition du Palmar\u00e8s Architecture Aluminium","robots":{"index":"index","follow":"follow","max-snippet":"max-snippet:-1","max-image-preview":"max-image-preview:large","max-video-preview":"max-video-preview:-1"},"canonical":"https:\/\/batijournal.com\/index.php\/12e-edition-du-palmares-architecture-aluminium\/79193\/","og_locale":"fr_FR","og_type":"article","og_title":"12e \u00e9dition du Palmar\u00e8s Architecture Aluminium","og_description":"La 12e \u00e9dition du Palmar\u00e8s Architecture Aluminium Technal a r\u00e9v\u00e9l\u00e9 les huit r\u00e9alisations prim\u00e9es pour leur architecture originale, leur confort et leur int\u00e9gration \u00e0 l\u2019environnement. Les ma\u00eetres d\u2019\u0153uvre mettant en \u0153uvre les divers profil\u00e9s aluminium du fabricant ont \u00e9t\u00e9 r\u00e9compens\u00e9s dans sept cat\u00e9gories. Prix \u00c9tudier : p\u00f4le \u00e9ducatif et culturel, Pau (64) \u2013 Ma\u00eetre d\u2019ouvrage [&hellip;]","og_url":"https:\/\/batijournal.com\/index.php\/12e-edition-du-palmares-architecture-aluminium\/79193\/","og_site_name":"Batijournal","article_published_time":"2013-11-25T23:00:00+00:00","article_modified_time":"2015-03-05T15:47:13+00:00","og_image":[{"width":600,"height":257,"url":"https:\/\/batijournal.com\/wp-content\/uploads\/2015\/03\/75044394.jpg","type":"image\/jpeg"}],"author":"Bati-journal","twitter_card":"summary_large_image","twitter_creator":"@bati_journal","twitter_site":"@bati_journal","twitter_misc":{"\u00c9crit par":"Bati-journal","Dur\u00e9e de lecture estim\u00e9e":"6 minutes"},"schema":{"@context":"https:\/\/schema.org","@graph":[{"@type":"Article","@id":"https:\/\/batijournal.com\/index.php\/12e-edition-du-palmares-architecture-aluminium\/79193\/#article","isPartOf":{"@id":"https:\/\/batijournal.com\/index.php\/12e-edition-du-palmares-architecture-aluminium\/79193\/"},"author":{"name":"Bati-journal","@id":"https:\/\/batijournal.com\/#\/schema\/person\/6a657e8967569e1b299972574848aa76"},"headline":"12e \u00e9dition du Palmar\u00e8s Architecture Aluminium","datePublished":"2013-11-25T23:00:00+00:00","dateModified":"2015-03-05T15:47:13+00:00","mainEntityOfPage":{"@id":"https:\/\/batijournal.com\/index.php\/12e-edition-du-palmares-architecture-aluminium\/79193\/"},"wordCount":1180,"commentCount":0,"image":{"@id":"https:\/\/batijournal.com\/index.php\/12e-edition-du-palmares-architecture-aluminium\/79193\/#primaryimage"},"thumbnailUrl":"https:\/\/batijournal.com\/wp-content\/uploads\/2015\/03\/75044394.jpg","keywords":["palmar\u00e8s architecture aluminium"],"articleSection":["\u00c9v\u00e9nements"],"inLanguage":"fr-FR","potentialAction":[{"@type":"CommentAction","name":"Comment","target":["https:\/\/batijournal.com\/index.php\/12e-edition-du-palmares-architecture-aluminium\/79193\/#respond"]}]},{"@type":"WebPage","@id":"https:\/\/batijournal.com\/index.php\/12e-edition-du-palmares-architecture-aluminium\/79193\/","url":"https:\/\/batijournal.com\/index.php\/12e-edition-du-palmares-architecture-aluminium\/79193\/","name":"12e \u00e9dition du Palmar\u00e8s Architecture Aluminium","isPartOf":{"@id":"https:\/\/batijournal.com\/#website"},"primaryImageOfPage":{"@id":"https:\/\/batijournal.com\/index.php\/12e-edition-du-palmares-architecture-aluminium\/79193\/#primaryimage"},"image":{"@id":"https:\/\/batijournal.com\/index.php\/12e-edition-du-palmares-architecture-aluminium\/79193\/#primaryimage"},"thumbnailUrl":"https:\/\/batijournal.com\/wp-content\/uploads\/2015\/03\/75044394.jpg","datePublished":"2013-11-25T23:00:00+00:00","dateModified":"2015-03-05T15:47:13+00:00","author":{"@id":"https:\/\/batijournal.com\/#\/schema\/person\/6a657e8967569e1b299972574848aa76"},"breadcrumb":{"@id":"https:\/\/batijournal.com\/index.php\/12e-edition-du-palmares-architecture-aluminium\/79193\/#breadcrumb"},"inLanguage":"fr-FR","potentialAction":[{"@type":"ReadAction","target":["https:\/\/batijournal.com\/index.php\/12e-edition-du-palmares-architecture-aluminium\/79193\/"]}]},{"@type":"ImageObject","inLanguage":"fr-FR","@id":"https:\/\/batijournal.com\/index.php\/12e-edition-du-palmares-architecture-aluminium\/79193\/#primaryimage","url":"https:\/\/batijournal.com\/wp-content\/uploads\/2015\/03\/75044394.jpg","contentUrl":"https:\/\/batijournal.com\/wp-content\/uploads\/2015\/03\/75044394.jpg","width":600,"height":257},{"@type":"BreadcrumbList","@id":"https:\/\/batijournal.com\/index.php\/12e-edition-du-palmares-architecture-aluminium\/79193\/#breadcrumb","itemListElement":[{"@type":"ListItem","position":1,"name":"Accueil","item":"https:\/\/batijournal.com\/"},{"@type":"ListItem","position":2,"name":"\u00c9v\u00e9nements","item":"https:\/\/batijournal.com\/index.php\/category\/evenements\/"},{"@type":"ListItem","position":3,"name":"12e \u00e9dition du Palmar\u00e8s Architecture Aluminium"}]},{"@type":"WebSite","@id":"https:\/\/batijournal.com\/#website","url":"https:\/\/batijournal.com\/","name":"Batijournal","description":"L&#039;actualit\u00e9 du b\u00e2timent","potentialAction":[{"@type":"SearchAction","target":{"@type":"EntryPoint","urlTemplate":"https:\/\/batijournal.com\/?s={search_term_string}"},"query-input":{"@type":"PropertyValueSpecification","valueRequired":true,"valueName":"search_term_string"}}],"inLanguage":"fr-FR"},{"@type":"Person","@id":"https:\/\/batijournal.com\/#\/schema\/person\/6a657e8967569e1b299972574848aa76","name":"Bati-journal","image":{"@type":"ImageObject","inLanguage":"fr-FR","@id":"https:\/\/secure.gravatar.com\/avatar\/a64364ea26392f9b4dd47e017ddaec74ff03aefc073b49e492e847201258f777?s=96&d=mm&r=g","url":"https:\/\/secure.gravatar.com\/avatar\/a64364ea26392f9b4dd47e017ddaec74ff03aefc073b49e492e847201258f777?s=96&d=mm&r=g","contentUrl":"https:\/\/secure.gravatar.com\/avatar\/a64364ea26392f9b4dd47e017ddaec74ff03aefc073b49e492e847201258f777?s=96&d=mm&r=g","caption":"Bati-journal"},"url":"https:\/\/batijournal.com\/index.php\/author\/elodie\/"}]}},"_links":{"self":[{"href":"https:\/\/batijournal.com\/index.php\/wp-json\/wp\/v2\/posts\/79193","targetHints":{"allow":["GET"]}}],"collection":[{"href":"https:\/\/batijournal.com\/index.php\/wp-json\/wp\/v2\/posts"}],"about":[{"href":"https:\/\/batijournal.com\/index.php\/wp-json\/wp\/v2\/types\/post"}],"author":[{"embeddable":true,"href":"https:\/\/batijournal.com\/index.php\/wp-json\/wp\/v2\/users\/1"}],"replies":[{"embeddable":true,"href":"https:\/\/batijournal.com\/index.php\/wp-json\/wp\/v2\/comments?post=79193"}],"version-history":[{"count":0,"href":"https:\/\/batijournal.com\/index.php\/wp-json\/wp\/v2\/posts\/79193\/revisions"}],"wp:featuredmedia":[{"embeddable":true,"href":"https:\/\/batijournal.com\/index.php\/wp-json\/wp\/v2\/media\/79194"}],"wp:attachment":[{"href":"https:\/\/batijournal.com\/index.php\/wp-json\/wp\/v2\/media?parent=79193"}],"wp:term":[{"taxonomy":"category","embeddable":true,"href":"https:\/\/batijournal.com\/index.php\/wp-json\/wp\/v2\/categories?post=79193"},{"taxonomy":"post_tag","embeddable":true,"href":"https:\/\/batijournal.com\/index.php\/wp-json\/wp\/v2\/tags?post=79193"}],"curies":[{"name":"wp","href":"https:\/\/api.w.org\/{rel}","templated":true}]}}