{"id":79209,"date":"2013-12-16T08:24:33","date_gmt":"2013-12-16T07:24:33","guid":{"rendered":"http:\/\/b.bati-journal.com\/architecture-en-bois-rendez-vous-a-cologne\/79209"},"modified":"2015-03-05T11:34:09","modified_gmt":"2015-03-05T10:34:09","slug":"architecture-en-bois-rendez-vous-a-cologne","status":"publish","type":"post","link":"https:\/\/batijournal.com\/index.php\/architecture-en-bois-rendez-vous-a-cologne\/79209\/","title":{"rendered":"Architecture en bois : rendez-vous \u00e0 Cologne"},"content":{"rendered":"<h4>Six architectes, six \u00e9difices en bois. Des projets de construction r\u00e9cents seront au c\u0153ur du Forum de l&rsquo;architecture qui se tiendra le 20 f\u00e9vrier 2014, dans le cadre du salon DACH+HOLZ International, \u00e0 Cologne.<\/h4>\n<p>Ce rendez-vous d\u00e9di\u00e9 aux architectes et ma\u00eetres d&rsquo;ouvrage sera l&rsquo;occasion de d\u00e9couvrir des b\u00e2timents industriels et publics r\u00e9alis\u00e9s durant les deux derni\u00e8res ann\u00e9es en Italie, en Suisse et en Allemagne. Outre l&rsquo;entreprise de construction en bois Blumer-Lehmann (Gossau\/Suisse), qui a construit notamment le toit de l&rsquo;Exposition universelle de Hanovre en 2000, l&rsquo;\u00e9v\u00e9nement r\u00e9unira quelques cabinets d&rsquo;architecture: sauerbruch hutton (Berlin), Ziegert, Roswag, Seiler Architekten (Berlin), Deubzer K\u00f6nig + Rimmel (Munich) et Rossi Prodi Associati (Florence). Au programme, notamment : projet Via Cenni \u00e0 Milan (quatre immeubles de neuf \u00e9tages en bois), nouveau si\u00e8ge du groupe de presse Tamedia \u00e0 Zurich (immeuble de 5 \u00e9tages \u00e0 structure bois avec une fa\u00e7ade en verre), l&rsquo;\u00e9glise Saint Emmanuel de Cologne mettant en \u0153uvre 260 m3 de bois, amphith\u00e9\u00e2tre de la facult\u00e9 de physique \u00e0 l&rsquo;universit\u00e9 de Munich&#8230; Les interventions feront l&rsquo;objet d&rsquo;une traduction simultan\u00e9e anglais-allemand.<\/p>\n<p><a href=\"http:\/\/www.dach-holz.de\/architekturforum\" target=\"_blank\"><span style=\"font-size: medium;\">S&rsquo;inscrire au forum<\/span><\/a><\/p>\n","protected":false},"excerpt":{"rendered":"<p>Six architectes, six \u00e9difices en bois. Des projets de construction r\u00e9cents seront au c\u0153ur du Forum de l&rsquo;architecture qui se tiendra le 20 f\u00e9vrier 2014, dans le cadre du salon DACH+HOLZ International, \u00e0 Cologne. Ce rendez-vous d\u00e9di\u00e9 aux architectes et ma\u00eetres d&rsquo;ouvrage sera l&rsquo;occasion de d\u00e9couvrir des b\u00e2timents industriels et publics r\u00e9alis\u00e9s durant les deux [&hellip;]<\/p>\n","protected":false},"author":1,"featured_media":79210,"comment_status":"open","ping_status":"closed","sticky":false,"template":"","format":"standard","meta":{"_et_pb_use_builder":"","_et_pb_old_content":"","_et_gb_content_width":"","footnotes":""},"categories":[9192],"tags":[439,44,374,126,66],"class_list":["post-79209","post","type-post","status-publish","format-standard","has-post-thumbnail","hentry","category-evenements","tag-batiment","tag-bois","tag-construction-bois-2","tag-facade","tag-forum"],"yoast_head":"<!-- This site is optimized with the Yoast SEO plugin v27.4 - https:\/\/yoast.com\/product\/yoast-seo-wordpress\/ -->\n<title>Architecture en bois : rendez-vous \u00e0 Cologne<\/title>\n<meta name=\"robots\" content=\"index, follow, max-snippet:-1, max-image-preview:large, max-video-preview:-1\" \/>\n<link rel=\"canonical\" href=\"https:\/\/batijournal.com\/index.php\/architecture-en-bois-rendez-vous-a-cologne\/79209\/\" \/>\n<meta property=\"og:locale\" content=\"fr_FR\" \/>\n<meta property=\"og:type\" content=\"article\" \/>\n<meta property=\"og:title\" content=\"Architecture en bois : rendez-vous \u00e0 Cologne\" \/>\n<meta property=\"og:description\" content=\"Six architectes, six \u00e9difices en bois. Des projets de construction r\u00e9cents seront au c\u0153ur du Forum de l&rsquo;architecture qui se tiendra le 20 f\u00e9vrier 2014, dans le cadre du salon DACH+HOLZ International, \u00e0 Cologne. Ce rendez-vous d\u00e9di\u00e9 aux architectes et ma\u00eetres d&rsquo;ouvrage sera l&rsquo;occasion de d\u00e9couvrir des b\u00e2timents industriels et publics r\u00e9alis\u00e9s durant les deux [&hellip;]\" \/>\n<meta property=\"og:url\" content=\"https:\/\/batijournal.com\/index.php\/architecture-en-bois-rendez-vous-a-cologne\/79209\/\" \/>\n<meta property=\"og:site_name\" content=\"Batijournal\" \/>\n<meta property=\"article:published_time\" content=\"2013-12-16T07:24:33+00:00\" \/>\n<meta property=\"article:modified_time\" content=\"2015-03-05T10:34:09+00:00\" \/>\n<meta property=\"og:image\" content=\"https:\/\/batijournal.com\/wp-content\/uploads\/2015\/03\/75902043.jpg\" \/>\n\t<meta property=\"og:image:width\" content=\"600\" \/>\n\t<meta property=\"og:image:height\" content=\"400\" \/>\n\t<meta property=\"og:image:type\" content=\"image\/jpeg\" \/>\n<meta name=\"author\" content=\"Bati-journal\" \/>\n<meta name=\"twitter:card\" content=\"summary_large_image\" \/>\n<meta name=\"twitter:creator\" content=\"@bati_journal\" \/>\n<meta name=\"twitter:site\" content=\"@bati_journal\" \/>\n<meta name=\"twitter:label1\" content=\"\u00c9crit par\" \/>\n\t<meta name=\"twitter:data1\" content=\"Bati-journal\" \/>\n\t<meta name=\"twitter:label2\" content=\"Dur\u00e9e de lecture estim\u00e9e\" \/>\n\t<meta name=\"twitter:data2\" content=\"1 minute\" \/>\n<script type=\"application\/ld+json\" class=\"yoast-schema-graph\">{\"@context\":\"https:\\\/\\\/schema.org\",\"@graph\":[{\"@type\":\"Article\",\"@id\":\"https:\\\/\\\/batijournal.com\\\/index.php\\\/architecture-en-bois-rendez-vous-a-cologne\\\/79209\\\/#article\",\"isPartOf\":{\"@id\":\"https:\\\/\\\/batijournal.com\\\/index.php\\\/architecture-en-bois-rendez-vous-a-cologne\\\/79209\\\/\"},\"author\":{\"name\":\"Bati-journal\",\"@id\":\"https:\\\/\\\/batijournal.com\\\/#\\\/schema\\\/person\\\/6a657e8967569e1b299972574848aa76\"},\"headline\":\"Architecture en bois : rendez-vous \u00e0 Cologne\",\"datePublished\":\"2013-12-16T07:24:33+00:00\",\"dateModified\":\"2015-03-05T10:34:09+00:00\",\"mainEntityOfPage\":{\"@id\":\"https:\\\/\\\/batijournal.com\\\/index.php\\\/architecture-en-bois-rendez-vous-a-cologne\\\/79209\\\/\"},\"wordCount\":203,\"commentCount\":0,\"image\":{\"@id\":\"https:\\\/\\\/batijournal.com\\\/index.php\\\/architecture-en-bois-rendez-vous-a-cologne\\\/79209\\\/#primaryimage\"},\"thumbnailUrl\":\"https:\\\/\\\/batijournal.com\\\/wp-content\\\/uploads\\\/2015\\\/03\\\/75902043.jpg\",\"keywords\":[\"b\u00e2timent\",\"bois\",\"construction bois\",\"fa\u00e7ade\",\"forum\"],\"articleSection\":[\"\u00c9v\u00e9nements\"],\"inLanguage\":\"fr-FR\",\"potentialAction\":[{\"@type\":\"CommentAction\",\"name\":\"Comment\",\"target\":[\"https:\\\/\\\/batijournal.com\\\/index.php\\\/architecture-en-bois-rendez-vous-a-cologne\\\/79209\\\/#respond\"]}]},{\"@type\":\"WebPage\",\"@id\":\"https:\\\/\\\/batijournal.com\\\/index.php\\\/architecture-en-bois-rendez-vous-a-cologne\\\/79209\\\/\",\"url\":\"https:\\\/\\\/batijournal.com\\\/index.php\\\/architecture-en-bois-rendez-vous-a-cologne\\\/79209\\\/\",\"name\":\"Architecture en bois : rendez-vous \u00e0 Cologne\",\"isPartOf\":{\"@id\":\"https:\\\/\\\/batijournal.com\\\/#website\"},\"primaryImageOfPage\":{\"@id\":\"https:\\\/\\\/batijournal.com\\\/index.php\\\/architecture-en-bois-rendez-vous-a-cologne\\\/79209\\\/#primaryimage\"},\"image\":{\"@id\":\"https:\\\/\\\/batijournal.com\\\/index.php\\\/architecture-en-bois-rendez-vous-a-cologne\\\/79209\\\/#primaryimage\"},\"thumbnailUrl\":\"https:\\\/\\\/batijournal.com\\\/wp-content\\\/uploads\\\/2015\\\/03\\\/75902043.jpg\",\"datePublished\":\"2013-12-16T07:24:33+00:00\",\"dateModified\":\"2015-03-05T10:34:09+00:00\",\"author\":{\"@id\":\"https:\\\/\\\/batijournal.com\\\/#\\\/schema\\\/person\\\/6a657e8967569e1b299972574848aa76\"},\"breadcrumb\":{\"@id\":\"https:\\\/\\\/batijournal.com\\\/index.php\\\/architecture-en-bois-rendez-vous-a-cologne\\\/79209\\\/#breadcrumb\"},\"inLanguage\":\"fr-FR\",\"potentialAction\":[{\"@type\":\"ReadAction\",\"target\":[\"https:\\\/\\\/batijournal.com\\\/index.php\\\/architecture-en-bois-rendez-vous-a-cologne\\\/79209\\\/\"]}]},{\"@type\":\"ImageObject\",\"inLanguage\":\"fr-FR\",\"@id\":\"https:\\\/\\\/batijournal.com\\\/index.php\\\/architecture-en-bois-rendez-vous-a-cologne\\\/79209\\\/#primaryimage\",\"url\":\"https:\\\/\\\/batijournal.com\\\/wp-content\\\/uploads\\\/2015\\\/03\\\/75902043.jpg\",\"contentUrl\":\"https:\\\/\\\/batijournal.com\\\/wp-content\\\/uploads\\\/2015\\\/03\\\/75902043.jpg\",\"width\":600,\"height\":400},{\"@type\":\"BreadcrumbList\",\"@id\":\"https:\\\/\\\/batijournal.com\\\/index.php\\\/architecture-en-bois-rendez-vous-a-cologne\\\/79209\\\/#breadcrumb\",\"itemListElement\":[{\"@type\":\"ListItem\",\"position\":1,\"name\":\"Accueil\",\"item\":\"https:\\\/\\\/batijournal.com\\\/\"},{\"@type\":\"ListItem\",\"position\":2,\"name\":\"\u00c9v\u00e9nements\",\"item\":\"https:\\\/\\\/batijournal.com\\\/index.php\\\/category\\\/evenements\\\/\"},{\"@type\":\"ListItem\",\"position\":3,\"name\":\"Architecture en bois : rendez-vous \u00e0 Cologne\"}]},{\"@type\":\"WebSite\",\"@id\":\"https:\\\/\\\/batijournal.com\\\/#website\",\"url\":\"https:\\\/\\\/batijournal.com\\\/\",\"name\":\"Batijournal\",\"description\":\"L&#039;actualit\u00e9 du b\u00e2timent\",\"potentialAction\":[{\"@type\":\"SearchAction\",\"target\":{\"@type\":\"EntryPoint\",\"urlTemplate\":\"https:\\\/\\\/batijournal.com\\\/?s={search_term_string}\"},\"query-input\":{\"@type\":\"PropertyValueSpecification\",\"valueRequired\":true,\"valueName\":\"search_term_string\"}}],\"inLanguage\":\"fr-FR\"},{\"@type\":\"Person\",\"@id\":\"https:\\\/\\\/batijournal.com\\\/#\\\/schema\\\/person\\\/6a657e8967569e1b299972574848aa76\",\"name\":\"Bati-journal\",\"image\":{\"@type\":\"ImageObject\",\"inLanguage\":\"fr-FR\",\"@id\":\"https:\\\/\\\/secure.gravatar.com\\\/avatar\\\/a64364ea26392f9b4dd47e017ddaec74ff03aefc073b49e492e847201258f777?s=96&d=mm&r=g\",\"url\":\"https:\\\/\\\/secure.gravatar.com\\\/avatar\\\/a64364ea26392f9b4dd47e017ddaec74ff03aefc073b49e492e847201258f777?s=96&d=mm&r=g\",\"contentUrl\":\"https:\\\/\\\/secure.gravatar.com\\\/avatar\\\/a64364ea26392f9b4dd47e017ddaec74ff03aefc073b49e492e847201258f777?s=96&d=mm&r=g\",\"caption\":\"Bati-journal\"},\"url\":\"https:\\\/\\\/batijournal.com\\\/index.php\\\/author\\\/elodie\\\/\"}]}<\/script>\n<!-- \/ Yoast SEO plugin. -->","yoast_head_json":{"title":"Architecture en bois : rendez-vous \u00e0 Cologne","robots":{"index":"index","follow":"follow","max-snippet":"max-snippet:-1","max-image-preview":"max-image-preview:large","max-video-preview":"max-video-preview:-1"},"canonical":"https:\/\/batijournal.com\/index.php\/architecture-en-bois-rendez-vous-a-cologne\/79209\/","og_locale":"fr_FR","og_type":"article","og_title":"Architecture en bois : rendez-vous \u00e0 Cologne","og_description":"Six architectes, six \u00e9difices en bois. Des projets de construction r\u00e9cents seront au c\u0153ur du Forum de l&rsquo;architecture qui se tiendra le 20 f\u00e9vrier 2014, dans le cadre du salon DACH+HOLZ International, \u00e0 Cologne. Ce rendez-vous d\u00e9di\u00e9 aux architectes et ma\u00eetres d&rsquo;ouvrage sera l&rsquo;occasion de d\u00e9couvrir des b\u00e2timents industriels et publics r\u00e9alis\u00e9s durant les deux [&hellip;]","og_url":"https:\/\/batijournal.com\/index.php\/architecture-en-bois-rendez-vous-a-cologne\/79209\/","og_site_name":"Batijournal","article_published_time":"2013-12-16T07:24:33+00:00","article_modified_time":"2015-03-05T10:34:09+00:00","og_image":[{"width":600,"height":400,"url":"https:\/\/batijournal.com\/wp-content\/uploads\/2015\/03\/75902043.jpg","type":"image\/jpeg"}],"author":"Bati-journal","twitter_card":"summary_large_image","twitter_creator":"@bati_journal","twitter_site":"@bati_journal","twitter_misc":{"\u00c9crit par":"Bati-journal","Dur\u00e9e de lecture estim\u00e9e":"1 minute"},"schema":{"@context":"https:\/\/schema.org","@graph":[{"@type":"Article","@id":"https:\/\/batijournal.com\/index.php\/architecture-en-bois-rendez-vous-a-cologne\/79209\/#article","isPartOf":{"@id":"https:\/\/batijournal.com\/index.php\/architecture-en-bois-rendez-vous-a-cologne\/79209\/"},"author":{"name":"Bati-journal","@id":"https:\/\/batijournal.com\/#\/schema\/person\/6a657e8967569e1b299972574848aa76"},"headline":"Architecture en bois : rendez-vous \u00e0 Cologne","datePublished":"2013-12-16T07:24:33+00:00","dateModified":"2015-03-05T10:34:09+00:00","mainEntityOfPage":{"@id":"https:\/\/batijournal.com\/index.php\/architecture-en-bois-rendez-vous-a-cologne\/79209\/"},"wordCount":203,"commentCount":0,"image":{"@id":"https:\/\/batijournal.com\/index.php\/architecture-en-bois-rendez-vous-a-cologne\/79209\/#primaryimage"},"thumbnailUrl":"https:\/\/batijournal.com\/wp-content\/uploads\/2015\/03\/75902043.jpg","keywords":["b\u00e2timent","bois","construction bois","fa\u00e7ade","forum"],"articleSection":["\u00c9v\u00e9nements"],"inLanguage":"fr-FR","potentialAction":[{"@type":"CommentAction","name":"Comment","target":["https:\/\/batijournal.com\/index.php\/architecture-en-bois-rendez-vous-a-cologne\/79209\/#respond"]}]},{"@type":"WebPage","@id":"https:\/\/batijournal.com\/index.php\/architecture-en-bois-rendez-vous-a-cologne\/79209\/","url":"https:\/\/batijournal.com\/index.php\/architecture-en-bois-rendez-vous-a-cologne\/79209\/","name":"Architecture en bois : rendez-vous \u00e0 Cologne","isPartOf":{"@id":"https:\/\/batijournal.com\/#website"},"primaryImageOfPage":{"@id":"https:\/\/batijournal.com\/index.php\/architecture-en-bois-rendez-vous-a-cologne\/79209\/#primaryimage"},"image":{"@id":"https:\/\/batijournal.com\/index.php\/architecture-en-bois-rendez-vous-a-cologne\/79209\/#primaryimage"},"thumbnailUrl":"https:\/\/batijournal.com\/wp-content\/uploads\/2015\/03\/75902043.jpg","datePublished":"2013-12-16T07:24:33+00:00","dateModified":"2015-03-05T10:34:09+00:00","author":{"@id":"https:\/\/batijournal.com\/#\/schema\/person\/6a657e8967569e1b299972574848aa76"},"breadcrumb":{"@id":"https:\/\/batijournal.com\/index.php\/architecture-en-bois-rendez-vous-a-cologne\/79209\/#breadcrumb"},"inLanguage":"fr-FR","potentialAction":[{"@type":"ReadAction","target":["https:\/\/batijournal.com\/index.php\/architecture-en-bois-rendez-vous-a-cologne\/79209\/"]}]},{"@type":"ImageObject","inLanguage":"fr-FR","@id":"https:\/\/batijournal.com\/index.php\/architecture-en-bois-rendez-vous-a-cologne\/79209\/#primaryimage","url":"https:\/\/batijournal.com\/wp-content\/uploads\/2015\/03\/75902043.jpg","contentUrl":"https:\/\/batijournal.com\/wp-content\/uploads\/2015\/03\/75902043.jpg","width":600,"height":400},{"@type":"BreadcrumbList","@id":"https:\/\/batijournal.com\/index.php\/architecture-en-bois-rendez-vous-a-cologne\/79209\/#breadcrumb","itemListElement":[{"@type":"ListItem","position":1,"name":"Accueil","item":"https:\/\/batijournal.com\/"},{"@type":"ListItem","position":2,"name":"\u00c9v\u00e9nements","item":"https:\/\/batijournal.com\/index.php\/category\/evenements\/"},{"@type":"ListItem","position":3,"name":"Architecture en bois : rendez-vous \u00e0 Cologne"}]},{"@type":"WebSite","@id":"https:\/\/batijournal.com\/#website","url":"https:\/\/batijournal.com\/","name":"Batijournal","description":"L&#039;actualit\u00e9 du b\u00e2timent","potentialAction":[{"@type":"SearchAction","target":{"@type":"EntryPoint","urlTemplate":"https:\/\/batijournal.com\/?s={search_term_string}"},"query-input":{"@type":"PropertyValueSpecification","valueRequired":true,"valueName":"search_term_string"}}],"inLanguage":"fr-FR"},{"@type":"Person","@id":"https:\/\/batijournal.com\/#\/schema\/person\/6a657e8967569e1b299972574848aa76","name":"Bati-journal","image":{"@type":"ImageObject","inLanguage":"fr-FR","@id":"https:\/\/secure.gravatar.com\/avatar\/a64364ea26392f9b4dd47e017ddaec74ff03aefc073b49e492e847201258f777?s=96&d=mm&r=g","url":"https:\/\/secure.gravatar.com\/avatar\/a64364ea26392f9b4dd47e017ddaec74ff03aefc073b49e492e847201258f777?s=96&d=mm&r=g","contentUrl":"https:\/\/secure.gravatar.com\/avatar\/a64364ea26392f9b4dd47e017ddaec74ff03aefc073b49e492e847201258f777?s=96&d=mm&r=g","caption":"Bati-journal"},"url":"https:\/\/batijournal.com\/index.php\/author\/elodie\/"}]}},"_links":{"self":[{"href":"https:\/\/batijournal.com\/index.php\/wp-json\/wp\/v2\/posts\/79209","targetHints":{"allow":["GET"]}}],"collection":[{"href":"https:\/\/batijournal.com\/index.php\/wp-json\/wp\/v2\/posts"}],"about":[{"href":"https:\/\/batijournal.com\/index.php\/wp-json\/wp\/v2\/types\/post"}],"author":[{"embeddable":true,"href":"https:\/\/batijournal.com\/index.php\/wp-json\/wp\/v2\/users\/1"}],"replies":[{"embeddable":true,"href":"https:\/\/batijournal.com\/index.php\/wp-json\/wp\/v2\/comments?post=79209"}],"version-history":[{"count":0,"href":"https:\/\/batijournal.com\/index.php\/wp-json\/wp\/v2\/posts\/79209\/revisions"}],"wp:featuredmedia":[{"embeddable":true,"href":"https:\/\/batijournal.com\/index.php\/wp-json\/wp\/v2\/media\/79210"}],"wp:attachment":[{"href":"https:\/\/batijournal.com\/index.php\/wp-json\/wp\/v2\/media?parent=79209"}],"wp:term":[{"taxonomy":"category","embeddable":true,"href":"https:\/\/batijournal.com\/index.php\/wp-json\/wp\/v2\/categories?post=79209"},{"taxonomy":"post_tag","embeddable":true,"href":"https:\/\/batijournal.com\/index.php\/wp-json\/wp\/v2\/tags?post=79209"}],"curies":[{"name":"wp","href":"https:\/\/api.w.org\/{rel}","templated":true}]}}