{"id":79282,"date":"2014-04-07T07:22:34","date_gmt":"2014-04-07T05:22:34","guid":{"rendered":"http:\/\/b.bati-journal.com\/architecture-et-construction-bois\/79282"},"modified":"2015-03-05T15:14:43","modified_gmt":"2015-03-05T14:14:43","slug":"architecture-et-construction-bois","status":"publish","type":"post","link":"https:\/\/batijournal.com\/index.php\/architecture-et-construction-bois\/79282\/","title":{"rendered":"Architecture et construction bois"},"content":{"rendered":"<p>La dixi\u00e8me \u00e9dition des D\u00e9fis du Bois va rassembler, du 13 au 20 mai prochain, cinquante jeunes architectes et ing\u00e9nieurs bois venus du monde entier, r\u00e9partis par tirage au sort en dix groupes homog\u00e8nes, pour mettre \u00e0 profit huit jours et sept nuits de travail. Ces concurrents viennent des meilleures \u00e9coles d&rsquo;architecture ou d&rsquo;ing\u00e9nierie fran\u00e7aises ou internationales, ne se connaissent pas, n&rsquo;ont jamais \u00a6uvrer ensemble et vont d\u00e9passer la barri\u00e8re de la langue et de la culture pour concevoir un ouvrage. Depuis 2005, ce sont plus de 400 jeunes dipl\u00f4m\u00e9s, r\u00e9partis en \u00e9quipes mixtes (architectes et ing\u00e9nieurs), qui ont partag\u00e9 cette aventure humaine pendant 71 jours et 79 nuits pour donner naissance \u00e0 90 \u00a6uvres aussi originales qu&rsquo;innovantes. Pour cette \u00e9dition, c&rsquo;est le long d&rsquo;une all\u00e9e de tilleuls, au c\u00a6ur du parc du Cours, en plein centre-ville d&rsquo;\u00fbpinal, que la manifestation va s&rsquo;installer, parrain\u00e9e par l&rsquo;architecte-artiste bruxellois, Luc Schuiten.<\/p>\n","protected":false},"excerpt":{"rendered":"<p>La dixi\u00e8me \u00e9dition des D\u00e9fis du Bois va rassembler, du 13 au 20 mai prochain, cinquante jeunes architectes et ing\u00e9nieurs bois venus du monde entier, r\u00e9partis par tirage au sort en dix groupes homog\u00e8nes, pour mettre \u00e0 profit huit jours et sept nuits de travail. Ces concurrents viennent des meilleures \u00e9coles d&rsquo;architecture ou d&rsquo;ing\u00e9nierie fran\u00e7aises [&hellip;]<\/p>\n","protected":false},"author":1,"featured_media":79283,"comment_status":"open","ping_status":"closed","sticky":false,"template":"","format":"standard","meta":{"_et_pb_use_builder":"","_et_pb_old_content":"","_et_gb_content_width":"","footnotes":""},"categories":[9192],"tags":[11005],"class_list":["post-79282","post","type-post","status-publish","format-standard","has-post-thumbnail","hentry","category-evenements","tag-concours"],"yoast_head":"<!-- This site is optimized with the Yoast SEO plugin v27.4 - https:\/\/yoast.com\/product\/yoast-seo-wordpress\/ -->\n<title>Architecture et construction bois<\/title>\n<meta name=\"robots\" content=\"index, follow, max-snippet:-1, max-image-preview:large, max-video-preview:-1\" \/>\n<link rel=\"canonical\" href=\"https:\/\/batijournal.com\/index.php\/architecture-et-construction-bois\/79282\/\" \/>\n<meta property=\"og:locale\" content=\"fr_FR\" \/>\n<meta property=\"og:type\" content=\"article\" \/>\n<meta property=\"og:title\" content=\"Architecture et construction bois\" \/>\n<meta property=\"og:description\" content=\"La dixi\u00e8me \u00e9dition des D\u00e9fis du Bois va rassembler, du 13 au 20 mai prochain, cinquante jeunes architectes et ing\u00e9nieurs bois venus du monde entier, r\u00e9partis par tirage au sort en dix groupes homog\u00e8nes, pour mettre \u00e0 profit huit jours et sept nuits de travail. Ces concurrents viennent des meilleures \u00e9coles d&rsquo;architecture ou d&rsquo;ing\u00e9nierie fran\u00e7aises [&hellip;]\" \/>\n<meta property=\"og:url\" content=\"https:\/\/batijournal.com\/index.php\/architecture-et-construction-bois\/79282\/\" \/>\n<meta property=\"og:site_name\" content=\"Batijournal\" \/>\n<meta property=\"article:published_time\" content=\"2014-04-07T05:22:34+00:00\" \/>\n<meta property=\"article:modified_time\" content=\"2015-03-05T14:14:43+00:00\" \/>\n<meta property=\"og:image\" content=\"https:\/\/batijournal.com\/wp-content\/uploads\/2015\/03\/81007538.jpg\" \/>\n\t<meta property=\"og:image:width\" content=\"599\" \/>\n\t<meta property=\"og:image:height\" content=\"230\" \/>\n\t<meta property=\"og:image:type\" content=\"image\/jpeg\" \/>\n<meta name=\"author\" content=\"Bati-journal\" \/>\n<meta name=\"twitter:card\" content=\"summary_large_image\" \/>\n<meta name=\"twitter:creator\" content=\"@bati_journal\" \/>\n<meta name=\"twitter:site\" content=\"@bati_journal\" \/>\n<meta name=\"twitter:label1\" content=\"\u00c9crit par\" \/>\n\t<meta name=\"twitter:data1\" content=\"Bati-journal\" \/>\n\t<meta name=\"twitter:label2\" content=\"Dur\u00e9e de lecture estim\u00e9e\" \/>\n\t<meta name=\"twitter:data2\" content=\"1 minute\" \/>\n<script type=\"application\/ld+json\" class=\"yoast-schema-graph\">{\"@context\":\"https:\\\/\\\/schema.org\",\"@graph\":[{\"@type\":\"Article\",\"@id\":\"https:\\\/\\\/batijournal.com\\\/index.php\\\/architecture-et-construction-bois\\\/79282\\\/#article\",\"isPartOf\":{\"@id\":\"https:\\\/\\\/batijournal.com\\\/index.php\\\/architecture-et-construction-bois\\\/79282\\\/\"},\"author\":{\"name\":\"Bati-journal\",\"@id\":\"https:\\\/\\\/batijournal.com\\\/#\\\/schema\\\/person\\\/6a657e8967569e1b299972574848aa76\"},\"headline\":\"Architecture et construction bois\",\"datePublished\":\"2014-04-07T05:22:34+00:00\",\"dateModified\":\"2015-03-05T14:14:43+00:00\",\"mainEntityOfPage\":{\"@id\":\"https:\\\/\\\/batijournal.com\\\/index.php\\\/architecture-et-construction-bois\\\/79282\\\/\"},\"wordCount\":169,\"commentCount\":0,\"image\":{\"@id\":\"https:\\\/\\\/batijournal.com\\\/index.php\\\/architecture-et-construction-bois\\\/79282\\\/#primaryimage\"},\"thumbnailUrl\":\"https:\\\/\\\/batijournal.com\\\/wp-content\\\/uploads\\\/2015\\\/03\\\/81007538.jpg\",\"keywords\":[\"concours\"],\"articleSection\":[\"\u00c9v\u00e9nements\"],\"inLanguage\":\"fr-FR\",\"potentialAction\":[{\"@type\":\"CommentAction\",\"name\":\"Comment\",\"target\":[\"https:\\\/\\\/batijournal.com\\\/index.php\\\/architecture-et-construction-bois\\\/79282\\\/#respond\"]}]},{\"@type\":\"WebPage\",\"@id\":\"https:\\\/\\\/batijournal.com\\\/index.php\\\/architecture-et-construction-bois\\\/79282\\\/\",\"url\":\"https:\\\/\\\/batijournal.com\\\/index.php\\\/architecture-et-construction-bois\\\/79282\\\/\",\"name\":\"Architecture et construction bois\",\"isPartOf\":{\"@id\":\"https:\\\/\\\/batijournal.com\\\/#website\"},\"primaryImageOfPage\":{\"@id\":\"https:\\\/\\\/batijournal.com\\\/index.php\\\/architecture-et-construction-bois\\\/79282\\\/#primaryimage\"},\"image\":{\"@id\":\"https:\\\/\\\/batijournal.com\\\/index.php\\\/architecture-et-construction-bois\\\/79282\\\/#primaryimage\"},\"thumbnailUrl\":\"https:\\\/\\\/batijournal.com\\\/wp-content\\\/uploads\\\/2015\\\/03\\\/81007538.jpg\",\"datePublished\":\"2014-04-07T05:22:34+00:00\",\"dateModified\":\"2015-03-05T14:14:43+00:00\",\"author\":{\"@id\":\"https:\\\/\\\/batijournal.com\\\/#\\\/schema\\\/person\\\/6a657e8967569e1b299972574848aa76\"},\"breadcrumb\":{\"@id\":\"https:\\\/\\\/batijournal.com\\\/index.php\\\/architecture-et-construction-bois\\\/79282\\\/#breadcrumb\"},\"inLanguage\":\"fr-FR\",\"potentialAction\":[{\"@type\":\"ReadAction\",\"target\":[\"https:\\\/\\\/batijournal.com\\\/index.php\\\/architecture-et-construction-bois\\\/79282\\\/\"]}]},{\"@type\":\"ImageObject\",\"inLanguage\":\"fr-FR\",\"@id\":\"https:\\\/\\\/batijournal.com\\\/index.php\\\/architecture-et-construction-bois\\\/79282\\\/#primaryimage\",\"url\":\"https:\\\/\\\/batijournal.com\\\/wp-content\\\/uploads\\\/2015\\\/03\\\/81007538.jpg\",\"contentUrl\":\"https:\\\/\\\/batijournal.com\\\/wp-content\\\/uploads\\\/2015\\\/03\\\/81007538.jpg\",\"width\":599,\"height\":230},{\"@type\":\"BreadcrumbList\",\"@id\":\"https:\\\/\\\/batijournal.com\\\/index.php\\\/architecture-et-construction-bois\\\/79282\\\/#breadcrumb\",\"itemListElement\":[{\"@type\":\"ListItem\",\"position\":1,\"name\":\"Accueil\",\"item\":\"https:\\\/\\\/batijournal.com\\\/\"},{\"@type\":\"ListItem\",\"position\":2,\"name\":\"\u00c9v\u00e9nements\",\"item\":\"https:\\\/\\\/batijournal.com\\\/index.php\\\/category\\\/evenements\\\/\"},{\"@type\":\"ListItem\",\"position\":3,\"name\":\"Architecture et construction bois\"}]},{\"@type\":\"WebSite\",\"@id\":\"https:\\\/\\\/batijournal.com\\\/#website\",\"url\":\"https:\\\/\\\/batijournal.com\\\/\",\"name\":\"Batijournal\",\"description\":\"L&#039;actualit\u00e9 du b\u00e2timent\",\"potentialAction\":[{\"@type\":\"SearchAction\",\"target\":{\"@type\":\"EntryPoint\",\"urlTemplate\":\"https:\\\/\\\/batijournal.com\\\/?s={search_term_string}\"},\"query-input\":{\"@type\":\"PropertyValueSpecification\",\"valueRequired\":true,\"valueName\":\"search_term_string\"}}],\"inLanguage\":\"fr-FR\"},{\"@type\":\"Person\",\"@id\":\"https:\\\/\\\/batijournal.com\\\/#\\\/schema\\\/person\\\/6a657e8967569e1b299972574848aa76\",\"name\":\"Bati-journal\",\"image\":{\"@type\":\"ImageObject\",\"inLanguage\":\"fr-FR\",\"@id\":\"https:\\\/\\\/secure.gravatar.com\\\/avatar\\\/a64364ea26392f9b4dd47e017ddaec74ff03aefc073b49e492e847201258f777?s=96&d=mm&r=g\",\"url\":\"https:\\\/\\\/secure.gravatar.com\\\/avatar\\\/a64364ea26392f9b4dd47e017ddaec74ff03aefc073b49e492e847201258f777?s=96&d=mm&r=g\",\"contentUrl\":\"https:\\\/\\\/secure.gravatar.com\\\/avatar\\\/a64364ea26392f9b4dd47e017ddaec74ff03aefc073b49e492e847201258f777?s=96&d=mm&r=g\",\"caption\":\"Bati-journal\"},\"url\":\"https:\\\/\\\/batijournal.com\\\/index.php\\\/author\\\/elodie\\\/\"}]}<\/script>\n<!-- \/ Yoast SEO plugin. -->","yoast_head_json":{"title":"Architecture et construction bois","robots":{"index":"index","follow":"follow","max-snippet":"max-snippet:-1","max-image-preview":"max-image-preview:large","max-video-preview":"max-video-preview:-1"},"canonical":"https:\/\/batijournal.com\/index.php\/architecture-et-construction-bois\/79282\/","og_locale":"fr_FR","og_type":"article","og_title":"Architecture et construction bois","og_description":"La dixi\u00e8me \u00e9dition des D\u00e9fis du Bois va rassembler, du 13 au 20 mai prochain, cinquante jeunes architectes et ing\u00e9nieurs bois venus du monde entier, r\u00e9partis par tirage au sort en dix groupes homog\u00e8nes, pour mettre \u00e0 profit huit jours et sept nuits de travail. Ces concurrents viennent des meilleures \u00e9coles d&rsquo;architecture ou d&rsquo;ing\u00e9nierie fran\u00e7aises [&hellip;]","og_url":"https:\/\/batijournal.com\/index.php\/architecture-et-construction-bois\/79282\/","og_site_name":"Batijournal","article_published_time":"2014-04-07T05:22:34+00:00","article_modified_time":"2015-03-05T14:14:43+00:00","og_image":[{"width":599,"height":230,"url":"https:\/\/batijournal.com\/wp-content\/uploads\/2015\/03\/81007538.jpg","type":"image\/jpeg"}],"author":"Bati-journal","twitter_card":"summary_large_image","twitter_creator":"@bati_journal","twitter_site":"@bati_journal","twitter_misc":{"\u00c9crit par":"Bati-journal","Dur\u00e9e de lecture estim\u00e9e":"1 minute"},"schema":{"@context":"https:\/\/schema.org","@graph":[{"@type":"Article","@id":"https:\/\/batijournal.com\/index.php\/architecture-et-construction-bois\/79282\/#article","isPartOf":{"@id":"https:\/\/batijournal.com\/index.php\/architecture-et-construction-bois\/79282\/"},"author":{"name":"Bati-journal","@id":"https:\/\/batijournal.com\/#\/schema\/person\/6a657e8967569e1b299972574848aa76"},"headline":"Architecture et construction bois","datePublished":"2014-04-07T05:22:34+00:00","dateModified":"2015-03-05T14:14:43+00:00","mainEntityOfPage":{"@id":"https:\/\/batijournal.com\/index.php\/architecture-et-construction-bois\/79282\/"},"wordCount":169,"commentCount":0,"image":{"@id":"https:\/\/batijournal.com\/index.php\/architecture-et-construction-bois\/79282\/#primaryimage"},"thumbnailUrl":"https:\/\/batijournal.com\/wp-content\/uploads\/2015\/03\/81007538.jpg","keywords":["concours"],"articleSection":["\u00c9v\u00e9nements"],"inLanguage":"fr-FR","potentialAction":[{"@type":"CommentAction","name":"Comment","target":["https:\/\/batijournal.com\/index.php\/architecture-et-construction-bois\/79282\/#respond"]}]},{"@type":"WebPage","@id":"https:\/\/batijournal.com\/index.php\/architecture-et-construction-bois\/79282\/","url":"https:\/\/batijournal.com\/index.php\/architecture-et-construction-bois\/79282\/","name":"Architecture et construction bois","isPartOf":{"@id":"https:\/\/batijournal.com\/#website"},"primaryImageOfPage":{"@id":"https:\/\/batijournal.com\/index.php\/architecture-et-construction-bois\/79282\/#primaryimage"},"image":{"@id":"https:\/\/batijournal.com\/index.php\/architecture-et-construction-bois\/79282\/#primaryimage"},"thumbnailUrl":"https:\/\/batijournal.com\/wp-content\/uploads\/2015\/03\/81007538.jpg","datePublished":"2014-04-07T05:22:34+00:00","dateModified":"2015-03-05T14:14:43+00:00","author":{"@id":"https:\/\/batijournal.com\/#\/schema\/person\/6a657e8967569e1b299972574848aa76"},"breadcrumb":{"@id":"https:\/\/batijournal.com\/index.php\/architecture-et-construction-bois\/79282\/#breadcrumb"},"inLanguage":"fr-FR","potentialAction":[{"@type":"ReadAction","target":["https:\/\/batijournal.com\/index.php\/architecture-et-construction-bois\/79282\/"]}]},{"@type":"ImageObject","inLanguage":"fr-FR","@id":"https:\/\/batijournal.com\/index.php\/architecture-et-construction-bois\/79282\/#primaryimage","url":"https:\/\/batijournal.com\/wp-content\/uploads\/2015\/03\/81007538.jpg","contentUrl":"https:\/\/batijournal.com\/wp-content\/uploads\/2015\/03\/81007538.jpg","width":599,"height":230},{"@type":"BreadcrumbList","@id":"https:\/\/batijournal.com\/index.php\/architecture-et-construction-bois\/79282\/#breadcrumb","itemListElement":[{"@type":"ListItem","position":1,"name":"Accueil","item":"https:\/\/batijournal.com\/"},{"@type":"ListItem","position":2,"name":"\u00c9v\u00e9nements","item":"https:\/\/batijournal.com\/index.php\/category\/evenements\/"},{"@type":"ListItem","position":3,"name":"Architecture et construction bois"}]},{"@type":"WebSite","@id":"https:\/\/batijournal.com\/#website","url":"https:\/\/batijournal.com\/","name":"Batijournal","description":"L&#039;actualit\u00e9 du b\u00e2timent","potentialAction":[{"@type":"SearchAction","target":{"@type":"EntryPoint","urlTemplate":"https:\/\/batijournal.com\/?s={search_term_string}"},"query-input":{"@type":"PropertyValueSpecification","valueRequired":true,"valueName":"search_term_string"}}],"inLanguage":"fr-FR"},{"@type":"Person","@id":"https:\/\/batijournal.com\/#\/schema\/person\/6a657e8967569e1b299972574848aa76","name":"Bati-journal","image":{"@type":"ImageObject","inLanguage":"fr-FR","@id":"https:\/\/secure.gravatar.com\/avatar\/a64364ea26392f9b4dd47e017ddaec74ff03aefc073b49e492e847201258f777?s=96&d=mm&r=g","url":"https:\/\/secure.gravatar.com\/avatar\/a64364ea26392f9b4dd47e017ddaec74ff03aefc073b49e492e847201258f777?s=96&d=mm&r=g","contentUrl":"https:\/\/secure.gravatar.com\/avatar\/a64364ea26392f9b4dd47e017ddaec74ff03aefc073b49e492e847201258f777?s=96&d=mm&r=g","caption":"Bati-journal"},"url":"https:\/\/batijournal.com\/index.php\/author\/elodie\/"}]}},"_links":{"self":[{"href":"https:\/\/batijournal.com\/index.php\/wp-json\/wp\/v2\/posts\/79282","targetHints":{"allow":["GET"]}}],"collection":[{"href":"https:\/\/batijournal.com\/index.php\/wp-json\/wp\/v2\/posts"}],"about":[{"href":"https:\/\/batijournal.com\/index.php\/wp-json\/wp\/v2\/types\/post"}],"author":[{"embeddable":true,"href":"https:\/\/batijournal.com\/index.php\/wp-json\/wp\/v2\/users\/1"}],"replies":[{"embeddable":true,"href":"https:\/\/batijournal.com\/index.php\/wp-json\/wp\/v2\/comments?post=79282"}],"version-history":[{"count":0,"href":"https:\/\/batijournal.com\/index.php\/wp-json\/wp\/v2\/posts\/79282\/revisions"}],"wp:featuredmedia":[{"embeddable":true,"href":"https:\/\/batijournal.com\/index.php\/wp-json\/wp\/v2\/media\/79283"}],"wp:attachment":[{"href":"https:\/\/batijournal.com\/index.php\/wp-json\/wp\/v2\/media?parent=79282"}],"wp:term":[{"taxonomy":"category","embeddable":true,"href":"https:\/\/batijournal.com\/index.php\/wp-json\/wp\/v2\/categories?post=79282"},{"taxonomy":"post_tag","embeddable":true,"href":"https:\/\/batijournal.com\/index.php\/wp-json\/wp\/v2\/tags?post=79282"}],"curies":[{"name":"wp","href":"https:\/\/api.w.org\/{rel}","templated":true}]}}