{"id":79564,"date":"2010-03-01T00:00:00","date_gmt":"2010-02-28T23:00:00","guid":{"rendered":"http:\/\/b.bati-journal.com\/38e-congres-de-luntec\/79564"},"modified":"2010-03-01T00:00:00","modified_gmt":"2010-02-28T23:00:00","slug":"38e-congres-de-luntec","status":"publish","type":"post","link":"https:\/\/batijournal.com\/index.php\/38e-congres-de-luntec\/79564\/","title":{"rendered":"38e Congr\u00e8s de l&rsquo;Untec"},"content":{"rendered":"<p>Du 19 au 21 mai se tiendra \u00e0 l&rsquo;Espace Paris-Est-Montreuil le 38e Congr\u00e8s de l&rsquo;Untec (les \u00e9conomistes de la construction) dont le th\u00e8me sera : d\u00e9veloppement durable et transversalit\u00e9. A l&rsquo;occasion du Congr\u00e8s de l&rsquo;Untec, \u00e9conomistes et industriels accueillent les professionnels sur le Salon de la prescription du b\u00e2timent (200 exposants sur 6000 m2).<\/p>\n","protected":false},"excerpt":{"rendered":"<p>Du 19 au 21 mai se tiendra \u00e0 l&rsquo;Espace Paris-Est-Montreuil le 38e Congr\u00e8s de l&rsquo;Untec (les \u00e9conomistes de la construction) dont le th\u00e8me sera : d\u00e9veloppement durable et transversalit\u00e9. A l&rsquo;occasion du Congr\u00e8s de l&rsquo;Untec, \u00e9conomistes et industriels accueillent les professionnels sur le Salon de la prescription du b\u00e2timent (200 exposants sur 6000 m2).<\/p>\n","protected":false},"author":1,"featured_media":0,"comment_status":"open","ping_status":"closed","sticky":false,"template":"","format":"standard","meta":{"_et_pb_use_builder":"","_et_pb_old_content":"","_et_gb_content_width":"","footnotes":""},"categories":[9192],"tags":[2895],"class_list":["post-79564","post","type-post","status-publish","format-standard","hentry","category-evenements","tag-untec"],"yoast_head":"<!-- This site is optimized with the Yoast SEO plugin v27.4 - https:\/\/yoast.com\/product\/yoast-seo-wordpress\/ -->\n<title>38e Congr\u00e8s de l&#039;Untec<\/title>\n<meta name=\"robots\" content=\"index, follow, max-snippet:-1, max-image-preview:large, max-video-preview:-1\" \/>\n<link rel=\"canonical\" href=\"https:\/\/batijournal.com\/index.php\/38e-congres-de-luntec\/79564\/\" \/>\n<meta property=\"og:locale\" content=\"fr_FR\" \/>\n<meta property=\"og:type\" content=\"article\" \/>\n<meta property=\"og:title\" content=\"38e Congr\u00e8s de l&#039;Untec\" \/>\n<meta property=\"og:description\" content=\"Du 19 au 21 mai se tiendra \u00e0 l&rsquo;Espace Paris-Est-Montreuil le 38e Congr\u00e8s de l&rsquo;Untec (les \u00e9conomistes de la construction) dont le th\u00e8me sera : d\u00e9veloppement durable et transversalit\u00e9. A l&rsquo;occasion du Congr\u00e8s de l&rsquo;Untec, \u00e9conomistes et industriels accueillent les professionnels sur le Salon de la prescription du b\u00e2timent (200 exposants sur 6000 m2).\" \/>\n<meta property=\"og:url\" content=\"https:\/\/batijournal.com\/index.php\/38e-congres-de-luntec\/79564\/\" \/>\n<meta property=\"og:site_name\" content=\"Batijournal\" \/>\n<meta property=\"article:published_time\" content=\"2010-02-28T23:00:00+00:00\" \/>\n<meta name=\"author\" content=\"Bati-journal\" \/>\n<meta name=\"twitter:card\" content=\"summary_large_image\" \/>\n<meta name=\"twitter:creator\" content=\"@bati_journal\" \/>\n<meta name=\"twitter:site\" content=\"@bati_journal\" \/>\n<meta name=\"twitter:label1\" content=\"\u00c9crit par\" \/>\n\t<meta name=\"twitter:data1\" content=\"Bati-journal\" \/>\n<script type=\"application\/ld+json\" class=\"yoast-schema-graph\">{\"@context\":\"https:\\\/\\\/schema.org\",\"@graph\":[{\"@type\":\"Article\",\"@id\":\"https:\\\/\\\/batijournal.com\\\/index.php\\\/38e-congres-de-luntec\\\/79564\\\/#article\",\"isPartOf\":{\"@id\":\"https:\\\/\\\/batijournal.com\\\/index.php\\\/38e-congres-de-luntec\\\/79564\\\/\"},\"author\":{\"name\":\"Bati-journal\",\"@id\":\"https:\\\/\\\/batijournal.com\\\/#\\\/schema\\\/person\\\/6a657e8967569e1b299972574848aa76\"},\"headline\":\"38e Congr\u00e8s de l&rsquo;Untec\",\"datePublished\":\"2010-02-28T23:00:00+00:00\",\"mainEntityOfPage\":{\"@id\":\"https:\\\/\\\/batijournal.com\\\/index.php\\\/38e-congres-de-luntec\\\/79564\\\/\"},\"wordCount\":63,\"commentCount\":0,\"keywords\":[\"Untec\"],\"articleSection\":[\"\u00c9v\u00e9nements\"],\"inLanguage\":\"fr-FR\",\"potentialAction\":[{\"@type\":\"CommentAction\",\"name\":\"Comment\",\"target\":[\"https:\\\/\\\/batijournal.com\\\/index.php\\\/38e-congres-de-luntec\\\/79564\\\/#respond\"]}]},{\"@type\":\"WebPage\",\"@id\":\"https:\\\/\\\/batijournal.com\\\/index.php\\\/38e-congres-de-luntec\\\/79564\\\/\",\"url\":\"https:\\\/\\\/batijournal.com\\\/index.php\\\/38e-congres-de-luntec\\\/79564\\\/\",\"name\":\"38e Congr\u00e8s de l'Untec\",\"isPartOf\":{\"@id\":\"https:\\\/\\\/batijournal.com\\\/#website\"},\"datePublished\":\"2010-02-28T23:00:00+00:00\",\"author\":{\"@id\":\"https:\\\/\\\/batijournal.com\\\/#\\\/schema\\\/person\\\/6a657e8967569e1b299972574848aa76\"},\"breadcrumb\":{\"@id\":\"https:\\\/\\\/batijournal.com\\\/index.php\\\/38e-congres-de-luntec\\\/79564\\\/#breadcrumb\"},\"inLanguage\":\"fr-FR\",\"potentialAction\":[{\"@type\":\"ReadAction\",\"target\":[\"https:\\\/\\\/batijournal.com\\\/index.php\\\/38e-congres-de-luntec\\\/79564\\\/\"]}]},{\"@type\":\"BreadcrumbList\",\"@id\":\"https:\\\/\\\/batijournal.com\\\/index.php\\\/38e-congres-de-luntec\\\/79564\\\/#breadcrumb\",\"itemListElement\":[{\"@type\":\"ListItem\",\"position\":1,\"name\":\"Accueil\",\"item\":\"https:\\\/\\\/batijournal.com\\\/\"},{\"@type\":\"ListItem\",\"position\":2,\"name\":\"\u00c9v\u00e9nements\",\"item\":\"https:\\\/\\\/batijournal.com\\\/index.php\\\/category\\\/evenements\\\/\"},{\"@type\":\"ListItem\",\"position\":3,\"name\":\"38e Congr\u00e8s de l&rsquo;Untec\"}]},{\"@type\":\"WebSite\",\"@id\":\"https:\\\/\\\/batijournal.com\\\/#website\",\"url\":\"https:\\\/\\\/batijournal.com\\\/\",\"name\":\"Batijournal\",\"description\":\"L&#039;actualit\u00e9 du b\u00e2timent\",\"potentialAction\":[{\"@type\":\"SearchAction\",\"target\":{\"@type\":\"EntryPoint\",\"urlTemplate\":\"https:\\\/\\\/batijournal.com\\\/?s={search_term_string}\"},\"query-input\":{\"@type\":\"PropertyValueSpecification\",\"valueRequired\":true,\"valueName\":\"search_term_string\"}}],\"inLanguage\":\"fr-FR\"},{\"@type\":\"Person\",\"@id\":\"https:\\\/\\\/batijournal.com\\\/#\\\/schema\\\/person\\\/6a657e8967569e1b299972574848aa76\",\"name\":\"Bati-journal\",\"image\":{\"@type\":\"ImageObject\",\"inLanguage\":\"fr-FR\",\"@id\":\"https:\\\/\\\/secure.gravatar.com\\\/avatar\\\/a64364ea26392f9b4dd47e017ddaec74ff03aefc073b49e492e847201258f777?s=96&d=mm&r=g\",\"url\":\"https:\\\/\\\/secure.gravatar.com\\\/avatar\\\/a64364ea26392f9b4dd47e017ddaec74ff03aefc073b49e492e847201258f777?s=96&d=mm&r=g\",\"contentUrl\":\"https:\\\/\\\/secure.gravatar.com\\\/avatar\\\/a64364ea26392f9b4dd47e017ddaec74ff03aefc073b49e492e847201258f777?s=96&d=mm&r=g\",\"caption\":\"Bati-journal\"},\"url\":\"https:\\\/\\\/batijournal.com\\\/index.php\\\/author\\\/elodie\\\/\"}]}<\/script>\n<!-- \/ Yoast SEO plugin. -->","yoast_head_json":{"title":"38e Congr\u00e8s de l'Untec","robots":{"index":"index","follow":"follow","max-snippet":"max-snippet:-1","max-image-preview":"max-image-preview:large","max-video-preview":"max-video-preview:-1"},"canonical":"https:\/\/batijournal.com\/index.php\/38e-congres-de-luntec\/79564\/","og_locale":"fr_FR","og_type":"article","og_title":"38e Congr\u00e8s de l'Untec","og_description":"Du 19 au 21 mai se tiendra \u00e0 l&rsquo;Espace Paris-Est-Montreuil le 38e Congr\u00e8s de l&rsquo;Untec (les \u00e9conomistes de la construction) dont le th\u00e8me sera : d\u00e9veloppement durable et transversalit\u00e9. A l&rsquo;occasion du Congr\u00e8s de l&rsquo;Untec, \u00e9conomistes et industriels accueillent les professionnels sur le Salon de la prescription du b\u00e2timent (200 exposants sur 6000 m2).","og_url":"https:\/\/batijournal.com\/index.php\/38e-congres-de-luntec\/79564\/","og_site_name":"Batijournal","article_published_time":"2010-02-28T23:00:00+00:00","author":"Bati-journal","twitter_card":"summary_large_image","twitter_creator":"@bati_journal","twitter_site":"@bati_journal","twitter_misc":{"\u00c9crit par":"Bati-journal"},"schema":{"@context":"https:\/\/schema.org","@graph":[{"@type":"Article","@id":"https:\/\/batijournal.com\/index.php\/38e-congres-de-luntec\/79564\/#article","isPartOf":{"@id":"https:\/\/batijournal.com\/index.php\/38e-congres-de-luntec\/79564\/"},"author":{"name":"Bati-journal","@id":"https:\/\/batijournal.com\/#\/schema\/person\/6a657e8967569e1b299972574848aa76"},"headline":"38e Congr\u00e8s de l&rsquo;Untec","datePublished":"2010-02-28T23:00:00+00:00","mainEntityOfPage":{"@id":"https:\/\/batijournal.com\/index.php\/38e-congres-de-luntec\/79564\/"},"wordCount":63,"commentCount":0,"keywords":["Untec"],"articleSection":["\u00c9v\u00e9nements"],"inLanguage":"fr-FR","potentialAction":[{"@type":"CommentAction","name":"Comment","target":["https:\/\/batijournal.com\/index.php\/38e-congres-de-luntec\/79564\/#respond"]}]},{"@type":"WebPage","@id":"https:\/\/batijournal.com\/index.php\/38e-congres-de-luntec\/79564\/","url":"https:\/\/batijournal.com\/index.php\/38e-congres-de-luntec\/79564\/","name":"38e Congr\u00e8s de l'Untec","isPartOf":{"@id":"https:\/\/batijournal.com\/#website"},"datePublished":"2010-02-28T23:00:00+00:00","author":{"@id":"https:\/\/batijournal.com\/#\/schema\/person\/6a657e8967569e1b299972574848aa76"},"breadcrumb":{"@id":"https:\/\/batijournal.com\/index.php\/38e-congres-de-luntec\/79564\/#breadcrumb"},"inLanguage":"fr-FR","potentialAction":[{"@type":"ReadAction","target":["https:\/\/batijournal.com\/index.php\/38e-congres-de-luntec\/79564\/"]}]},{"@type":"BreadcrumbList","@id":"https:\/\/batijournal.com\/index.php\/38e-congres-de-luntec\/79564\/#breadcrumb","itemListElement":[{"@type":"ListItem","position":1,"name":"Accueil","item":"https:\/\/batijournal.com\/"},{"@type":"ListItem","position":2,"name":"\u00c9v\u00e9nements","item":"https:\/\/batijournal.com\/index.php\/category\/evenements\/"},{"@type":"ListItem","position":3,"name":"38e Congr\u00e8s de l&rsquo;Untec"}]},{"@type":"WebSite","@id":"https:\/\/batijournal.com\/#website","url":"https:\/\/batijournal.com\/","name":"Batijournal","description":"L&#039;actualit\u00e9 du b\u00e2timent","potentialAction":[{"@type":"SearchAction","target":{"@type":"EntryPoint","urlTemplate":"https:\/\/batijournal.com\/?s={search_term_string}"},"query-input":{"@type":"PropertyValueSpecification","valueRequired":true,"valueName":"search_term_string"}}],"inLanguage":"fr-FR"},{"@type":"Person","@id":"https:\/\/batijournal.com\/#\/schema\/person\/6a657e8967569e1b299972574848aa76","name":"Bati-journal","image":{"@type":"ImageObject","inLanguage":"fr-FR","@id":"https:\/\/secure.gravatar.com\/avatar\/a64364ea26392f9b4dd47e017ddaec74ff03aefc073b49e492e847201258f777?s=96&d=mm&r=g","url":"https:\/\/secure.gravatar.com\/avatar\/a64364ea26392f9b4dd47e017ddaec74ff03aefc073b49e492e847201258f777?s=96&d=mm&r=g","contentUrl":"https:\/\/secure.gravatar.com\/avatar\/a64364ea26392f9b4dd47e017ddaec74ff03aefc073b49e492e847201258f777?s=96&d=mm&r=g","caption":"Bati-journal"},"url":"https:\/\/batijournal.com\/index.php\/author\/elodie\/"}]}},"_links":{"self":[{"href":"https:\/\/batijournal.com\/index.php\/wp-json\/wp\/v2\/posts\/79564","targetHints":{"allow":["GET"]}}],"collection":[{"href":"https:\/\/batijournal.com\/index.php\/wp-json\/wp\/v2\/posts"}],"about":[{"href":"https:\/\/batijournal.com\/index.php\/wp-json\/wp\/v2\/types\/post"}],"author":[{"embeddable":true,"href":"https:\/\/batijournal.com\/index.php\/wp-json\/wp\/v2\/users\/1"}],"replies":[{"embeddable":true,"href":"https:\/\/batijournal.com\/index.php\/wp-json\/wp\/v2\/comments?post=79564"}],"version-history":[{"count":0,"href":"https:\/\/batijournal.com\/index.php\/wp-json\/wp\/v2\/posts\/79564\/revisions"}],"wp:attachment":[{"href":"https:\/\/batijournal.com\/index.php\/wp-json\/wp\/v2\/media?parent=79564"}],"wp:term":[{"taxonomy":"category","embeddable":true,"href":"https:\/\/batijournal.com\/index.php\/wp-json\/wp\/v2\/categories?post=79564"},{"taxonomy":"post_tag","embeddable":true,"href":"https:\/\/batijournal.com\/index.php\/wp-json\/wp\/v2\/tags?post=79564"}],"curies":[{"name":"wp","href":"https:\/\/api.w.org\/{rel}","templated":true}]}}