{"id":79582,"date":"2010-03-15T10:35:50","date_gmt":"2010-03-15T09:35:50","guid":{"rendered":"http:\/\/b.bati-journal.com\/conferences-du-salon-bois-et-habitat\/79582"},"modified":"2010-03-15T10:35:50","modified_gmt":"2010-03-15T09:35:50","slug":"conferences-du-salon-bois-et-habitat","status":"publish","type":"post","link":"https:\/\/batijournal.com\/index.php\/conferences-du-salon-bois-et-habitat\/79582\/","title":{"rendered":"Conf\u00e9rences du salon Bois et Habitat"},"content":{"rendered":"<p>A l&rsquo;\u0092occasion du salon Bois et Habitat de Namur, les organisateurs ont r\u00e9uni un panel prestigieux d&rsquo;\u0092intervenants pour une journ\u00e9e de d\u00e9bats sur la construction bois. La s\u00e9ance inaugurale \u00ab La construction bois \u00e0 l\u0092&rsquo;\u00e9preuve de l\u0092&rsquo;urbanisme \u00bb, qui se d\u00e9roulera vendredi, le 26 mars 2010, de 11 h \u00e0 12 h 30, sera consacr\u00e9e \u00e0 l\u0092&rsquo;approche politique du probl\u00e8me. Dans l&rsquo;\u0092apr\u00e8s-midi, les conf\u00e9rences auront pour th\u00e8me l\u0092&rsquo;architecture bois et seront pr\u00e9sent\u00e9es par des architectes et ing\u00e9nieurs britanniques, fran\u00e7ais, suisses et finlandais. Le salon Bois et Habitat se tiendra du 26 au 29 mars 2010 \u00e0 Namur, en Belgique.<\/p>\n","protected":false},"excerpt":{"rendered":"<p>A l&rsquo;\u0092occasion du salon Bois et Habitat de Namur, les organisateurs ont r\u00e9uni un panel prestigieux d&rsquo;\u0092intervenants pour une journ\u00e9e de d\u00e9bats sur la construction bois. La s\u00e9ance inaugurale \u00ab La construction bois \u00e0 l\u0092&rsquo;\u00e9preuve de l\u0092&rsquo;urbanisme \u00bb, qui se d\u00e9roulera vendredi, le 26 mars 2010, de 11 h \u00e0 12 h 30, sera consacr\u00e9e [&hellip;]<\/p>\n","protected":false},"author":1,"featured_media":0,"comment_status":"open","ping_status":"closed","sticky":false,"template":"","format":"standard","meta":{"_et_pb_use_builder":"","_et_pb_old_content":"","_et_gb_content_width":"","footnotes":""},"categories":[9192],"tags":[6395],"class_list":["post-79582","post","type-post","status-publish","format-standard","hentry","category-evenements","tag-salon-salon"],"yoast_head":"<!-- This site is optimized with the Yoast SEO plugin v27.4 - https:\/\/yoast.com\/product\/yoast-seo-wordpress\/ -->\n<title>Conf\u00e9rences du salon Bois et Habitat<\/title>\n<meta name=\"robots\" content=\"index, follow, max-snippet:-1, max-image-preview:large, max-video-preview:-1\" \/>\n<link rel=\"canonical\" href=\"https:\/\/batijournal.com\/index.php\/conferences-du-salon-bois-et-habitat\/79582\/\" \/>\n<meta property=\"og:locale\" content=\"fr_FR\" \/>\n<meta property=\"og:type\" content=\"article\" \/>\n<meta property=\"og:title\" content=\"Conf\u00e9rences du salon Bois et Habitat\" \/>\n<meta property=\"og:description\" content=\"A l&rsquo;\u0092occasion du salon Bois et Habitat de Namur, les organisateurs ont r\u00e9uni un panel prestigieux d&rsquo;\u0092intervenants pour une journ\u00e9e de d\u00e9bats sur la construction bois. La s\u00e9ance inaugurale \u00ab La construction bois \u00e0 l\u0092&rsquo;\u00e9preuve de l\u0092&rsquo;urbanisme \u00bb, qui se d\u00e9roulera vendredi, le 26 mars 2010, de 11 h \u00e0 12 h 30, sera consacr\u00e9e [&hellip;]\" \/>\n<meta property=\"og:url\" content=\"https:\/\/batijournal.com\/index.php\/conferences-du-salon-bois-et-habitat\/79582\/\" \/>\n<meta property=\"og:site_name\" content=\"Batijournal\" \/>\n<meta property=\"article:published_time\" content=\"2010-03-15T09:35:50+00:00\" \/>\n<meta name=\"author\" content=\"Bati-journal\" \/>\n<meta name=\"twitter:card\" content=\"summary_large_image\" \/>\n<meta name=\"twitter:creator\" content=\"@bati_journal\" \/>\n<meta name=\"twitter:site\" content=\"@bati_journal\" \/>\n<meta name=\"twitter:label1\" content=\"\u00c9crit par\" \/>\n\t<meta name=\"twitter:data1\" content=\"Bati-journal\" \/>\n\t<meta name=\"twitter:label2\" content=\"Dur\u00e9e de lecture estim\u00e9e\" \/>\n\t<meta name=\"twitter:data2\" content=\"1 minute\" \/>\n<script type=\"application\/ld+json\" class=\"yoast-schema-graph\">{\"@context\":\"https:\\\/\\\/schema.org\",\"@graph\":[{\"@type\":\"Article\",\"@id\":\"https:\\\/\\\/batijournal.com\\\/index.php\\\/conferences-du-salon-bois-et-habitat\\\/79582\\\/#article\",\"isPartOf\":{\"@id\":\"https:\\\/\\\/batijournal.com\\\/index.php\\\/conferences-du-salon-bois-et-habitat\\\/79582\\\/\"},\"author\":{\"name\":\"Bati-journal\",\"@id\":\"https:\\\/\\\/batijournal.com\\\/#\\\/schema\\\/person\\\/6a657e8967569e1b299972574848aa76\"},\"headline\":\"Conf\u00e9rences du salon Bois et Habitat\",\"datePublished\":\"2010-03-15T09:35:50+00:00\",\"mainEntityOfPage\":{\"@id\":\"https:\\\/\\\/batijournal.com\\\/index.php\\\/conferences-du-salon-bois-et-habitat\\\/79582\\\/\"},\"wordCount\":113,\"commentCount\":0,\"keywords\":[\"salon salon\"],\"articleSection\":[\"\u00c9v\u00e9nements\"],\"inLanguage\":\"fr-FR\",\"potentialAction\":[{\"@type\":\"CommentAction\",\"name\":\"Comment\",\"target\":[\"https:\\\/\\\/batijournal.com\\\/index.php\\\/conferences-du-salon-bois-et-habitat\\\/79582\\\/#respond\"]}]},{\"@type\":\"WebPage\",\"@id\":\"https:\\\/\\\/batijournal.com\\\/index.php\\\/conferences-du-salon-bois-et-habitat\\\/79582\\\/\",\"url\":\"https:\\\/\\\/batijournal.com\\\/index.php\\\/conferences-du-salon-bois-et-habitat\\\/79582\\\/\",\"name\":\"Conf\u00e9rences du salon Bois et Habitat\",\"isPartOf\":{\"@id\":\"https:\\\/\\\/batijournal.com\\\/#website\"},\"datePublished\":\"2010-03-15T09:35:50+00:00\",\"author\":{\"@id\":\"https:\\\/\\\/batijournal.com\\\/#\\\/schema\\\/person\\\/6a657e8967569e1b299972574848aa76\"},\"breadcrumb\":{\"@id\":\"https:\\\/\\\/batijournal.com\\\/index.php\\\/conferences-du-salon-bois-et-habitat\\\/79582\\\/#breadcrumb\"},\"inLanguage\":\"fr-FR\",\"potentialAction\":[{\"@type\":\"ReadAction\",\"target\":[\"https:\\\/\\\/batijournal.com\\\/index.php\\\/conferences-du-salon-bois-et-habitat\\\/79582\\\/\"]}]},{\"@type\":\"BreadcrumbList\",\"@id\":\"https:\\\/\\\/batijournal.com\\\/index.php\\\/conferences-du-salon-bois-et-habitat\\\/79582\\\/#breadcrumb\",\"itemListElement\":[{\"@type\":\"ListItem\",\"position\":1,\"name\":\"Accueil\",\"item\":\"https:\\\/\\\/batijournal.com\\\/\"},{\"@type\":\"ListItem\",\"position\":2,\"name\":\"\u00c9v\u00e9nements\",\"item\":\"https:\\\/\\\/batijournal.com\\\/index.php\\\/category\\\/evenements\\\/\"},{\"@type\":\"ListItem\",\"position\":3,\"name\":\"Conf\u00e9rences du salon Bois et Habitat\"}]},{\"@type\":\"WebSite\",\"@id\":\"https:\\\/\\\/batijournal.com\\\/#website\",\"url\":\"https:\\\/\\\/batijournal.com\\\/\",\"name\":\"Batijournal\",\"description\":\"L&#039;actualit\u00e9 du b\u00e2timent\",\"potentialAction\":[{\"@type\":\"SearchAction\",\"target\":{\"@type\":\"EntryPoint\",\"urlTemplate\":\"https:\\\/\\\/batijournal.com\\\/?s={search_term_string}\"},\"query-input\":{\"@type\":\"PropertyValueSpecification\",\"valueRequired\":true,\"valueName\":\"search_term_string\"}}],\"inLanguage\":\"fr-FR\"},{\"@type\":\"Person\",\"@id\":\"https:\\\/\\\/batijournal.com\\\/#\\\/schema\\\/person\\\/6a657e8967569e1b299972574848aa76\",\"name\":\"Bati-journal\",\"image\":{\"@type\":\"ImageObject\",\"inLanguage\":\"fr-FR\",\"@id\":\"https:\\\/\\\/secure.gravatar.com\\\/avatar\\\/a64364ea26392f9b4dd47e017ddaec74ff03aefc073b49e492e847201258f777?s=96&d=mm&r=g\",\"url\":\"https:\\\/\\\/secure.gravatar.com\\\/avatar\\\/a64364ea26392f9b4dd47e017ddaec74ff03aefc073b49e492e847201258f777?s=96&d=mm&r=g\",\"contentUrl\":\"https:\\\/\\\/secure.gravatar.com\\\/avatar\\\/a64364ea26392f9b4dd47e017ddaec74ff03aefc073b49e492e847201258f777?s=96&d=mm&r=g\",\"caption\":\"Bati-journal\"},\"url\":\"https:\\\/\\\/batijournal.com\\\/index.php\\\/author\\\/elodie\\\/\"}]}<\/script>\n<!-- \/ Yoast SEO plugin. -->","yoast_head_json":{"title":"Conf\u00e9rences du salon Bois et Habitat","robots":{"index":"index","follow":"follow","max-snippet":"max-snippet:-1","max-image-preview":"max-image-preview:large","max-video-preview":"max-video-preview:-1"},"canonical":"https:\/\/batijournal.com\/index.php\/conferences-du-salon-bois-et-habitat\/79582\/","og_locale":"fr_FR","og_type":"article","og_title":"Conf\u00e9rences du salon Bois et Habitat","og_description":"A l&rsquo;\u0092occasion du salon Bois et Habitat de Namur, les organisateurs ont r\u00e9uni un panel prestigieux d&rsquo;\u0092intervenants pour une journ\u00e9e de d\u00e9bats sur la construction bois. La s\u00e9ance inaugurale \u00ab La construction bois \u00e0 l\u0092&rsquo;\u00e9preuve de l\u0092&rsquo;urbanisme \u00bb, qui se d\u00e9roulera vendredi, le 26 mars 2010, de 11 h \u00e0 12 h 30, sera consacr\u00e9e [&hellip;]","og_url":"https:\/\/batijournal.com\/index.php\/conferences-du-salon-bois-et-habitat\/79582\/","og_site_name":"Batijournal","article_published_time":"2010-03-15T09:35:50+00:00","author":"Bati-journal","twitter_card":"summary_large_image","twitter_creator":"@bati_journal","twitter_site":"@bati_journal","twitter_misc":{"\u00c9crit par":"Bati-journal","Dur\u00e9e de lecture estim\u00e9e":"1 minute"},"schema":{"@context":"https:\/\/schema.org","@graph":[{"@type":"Article","@id":"https:\/\/batijournal.com\/index.php\/conferences-du-salon-bois-et-habitat\/79582\/#article","isPartOf":{"@id":"https:\/\/batijournal.com\/index.php\/conferences-du-salon-bois-et-habitat\/79582\/"},"author":{"name":"Bati-journal","@id":"https:\/\/batijournal.com\/#\/schema\/person\/6a657e8967569e1b299972574848aa76"},"headline":"Conf\u00e9rences du salon Bois et Habitat","datePublished":"2010-03-15T09:35:50+00:00","mainEntityOfPage":{"@id":"https:\/\/batijournal.com\/index.php\/conferences-du-salon-bois-et-habitat\/79582\/"},"wordCount":113,"commentCount":0,"keywords":["salon salon"],"articleSection":["\u00c9v\u00e9nements"],"inLanguage":"fr-FR","potentialAction":[{"@type":"CommentAction","name":"Comment","target":["https:\/\/batijournal.com\/index.php\/conferences-du-salon-bois-et-habitat\/79582\/#respond"]}]},{"@type":"WebPage","@id":"https:\/\/batijournal.com\/index.php\/conferences-du-salon-bois-et-habitat\/79582\/","url":"https:\/\/batijournal.com\/index.php\/conferences-du-salon-bois-et-habitat\/79582\/","name":"Conf\u00e9rences du salon Bois et Habitat","isPartOf":{"@id":"https:\/\/batijournal.com\/#website"},"datePublished":"2010-03-15T09:35:50+00:00","author":{"@id":"https:\/\/batijournal.com\/#\/schema\/person\/6a657e8967569e1b299972574848aa76"},"breadcrumb":{"@id":"https:\/\/batijournal.com\/index.php\/conferences-du-salon-bois-et-habitat\/79582\/#breadcrumb"},"inLanguage":"fr-FR","potentialAction":[{"@type":"ReadAction","target":["https:\/\/batijournal.com\/index.php\/conferences-du-salon-bois-et-habitat\/79582\/"]}]},{"@type":"BreadcrumbList","@id":"https:\/\/batijournal.com\/index.php\/conferences-du-salon-bois-et-habitat\/79582\/#breadcrumb","itemListElement":[{"@type":"ListItem","position":1,"name":"Accueil","item":"https:\/\/batijournal.com\/"},{"@type":"ListItem","position":2,"name":"\u00c9v\u00e9nements","item":"https:\/\/batijournal.com\/index.php\/category\/evenements\/"},{"@type":"ListItem","position":3,"name":"Conf\u00e9rences du salon Bois et Habitat"}]},{"@type":"WebSite","@id":"https:\/\/batijournal.com\/#website","url":"https:\/\/batijournal.com\/","name":"Batijournal","description":"L&#039;actualit\u00e9 du b\u00e2timent","potentialAction":[{"@type":"SearchAction","target":{"@type":"EntryPoint","urlTemplate":"https:\/\/batijournal.com\/?s={search_term_string}"},"query-input":{"@type":"PropertyValueSpecification","valueRequired":true,"valueName":"search_term_string"}}],"inLanguage":"fr-FR"},{"@type":"Person","@id":"https:\/\/batijournal.com\/#\/schema\/person\/6a657e8967569e1b299972574848aa76","name":"Bati-journal","image":{"@type":"ImageObject","inLanguage":"fr-FR","@id":"https:\/\/secure.gravatar.com\/avatar\/a64364ea26392f9b4dd47e017ddaec74ff03aefc073b49e492e847201258f777?s=96&d=mm&r=g","url":"https:\/\/secure.gravatar.com\/avatar\/a64364ea26392f9b4dd47e017ddaec74ff03aefc073b49e492e847201258f777?s=96&d=mm&r=g","contentUrl":"https:\/\/secure.gravatar.com\/avatar\/a64364ea26392f9b4dd47e017ddaec74ff03aefc073b49e492e847201258f777?s=96&d=mm&r=g","caption":"Bati-journal"},"url":"https:\/\/batijournal.com\/index.php\/author\/elodie\/"}]}},"_links":{"self":[{"href":"https:\/\/batijournal.com\/index.php\/wp-json\/wp\/v2\/posts\/79582","targetHints":{"allow":["GET"]}}],"collection":[{"href":"https:\/\/batijournal.com\/index.php\/wp-json\/wp\/v2\/posts"}],"about":[{"href":"https:\/\/batijournal.com\/index.php\/wp-json\/wp\/v2\/types\/post"}],"author":[{"embeddable":true,"href":"https:\/\/batijournal.com\/index.php\/wp-json\/wp\/v2\/users\/1"}],"replies":[{"embeddable":true,"href":"https:\/\/batijournal.com\/index.php\/wp-json\/wp\/v2\/comments?post=79582"}],"version-history":[{"count":0,"href":"https:\/\/batijournal.com\/index.php\/wp-json\/wp\/v2\/posts\/79582\/revisions"}],"wp:attachment":[{"href":"https:\/\/batijournal.com\/index.php\/wp-json\/wp\/v2\/media?parent=79582"}],"wp:term":[{"taxonomy":"category","embeddable":true,"href":"https:\/\/batijournal.com\/index.php\/wp-json\/wp\/v2\/categories?post=79582"},{"taxonomy":"post_tag","embeddable":true,"href":"https:\/\/batijournal.com\/index.php\/wp-json\/wp\/v2\/tags?post=79582"}],"curies":[{"name":"wp","href":"https:\/\/api.w.org\/{rel}","templated":true}]}}