{"id":79603,"date":"2010-04-14T00:00:00","date_gmt":"2010-04-13T22:00:00","guid":{"rendered":"http:\/\/b.bati-journal.com\/les-jeunes-architectes-s%c2%92exposent-a-versailles\/79603"},"modified":"2010-04-14T00:00:00","modified_gmt":"2010-04-13T22:00:00","slug":"les-jeunes-architectes-s%c2%92exposent-a-versailles","status":"publish","type":"post","link":"https:\/\/batijournal.com\/index.php\/les-jeunes-architectes-s%c2%92exposent-a-versailles\/79603\/","title":{"rendered":"Les jeunes architectes s&rsquo;\u0092exposent \u00e0 Versailles"},"content":{"rendered":"<p>Depuis deux ans, la Ville de Versailles a lanc\u00e9 de nombreux projets d\u0092&rsquo;am\u00e9nagements et de r\u00e9habilitation urbains. Pour cela elle fait appel \u00e0 des architectes c\u00e9l\u00e8bres (Jean-Michel Wilmotte, Jean-Marie Dutilleul) mais \u00e9galement \u00e0 la jeune g\u00e9n\u00e9ration issue du prestigieux concours du minist\u00e8re de la Culture et de la Communication, les NAJAP, Nouveaux Albums des Jeunes architectes et paysagistes. Fran\u00e7ois de Mazi\u00e8res, maire de Versailles, a en effet souhait\u00e9 confier \u00e0 ces laur\u00e9ats quelques-uns des projets majeurs de la Cit\u00e9 royale. Ces projets seront r\u00e9unis et pr\u00e9sent\u00e9s dans une exposition qui se tiendra du 30 avril au 11 juillet au Mus\u00e9e Lambinet. Celle-ci permettra d\u0092&rsquo;\u00e9voquer tous les projets urbains \u00e0 na\u00eetre dans la Ville au cours des prochaines ann\u00e9es. Cette exposition d\u0092&rsquo;urbanisme r\u00e9v\u00e9lera les grands axes de la strat\u00e9gie urbaine de la Ville \u00e0 travers des films, documents d&rsquo;\u0092archives, dessins, maquettes d\u0092\u00e9tude ou perspectives. Elle doit permettre aux citoyens et \u00e0 tous ceux qui s\u0092int\u00e9ressent aux Grands projets d&rsquo;architecture de d\u00e9couvrir une projection du Versailles de demain. Accessible \u00e0 tous et didactique, elle contribuera \u00e0 une meilleure compr\u00e9hension des n\u00e9cessit\u00e9s de l\u0092&rsquo;\u00e9volution de la Cit\u00e9 Royale.<\/p>\n","protected":false},"excerpt":{"rendered":"<p>Depuis deux ans, la Ville de Versailles a lanc\u00e9 de nombreux projets d\u0092&rsquo;am\u00e9nagements et de r\u00e9habilitation urbains. Pour cela elle fait appel \u00e0 des architectes c\u00e9l\u00e8bres (Jean-Michel Wilmotte, Jean-Marie Dutilleul) mais \u00e9galement \u00e0 la jeune g\u00e9n\u00e9ration issue du prestigieux concours du minist\u00e8re de la Culture et de la Communication, les NAJAP, Nouveaux Albums des Jeunes [&hellip;]<\/p>\n","protected":false},"author":1,"featured_media":0,"comment_status":"open","ping_status":"closed","sticky":false,"template":"","format":"standard","meta":{"_et_pb_use_builder":"","_et_pb_old_content":"","_et_gb_content_width":"","footnotes":""},"categories":[9192],"tags":[552,3499],"class_list":["post-79603","post","type-post","status-publish","format-standard","hentry","category-evenements","tag-exposition","tag-versailles"],"yoast_head":"<!-- This site is optimized with the Yoast SEO plugin v27.4 - https:\/\/yoast.com\/product\/yoast-seo-wordpress\/ -->\n<title>Les jeunes architectes s&#039;\u0092exposent \u00e0 Versailles<\/title>\n<meta name=\"robots\" content=\"index, follow, max-snippet:-1, max-image-preview:large, max-video-preview:-1\" \/>\n<link rel=\"canonical\" href=\"https:\/\/batijournal.com\/index.php\/les-jeunes-architectes-s\u0092exposent-a-versailles\/79603\/\" \/>\n<meta property=\"og:locale\" content=\"fr_FR\" \/>\n<meta property=\"og:type\" content=\"article\" \/>\n<meta property=\"og:title\" content=\"Les jeunes architectes s&#039;\u0092exposent \u00e0 Versailles\" \/>\n<meta property=\"og:description\" content=\"Depuis deux ans, la Ville de Versailles a lanc\u00e9 de nombreux projets d\u0092&rsquo;am\u00e9nagements et de r\u00e9habilitation urbains. Pour cela elle fait appel \u00e0 des architectes c\u00e9l\u00e8bres (Jean-Michel Wilmotte, Jean-Marie Dutilleul) mais \u00e9galement \u00e0 la jeune g\u00e9n\u00e9ration issue du prestigieux concours du minist\u00e8re de la Culture et de la Communication, les NAJAP, Nouveaux Albums des Jeunes [&hellip;]\" \/>\n<meta property=\"og:url\" content=\"https:\/\/batijournal.com\/index.php\/les-jeunes-architectes-s\u0092exposent-a-versailles\/79603\/\" \/>\n<meta property=\"og:site_name\" content=\"Batijournal\" \/>\n<meta property=\"article:published_time\" content=\"2010-04-13T22:00:00+00:00\" \/>\n<meta name=\"author\" content=\"Bati-journal\" \/>\n<meta name=\"twitter:card\" content=\"summary_large_image\" \/>\n<meta name=\"twitter:creator\" content=\"@bati_journal\" \/>\n<meta name=\"twitter:site\" content=\"@bati_journal\" \/>\n<meta name=\"twitter:label1\" content=\"\u00c9crit par\" \/>\n\t<meta name=\"twitter:data1\" content=\"Bati-journal\" \/>\n\t<meta name=\"twitter:label2\" content=\"Dur\u00e9e de lecture estim\u00e9e\" \/>\n\t<meta name=\"twitter:data2\" content=\"1 minute\" \/>\n<script type=\"application\/ld+json\" class=\"yoast-schema-graph\">{\"@context\":\"https:\\\/\\\/schema.org\",\"@graph\":[{\"@type\":\"Article\",\"@id\":\"https:\\\/\\\/batijournal.com\\\/index.php\\\/les-jeunes-architectes-s%c2%92exposent-a-versailles\\\/79603\\\/#article\",\"isPartOf\":{\"@id\":\"https:\\\/\\\/batijournal.com\\\/index.php\\\/les-jeunes-architectes-s%c2%92exposent-a-versailles\\\/79603\\\/\"},\"author\":{\"name\":\"Bati-journal\",\"@id\":\"https:\\\/\\\/batijournal.com\\\/#\\\/schema\\\/person\\\/6a657e8967569e1b299972574848aa76\"},\"headline\":\"Les jeunes architectes s&rsquo;\u0092exposent \u00e0 Versailles\",\"datePublished\":\"2010-04-13T22:00:00+00:00\",\"mainEntityOfPage\":{\"@id\":\"https:\\\/\\\/batijournal.com\\\/index.php\\\/les-jeunes-architectes-s%c2%92exposent-a-versailles\\\/79603\\\/\"},\"wordCount\":213,\"commentCount\":0,\"keywords\":[\"exposition\",\"Versailles\"],\"articleSection\":[\"\u00c9v\u00e9nements\"],\"inLanguage\":\"fr-FR\",\"potentialAction\":[{\"@type\":\"CommentAction\",\"name\":\"Comment\",\"target\":[\"https:\\\/\\\/batijournal.com\\\/index.php\\\/les-jeunes-architectes-s%c2%92exposent-a-versailles\\\/79603\\\/#respond\"]}]},{\"@type\":\"WebPage\",\"@id\":\"https:\\\/\\\/batijournal.com\\\/index.php\\\/les-jeunes-architectes-s%c2%92exposent-a-versailles\\\/79603\\\/\",\"url\":\"https:\\\/\\\/batijournal.com\\\/index.php\\\/les-jeunes-architectes-s%c2%92exposent-a-versailles\\\/79603\\\/\",\"name\":\"Les jeunes architectes s'\u0092exposent \u00e0 Versailles\",\"isPartOf\":{\"@id\":\"https:\\\/\\\/batijournal.com\\\/#website\"},\"datePublished\":\"2010-04-13T22:00:00+00:00\",\"author\":{\"@id\":\"https:\\\/\\\/batijournal.com\\\/#\\\/schema\\\/person\\\/6a657e8967569e1b299972574848aa76\"},\"breadcrumb\":{\"@id\":\"https:\\\/\\\/batijournal.com\\\/index.php\\\/les-jeunes-architectes-s%c2%92exposent-a-versailles\\\/79603\\\/#breadcrumb\"},\"inLanguage\":\"fr-FR\",\"potentialAction\":[{\"@type\":\"ReadAction\",\"target\":[\"https:\\\/\\\/batijournal.com\\\/index.php\\\/les-jeunes-architectes-s%c2%92exposent-a-versailles\\\/79603\\\/\"]}]},{\"@type\":\"BreadcrumbList\",\"@id\":\"https:\\\/\\\/batijournal.com\\\/index.php\\\/les-jeunes-architectes-s%c2%92exposent-a-versailles\\\/79603\\\/#breadcrumb\",\"itemListElement\":[{\"@type\":\"ListItem\",\"position\":1,\"name\":\"Accueil\",\"item\":\"https:\\\/\\\/batijournal.com\\\/\"},{\"@type\":\"ListItem\",\"position\":2,\"name\":\"\u00c9v\u00e9nements\",\"item\":\"https:\\\/\\\/batijournal.com\\\/index.php\\\/category\\\/evenements\\\/\"},{\"@type\":\"ListItem\",\"position\":3,\"name\":\"Les jeunes architectes s&rsquo;\u0092exposent \u00e0 Versailles\"}]},{\"@type\":\"WebSite\",\"@id\":\"https:\\\/\\\/batijournal.com\\\/#website\",\"url\":\"https:\\\/\\\/batijournal.com\\\/\",\"name\":\"Batijournal\",\"description\":\"L&#039;actualit\u00e9 du b\u00e2timent\",\"potentialAction\":[{\"@type\":\"SearchAction\",\"target\":{\"@type\":\"EntryPoint\",\"urlTemplate\":\"https:\\\/\\\/batijournal.com\\\/?s={search_term_string}\"},\"query-input\":{\"@type\":\"PropertyValueSpecification\",\"valueRequired\":true,\"valueName\":\"search_term_string\"}}],\"inLanguage\":\"fr-FR\"},{\"@type\":\"Person\",\"@id\":\"https:\\\/\\\/batijournal.com\\\/#\\\/schema\\\/person\\\/6a657e8967569e1b299972574848aa76\",\"name\":\"Bati-journal\",\"image\":{\"@type\":\"ImageObject\",\"inLanguage\":\"fr-FR\",\"@id\":\"https:\\\/\\\/secure.gravatar.com\\\/avatar\\\/a64364ea26392f9b4dd47e017ddaec74ff03aefc073b49e492e847201258f777?s=96&d=mm&r=g\",\"url\":\"https:\\\/\\\/secure.gravatar.com\\\/avatar\\\/a64364ea26392f9b4dd47e017ddaec74ff03aefc073b49e492e847201258f777?s=96&d=mm&r=g\",\"contentUrl\":\"https:\\\/\\\/secure.gravatar.com\\\/avatar\\\/a64364ea26392f9b4dd47e017ddaec74ff03aefc073b49e492e847201258f777?s=96&d=mm&r=g\",\"caption\":\"Bati-journal\"},\"url\":\"https:\\\/\\\/batijournal.com\\\/index.php\\\/author\\\/elodie\\\/\"}]}<\/script>\n<!-- \/ Yoast SEO plugin. -->","yoast_head_json":{"title":"Les jeunes architectes s'\u0092exposent \u00e0 Versailles","robots":{"index":"index","follow":"follow","max-snippet":"max-snippet:-1","max-image-preview":"max-image-preview:large","max-video-preview":"max-video-preview:-1"},"canonical":"https:\/\/batijournal.com\/index.php\/les-jeunes-architectes-s\u0092exposent-a-versailles\/79603\/","og_locale":"fr_FR","og_type":"article","og_title":"Les jeunes architectes s'\u0092exposent \u00e0 Versailles","og_description":"Depuis deux ans, la Ville de Versailles a lanc\u00e9 de nombreux projets d\u0092&rsquo;am\u00e9nagements et de r\u00e9habilitation urbains. Pour cela elle fait appel \u00e0 des architectes c\u00e9l\u00e8bres (Jean-Michel Wilmotte, Jean-Marie Dutilleul) mais \u00e9galement \u00e0 la jeune g\u00e9n\u00e9ration issue du prestigieux concours du minist\u00e8re de la Culture et de la Communication, les NAJAP, Nouveaux Albums des Jeunes [&hellip;]","og_url":"https:\/\/batijournal.com\/index.php\/les-jeunes-architectes-s\u0092exposent-a-versailles\/79603\/","og_site_name":"Batijournal","article_published_time":"2010-04-13T22:00:00+00:00","author":"Bati-journal","twitter_card":"summary_large_image","twitter_creator":"@bati_journal","twitter_site":"@bati_journal","twitter_misc":{"\u00c9crit par":"Bati-journal","Dur\u00e9e de lecture estim\u00e9e":"1 minute"},"schema":{"@context":"https:\/\/schema.org","@graph":[{"@type":"Article","@id":"https:\/\/batijournal.com\/index.php\/les-jeunes-architectes-s%c2%92exposent-a-versailles\/79603\/#article","isPartOf":{"@id":"https:\/\/batijournal.com\/index.php\/les-jeunes-architectes-s%c2%92exposent-a-versailles\/79603\/"},"author":{"name":"Bati-journal","@id":"https:\/\/batijournal.com\/#\/schema\/person\/6a657e8967569e1b299972574848aa76"},"headline":"Les jeunes architectes s&rsquo;\u0092exposent \u00e0 Versailles","datePublished":"2010-04-13T22:00:00+00:00","mainEntityOfPage":{"@id":"https:\/\/batijournal.com\/index.php\/les-jeunes-architectes-s%c2%92exposent-a-versailles\/79603\/"},"wordCount":213,"commentCount":0,"keywords":["exposition","Versailles"],"articleSection":["\u00c9v\u00e9nements"],"inLanguage":"fr-FR","potentialAction":[{"@type":"CommentAction","name":"Comment","target":["https:\/\/batijournal.com\/index.php\/les-jeunes-architectes-s%c2%92exposent-a-versailles\/79603\/#respond"]}]},{"@type":"WebPage","@id":"https:\/\/batijournal.com\/index.php\/les-jeunes-architectes-s%c2%92exposent-a-versailles\/79603\/","url":"https:\/\/batijournal.com\/index.php\/les-jeunes-architectes-s%c2%92exposent-a-versailles\/79603\/","name":"Les jeunes architectes s'\u0092exposent \u00e0 Versailles","isPartOf":{"@id":"https:\/\/batijournal.com\/#website"},"datePublished":"2010-04-13T22:00:00+00:00","author":{"@id":"https:\/\/batijournal.com\/#\/schema\/person\/6a657e8967569e1b299972574848aa76"},"breadcrumb":{"@id":"https:\/\/batijournal.com\/index.php\/les-jeunes-architectes-s%c2%92exposent-a-versailles\/79603\/#breadcrumb"},"inLanguage":"fr-FR","potentialAction":[{"@type":"ReadAction","target":["https:\/\/batijournal.com\/index.php\/les-jeunes-architectes-s%c2%92exposent-a-versailles\/79603\/"]}]},{"@type":"BreadcrumbList","@id":"https:\/\/batijournal.com\/index.php\/les-jeunes-architectes-s%c2%92exposent-a-versailles\/79603\/#breadcrumb","itemListElement":[{"@type":"ListItem","position":1,"name":"Accueil","item":"https:\/\/batijournal.com\/"},{"@type":"ListItem","position":2,"name":"\u00c9v\u00e9nements","item":"https:\/\/batijournal.com\/index.php\/category\/evenements\/"},{"@type":"ListItem","position":3,"name":"Les jeunes architectes s&rsquo;\u0092exposent \u00e0 Versailles"}]},{"@type":"WebSite","@id":"https:\/\/batijournal.com\/#website","url":"https:\/\/batijournal.com\/","name":"Batijournal","description":"L&#039;actualit\u00e9 du b\u00e2timent","potentialAction":[{"@type":"SearchAction","target":{"@type":"EntryPoint","urlTemplate":"https:\/\/batijournal.com\/?s={search_term_string}"},"query-input":{"@type":"PropertyValueSpecification","valueRequired":true,"valueName":"search_term_string"}}],"inLanguage":"fr-FR"},{"@type":"Person","@id":"https:\/\/batijournal.com\/#\/schema\/person\/6a657e8967569e1b299972574848aa76","name":"Bati-journal","image":{"@type":"ImageObject","inLanguage":"fr-FR","@id":"https:\/\/secure.gravatar.com\/avatar\/a64364ea26392f9b4dd47e017ddaec74ff03aefc073b49e492e847201258f777?s=96&d=mm&r=g","url":"https:\/\/secure.gravatar.com\/avatar\/a64364ea26392f9b4dd47e017ddaec74ff03aefc073b49e492e847201258f777?s=96&d=mm&r=g","contentUrl":"https:\/\/secure.gravatar.com\/avatar\/a64364ea26392f9b4dd47e017ddaec74ff03aefc073b49e492e847201258f777?s=96&d=mm&r=g","caption":"Bati-journal"},"url":"https:\/\/batijournal.com\/index.php\/author\/elodie\/"}]}},"_links":{"self":[{"href":"https:\/\/batijournal.com\/index.php\/wp-json\/wp\/v2\/posts\/79603","targetHints":{"allow":["GET"]}}],"collection":[{"href":"https:\/\/batijournal.com\/index.php\/wp-json\/wp\/v2\/posts"}],"about":[{"href":"https:\/\/batijournal.com\/index.php\/wp-json\/wp\/v2\/types\/post"}],"author":[{"embeddable":true,"href":"https:\/\/batijournal.com\/index.php\/wp-json\/wp\/v2\/users\/1"}],"replies":[{"embeddable":true,"href":"https:\/\/batijournal.com\/index.php\/wp-json\/wp\/v2\/comments?post=79603"}],"version-history":[{"count":0,"href":"https:\/\/batijournal.com\/index.php\/wp-json\/wp\/v2\/posts\/79603\/revisions"}],"wp:attachment":[{"href":"https:\/\/batijournal.com\/index.php\/wp-json\/wp\/v2\/media?parent=79603"}],"wp:term":[{"taxonomy":"category","embeddable":true,"href":"https:\/\/batijournal.com\/index.php\/wp-json\/wp\/v2\/categories?post=79603"},{"taxonomy":"post_tag","embeddable":true,"href":"https:\/\/batijournal.com\/index.php\/wp-json\/wp\/v2\/tags?post=79603"}],"curies":[{"name":"wp","href":"https:\/\/api.w.org\/{rel}","templated":true}]}}