{"id":79609,"date":"2010-04-23T15:31:32","date_gmt":"2010-04-23T13:31:32","guid":{"rendered":"http:\/\/b.bati-journal.com\/10e-semaine-du-bois-en-haute-normandie\/79609"},"modified":"2010-04-23T15:31:32","modified_gmt":"2010-04-23T13:31:32","slug":"10e-semaine-du-bois-en-haute-normandie","status":"publish","type":"post","link":"https:\/\/batijournal.com\/index.php\/10e-semaine-du-bois-en-haute-normandie\/79609\/","title":{"rendered":"10e semaine du Bois en Haute-Normandie"},"content":{"rendered":"<p>Cette ann\u00e9e, Anoribois organise avec le concours de la R\u00e9gion Haute-Normandie et de France Bois For\u00eat, la 10e semaine du Bois, rendez-vous incontournable entre le grand public et les professionnels de la fili\u00e8re for\u00eat-bois. Elle aura lieu du 5 au 12 mai 2010 avec pr\u00e8s d&rsquo;une trentaine de manifestations r\u00e9parties dans toute la Haute-Normandie. 29 manifestations pr\u00e8s de chez vous (dont 27 gratuites)Le programme complet sur <a href=\"http:\/\/www.anoribois.com\" target=\"_blank\">www.anoribois.com<\/a>.\u00a0Pour plus d\u0092informations : Anoribois, Interprofession de la fili\u00e8re for\u00eat-bois de Haute-Normandie1, rue Georges-Cl\u00e9menceau 76230 Bois-GuillaumeT\u00e9l. : 02 35 61 55 59 &#8211; Fax : 02 35 61 55 52Courriel : anoribois@wanadoo.fr<\/p>\n","protected":false},"excerpt":{"rendered":"<p>Cette ann\u00e9e, Anoribois organise avec le concours de la R\u00e9gion Haute-Normandie et de France Bois For\u00eat, la 10e semaine du Bois, rendez-vous incontournable entre le grand public et les professionnels de la fili\u00e8re for\u00eat-bois. Elle aura lieu du 5 au 12 mai 2010 avec pr\u00e8s d&rsquo;une trentaine de manifestations r\u00e9parties dans toute la Haute-Normandie. 29 [&hellip;]<\/p>\n","protected":false},"author":1,"featured_media":79610,"comment_status":"open","ping_status":"closed","sticky":false,"template":"","format":"standard","meta":{"_et_pb_use_builder":"","_et_pb_old_content":"","_et_gb_content_width":"","footnotes":""},"categories":[9192],"tags":[1191],"class_list":["post-79609","post","type-post","status-publish","format-standard","has-post-thumbnail","hentry","category-evenements","tag-haute-normandie"],"yoast_head":"<!-- This site is optimized with the Yoast SEO plugin v27.4 - https:\/\/yoast.com\/product\/yoast-seo-wordpress\/ -->\n<title>10e semaine du Bois en Haute-Normandie<\/title>\n<meta name=\"robots\" content=\"index, follow, max-snippet:-1, max-image-preview:large, max-video-preview:-1\" \/>\n<link rel=\"canonical\" href=\"https:\/\/batijournal.com\/index.php\/10e-semaine-du-bois-en-haute-normandie\/79609\/\" \/>\n<meta property=\"og:locale\" content=\"fr_FR\" \/>\n<meta property=\"og:type\" content=\"article\" \/>\n<meta property=\"og:title\" content=\"10e semaine du Bois en Haute-Normandie\" \/>\n<meta property=\"og:description\" content=\"Cette ann\u00e9e, Anoribois organise avec le concours de la R\u00e9gion Haute-Normandie et de France Bois For\u00eat, la 10e semaine du Bois, rendez-vous incontournable entre le grand public et les professionnels de la fili\u00e8re for\u00eat-bois. Elle aura lieu du 5 au 12 mai 2010 avec pr\u00e8s d&rsquo;une trentaine de manifestations r\u00e9parties dans toute la Haute-Normandie. 29 [&hellip;]\" \/>\n<meta property=\"og:url\" content=\"https:\/\/batijournal.com\/index.php\/10e-semaine-du-bois-en-haute-normandie\/79609\/\" \/>\n<meta property=\"og:site_name\" content=\"Batijournal\" \/>\n<meta property=\"article:published_time\" content=\"2010-04-23T13:31:32+00:00\" \/>\n<meta property=\"og:image\" content=\"https:\/\/batijournal.com\/wp-content\/uploads\/2015\/03\/11912454.jpg\" \/>\n\t<meta property=\"og:image:width\" content=\"281\" \/>\n\t<meta property=\"og:image:height\" content=\"600\" \/>\n\t<meta property=\"og:image:type\" content=\"image\/jpeg\" \/>\n<meta name=\"author\" content=\"Bati-journal\" \/>\n<meta name=\"twitter:card\" content=\"summary_large_image\" \/>\n<meta name=\"twitter:creator\" content=\"@bati_journal\" \/>\n<meta name=\"twitter:site\" content=\"@bati_journal\" \/>\n<meta name=\"twitter:label1\" content=\"\u00c9crit par\" \/>\n\t<meta name=\"twitter:data1\" content=\"Bati-journal\" \/>\n<script type=\"application\/ld+json\" class=\"yoast-schema-graph\">{\"@context\":\"https:\\\/\\\/schema.org\",\"@graph\":[{\"@type\":\"Article\",\"@id\":\"https:\\\/\\\/batijournal.com\\\/index.php\\\/10e-semaine-du-bois-en-haute-normandie\\\/79609\\\/#article\",\"isPartOf\":{\"@id\":\"https:\\\/\\\/batijournal.com\\\/index.php\\\/10e-semaine-du-bois-en-haute-normandie\\\/79609\\\/\"},\"author\":{\"name\":\"Bati-journal\",\"@id\":\"https:\\\/\\\/batijournal.com\\\/#\\\/schema\\\/person\\\/6a657e8967569e1b299972574848aa76\"},\"headline\":\"10e semaine du Bois en Haute-Normandie\",\"datePublished\":\"2010-04-23T13:31:32+00:00\",\"mainEntityOfPage\":{\"@id\":\"https:\\\/\\\/batijournal.com\\\/index.php\\\/10e-semaine-du-bois-en-haute-normandie\\\/79609\\\/\"},\"wordCount\":105,\"commentCount\":0,\"image\":{\"@id\":\"https:\\\/\\\/batijournal.com\\\/index.php\\\/10e-semaine-du-bois-en-haute-normandie\\\/79609\\\/#primaryimage\"},\"thumbnailUrl\":\"https:\\\/\\\/batijournal.com\\\/wp-content\\\/uploads\\\/2015\\\/03\\\/11912454.jpg\",\"keywords\":[\"Haute-Normandie\"],\"articleSection\":[\"\u00c9v\u00e9nements\"],\"inLanguage\":\"fr-FR\",\"potentialAction\":[{\"@type\":\"CommentAction\",\"name\":\"Comment\",\"target\":[\"https:\\\/\\\/batijournal.com\\\/index.php\\\/10e-semaine-du-bois-en-haute-normandie\\\/79609\\\/#respond\"]}]},{\"@type\":\"WebPage\",\"@id\":\"https:\\\/\\\/batijournal.com\\\/index.php\\\/10e-semaine-du-bois-en-haute-normandie\\\/79609\\\/\",\"url\":\"https:\\\/\\\/batijournal.com\\\/index.php\\\/10e-semaine-du-bois-en-haute-normandie\\\/79609\\\/\",\"name\":\"10e semaine du Bois en Haute-Normandie\",\"isPartOf\":{\"@id\":\"https:\\\/\\\/batijournal.com\\\/#website\"},\"primaryImageOfPage\":{\"@id\":\"https:\\\/\\\/batijournal.com\\\/index.php\\\/10e-semaine-du-bois-en-haute-normandie\\\/79609\\\/#primaryimage\"},\"image\":{\"@id\":\"https:\\\/\\\/batijournal.com\\\/index.php\\\/10e-semaine-du-bois-en-haute-normandie\\\/79609\\\/#primaryimage\"},\"thumbnailUrl\":\"https:\\\/\\\/batijournal.com\\\/wp-content\\\/uploads\\\/2015\\\/03\\\/11912454.jpg\",\"datePublished\":\"2010-04-23T13:31:32+00:00\",\"author\":{\"@id\":\"https:\\\/\\\/batijournal.com\\\/#\\\/schema\\\/person\\\/6a657e8967569e1b299972574848aa76\"},\"breadcrumb\":{\"@id\":\"https:\\\/\\\/batijournal.com\\\/index.php\\\/10e-semaine-du-bois-en-haute-normandie\\\/79609\\\/#breadcrumb\"},\"inLanguage\":\"fr-FR\",\"potentialAction\":[{\"@type\":\"ReadAction\",\"target\":[\"https:\\\/\\\/batijournal.com\\\/index.php\\\/10e-semaine-du-bois-en-haute-normandie\\\/79609\\\/\"]}]},{\"@type\":\"ImageObject\",\"inLanguage\":\"fr-FR\",\"@id\":\"https:\\\/\\\/batijournal.com\\\/index.php\\\/10e-semaine-du-bois-en-haute-normandie\\\/79609\\\/#primaryimage\",\"url\":\"https:\\\/\\\/batijournal.com\\\/wp-content\\\/uploads\\\/2015\\\/03\\\/11912454.jpg\",\"contentUrl\":\"https:\\\/\\\/batijournal.com\\\/wp-content\\\/uploads\\\/2015\\\/03\\\/11912454.jpg\",\"width\":281,\"height\":600},{\"@type\":\"BreadcrumbList\",\"@id\":\"https:\\\/\\\/batijournal.com\\\/index.php\\\/10e-semaine-du-bois-en-haute-normandie\\\/79609\\\/#breadcrumb\",\"itemListElement\":[{\"@type\":\"ListItem\",\"position\":1,\"name\":\"Accueil\",\"item\":\"https:\\\/\\\/batijournal.com\\\/\"},{\"@type\":\"ListItem\",\"position\":2,\"name\":\"\u00c9v\u00e9nements\",\"item\":\"https:\\\/\\\/batijournal.com\\\/index.php\\\/category\\\/evenements\\\/\"},{\"@type\":\"ListItem\",\"position\":3,\"name\":\"10e semaine du Bois en Haute-Normandie\"}]},{\"@type\":\"WebSite\",\"@id\":\"https:\\\/\\\/batijournal.com\\\/#website\",\"url\":\"https:\\\/\\\/batijournal.com\\\/\",\"name\":\"Batijournal\",\"description\":\"L&#039;actualit\u00e9 du b\u00e2timent\",\"potentialAction\":[{\"@type\":\"SearchAction\",\"target\":{\"@type\":\"EntryPoint\",\"urlTemplate\":\"https:\\\/\\\/batijournal.com\\\/?s={search_term_string}\"},\"query-input\":{\"@type\":\"PropertyValueSpecification\",\"valueRequired\":true,\"valueName\":\"search_term_string\"}}],\"inLanguage\":\"fr-FR\"},{\"@type\":\"Person\",\"@id\":\"https:\\\/\\\/batijournal.com\\\/#\\\/schema\\\/person\\\/6a657e8967569e1b299972574848aa76\",\"name\":\"Bati-journal\",\"image\":{\"@type\":\"ImageObject\",\"inLanguage\":\"fr-FR\",\"@id\":\"https:\\\/\\\/secure.gravatar.com\\\/avatar\\\/a64364ea26392f9b4dd47e017ddaec74ff03aefc073b49e492e847201258f777?s=96&d=mm&r=g\",\"url\":\"https:\\\/\\\/secure.gravatar.com\\\/avatar\\\/a64364ea26392f9b4dd47e017ddaec74ff03aefc073b49e492e847201258f777?s=96&d=mm&r=g\",\"contentUrl\":\"https:\\\/\\\/secure.gravatar.com\\\/avatar\\\/a64364ea26392f9b4dd47e017ddaec74ff03aefc073b49e492e847201258f777?s=96&d=mm&r=g\",\"caption\":\"Bati-journal\"},\"url\":\"https:\\\/\\\/batijournal.com\\\/index.php\\\/author\\\/elodie\\\/\"}]}<\/script>\n<!-- \/ Yoast SEO plugin. -->","yoast_head_json":{"title":"10e semaine du Bois en Haute-Normandie","robots":{"index":"index","follow":"follow","max-snippet":"max-snippet:-1","max-image-preview":"max-image-preview:large","max-video-preview":"max-video-preview:-1"},"canonical":"https:\/\/batijournal.com\/index.php\/10e-semaine-du-bois-en-haute-normandie\/79609\/","og_locale":"fr_FR","og_type":"article","og_title":"10e semaine du Bois en Haute-Normandie","og_description":"Cette ann\u00e9e, Anoribois organise avec le concours de la R\u00e9gion Haute-Normandie et de France Bois For\u00eat, la 10e semaine du Bois, rendez-vous incontournable entre le grand public et les professionnels de la fili\u00e8re for\u00eat-bois. Elle aura lieu du 5 au 12 mai 2010 avec pr\u00e8s d&rsquo;une trentaine de manifestations r\u00e9parties dans toute la Haute-Normandie. 29 [&hellip;]","og_url":"https:\/\/batijournal.com\/index.php\/10e-semaine-du-bois-en-haute-normandie\/79609\/","og_site_name":"Batijournal","article_published_time":"2010-04-23T13:31:32+00:00","og_image":[{"width":281,"height":600,"url":"https:\/\/batijournal.com\/wp-content\/uploads\/2015\/03\/11912454.jpg","type":"image\/jpeg"}],"author":"Bati-journal","twitter_card":"summary_large_image","twitter_creator":"@bati_journal","twitter_site":"@bati_journal","twitter_misc":{"\u00c9crit par":"Bati-journal"},"schema":{"@context":"https:\/\/schema.org","@graph":[{"@type":"Article","@id":"https:\/\/batijournal.com\/index.php\/10e-semaine-du-bois-en-haute-normandie\/79609\/#article","isPartOf":{"@id":"https:\/\/batijournal.com\/index.php\/10e-semaine-du-bois-en-haute-normandie\/79609\/"},"author":{"name":"Bati-journal","@id":"https:\/\/batijournal.com\/#\/schema\/person\/6a657e8967569e1b299972574848aa76"},"headline":"10e semaine du Bois en Haute-Normandie","datePublished":"2010-04-23T13:31:32+00:00","mainEntityOfPage":{"@id":"https:\/\/batijournal.com\/index.php\/10e-semaine-du-bois-en-haute-normandie\/79609\/"},"wordCount":105,"commentCount":0,"image":{"@id":"https:\/\/batijournal.com\/index.php\/10e-semaine-du-bois-en-haute-normandie\/79609\/#primaryimage"},"thumbnailUrl":"https:\/\/batijournal.com\/wp-content\/uploads\/2015\/03\/11912454.jpg","keywords":["Haute-Normandie"],"articleSection":["\u00c9v\u00e9nements"],"inLanguage":"fr-FR","potentialAction":[{"@type":"CommentAction","name":"Comment","target":["https:\/\/batijournal.com\/index.php\/10e-semaine-du-bois-en-haute-normandie\/79609\/#respond"]}]},{"@type":"WebPage","@id":"https:\/\/batijournal.com\/index.php\/10e-semaine-du-bois-en-haute-normandie\/79609\/","url":"https:\/\/batijournal.com\/index.php\/10e-semaine-du-bois-en-haute-normandie\/79609\/","name":"10e semaine du Bois en Haute-Normandie","isPartOf":{"@id":"https:\/\/batijournal.com\/#website"},"primaryImageOfPage":{"@id":"https:\/\/batijournal.com\/index.php\/10e-semaine-du-bois-en-haute-normandie\/79609\/#primaryimage"},"image":{"@id":"https:\/\/batijournal.com\/index.php\/10e-semaine-du-bois-en-haute-normandie\/79609\/#primaryimage"},"thumbnailUrl":"https:\/\/batijournal.com\/wp-content\/uploads\/2015\/03\/11912454.jpg","datePublished":"2010-04-23T13:31:32+00:00","author":{"@id":"https:\/\/batijournal.com\/#\/schema\/person\/6a657e8967569e1b299972574848aa76"},"breadcrumb":{"@id":"https:\/\/batijournal.com\/index.php\/10e-semaine-du-bois-en-haute-normandie\/79609\/#breadcrumb"},"inLanguage":"fr-FR","potentialAction":[{"@type":"ReadAction","target":["https:\/\/batijournal.com\/index.php\/10e-semaine-du-bois-en-haute-normandie\/79609\/"]}]},{"@type":"ImageObject","inLanguage":"fr-FR","@id":"https:\/\/batijournal.com\/index.php\/10e-semaine-du-bois-en-haute-normandie\/79609\/#primaryimage","url":"https:\/\/batijournal.com\/wp-content\/uploads\/2015\/03\/11912454.jpg","contentUrl":"https:\/\/batijournal.com\/wp-content\/uploads\/2015\/03\/11912454.jpg","width":281,"height":600},{"@type":"BreadcrumbList","@id":"https:\/\/batijournal.com\/index.php\/10e-semaine-du-bois-en-haute-normandie\/79609\/#breadcrumb","itemListElement":[{"@type":"ListItem","position":1,"name":"Accueil","item":"https:\/\/batijournal.com\/"},{"@type":"ListItem","position":2,"name":"\u00c9v\u00e9nements","item":"https:\/\/batijournal.com\/index.php\/category\/evenements\/"},{"@type":"ListItem","position":3,"name":"10e semaine du Bois en Haute-Normandie"}]},{"@type":"WebSite","@id":"https:\/\/batijournal.com\/#website","url":"https:\/\/batijournal.com\/","name":"Batijournal","description":"L&#039;actualit\u00e9 du b\u00e2timent","potentialAction":[{"@type":"SearchAction","target":{"@type":"EntryPoint","urlTemplate":"https:\/\/batijournal.com\/?s={search_term_string}"},"query-input":{"@type":"PropertyValueSpecification","valueRequired":true,"valueName":"search_term_string"}}],"inLanguage":"fr-FR"},{"@type":"Person","@id":"https:\/\/batijournal.com\/#\/schema\/person\/6a657e8967569e1b299972574848aa76","name":"Bati-journal","image":{"@type":"ImageObject","inLanguage":"fr-FR","@id":"https:\/\/secure.gravatar.com\/avatar\/a64364ea26392f9b4dd47e017ddaec74ff03aefc073b49e492e847201258f777?s=96&d=mm&r=g","url":"https:\/\/secure.gravatar.com\/avatar\/a64364ea26392f9b4dd47e017ddaec74ff03aefc073b49e492e847201258f777?s=96&d=mm&r=g","contentUrl":"https:\/\/secure.gravatar.com\/avatar\/a64364ea26392f9b4dd47e017ddaec74ff03aefc073b49e492e847201258f777?s=96&d=mm&r=g","caption":"Bati-journal"},"url":"https:\/\/batijournal.com\/index.php\/author\/elodie\/"}]}},"_links":{"self":[{"href":"https:\/\/batijournal.com\/index.php\/wp-json\/wp\/v2\/posts\/79609","targetHints":{"allow":["GET"]}}],"collection":[{"href":"https:\/\/batijournal.com\/index.php\/wp-json\/wp\/v2\/posts"}],"about":[{"href":"https:\/\/batijournal.com\/index.php\/wp-json\/wp\/v2\/types\/post"}],"author":[{"embeddable":true,"href":"https:\/\/batijournal.com\/index.php\/wp-json\/wp\/v2\/users\/1"}],"replies":[{"embeddable":true,"href":"https:\/\/batijournal.com\/index.php\/wp-json\/wp\/v2\/comments?post=79609"}],"version-history":[{"count":0,"href":"https:\/\/batijournal.com\/index.php\/wp-json\/wp\/v2\/posts\/79609\/revisions"}],"wp:featuredmedia":[{"embeddable":true,"href":"https:\/\/batijournal.com\/index.php\/wp-json\/wp\/v2\/media\/79610"}],"wp:attachment":[{"href":"https:\/\/batijournal.com\/index.php\/wp-json\/wp\/v2\/media?parent=79609"}],"wp:term":[{"taxonomy":"category","embeddable":true,"href":"https:\/\/batijournal.com\/index.php\/wp-json\/wp\/v2\/categories?post=79609"},{"taxonomy":"post_tag","embeddable":true,"href":"https:\/\/batijournal.com\/index.php\/wp-json\/wp\/v2\/tags?post=79609"}],"curies":[{"name":"wp","href":"https:\/\/api.w.org\/{rel}","templated":true}]}}