{"id":79633,"date":"2010-05-18T00:00:00","date_gmt":"2010-05-17T22:00:00","guid":{"rendered":"http:\/\/b.bati-journal.com\/le-salon-genera-une-mobilisation-franco-espagnole-pour-le-developpement-des-enr\/79633"},"modified":"2010-05-18T00:00:00","modified_gmt":"2010-05-17T22:00:00","slug":"le-salon-genera-une-mobilisation-franco-espagnole-pour-le-developpement-des-enr","status":"publish","type":"post","link":"https:\/\/batijournal.com\/index.php\/le-salon-genera-une-mobilisation-franco-espagnole-pour-le-developpement-des-enr\/79633\/","title":{"rendered":"Le salon Genera : une mobilisation franco-espagnole pour le d\u00e9veloppement des ENR"},"content":{"rendered":"<p>A partir de demain et jusqu&rsquo;au 21 mai 2010, se tiendra \u00e0 Madrid le Salon Genera, salon de r\u00e9f\u00e9rence et temps fort de l&rsquo;\u00e9nergie et de l&rsquo;environnement en Espagne avec plus de 26 500 visiteurs en 2009. Dans le cadre du projet politique de l&rsquo;Union pour la M\u00e9diterran\u00e9e (UPM), le Plan Solaire M\u00e9diterran\u00e9en doit favoriser l&rsquo;essor des \u00e9nergies renouvelables solaires ou \u00e9oliennes dans les pays de la rive sud de la M\u00e9diterran\u00e9e. Au programme : deux jours d&rsquo;\u00e9changes au profit des PME fran\u00e7aises avec les acteurs espagnols du secteur des \u00e9nergies renouvelables, organis\u00e9s par Ubifrance, l&rsquo;Agence fran\u00e7aise pour le d\u00e9veloppement international des entreprises et l&rsquo;Icex, son homologue espagnol.<\/p>\n","protected":false},"excerpt":{"rendered":"<p>A partir de demain et jusqu&rsquo;au 21 mai 2010, se tiendra \u00e0 Madrid le Salon Genera, salon de r\u00e9f\u00e9rence et temps fort de l&rsquo;\u00e9nergie et de l&rsquo;environnement en Espagne avec plus de 26 500 visiteurs en 2009. Dans le cadre du projet politique de l&rsquo;Union pour la M\u00e9diterran\u00e9e (UPM), le Plan Solaire M\u00e9diterran\u00e9en doit favoriser [&hellip;]<\/p>\n","protected":false},"author":1,"featured_media":0,"comment_status":"open","ping_status":"closed","sticky":false,"template":"","format":"standard","meta":{"_et_pb_use_builder":"","_et_pb_old_content":"","_et_gb_content_width":"","footnotes":""},"categories":[9192],"tags":[60,551],"class_list":["post-79633","post","type-post","status-publish","format-standard","hentry","category-evenements","tag-energie","tag-environnement"],"yoast_head":"<!-- This site is optimized with the Yoast SEO plugin v27.4 - https:\/\/yoast.com\/product\/yoast-seo-wordpress\/ -->\n<title>Le salon Genera : une mobilisation franco-espagnole pour le d\u00e9veloppement des ENR<\/title>\n<meta name=\"robots\" content=\"index, follow, max-snippet:-1, max-image-preview:large, max-video-preview:-1\" \/>\n<link rel=\"canonical\" href=\"https:\/\/batijournal.com\/index.php\/le-salon-genera-une-mobilisation-franco-espagnole-pour-le-developpement-des-enr\/79633\/\" \/>\n<meta property=\"og:locale\" content=\"fr_FR\" \/>\n<meta property=\"og:type\" content=\"article\" \/>\n<meta property=\"og:title\" content=\"Le salon Genera : une mobilisation franco-espagnole pour le d\u00e9veloppement des ENR\" \/>\n<meta property=\"og:description\" content=\"A partir de demain et jusqu&rsquo;au 21 mai 2010, se tiendra \u00e0 Madrid le Salon Genera, salon de r\u00e9f\u00e9rence et temps fort de l&rsquo;\u00e9nergie et de l&rsquo;environnement en Espagne avec plus de 26 500 visiteurs en 2009. Dans le cadre du projet politique de l&rsquo;Union pour la M\u00e9diterran\u00e9e (UPM), le Plan Solaire M\u00e9diterran\u00e9en doit favoriser [&hellip;]\" \/>\n<meta property=\"og:url\" content=\"https:\/\/batijournal.com\/index.php\/le-salon-genera-une-mobilisation-franco-espagnole-pour-le-developpement-des-enr\/79633\/\" \/>\n<meta property=\"og:site_name\" content=\"Batijournal\" \/>\n<meta property=\"article:published_time\" content=\"2010-05-17T22:00:00+00:00\" \/>\n<meta name=\"author\" content=\"Bati-journal\" \/>\n<meta name=\"twitter:card\" content=\"summary_large_image\" \/>\n<meta name=\"twitter:creator\" content=\"@bati_journal\" \/>\n<meta name=\"twitter:site\" content=\"@bati_journal\" \/>\n<meta name=\"twitter:label1\" content=\"\u00c9crit par\" \/>\n\t<meta name=\"twitter:data1\" content=\"Bati-journal\" \/>\n\t<meta name=\"twitter:label2\" content=\"Dur\u00e9e de lecture estim\u00e9e\" \/>\n\t<meta name=\"twitter:data2\" content=\"1 minute\" \/>\n<script type=\"application\/ld+json\" class=\"yoast-schema-graph\">{\"@context\":\"https:\\\/\\\/schema.org\",\"@graph\":[{\"@type\":\"Article\",\"@id\":\"https:\\\/\\\/batijournal.com\\\/index.php\\\/le-salon-genera-une-mobilisation-franco-espagnole-pour-le-developpement-des-enr\\\/79633\\\/#article\",\"isPartOf\":{\"@id\":\"https:\\\/\\\/batijournal.com\\\/index.php\\\/le-salon-genera-une-mobilisation-franco-espagnole-pour-le-developpement-des-enr\\\/79633\\\/\"},\"author\":{\"name\":\"Bati-journal\",\"@id\":\"https:\\\/\\\/batijournal.com\\\/#\\\/schema\\\/person\\\/6a657e8967569e1b299972574848aa76\"},\"headline\":\"Le salon Genera : une mobilisation franco-espagnole pour le d\u00e9veloppement des ENR\",\"datePublished\":\"2010-05-17T22:00:00+00:00\",\"mainEntityOfPage\":{\"@id\":\"https:\\\/\\\/batijournal.com\\\/index.php\\\/le-salon-genera-une-mobilisation-franco-espagnole-pour-le-developpement-des-enr\\\/79633\\\/\"},\"wordCount\":133,\"commentCount\":0,\"keywords\":[\"\u00e9nergie\",\"environnement\"],\"articleSection\":[\"\u00c9v\u00e9nements\"],\"inLanguage\":\"fr-FR\",\"potentialAction\":[{\"@type\":\"CommentAction\",\"name\":\"Comment\",\"target\":[\"https:\\\/\\\/batijournal.com\\\/index.php\\\/le-salon-genera-une-mobilisation-franco-espagnole-pour-le-developpement-des-enr\\\/79633\\\/#respond\"]}]},{\"@type\":\"WebPage\",\"@id\":\"https:\\\/\\\/batijournal.com\\\/index.php\\\/le-salon-genera-une-mobilisation-franco-espagnole-pour-le-developpement-des-enr\\\/79633\\\/\",\"url\":\"https:\\\/\\\/batijournal.com\\\/index.php\\\/le-salon-genera-une-mobilisation-franco-espagnole-pour-le-developpement-des-enr\\\/79633\\\/\",\"name\":\"Le salon Genera : une mobilisation franco-espagnole pour le d\u00e9veloppement des ENR\",\"isPartOf\":{\"@id\":\"https:\\\/\\\/batijournal.com\\\/#website\"},\"datePublished\":\"2010-05-17T22:00:00+00:00\",\"author\":{\"@id\":\"https:\\\/\\\/batijournal.com\\\/#\\\/schema\\\/person\\\/6a657e8967569e1b299972574848aa76\"},\"breadcrumb\":{\"@id\":\"https:\\\/\\\/batijournal.com\\\/index.php\\\/le-salon-genera-une-mobilisation-franco-espagnole-pour-le-developpement-des-enr\\\/79633\\\/#breadcrumb\"},\"inLanguage\":\"fr-FR\",\"potentialAction\":[{\"@type\":\"ReadAction\",\"target\":[\"https:\\\/\\\/batijournal.com\\\/index.php\\\/le-salon-genera-une-mobilisation-franco-espagnole-pour-le-developpement-des-enr\\\/79633\\\/\"]}]},{\"@type\":\"BreadcrumbList\",\"@id\":\"https:\\\/\\\/batijournal.com\\\/index.php\\\/le-salon-genera-une-mobilisation-franco-espagnole-pour-le-developpement-des-enr\\\/79633\\\/#breadcrumb\",\"itemListElement\":[{\"@type\":\"ListItem\",\"position\":1,\"name\":\"Accueil\",\"item\":\"https:\\\/\\\/batijournal.com\\\/\"},{\"@type\":\"ListItem\",\"position\":2,\"name\":\"\u00c9v\u00e9nements\",\"item\":\"https:\\\/\\\/batijournal.com\\\/index.php\\\/category\\\/evenements\\\/\"},{\"@type\":\"ListItem\",\"position\":3,\"name\":\"Le salon Genera : une mobilisation franco-espagnole pour le d\u00e9veloppement des ENR\"}]},{\"@type\":\"WebSite\",\"@id\":\"https:\\\/\\\/batijournal.com\\\/#website\",\"url\":\"https:\\\/\\\/batijournal.com\\\/\",\"name\":\"Batijournal\",\"description\":\"L&#039;actualit\u00e9 du b\u00e2timent\",\"potentialAction\":[{\"@type\":\"SearchAction\",\"target\":{\"@type\":\"EntryPoint\",\"urlTemplate\":\"https:\\\/\\\/batijournal.com\\\/?s={search_term_string}\"},\"query-input\":{\"@type\":\"PropertyValueSpecification\",\"valueRequired\":true,\"valueName\":\"search_term_string\"}}],\"inLanguage\":\"fr-FR\"},{\"@type\":\"Person\",\"@id\":\"https:\\\/\\\/batijournal.com\\\/#\\\/schema\\\/person\\\/6a657e8967569e1b299972574848aa76\",\"name\":\"Bati-journal\",\"image\":{\"@type\":\"ImageObject\",\"inLanguage\":\"fr-FR\",\"@id\":\"https:\\\/\\\/secure.gravatar.com\\\/avatar\\\/a64364ea26392f9b4dd47e017ddaec74ff03aefc073b49e492e847201258f777?s=96&d=mm&r=g\",\"url\":\"https:\\\/\\\/secure.gravatar.com\\\/avatar\\\/a64364ea26392f9b4dd47e017ddaec74ff03aefc073b49e492e847201258f777?s=96&d=mm&r=g\",\"contentUrl\":\"https:\\\/\\\/secure.gravatar.com\\\/avatar\\\/a64364ea26392f9b4dd47e017ddaec74ff03aefc073b49e492e847201258f777?s=96&d=mm&r=g\",\"caption\":\"Bati-journal\"},\"url\":\"https:\\\/\\\/batijournal.com\\\/index.php\\\/author\\\/elodie\\\/\"}]}<\/script>\n<!-- \/ Yoast SEO plugin. -->","yoast_head_json":{"title":"Le salon Genera : une mobilisation franco-espagnole pour le d\u00e9veloppement des ENR","robots":{"index":"index","follow":"follow","max-snippet":"max-snippet:-1","max-image-preview":"max-image-preview:large","max-video-preview":"max-video-preview:-1"},"canonical":"https:\/\/batijournal.com\/index.php\/le-salon-genera-une-mobilisation-franco-espagnole-pour-le-developpement-des-enr\/79633\/","og_locale":"fr_FR","og_type":"article","og_title":"Le salon Genera : une mobilisation franco-espagnole pour le d\u00e9veloppement des ENR","og_description":"A partir de demain et jusqu&rsquo;au 21 mai 2010, se tiendra \u00e0 Madrid le Salon Genera, salon de r\u00e9f\u00e9rence et temps fort de l&rsquo;\u00e9nergie et de l&rsquo;environnement en Espagne avec plus de 26 500 visiteurs en 2009. Dans le cadre du projet politique de l&rsquo;Union pour la M\u00e9diterran\u00e9e (UPM), le Plan Solaire M\u00e9diterran\u00e9en doit favoriser [&hellip;]","og_url":"https:\/\/batijournal.com\/index.php\/le-salon-genera-une-mobilisation-franco-espagnole-pour-le-developpement-des-enr\/79633\/","og_site_name":"Batijournal","article_published_time":"2010-05-17T22:00:00+00:00","author":"Bati-journal","twitter_card":"summary_large_image","twitter_creator":"@bati_journal","twitter_site":"@bati_journal","twitter_misc":{"\u00c9crit par":"Bati-journal","Dur\u00e9e de lecture estim\u00e9e":"1 minute"},"schema":{"@context":"https:\/\/schema.org","@graph":[{"@type":"Article","@id":"https:\/\/batijournal.com\/index.php\/le-salon-genera-une-mobilisation-franco-espagnole-pour-le-developpement-des-enr\/79633\/#article","isPartOf":{"@id":"https:\/\/batijournal.com\/index.php\/le-salon-genera-une-mobilisation-franco-espagnole-pour-le-developpement-des-enr\/79633\/"},"author":{"name":"Bati-journal","@id":"https:\/\/batijournal.com\/#\/schema\/person\/6a657e8967569e1b299972574848aa76"},"headline":"Le salon Genera : une mobilisation franco-espagnole pour le d\u00e9veloppement des ENR","datePublished":"2010-05-17T22:00:00+00:00","mainEntityOfPage":{"@id":"https:\/\/batijournal.com\/index.php\/le-salon-genera-une-mobilisation-franco-espagnole-pour-le-developpement-des-enr\/79633\/"},"wordCount":133,"commentCount":0,"keywords":["\u00e9nergie","environnement"],"articleSection":["\u00c9v\u00e9nements"],"inLanguage":"fr-FR","potentialAction":[{"@type":"CommentAction","name":"Comment","target":["https:\/\/batijournal.com\/index.php\/le-salon-genera-une-mobilisation-franco-espagnole-pour-le-developpement-des-enr\/79633\/#respond"]}]},{"@type":"WebPage","@id":"https:\/\/batijournal.com\/index.php\/le-salon-genera-une-mobilisation-franco-espagnole-pour-le-developpement-des-enr\/79633\/","url":"https:\/\/batijournal.com\/index.php\/le-salon-genera-une-mobilisation-franco-espagnole-pour-le-developpement-des-enr\/79633\/","name":"Le salon Genera : une mobilisation franco-espagnole pour le d\u00e9veloppement des ENR","isPartOf":{"@id":"https:\/\/batijournal.com\/#website"},"datePublished":"2010-05-17T22:00:00+00:00","author":{"@id":"https:\/\/batijournal.com\/#\/schema\/person\/6a657e8967569e1b299972574848aa76"},"breadcrumb":{"@id":"https:\/\/batijournal.com\/index.php\/le-salon-genera-une-mobilisation-franco-espagnole-pour-le-developpement-des-enr\/79633\/#breadcrumb"},"inLanguage":"fr-FR","potentialAction":[{"@type":"ReadAction","target":["https:\/\/batijournal.com\/index.php\/le-salon-genera-une-mobilisation-franco-espagnole-pour-le-developpement-des-enr\/79633\/"]}]},{"@type":"BreadcrumbList","@id":"https:\/\/batijournal.com\/index.php\/le-salon-genera-une-mobilisation-franco-espagnole-pour-le-developpement-des-enr\/79633\/#breadcrumb","itemListElement":[{"@type":"ListItem","position":1,"name":"Accueil","item":"https:\/\/batijournal.com\/"},{"@type":"ListItem","position":2,"name":"\u00c9v\u00e9nements","item":"https:\/\/batijournal.com\/index.php\/category\/evenements\/"},{"@type":"ListItem","position":3,"name":"Le salon Genera : une mobilisation franco-espagnole pour le d\u00e9veloppement des ENR"}]},{"@type":"WebSite","@id":"https:\/\/batijournal.com\/#website","url":"https:\/\/batijournal.com\/","name":"Batijournal","description":"L&#039;actualit\u00e9 du b\u00e2timent","potentialAction":[{"@type":"SearchAction","target":{"@type":"EntryPoint","urlTemplate":"https:\/\/batijournal.com\/?s={search_term_string}"},"query-input":{"@type":"PropertyValueSpecification","valueRequired":true,"valueName":"search_term_string"}}],"inLanguage":"fr-FR"},{"@type":"Person","@id":"https:\/\/batijournal.com\/#\/schema\/person\/6a657e8967569e1b299972574848aa76","name":"Bati-journal","image":{"@type":"ImageObject","inLanguage":"fr-FR","@id":"https:\/\/secure.gravatar.com\/avatar\/a64364ea26392f9b4dd47e017ddaec74ff03aefc073b49e492e847201258f777?s=96&d=mm&r=g","url":"https:\/\/secure.gravatar.com\/avatar\/a64364ea26392f9b4dd47e017ddaec74ff03aefc073b49e492e847201258f777?s=96&d=mm&r=g","contentUrl":"https:\/\/secure.gravatar.com\/avatar\/a64364ea26392f9b4dd47e017ddaec74ff03aefc073b49e492e847201258f777?s=96&d=mm&r=g","caption":"Bati-journal"},"url":"https:\/\/batijournal.com\/index.php\/author\/elodie\/"}]}},"_links":{"self":[{"href":"https:\/\/batijournal.com\/index.php\/wp-json\/wp\/v2\/posts\/79633","targetHints":{"allow":["GET"]}}],"collection":[{"href":"https:\/\/batijournal.com\/index.php\/wp-json\/wp\/v2\/posts"}],"about":[{"href":"https:\/\/batijournal.com\/index.php\/wp-json\/wp\/v2\/types\/post"}],"author":[{"embeddable":true,"href":"https:\/\/batijournal.com\/index.php\/wp-json\/wp\/v2\/users\/1"}],"replies":[{"embeddable":true,"href":"https:\/\/batijournal.com\/index.php\/wp-json\/wp\/v2\/comments?post=79633"}],"version-history":[{"count":0,"href":"https:\/\/batijournal.com\/index.php\/wp-json\/wp\/v2\/posts\/79633\/revisions"}],"wp:attachment":[{"href":"https:\/\/batijournal.com\/index.php\/wp-json\/wp\/v2\/media?parent=79633"}],"wp:term":[{"taxonomy":"category","embeddable":true,"href":"https:\/\/batijournal.com\/index.php\/wp-json\/wp\/v2\/categories?post=79633"},{"taxonomy":"post_tag","embeddable":true,"href":"https:\/\/batijournal.com\/index.php\/wp-json\/wp\/v2\/tags?post=79633"}],"curies":[{"name":"wp","href":"https:\/\/api.w.org\/{rel}","templated":true}]}}