{"id":79653,"date":"2010-06-11T00:00:00","date_gmt":"2010-06-10T22:00:00","guid":{"rendered":"http:\/\/b.bati-journal.com\/cap-sur-la-semaine-de-l%c2%92innovation-en-bretagne\/79653"},"modified":"2010-06-11T00:00:00","modified_gmt":"2010-06-10T22:00:00","slug":"cap-sur-la-semaine-de-l%c2%92innovation-en-bretagne","status":"publish","type":"post","link":"https:\/\/batijournal.com\/index.php\/cap-sur-la-semaine-de-l%c2%92innovation-en-bretagne\/79653\/","title":{"rendered":"Cap sur la Semaine de l\u0092&rsquo;innovation en Bretagne"},"content":{"rendered":"<p>Lundi prochain, le 14 juin, sera lanc\u00e9e la 4e \u00e9dition de la Semaine de l&rsquo;\u0092innovation en Bretagne, au palais des Congr\u00e8s de Lorient. En pr\u00e9sence de la marraine de cet \u00e9v\u00e9nement, la journaliste-navigatrice, Catherine Chabaud, les acteurs de l\u0092&rsquo;innovation en Bretagne se donnent rendez-vous pour valoriser les comp\u00e9tences et savoir-faire d\u0092&rsquo;un territoire tourn\u00e9 vers l\u0092&rsquo;avenir. \u00ab Navire du Futur est avant tout un programme de R&amp;D national, positionne Marc B\u009coeuf, responsable de la Commission navale du P\u00f4le Mer. Dans le cadre des travaux du Grenelle de la mer, un comit\u00e9 op\u00e9rationnel a ainsi d\u00e9cid\u00e9 de d\u00e9finir un grand programme \u0096 Navire du Futur \u0096 lanc\u00e9 sur dix \u00e0 vingt ans. Mat\u00e9riaux et construction, propulsion, \u00e9nergies renouvelables, d\u00e9tection et d\u00e9pollution, op\u00e9rations en mer, syst\u00e8mes embarqu\u00e9s, monitoring et aide \u00e0 la d\u00e9cision : de Saint-Malo \u00e0 Concarneau, en passant par Saint-Brieuc, Lorient\u0085 ce grand projet sera investi par des acteurs bretons. \u00bb<\/p>\n","protected":false},"excerpt":{"rendered":"<p>Lundi prochain, le 14 juin, sera lanc\u00e9e la 4e \u00e9dition de la Semaine de l&rsquo;\u0092innovation en Bretagne, au palais des Congr\u00e8s de Lorient. En pr\u00e9sence de la marraine de cet \u00e9v\u00e9nement, la journaliste-navigatrice, Catherine Chabaud, les acteurs de l\u0092&rsquo;innovation en Bretagne se donnent rendez-vous pour valoriser les comp\u00e9tences et savoir-faire d\u0092&rsquo;un territoire tourn\u00e9 vers l\u0092&rsquo;avenir. [&hellip;]<\/p>\n","protected":false},"author":1,"featured_media":0,"comment_status":"open","ping_status":"closed","sticky":false,"template":"","format":"standard","meta":{"_et_pb_use_builder":"","_et_pb_old_content":"","_et_gb_content_width":"","footnotes":""},"categories":[9192],"tags":[11047],"class_list":["post-79653","post","type-post","status-publish","format-standard","hentry","category-evenements","tag-innovation"],"yoast_head":"<!-- This site is optimized with the Yoast SEO plugin v27.4 - https:\/\/yoast.com\/product\/yoast-seo-wordpress\/ -->\n<title>Cap sur la Semaine de l\u0092&#039;innovation en Bretagne<\/title>\n<meta name=\"robots\" content=\"index, follow, max-snippet:-1, max-image-preview:large, max-video-preview:-1\" \/>\n<link rel=\"canonical\" href=\"https:\/\/batijournal.com\/index.php\/cap-sur-la-semaine-de-l\u0092innovation-en-bretagne\/79653\/\" \/>\n<meta property=\"og:locale\" content=\"fr_FR\" \/>\n<meta property=\"og:type\" content=\"article\" \/>\n<meta property=\"og:title\" content=\"Cap sur la Semaine de l\u0092&#039;innovation en Bretagne\" \/>\n<meta property=\"og:description\" content=\"Lundi prochain, le 14 juin, sera lanc\u00e9e la 4e \u00e9dition de la Semaine de l&rsquo;\u0092innovation en Bretagne, au palais des Congr\u00e8s de Lorient. En pr\u00e9sence de la marraine de cet \u00e9v\u00e9nement, la journaliste-navigatrice, Catherine Chabaud, les acteurs de l\u0092&rsquo;innovation en Bretagne se donnent rendez-vous pour valoriser les comp\u00e9tences et savoir-faire d\u0092&rsquo;un territoire tourn\u00e9 vers l\u0092&rsquo;avenir. [&hellip;]\" \/>\n<meta property=\"og:url\" content=\"https:\/\/batijournal.com\/index.php\/cap-sur-la-semaine-de-l\u0092innovation-en-bretagne\/79653\/\" \/>\n<meta property=\"og:site_name\" content=\"Batijournal\" \/>\n<meta property=\"article:published_time\" content=\"2010-06-10T22:00:00+00:00\" \/>\n<meta name=\"author\" content=\"Bati-journal\" \/>\n<meta name=\"twitter:card\" content=\"summary_large_image\" \/>\n<meta name=\"twitter:creator\" content=\"@bati_journal\" \/>\n<meta name=\"twitter:site\" content=\"@bati_journal\" \/>\n<meta name=\"twitter:label1\" content=\"\u00c9crit par\" \/>\n\t<meta name=\"twitter:data1\" content=\"Bati-journal\" \/>\n\t<meta name=\"twitter:label2\" content=\"Dur\u00e9e de lecture estim\u00e9e\" \/>\n\t<meta name=\"twitter:data2\" content=\"1 minute\" \/>\n<script type=\"application\/ld+json\" class=\"yoast-schema-graph\">{\"@context\":\"https:\\\/\\\/schema.org\",\"@graph\":[{\"@type\":\"Article\",\"@id\":\"https:\\\/\\\/batijournal.com\\\/index.php\\\/cap-sur-la-semaine-de-l%c2%92innovation-en-bretagne\\\/79653\\\/#article\",\"isPartOf\":{\"@id\":\"https:\\\/\\\/batijournal.com\\\/index.php\\\/cap-sur-la-semaine-de-l%c2%92innovation-en-bretagne\\\/79653\\\/\"},\"author\":{\"name\":\"Bati-journal\",\"@id\":\"https:\\\/\\\/batijournal.com\\\/#\\\/schema\\\/person\\\/6a657e8967569e1b299972574848aa76\"},\"headline\":\"Cap sur la Semaine de l\u0092&rsquo;innovation en Bretagne\",\"datePublished\":\"2010-06-10T22:00:00+00:00\",\"mainEntityOfPage\":{\"@id\":\"https:\\\/\\\/batijournal.com\\\/index.php\\\/cap-sur-la-semaine-de-l%c2%92innovation-en-bretagne\\\/79653\\\/\"},\"wordCount\":173,\"commentCount\":0,\"keywords\":[\"innovation\"],\"articleSection\":[\"\u00c9v\u00e9nements\"],\"inLanguage\":\"fr-FR\",\"potentialAction\":[{\"@type\":\"CommentAction\",\"name\":\"Comment\",\"target\":[\"https:\\\/\\\/batijournal.com\\\/index.php\\\/cap-sur-la-semaine-de-l%c2%92innovation-en-bretagne\\\/79653\\\/#respond\"]}]},{\"@type\":\"WebPage\",\"@id\":\"https:\\\/\\\/batijournal.com\\\/index.php\\\/cap-sur-la-semaine-de-l%c2%92innovation-en-bretagne\\\/79653\\\/\",\"url\":\"https:\\\/\\\/batijournal.com\\\/index.php\\\/cap-sur-la-semaine-de-l%c2%92innovation-en-bretagne\\\/79653\\\/\",\"name\":\"Cap sur la Semaine de l\u0092'innovation en Bretagne\",\"isPartOf\":{\"@id\":\"https:\\\/\\\/batijournal.com\\\/#website\"},\"datePublished\":\"2010-06-10T22:00:00+00:00\",\"author\":{\"@id\":\"https:\\\/\\\/batijournal.com\\\/#\\\/schema\\\/person\\\/6a657e8967569e1b299972574848aa76\"},\"breadcrumb\":{\"@id\":\"https:\\\/\\\/batijournal.com\\\/index.php\\\/cap-sur-la-semaine-de-l%c2%92innovation-en-bretagne\\\/79653\\\/#breadcrumb\"},\"inLanguage\":\"fr-FR\",\"potentialAction\":[{\"@type\":\"ReadAction\",\"target\":[\"https:\\\/\\\/batijournal.com\\\/index.php\\\/cap-sur-la-semaine-de-l%c2%92innovation-en-bretagne\\\/79653\\\/\"]}]},{\"@type\":\"BreadcrumbList\",\"@id\":\"https:\\\/\\\/batijournal.com\\\/index.php\\\/cap-sur-la-semaine-de-l%c2%92innovation-en-bretagne\\\/79653\\\/#breadcrumb\",\"itemListElement\":[{\"@type\":\"ListItem\",\"position\":1,\"name\":\"Accueil\",\"item\":\"https:\\\/\\\/batijournal.com\\\/\"},{\"@type\":\"ListItem\",\"position\":2,\"name\":\"\u00c9v\u00e9nements\",\"item\":\"https:\\\/\\\/batijournal.com\\\/index.php\\\/category\\\/evenements\\\/\"},{\"@type\":\"ListItem\",\"position\":3,\"name\":\"Cap sur la Semaine de l\u0092&rsquo;innovation en Bretagne\"}]},{\"@type\":\"WebSite\",\"@id\":\"https:\\\/\\\/batijournal.com\\\/#website\",\"url\":\"https:\\\/\\\/batijournal.com\\\/\",\"name\":\"Batijournal\",\"description\":\"L&#039;actualit\u00e9 du b\u00e2timent\",\"potentialAction\":[{\"@type\":\"SearchAction\",\"target\":{\"@type\":\"EntryPoint\",\"urlTemplate\":\"https:\\\/\\\/batijournal.com\\\/?s={search_term_string}\"},\"query-input\":{\"@type\":\"PropertyValueSpecification\",\"valueRequired\":true,\"valueName\":\"search_term_string\"}}],\"inLanguage\":\"fr-FR\"},{\"@type\":\"Person\",\"@id\":\"https:\\\/\\\/batijournal.com\\\/#\\\/schema\\\/person\\\/6a657e8967569e1b299972574848aa76\",\"name\":\"Bati-journal\",\"image\":{\"@type\":\"ImageObject\",\"inLanguage\":\"fr-FR\",\"@id\":\"https:\\\/\\\/secure.gravatar.com\\\/avatar\\\/a64364ea26392f9b4dd47e017ddaec74ff03aefc073b49e492e847201258f777?s=96&d=mm&r=g\",\"url\":\"https:\\\/\\\/secure.gravatar.com\\\/avatar\\\/a64364ea26392f9b4dd47e017ddaec74ff03aefc073b49e492e847201258f777?s=96&d=mm&r=g\",\"contentUrl\":\"https:\\\/\\\/secure.gravatar.com\\\/avatar\\\/a64364ea26392f9b4dd47e017ddaec74ff03aefc073b49e492e847201258f777?s=96&d=mm&r=g\",\"caption\":\"Bati-journal\"},\"url\":\"https:\\\/\\\/batijournal.com\\\/index.php\\\/author\\\/elodie\\\/\"}]}<\/script>\n<!-- \/ Yoast SEO plugin. -->","yoast_head_json":{"title":"Cap sur la Semaine de l\u0092'innovation en Bretagne","robots":{"index":"index","follow":"follow","max-snippet":"max-snippet:-1","max-image-preview":"max-image-preview:large","max-video-preview":"max-video-preview:-1"},"canonical":"https:\/\/batijournal.com\/index.php\/cap-sur-la-semaine-de-l\u0092innovation-en-bretagne\/79653\/","og_locale":"fr_FR","og_type":"article","og_title":"Cap sur la Semaine de l\u0092'innovation en Bretagne","og_description":"Lundi prochain, le 14 juin, sera lanc\u00e9e la 4e \u00e9dition de la Semaine de l&rsquo;\u0092innovation en Bretagne, au palais des Congr\u00e8s de Lorient. En pr\u00e9sence de la marraine de cet \u00e9v\u00e9nement, la journaliste-navigatrice, Catherine Chabaud, les acteurs de l\u0092&rsquo;innovation en Bretagne se donnent rendez-vous pour valoriser les comp\u00e9tences et savoir-faire d\u0092&rsquo;un territoire tourn\u00e9 vers l\u0092&rsquo;avenir. [&hellip;]","og_url":"https:\/\/batijournal.com\/index.php\/cap-sur-la-semaine-de-l\u0092innovation-en-bretagne\/79653\/","og_site_name":"Batijournal","article_published_time":"2010-06-10T22:00:00+00:00","author":"Bati-journal","twitter_card":"summary_large_image","twitter_creator":"@bati_journal","twitter_site":"@bati_journal","twitter_misc":{"\u00c9crit par":"Bati-journal","Dur\u00e9e de lecture estim\u00e9e":"1 minute"},"schema":{"@context":"https:\/\/schema.org","@graph":[{"@type":"Article","@id":"https:\/\/batijournal.com\/index.php\/cap-sur-la-semaine-de-l%c2%92innovation-en-bretagne\/79653\/#article","isPartOf":{"@id":"https:\/\/batijournal.com\/index.php\/cap-sur-la-semaine-de-l%c2%92innovation-en-bretagne\/79653\/"},"author":{"name":"Bati-journal","@id":"https:\/\/batijournal.com\/#\/schema\/person\/6a657e8967569e1b299972574848aa76"},"headline":"Cap sur la Semaine de l\u0092&rsquo;innovation en Bretagne","datePublished":"2010-06-10T22:00:00+00:00","mainEntityOfPage":{"@id":"https:\/\/batijournal.com\/index.php\/cap-sur-la-semaine-de-l%c2%92innovation-en-bretagne\/79653\/"},"wordCount":173,"commentCount":0,"keywords":["innovation"],"articleSection":["\u00c9v\u00e9nements"],"inLanguage":"fr-FR","potentialAction":[{"@type":"CommentAction","name":"Comment","target":["https:\/\/batijournal.com\/index.php\/cap-sur-la-semaine-de-l%c2%92innovation-en-bretagne\/79653\/#respond"]}]},{"@type":"WebPage","@id":"https:\/\/batijournal.com\/index.php\/cap-sur-la-semaine-de-l%c2%92innovation-en-bretagne\/79653\/","url":"https:\/\/batijournal.com\/index.php\/cap-sur-la-semaine-de-l%c2%92innovation-en-bretagne\/79653\/","name":"Cap sur la Semaine de l\u0092'innovation en Bretagne","isPartOf":{"@id":"https:\/\/batijournal.com\/#website"},"datePublished":"2010-06-10T22:00:00+00:00","author":{"@id":"https:\/\/batijournal.com\/#\/schema\/person\/6a657e8967569e1b299972574848aa76"},"breadcrumb":{"@id":"https:\/\/batijournal.com\/index.php\/cap-sur-la-semaine-de-l%c2%92innovation-en-bretagne\/79653\/#breadcrumb"},"inLanguage":"fr-FR","potentialAction":[{"@type":"ReadAction","target":["https:\/\/batijournal.com\/index.php\/cap-sur-la-semaine-de-l%c2%92innovation-en-bretagne\/79653\/"]}]},{"@type":"BreadcrumbList","@id":"https:\/\/batijournal.com\/index.php\/cap-sur-la-semaine-de-l%c2%92innovation-en-bretagne\/79653\/#breadcrumb","itemListElement":[{"@type":"ListItem","position":1,"name":"Accueil","item":"https:\/\/batijournal.com\/"},{"@type":"ListItem","position":2,"name":"\u00c9v\u00e9nements","item":"https:\/\/batijournal.com\/index.php\/category\/evenements\/"},{"@type":"ListItem","position":3,"name":"Cap sur la Semaine de l\u0092&rsquo;innovation en Bretagne"}]},{"@type":"WebSite","@id":"https:\/\/batijournal.com\/#website","url":"https:\/\/batijournal.com\/","name":"Batijournal","description":"L&#039;actualit\u00e9 du b\u00e2timent","potentialAction":[{"@type":"SearchAction","target":{"@type":"EntryPoint","urlTemplate":"https:\/\/batijournal.com\/?s={search_term_string}"},"query-input":{"@type":"PropertyValueSpecification","valueRequired":true,"valueName":"search_term_string"}}],"inLanguage":"fr-FR"},{"@type":"Person","@id":"https:\/\/batijournal.com\/#\/schema\/person\/6a657e8967569e1b299972574848aa76","name":"Bati-journal","image":{"@type":"ImageObject","inLanguage":"fr-FR","@id":"https:\/\/secure.gravatar.com\/avatar\/a64364ea26392f9b4dd47e017ddaec74ff03aefc073b49e492e847201258f777?s=96&d=mm&r=g","url":"https:\/\/secure.gravatar.com\/avatar\/a64364ea26392f9b4dd47e017ddaec74ff03aefc073b49e492e847201258f777?s=96&d=mm&r=g","contentUrl":"https:\/\/secure.gravatar.com\/avatar\/a64364ea26392f9b4dd47e017ddaec74ff03aefc073b49e492e847201258f777?s=96&d=mm&r=g","caption":"Bati-journal"},"url":"https:\/\/batijournal.com\/index.php\/author\/elodie\/"}]}},"_links":{"self":[{"href":"https:\/\/batijournal.com\/index.php\/wp-json\/wp\/v2\/posts\/79653","targetHints":{"allow":["GET"]}}],"collection":[{"href":"https:\/\/batijournal.com\/index.php\/wp-json\/wp\/v2\/posts"}],"about":[{"href":"https:\/\/batijournal.com\/index.php\/wp-json\/wp\/v2\/types\/post"}],"author":[{"embeddable":true,"href":"https:\/\/batijournal.com\/index.php\/wp-json\/wp\/v2\/users\/1"}],"replies":[{"embeddable":true,"href":"https:\/\/batijournal.com\/index.php\/wp-json\/wp\/v2\/comments?post=79653"}],"version-history":[{"count":0,"href":"https:\/\/batijournal.com\/index.php\/wp-json\/wp\/v2\/posts\/79653\/revisions"}],"wp:attachment":[{"href":"https:\/\/batijournal.com\/index.php\/wp-json\/wp\/v2\/media?parent=79653"}],"wp:term":[{"taxonomy":"category","embeddable":true,"href":"https:\/\/batijournal.com\/index.php\/wp-json\/wp\/v2\/categories?post=79653"},{"taxonomy":"post_tag","embeddable":true,"href":"https:\/\/batijournal.com\/index.php\/wp-json\/wp\/v2\/tags?post=79653"}],"curies":[{"name":"wp","href":"https:\/\/api.w.org\/{rel}","templated":true}]}}