{"id":79664,"date":"2010-06-26T16:40:14","date_gmt":"2010-06-26T14:40:14","guid":{"rendered":"http:\/\/b.bati-journal.com\/holz-le-salon-des-industries-du-travail-du-bois-en-suisse-et-dans-les-pays-limitrophes\/79664"},"modified":"2010-06-26T16:40:14","modified_gmt":"2010-06-26T14:40:14","slug":"holz-le-salon-des-industries-du-travail-du-bois-en-suisse-et-dans-les-pays-limitrophes","status":"publish","type":"post","link":"https:\/\/batijournal.com\/index.php\/holz-le-salon-des-industries-du-travail-du-bois-en-suisse-et-dans-les-pays-limitrophes\/79664\/","title":{"rendered":"Holz, le salon des industries du travail du bois en Suisse et dans les pays limitrophes"},"content":{"rendered":"<p>L&rsquo;\u00e9dition 2010 du salon des industries du travail du bois en Suisse et dans les pays limitrophes aura lieu \u00e0 B\u00e2le, du 12 au 16 octobre.<\/p>\n","protected":false},"excerpt":{"rendered":"<p>L&rsquo;\u00e9dition 2010 du salon des industries du travail du bois en Suisse et dans les pays limitrophes aura lieu \u00e0 B\u00e2le, du 12 au 16 octobre.<\/p>\n","protected":false},"author":1,"featured_media":0,"comment_status":"open","ping_status":"closed","sticky":false,"template":"","format":"standard","meta":{"_et_pb_use_builder":"","_et_pb_old_content":"","_et_gb_content_width":"","footnotes":""},"categories":[9192],"tags":[],"class_list":["post-79664","post","type-post","status-publish","format-standard","hentry","category-evenements"],"yoast_head":"<!-- This site is optimized with the Yoast SEO plugin v27.4 - https:\/\/yoast.com\/product\/yoast-seo-wordpress\/ -->\n<title>Holz, le salon des industries du travail du bois en Suisse et dans les pays limitrophes<\/title>\n<meta name=\"robots\" content=\"index, follow, max-snippet:-1, max-image-preview:large, max-video-preview:-1\" \/>\n<link rel=\"canonical\" href=\"https:\/\/batijournal.com\/index.php\/holz-le-salon-des-industries-du-travail-du-bois-en-suisse-et-dans-les-pays-limitrophes\/79664\/\" \/>\n<meta property=\"og:locale\" content=\"fr_FR\" \/>\n<meta property=\"og:type\" content=\"article\" \/>\n<meta property=\"og:title\" content=\"Holz, le salon des industries du travail du bois en Suisse et dans les pays limitrophes\" \/>\n<meta property=\"og:description\" content=\"L&rsquo;\u00e9dition 2010 du salon des industries du travail du bois en Suisse et dans les pays limitrophes aura lieu \u00e0 B\u00e2le, du 12 au 16 octobre.\" \/>\n<meta property=\"og:url\" content=\"https:\/\/batijournal.com\/index.php\/holz-le-salon-des-industries-du-travail-du-bois-en-suisse-et-dans-les-pays-limitrophes\/79664\/\" \/>\n<meta property=\"og:site_name\" content=\"Batijournal\" \/>\n<meta property=\"article:published_time\" content=\"2010-06-26T14:40:14+00:00\" \/>\n<meta name=\"author\" content=\"Bati-journal\" \/>\n<meta name=\"twitter:card\" content=\"summary_large_image\" \/>\n<meta name=\"twitter:creator\" content=\"@bati_journal\" \/>\n<meta name=\"twitter:site\" content=\"@bati_journal\" \/>\n<meta name=\"twitter:label1\" content=\"\u00c9crit par\" \/>\n\t<meta name=\"twitter:data1\" content=\"Bati-journal\" \/>\n<script type=\"application\/ld+json\" class=\"yoast-schema-graph\">{\"@context\":\"https:\\\/\\\/schema.org\",\"@graph\":[{\"@type\":\"Article\",\"@id\":\"https:\\\/\\\/batijournal.com\\\/index.php\\\/holz-le-salon-des-industries-du-travail-du-bois-en-suisse-et-dans-les-pays-limitrophes\\\/79664\\\/#article\",\"isPartOf\":{\"@id\":\"https:\\\/\\\/batijournal.com\\\/index.php\\\/holz-le-salon-des-industries-du-travail-du-bois-en-suisse-et-dans-les-pays-limitrophes\\\/79664\\\/\"},\"author\":{\"name\":\"Bati-journal\",\"@id\":\"https:\\\/\\\/batijournal.com\\\/#\\\/schema\\\/person\\\/6a657e8967569e1b299972574848aa76\"},\"headline\":\"Holz, le salon des industries du travail du bois en Suisse et dans les pays limitrophes\",\"datePublished\":\"2010-06-26T14:40:14+00:00\",\"mainEntityOfPage\":{\"@id\":\"https:\\\/\\\/batijournal.com\\\/index.php\\\/holz-le-salon-des-industries-du-travail-du-bois-en-suisse-et-dans-les-pays-limitrophes\\\/79664\\\/\"},\"wordCount\":40,\"commentCount\":0,\"articleSection\":[\"\u00c9v\u00e9nements\"],\"inLanguage\":\"fr-FR\",\"potentialAction\":[{\"@type\":\"CommentAction\",\"name\":\"Comment\",\"target\":[\"https:\\\/\\\/batijournal.com\\\/index.php\\\/holz-le-salon-des-industries-du-travail-du-bois-en-suisse-et-dans-les-pays-limitrophes\\\/79664\\\/#respond\"]}]},{\"@type\":\"WebPage\",\"@id\":\"https:\\\/\\\/batijournal.com\\\/index.php\\\/holz-le-salon-des-industries-du-travail-du-bois-en-suisse-et-dans-les-pays-limitrophes\\\/79664\\\/\",\"url\":\"https:\\\/\\\/batijournal.com\\\/index.php\\\/holz-le-salon-des-industries-du-travail-du-bois-en-suisse-et-dans-les-pays-limitrophes\\\/79664\\\/\",\"name\":\"Holz, le salon des industries du travail du bois en Suisse et dans les pays limitrophes\",\"isPartOf\":{\"@id\":\"https:\\\/\\\/batijournal.com\\\/#website\"},\"datePublished\":\"2010-06-26T14:40:14+00:00\",\"author\":{\"@id\":\"https:\\\/\\\/batijournal.com\\\/#\\\/schema\\\/person\\\/6a657e8967569e1b299972574848aa76\"},\"breadcrumb\":{\"@id\":\"https:\\\/\\\/batijournal.com\\\/index.php\\\/holz-le-salon-des-industries-du-travail-du-bois-en-suisse-et-dans-les-pays-limitrophes\\\/79664\\\/#breadcrumb\"},\"inLanguage\":\"fr-FR\",\"potentialAction\":[{\"@type\":\"ReadAction\",\"target\":[\"https:\\\/\\\/batijournal.com\\\/index.php\\\/holz-le-salon-des-industries-du-travail-du-bois-en-suisse-et-dans-les-pays-limitrophes\\\/79664\\\/\"]}]},{\"@type\":\"BreadcrumbList\",\"@id\":\"https:\\\/\\\/batijournal.com\\\/index.php\\\/holz-le-salon-des-industries-du-travail-du-bois-en-suisse-et-dans-les-pays-limitrophes\\\/79664\\\/#breadcrumb\",\"itemListElement\":[{\"@type\":\"ListItem\",\"position\":1,\"name\":\"Accueil\",\"item\":\"https:\\\/\\\/batijournal.com\\\/\"},{\"@type\":\"ListItem\",\"position\":2,\"name\":\"\u00c9v\u00e9nements\",\"item\":\"https:\\\/\\\/batijournal.com\\\/index.php\\\/category\\\/evenements\\\/\"},{\"@type\":\"ListItem\",\"position\":3,\"name\":\"Holz, le salon des industries du travail du bois en Suisse et dans les pays limitrophes\"}]},{\"@type\":\"WebSite\",\"@id\":\"https:\\\/\\\/batijournal.com\\\/#website\",\"url\":\"https:\\\/\\\/batijournal.com\\\/\",\"name\":\"Batijournal\",\"description\":\"L&#039;actualit\u00e9 du b\u00e2timent\",\"potentialAction\":[{\"@type\":\"SearchAction\",\"target\":{\"@type\":\"EntryPoint\",\"urlTemplate\":\"https:\\\/\\\/batijournal.com\\\/?s={search_term_string}\"},\"query-input\":{\"@type\":\"PropertyValueSpecification\",\"valueRequired\":true,\"valueName\":\"search_term_string\"}}],\"inLanguage\":\"fr-FR\"},{\"@type\":\"Person\",\"@id\":\"https:\\\/\\\/batijournal.com\\\/#\\\/schema\\\/person\\\/6a657e8967569e1b299972574848aa76\",\"name\":\"Bati-journal\",\"image\":{\"@type\":\"ImageObject\",\"inLanguage\":\"fr-FR\",\"@id\":\"https:\\\/\\\/secure.gravatar.com\\\/avatar\\\/a64364ea26392f9b4dd47e017ddaec74ff03aefc073b49e492e847201258f777?s=96&d=mm&r=g\",\"url\":\"https:\\\/\\\/secure.gravatar.com\\\/avatar\\\/a64364ea26392f9b4dd47e017ddaec74ff03aefc073b49e492e847201258f777?s=96&d=mm&r=g\",\"contentUrl\":\"https:\\\/\\\/secure.gravatar.com\\\/avatar\\\/a64364ea26392f9b4dd47e017ddaec74ff03aefc073b49e492e847201258f777?s=96&d=mm&r=g\",\"caption\":\"Bati-journal\"},\"url\":\"https:\\\/\\\/batijournal.com\\\/index.php\\\/author\\\/elodie\\\/\"}]}<\/script>\n<!-- \/ Yoast SEO plugin. -->","yoast_head_json":{"title":"Holz, le salon des industries du travail du bois en Suisse et dans les pays limitrophes","robots":{"index":"index","follow":"follow","max-snippet":"max-snippet:-1","max-image-preview":"max-image-preview:large","max-video-preview":"max-video-preview:-1"},"canonical":"https:\/\/batijournal.com\/index.php\/holz-le-salon-des-industries-du-travail-du-bois-en-suisse-et-dans-les-pays-limitrophes\/79664\/","og_locale":"fr_FR","og_type":"article","og_title":"Holz, le salon des industries du travail du bois en Suisse et dans les pays limitrophes","og_description":"L&rsquo;\u00e9dition 2010 du salon des industries du travail du bois en Suisse et dans les pays limitrophes aura lieu \u00e0 B\u00e2le, du 12 au 16 octobre.","og_url":"https:\/\/batijournal.com\/index.php\/holz-le-salon-des-industries-du-travail-du-bois-en-suisse-et-dans-les-pays-limitrophes\/79664\/","og_site_name":"Batijournal","article_published_time":"2010-06-26T14:40:14+00:00","author":"Bati-journal","twitter_card":"summary_large_image","twitter_creator":"@bati_journal","twitter_site":"@bati_journal","twitter_misc":{"\u00c9crit par":"Bati-journal"},"schema":{"@context":"https:\/\/schema.org","@graph":[{"@type":"Article","@id":"https:\/\/batijournal.com\/index.php\/holz-le-salon-des-industries-du-travail-du-bois-en-suisse-et-dans-les-pays-limitrophes\/79664\/#article","isPartOf":{"@id":"https:\/\/batijournal.com\/index.php\/holz-le-salon-des-industries-du-travail-du-bois-en-suisse-et-dans-les-pays-limitrophes\/79664\/"},"author":{"name":"Bati-journal","@id":"https:\/\/batijournal.com\/#\/schema\/person\/6a657e8967569e1b299972574848aa76"},"headline":"Holz, le salon des industries du travail du bois en Suisse et dans les pays limitrophes","datePublished":"2010-06-26T14:40:14+00:00","mainEntityOfPage":{"@id":"https:\/\/batijournal.com\/index.php\/holz-le-salon-des-industries-du-travail-du-bois-en-suisse-et-dans-les-pays-limitrophes\/79664\/"},"wordCount":40,"commentCount":0,"articleSection":["\u00c9v\u00e9nements"],"inLanguage":"fr-FR","potentialAction":[{"@type":"CommentAction","name":"Comment","target":["https:\/\/batijournal.com\/index.php\/holz-le-salon-des-industries-du-travail-du-bois-en-suisse-et-dans-les-pays-limitrophes\/79664\/#respond"]}]},{"@type":"WebPage","@id":"https:\/\/batijournal.com\/index.php\/holz-le-salon-des-industries-du-travail-du-bois-en-suisse-et-dans-les-pays-limitrophes\/79664\/","url":"https:\/\/batijournal.com\/index.php\/holz-le-salon-des-industries-du-travail-du-bois-en-suisse-et-dans-les-pays-limitrophes\/79664\/","name":"Holz, le salon des industries du travail du bois en Suisse et dans les pays limitrophes","isPartOf":{"@id":"https:\/\/batijournal.com\/#website"},"datePublished":"2010-06-26T14:40:14+00:00","author":{"@id":"https:\/\/batijournal.com\/#\/schema\/person\/6a657e8967569e1b299972574848aa76"},"breadcrumb":{"@id":"https:\/\/batijournal.com\/index.php\/holz-le-salon-des-industries-du-travail-du-bois-en-suisse-et-dans-les-pays-limitrophes\/79664\/#breadcrumb"},"inLanguage":"fr-FR","potentialAction":[{"@type":"ReadAction","target":["https:\/\/batijournal.com\/index.php\/holz-le-salon-des-industries-du-travail-du-bois-en-suisse-et-dans-les-pays-limitrophes\/79664\/"]}]},{"@type":"BreadcrumbList","@id":"https:\/\/batijournal.com\/index.php\/holz-le-salon-des-industries-du-travail-du-bois-en-suisse-et-dans-les-pays-limitrophes\/79664\/#breadcrumb","itemListElement":[{"@type":"ListItem","position":1,"name":"Accueil","item":"https:\/\/batijournal.com\/"},{"@type":"ListItem","position":2,"name":"\u00c9v\u00e9nements","item":"https:\/\/batijournal.com\/index.php\/category\/evenements\/"},{"@type":"ListItem","position":3,"name":"Holz, le salon des industries du travail du bois en Suisse et dans les pays limitrophes"}]},{"@type":"WebSite","@id":"https:\/\/batijournal.com\/#website","url":"https:\/\/batijournal.com\/","name":"Batijournal","description":"L&#039;actualit\u00e9 du b\u00e2timent","potentialAction":[{"@type":"SearchAction","target":{"@type":"EntryPoint","urlTemplate":"https:\/\/batijournal.com\/?s={search_term_string}"},"query-input":{"@type":"PropertyValueSpecification","valueRequired":true,"valueName":"search_term_string"}}],"inLanguage":"fr-FR"},{"@type":"Person","@id":"https:\/\/batijournal.com\/#\/schema\/person\/6a657e8967569e1b299972574848aa76","name":"Bati-journal","image":{"@type":"ImageObject","inLanguage":"fr-FR","@id":"https:\/\/secure.gravatar.com\/avatar\/a64364ea26392f9b4dd47e017ddaec74ff03aefc073b49e492e847201258f777?s=96&d=mm&r=g","url":"https:\/\/secure.gravatar.com\/avatar\/a64364ea26392f9b4dd47e017ddaec74ff03aefc073b49e492e847201258f777?s=96&d=mm&r=g","contentUrl":"https:\/\/secure.gravatar.com\/avatar\/a64364ea26392f9b4dd47e017ddaec74ff03aefc073b49e492e847201258f777?s=96&d=mm&r=g","caption":"Bati-journal"},"url":"https:\/\/batijournal.com\/index.php\/author\/elodie\/"}]}},"_links":{"self":[{"href":"https:\/\/batijournal.com\/index.php\/wp-json\/wp\/v2\/posts\/79664","targetHints":{"allow":["GET"]}}],"collection":[{"href":"https:\/\/batijournal.com\/index.php\/wp-json\/wp\/v2\/posts"}],"about":[{"href":"https:\/\/batijournal.com\/index.php\/wp-json\/wp\/v2\/types\/post"}],"author":[{"embeddable":true,"href":"https:\/\/batijournal.com\/index.php\/wp-json\/wp\/v2\/users\/1"}],"replies":[{"embeddable":true,"href":"https:\/\/batijournal.com\/index.php\/wp-json\/wp\/v2\/comments?post=79664"}],"version-history":[{"count":0,"href":"https:\/\/batijournal.com\/index.php\/wp-json\/wp\/v2\/posts\/79664\/revisions"}],"wp:attachment":[{"href":"https:\/\/batijournal.com\/index.php\/wp-json\/wp\/v2\/media?parent=79664"}],"wp:term":[{"taxonomy":"category","embeddable":true,"href":"https:\/\/batijournal.com\/index.php\/wp-json\/wp\/v2\/categories?post=79664"},{"taxonomy":"post_tag","embeddable":true,"href":"https:\/\/batijournal.com\/index.php\/wp-json\/wp\/v2\/tags?post=79664"}],"curies":[{"name":"wp","href":"https:\/\/api.w.org\/{rel}","templated":true}]}}