{"id":79670,"date":"2010-07-13T00:00:00","date_gmt":"2010-07-12T22:00:00","guid":{"rendered":"http:\/\/b.bati-journal.com\/conference-europeenne-de-lenergie-solaire-thermique-estec\/79670"},"modified":"2010-07-13T00:00:00","modified_gmt":"2010-07-12T22:00:00","slug":"conference-europeenne-de-lenergie-solaire-thermique-estec","status":"publish","type":"post","link":"https:\/\/batijournal.com\/index.php\/conference-europeenne-de-lenergie-solaire-thermique-estec\/79670\/","title":{"rendered":"Conf\u00e9rence europ\u00e9enne de l&rsquo;\u00e9nergie solaire thermique (ESTEC)"},"content":{"rendered":"<p>La 5e \u00e9dition de la Conf\u00e9rence europ\u00e9enne de l&rsquo;\u00e9nergie solaire thermique (ESTEC) se tiendra \u00e0 Marseille les 20 et 21 octobre 2011. Plus de 500 participants sont attendus lors de cet \u00e9v\u00e9nement de r\u00e9f\u00e9rence de la fili\u00e8re solaire thermique organis\u00e9 par la F\u00e9d\u00e9ration europ\u00e9enne du solaire thermique (Estif) et Enerplan avec le soutien de l&rsquo;ADEME. Gr\u00e2ce au choix de Marseille comme destination pour ESTEC 2011, un fort accent sera mis sur le d\u00e9veloppement des march\u00e9s du sud de l&rsquo;Europe, du nord de l&rsquo;Afrique et du Moyen-Orient. A noter que, en 2009, ESTEC avait r\u00e9uni, durant deux jours, plus de 400 participants de 43 pays diff\u00e9rents, \u00e0 Munich (Allemagne).<\/p>\n","protected":false},"excerpt":{"rendered":"<p>La 5e \u00e9dition de la Conf\u00e9rence europ\u00e9enne de l&rsquo;\u00e9nergie solaire thermique (ESTEC) se tiendra \u00e0 Marseille les 20 et 21 octobre 2011. Plus de 500 participants sont attendus lors de cet \u00e9v\u00e9nement de r\u00e9f\u00e9rence de la fili\u00e8re solaire thermique organis\u00e9 par la F\u00e9d\u00e9ration europ\u00e9enne du solaire thermique (Estif) et Enerplan avec le soutien de l&rsquo;ADEME. [&hellip;]<\/p>\n","protected":false},"author":1,"featured_media":0,"comment_status":"open","ping_status":"closed","sticky":false,"template":"","format":"standard","meta":{"_et_pb_use_builder":"","_et_pb_old_content":"","_et_gb_content_width":"","footnotes":""},"categories":[9192],"tags":[685,1667],"class_list":["post-79670","post","type-post","status-publish","format-standard","hentry","category-evenements","tag-conference","tag-energie-solaire"],"yoast_head":"<!-- This site is optimized with the Yoast SEO plugin v27.4 - https:\/\/yoast.com\/product\/yoast-seo-wordpress\/ -->\n<title>Conf\u00e9rence europ\u00e9enne de l&#039;\u00e9nergie solaire thermique (ESTEC)<\/title>\n<meta name=\"robots\" content=\"index, follow, max-snippet:-1, max-image-preview:large, max-video-preview:-1\" \/>\n<link rel=\"canonical\" href=\"https:\/\/batijournal.com\/index.php\/conference-europeenne-de-lenergie-solaire-thermique-estec\/79670\/\" \/>\n<meta property=\"og:locale\" content=\"fr_FR\" \/>\n<meta property=\"og:type\" content=\"article\" \/>\n<meta property=\"og:title\" content=\"Conf\u00e9rence europ\u00e9enne de l&#039;\u00e9nergie solaire thermique (ESTEC)\" \/>\n<meta property=\"og:description\" content=\"La 5e \u00e9dition de la Conf\u00e9rence europ\u00e9enne de l&rsquo;\u00e9nergie solaire thermique (ESTEC) se tiendra \u00e0 Marseille les 20 et 21 octobre 2011. Plus de 500 participants sont attendus lors de cet \u00e9v\u00e9nement de r\u00e9f\u00e9rence de la fili\u00e8re solaire thermique organis\u00e9 par la F\u00e9d\u00e9ration europ\u00e9enne du solaire thermique (Estif) et Enerplan avec le soutien de l&rsquo;ADEME. [&hellip;]\" \/>\n<meta property=\"og:url\" content=\"https:\/\/batijournal.com\/index.php\/conference-europeenne-de-lenergie-solaire-thermique-estec\/79670\/\" \/>\n<meta property=\"og:site_name\" content=\"Batijournal\" \/>\n<meta property=\"article:published_time\" content=\"2010-07-12T22:00:00+00:00\" \/>\n<meta name=\"author\" content=\"Bati-journal\" \/>\n<meta name=\"twitter:card\" content=\"summary_large_image\" \/>\n<meta name=\"twitter:creator\" content=\"@bati_journal\" \/>\n<meta name=\"twitter:site\" content=\"@bati_journal\" \/>\n<meta name=\"twitter:label1\" content=\"\u00c9crit par\" \/>\n\t<meta name=\"twitter:data1\" content=\"Bati-journal\" \/>\n\t<meta name=\"twitter:label2\" content=\"Dur\u00e9e de lecture estim\u00e9e\" \/>\n\t<meta name=\"twitter:data2\" content=\"1 minute\" \/>\n<script type=\"application\/ld+json\" class=\"yoast-schema-graph\">{\"@context\":\"https:\\\/\\\/schema.org\",\"@graph\":[{\"@type\":\"Article\",\"@id\":\"https:\\\/\\\/batijournal.com\\\/index.php\\\/conference-europeenne-de-lenergie-solaire-thermique-estec\\\/79670\\\/#article\",\"isPartOf\":{\"@id\":\"https:\\\/\\\/batijournal.com\\\/index.php\\\/conference-europeenne-de-lenergie-solaire-thermique-estec\\\/79670\\\/\"},\"author\":{\"name\":\"Bati-journal\",\"@id\":\"https:\\\/\\\/batijournal.com\\\/#\\\/schema\\\/person\\\/6a657e8967569e1b299972574848aa76\"},\"headline\":\"Conf\u00e9rence europ\u00e9enne de l&rsquo;\u00e9nergie solaire thermique (ESTEC)\",\"datePublished\":\"2010-07-12T22:00:00+00:00\",\"mainEntityOfPage\":{\"@id\":\"https:\\\/\\\/batijournal.com\\\/index.php\\\/conference-europeenne-de-lenergie-solaire-thermique-estec\\\/79670\\\/\"},\"wordCount\":126,\"commentCount\":0,\"keywords\":[\"conf\u00e9rence\",\"\u00e9nergie solaire\"],\"articleSection\":[\"\u00c9v\u00e9nements\"],\"inLanguage\":\"fr-FR\",\"potentialAction\":[{\"@type\":\"CommentAction\",\"name\":\"Comment\",\"target\":[\"https:\\\/\\\/batijournal.com\\\/index.php\\\/conference-europeenne-de-lenergie-solaire-thermique-estec\\\/79670\\\/#respond\"]}]},{\"@type\":\"WebPage\",\"@id\":\"https:\\\/\\\/batijournal.com\\\/index.php\\\/conference-europeenne-de-lenergie-solaire-thermique-estec\\\/79670\\\/\",\"url\":\"https:\\\/\\\/batijournal.com\\\/index.php\\\/conference-europeenne-de-lenergie-solaire-thermique-estec\\\/79670\\\/\",\"name\":\"Conf\u00e9rence europ\u00e9enne de l'\u00e9nergie solaire thermique (ESTEC)\",\"isPartOf\":{\"@id\":\"https:\\\/\\\/batijournal.com\\\/#website\"},\"datePublished\":\"2010-07-12T22:00:00+00:00\",\"author\":{\"@id\":\"https:\\\/\\\/batijournal.com\\\/#\\\/schema\\\/person\\\/6a657e8967569e1b299972574848aa76\"},\"breadcrumb\":{\"@id\":\"https:\\\/\\\/batijournal.com\\\/index.php\\\/conference-europeenne-de-lenergie-solaire-thermique-estec\\\/79670\\\/#breadcrumb\"},\"inLanguage\":\"fr-FR\",\"potentialAction\":[{\"@type\":\"ReadAction\",\"target\":[\"https:\\\/\\\/batijournal.com\\\/index.php\\\/conference-europeenne-de-lenergie-solaire-thermique-estec\\\/79670\\\/\"]}]},{\"@type\":\"BreadcrumbList\",\"@id\":\"https:\\\/\\\/batijournal.com\\\/index.php\\\/conference-europeenne-de-lenergie-solaire-thermique-estec\\\/79670\\\/#breadcrumb\",\"itemListElement\":[{\"@type\":\"ListItem\",\"position\":1,\"name\":\"Accueil\",\"item\":\"https:\\\/\\\/batijournal.com\\\/\"},{\"@type\":\"ListItem\",\"position\":2,\"name\":\"\u00c9v\u00e9nements\",\"item\":\"https:\\\/\\\/batijournal.com\\\/index.php\\\/category\\\/evenements\\\/\"},{\"@type\":\"ListItem\",\"position\":3,\"name\":\"Conf\u00e9rence europ\u00e9enne de l&rsquo;\u00e9nergie solaire thermique (ESTEC)\"}]},{\"@type\":\"WebSite\",\"@id\":\"https:\\\/\\\/batijournal.com\\\/#website\",\"url\":\"https:\\\/\\\/batijournal.com\\\/\",\"name\":\"Batijournal\",\"description\":\"L&#039;actualit\u00e9 du b\u00e2timent\",\"potentialAction\":[{\"@type\":\"SearchAction\",\"target\":{\"@type\":\"EntryPoint\",\"urlTemplate\":\"https:\\\/\\\/batijournal.com\\\/?s={search_term_string}\"},\"query-input\":{\"@type\":\"PropertyValueSpecification\",\"valueRequired\":true,\"valueName\":\"search_term_string\"}}],\"inLanguage\":\"fr-FR\"},{\"@type\":\"Person\",\"@id\":\"https:\\\/\\\/batijournal.com\\\/#\\\/schema\\\/person\\\/6a657e8967569e1b299972574848aa76\",\"name\":\"Bati-journal\",\"image\":{\"@type\":\"ImageObject\",\"inLanguage\":\"fr-FR\",\"@id\":\"https:\\\/\\\/secure.gravatar.com\\\/avatar\\\/a64364ea26392f9b4dd47e017ddaec74ff03aefc073b49e492e847201258f777?s=96&d=mm&r=g\",\"url\":\"https:\\\/\\\/secure.gravatar.com\\\/avatar\\\/a64364ea26392f9b4dd47e017ddaec74ff03aefc073b49e492e847201258f777?s=96&d=mm&r=g\",\"contentUrl\":\"https:\\\/\\\/secure.gravatar.com\\\/avatar\\\/a64364ea26392f9b4dd47e017ddaec74ff03aefc073b49e492e847201258f777?s=96&d=mm&r=g\",\"caption\":\"Bati-journal\"},\"url\":\"https:\\\/\\\/batijournal.com\\\/index.php\\\/author\\\/elodie\\\/\"}]}<\/script>\n<!-- \/ Yoast SEO plugin. -->","yoast_head_json":{"title":"Conf\u00e9rence europ\u00e9enne de l'\u00e9nergie solaire thermique (ESTEC)","robots":{"index":"index","follow":"follow","max-snippet":"max-snippet:-1","max-image-preview":"max-image-preview:large","max-video-preview":"max-video-preview:-1"},"canonical":"https:\/\/batijournal.com\/index.php\/conference-europeenne-de-lenergie-solaire-thermique-estec\/79670\/","og_locale":"fr_FR","og_type":"article","og_title":"Conf\u00e9rence europ\u00e9enne de l'\u00e9nergie solaire thermique (ESTEC)","og_description":"La 5e \u00e9dition de la Conf\u00e9rence europ\u00e9enne de l&rsquo;\u00e9nergie solaire thermique (ESTEC) se tiendra \u00e0 Marseille les 20 et 21 octobre 2011. Plus de 500 participants sont attendus lors de cet \u00e9v\u00e9nement de r\u00e9f\u00e9rence de la fili\u00e8re solaire thermique organis\u00e9 par la F\u00e9d\u00e9ration europ\u00e9enne du solaire thermique (Estif) et Enerplan avec le soutien de l&rsquo;ADEME. [&hellip;]","og_url":"https:\/\/batijournal.com\/index.php\/conference-europeenne-de-lenergie-solaire-thermique-estec\/79670\/","og_site_name":"Batijournal","article_published_time":"2010-07-12T22:00:00+00:00","author":"Bati-journal","twitter_card":"summary_large_image","twitter_creator":"@bati_journal","twitter_site":"@bati_journal","twitter_misc":{"\u00c9crit par":"Bati-journal","Dur\u00e9e de lecture estim\u00e9e":"1 minute"},"schema":{"@context":"https:\/\/schema.org","@graph":[{"@type":"Article","@id":"https:\/\/batijournal.com\/index.php\/conference-europeenne-de-lenergie-solaire-thermique-estec\/79670\/#article","isPartOf":{"@id":"https:\/\/batijournal.com\/index.php\/conference-europeenne-de-lenergie-solaire-thermique-estec\/79670\/"},"author":{"name":"Bati-journal","@id":"https:\/\/batijournal.com\/#\/schema\/person\/6a657e8967569e1b299972574848aa76"},"headline":"Conf\u00e9rence europ\u00e9enne de l&rsquo;\u00e9nergie solaire thermique (ESTEC)","datePublished":"2010-07-12T22:00:00+00:00","mainEntityOfPage":{"@id":"https:\/\/batijournal.com\/index.php\/conference-europeenne-de-lenergie-solaire-thermique-estec\/79670\/"},"wordCount":126,"commentCount":0,"keywords":["conf\u00e9rence","\u00e9nergie solaire"],"articleSection":["\u00c9v\u00e9nements"],"inLanguage":"fr-FR","potentialAction":[{"@type":"CommentAction","name":"Comment","target":["https:\/\/batijournal.com\/index.php\/conference-europeenne-de-lenergie-solaire-thermique-estec\/79670\/#respond"]}]},{"@type":"WebPage","@id":"https:\/\/batijournal.com\/index.php\/conference-europeenne-de-lenergie-solaire-thermique-estec\/79670\/","url":"https:\/\/batijournal.com\/index.php\/conference-europeenne-de-lenergie-solaire-thermique-estec\/79670\/","name":"Conf\u00e9rence europ\u00e9enne de l'\u00e9nergie solaire thermique (ESTEC)","isPartOf":{"@id":"https:\/\/batijournal.com\/#website"},"datePublished":"2010-07-12T22:00:00+00:00","author":{"@id":"https:\/\/batijournal.com\/#\/schema\/person\/6a657e8967569e1b299972574848aa76"},"breadcrumb":{"@id":"https:\/\/batijournal.com\/index.php\/conference-europeenne-de-lenergie-solaire-thermique-estec\/79670\/#breadcrumb"},"inLanguage":"fr-FR","potentialAction":[{"@type":"ReadAction","target":["https:\/\/batijournal.com\/index.php\/conference-europeenne-de-lenergie-solaire-thermique-estec\/79670\/"]}]},{"@type":"BreadcrumbList","@id":"https:\/\/batijournal.com\/index.php\/conference-europeenne-de-lenergie-solaire-thermique-estec\/79670\/#breadcrumb","itemListElement":[{"@type":"ListItem","position":1,"name":"Accueil","item":"https:\/\/batijournal.com\/"},{"@type":"ListItem","position":2,"name":"\u00c9v\u00e9nements","item":"https:\/\/batijournal.com\/index.php\/category\/evenements\/"},{"@type":"ListItem","position":3,"name":"Conf\u00e9rence europ\u00e9enne de l&rsquo;\u00e9nergie solaire thermique (ESTEC)"}]},{"@type":"WebSite","@id":"https:\/\/batijournal.com\/#website","url":"https:\/\/batijournal.com\/","name":"Batijournal","description":"L&#039;actualit\u00e9 du b\u00e2timent","potentialAction":[{"@type":"SearchAction","target":{"@type":"EntryPoint","urlTemplate":"https:\/\/batijournal.com\/?s={search_term_string}"},"query-input":{"@type":"PropertyValueSpecification","valueRequired":true,"valueName":"search_term_string"}}],"inLanguage":"fr-FR"},{"@type":"Person","@id":"https:\/\/batijournal.com\/#\/schema\/person\/6a657e8967569e1b299972574848aa76","name":"Bati-journal","image":{"@type":"ImageObject","inLanguage":"fr-FR","@id":"https:\/\/secure.gravatar.com\/avatar\/a64364ea26392f9b4dd47e017ddaec74ff03aefc073b49e492e847201258f777?s=96&d=mm&r=g","url":"https:\/\/secure.gravatar.com\/avatar\/a64364ea26392f9b4dd47e017ddaec74ff03aefc073b49e492e847201258f777?s=96&d=mm&r=g","contentUrl":"https:\/\/secure.gravatar.com\/avatar\/a64364ea26392f9b4dd47e017ddaec74ff03aefc073b49e492e847201258f777?s=96&d=mm&r=g","caption":"Bati-journal"},"url":"https:\/\/batijournal.com\/index.php\/author\/elodie\/"}]}},"_links":{"self":[{"href":"https:\/\/batijournal.com\/index.php\/wp-json\/wp\/v2\/posts\/79670","targetHints":{"allow":["GET"]}}],"collection":[{"href":"https:\/\/batijournal.com\/index.php\/wp-json\/wp\/v2\/posts"}],"about":[{"href":"https:\/\/batijournal.com\/index.php\/wp-json\/wp\/v2\/types\/post"}],"author":[{"embeddable":true,"href":"https:\/\/batijournal.com\/index.php\/wp-json\/wp\/v2\/users\/1"}],"replies":[{"embeddable":true,"href":"https:\/\/batijournal.com\/index.php\/wp-json\/wp\/v2\/comments?post=79670"}],"version-history":[{"count":0,"href":"https:\/\/batijournal.com\/index.php\/wp-json\/wp\/v2\/posts\/79670\/revisions"}],"wp:attachment":[{"href":"https:\/\/batijournal.com\/index.php\/wp-json\/wp\/v2\/media?parent=79670"}],"wp:term":[{"taxonomy":"category","embeddable":true,"href":"https:\/\/batijournal.com\/index.php\/wp-json\/wp\/v2\/categories?post=79670"},{"taxonomy":"post_tag","embeddable":true,"href":"https:\/\/batijournal.com\/index.php\/wp-json\/wp\/v2\/tags?post=79670"}],"curies":[{"name":"wp","href":"https:\/\/api.w.org\/{rel}","templated":true}]}}