{"id":79671,"date":"2010-07-15T00:00:00","date_gmt":"2010-07-14T22:00:00","guid":{"rendered":"http:\/\/b.bati-journal.com\/du-5-au-29-aout-2010-itinerance-medievale-en-vallee-du-dropt\/79671"},"modified":"2010-07-15T00:00:00","modified_gmt":"2010-07-14T22:00:00","slug":"du-5-au-29-aout-2010-itinerance-medievale-en-vallee-du-dropt","status":"publish","type":"post","link":"https:\/\/batijournal.com\/index.php\/du-5-au-29-aout-2010-itinerance-medievale-en-vallee-du-dropt\/79671\/","title":{"rendered":"Du 5 au 29 aout 2010 : Itin\u00e9rance m\u00e9di\u00e9vale en vall\u00e9e du Dropt"},"content":{"rendered":"<p>L\u0092&rsquo;Itin\u00e9rance m\u00e9di\u00e9vale en vall\u00e9e du Dropt est un \u00e9v\u00e9nement peu ordinaire, qui se conjugue chaque ann\u00e9e pendant pr\u00e8s d\u0092&rsquo;un mois sur une douzaine de sites r\u00e9partis dans trois d\u00e9partements aquitains &#8211; Dordogne, Lot-et-Garonne et Gironde &#8211; soit sur une centaine de kilom\u00e8tres. N\u00e9 en 2001 sous l\u0092&rsquo;\u00e9gide de l\u0092&rsquo;Association Mixte Vall\u00e9e du Dropt Vall\u00e9e des Bastides, ce festival pas comme les autres a pour objet de valoriser le superbe patrimoine m\u00e9di\u00e9val du territoire et de le faire d\u00e9couvrir \u0093autrement\u0094 au public par le biais d\u0092une mise en sc\u00e8ne appropri\u00e9e. Des bastides, un castrum, des villages m\u00e9di\u00e9vaux et des parvis d\u0092&rsquo;abbayes, un site UNESCO, deux sites majeurs d\u0092&rsquo;Aquitaine&#8230; C&rsquo;\u0092est dans ce foisonnement architectural que l&rsquo;\u0092\u00e9v\u00e9nement trouve sa source. Ici, les vieilles pierres ne restent pas fig\u00e9es puisque l&rsquo;\u0092histoire y revit !<\/p>\n","protected":false},"excerpt":{"rendered":"<p>L\u0092&rsquo;Itin\u00e9rance m\u00e9di\u00e9vale en vall\u00e9e du Dropt est un \u00e9v\u00e9nement peu ordinaire, qui se conjugue chaque ann\u00e9e pendant pr\u00e8s d\u0092&rsquo;un mois sur une douzaine de sites r\u00e9partis dans trois d\u00e9partements aquitains &#8211; Dordogne, Lot-et-Garonne et Gironde &#8211; soit sur une centaine de kilom\u00e8tres. N\u00e9 en 2001 sous l\u0092&rsquo;\u00e9gide de l\u0092&rsquo;Association Mixte Vall\u00e9e du Dropt Vall\u00e9e des [&hellip;]<\/p>\n","protected":false},"author":1,"featured_media":0,"comment_status":"open","ping_status":"closed","sticky":false,"template":"","format":"standard","meta":{"_et_pb_use_builder":"","_et_pb_old_content":"","_et_gb_content_width":"","footnotes":""},"categories":[9192],"tags":[9197],"class_list":["post-79671","post","type-post","status-publish","format-standard","hentry","category-evenements","tag-evenement"],"yoast_head":"<!-- This site is optimized with the Yoast SEO plugin v27.4 - https:\/\/yoast.com\/product\/yoast-seo-wordpress\/ -->\n<title>Du 5 au 29 aout 2010 : Itin\u00e9rance m\u00e9di\u00e9vale en vall\u00e9e du Dropt<\/title>\n<meta name=\"robots\" content=\"index, follow, max-snippet:-1, max-image-preview:large, max-video-preview:-1\" \/>\n<link rel=\"canonical\" href=\"https:\/\/batijournal.com\/index.php\/du-5-au-29-aout-2010-itinerance-medievale-en-vallee-du-dropt\/79671\/\" \/>\n<meta property=\"og:locale\" content=\"fr_FR\" \/>\n<meta property=\"og:type\" content=\"article\" \/>\n<meta property=\"og:title\" content=\"Du 5 au 29 aout 2010 : Itin\u00e9rance m\u00e9di\u00e9vale en vall\u00e9e du Dropt\" \/>\n<meta property=\"og:description\" content=\"L\u0092&rsquo;Itin\u00e9rance m\u00e9di\u00e9vale en vall\u00e9e du Dropt est un \u00e9v\u00e9nement peu ordinaire, qui se conjugue chaque ann\u00e9e pendant pr\u00e8s d\u0092&rsquo;un mois sur une douzaine de sites r\u00e9partis dans trois d\u00e9partements aquitains &#8211; Dordogne, Lot-et-Garonne et Gironde &#8211; soit sur une centaine de kilom\u00e8tres. N\u00e9 en 2001 sous l\u0092&rsquo;\u00e9gide de l\u0092&rsquo;Association Mixte Vall\u00e9e du Dropt Vall\u00e9e des [&hellip;]\" \/>\n<meta property=\"og:url\" content=\"https:\/\/batijournal.com\/index.php\/du-5-au-29-aout-2010-itinerance-medievale-en-vallee-du-dropt\/79671\/\" \/>\n<meta property=\"og:site_name\" content=\"Batijournal\" \/>\n<meta property=\"article:published_time\" content=\"2010-07-14T22:00:00+00:00\" \/>\n<meta name=\"author\" content=\"Bati-journal\" \/>\n<meta name=\"twitter:card\" content=\"summary_large_image\" \/>\n<meta name=\"twitter:creator\" content=\"@bati_journal\" \/>\n<meta name=\"twitter:site\" content=\"@bati_journal\" \/>\n<meta name=\"twitter:label1\" content=\"\u00c9crit par\" \/>\n\t<meta name=\"twitter:data1\" content=\"Bati-journal\" \/>\n\t<meta name=\"twitter:label2\" content=\"Dur\u00e9e de lecture estim\u00e9e\" \/>\n\t<meta name=\"twitter:data2\" content=\"1 minute\" \/>\n<script type=\"application\/ld+json\" class=\"yoast-schema-graph\">{\"@context\":\"https:\\\/\\\/schema.org\",\"@graph\":[{\"@type\":\"Article\",\"@id\":\"https:\\\/\\\/batijournal.com\\\/index.php\\\/du-5-au-29-aout-2010-itinerance-medievale-en-vallee-du-dropt\\\/79671\\\/#article\",\"isPartOf\":{\"@id\":\"https:\\\/\\\/batijournal.com\\\/index.php\\\/du-5-au-29-aout-2010-itinerance-medievale-en-vallee-du-dropt\\\/79671\\\/\"},\"author\":{\"name\":\"Bati-journal\",\"@id\":\"https:\\\/\\\/batijournal.com\\\/#\\\/schema\\\/person\\\/6a657e8967569e1b299972574848aa76\"},\"headline\":\"Du 5 au 29 aout 2010 : Itin\u00e9rance m\u00e9di\u00e9vale en vall\u00e9e du Dropt\",\"datePublished\":\"2010-07-14T22:00:00+00:00\",\"mainEntityOfPage\":{\"@id\":\"https:\\\/\\\/batijournal.com\\\/index.php\\\/du-5-au-29-aout-2010-itinerance-medievale-en-vallee-du-dropt\\\/79671\\\/\"},\"wordCount\":172,\"commentCount\":0,\"keywords\":[\"evenement\"],\"articleSection\":[\"\u00c9v\u00e9nements\"],\"inLanguage\":\"fr-FR\",\"potentialAction\":[{\"@type\":\"CommentAction\",\"name\":\"Comment\",\"target\":[\"https:\\\/\\\/batijournal.com\\\/index.php\\\/du-5-au-29-aout-2010-itinerance-medievale-en-vallee-du-dropt\\\/79671\\\/#respond\"]}]},{\"@type\":\"WebPage\",\"@id\":\"https:\\\/\\\/batijournal.com\\\/index.php\\\/du-5-au-29-aout-2010-itinerance-medievale-en-vallee-du-dropt\\\/79671\\\/\",\"url\":\"https:\\\/\\\/batijournal.com\\\/index.php\\\/du-5-au-29-aout-2010-itinerance-medievale-en-vallee-du-dropt\\\/79671\\\/\",\"name\":\"Du 5 au 29 aout 2010 : Itin\u00e9rance m\u00e9di\u00e9vale en vall\u00e9e du Dropt\",\"isPartOf\":{\"@id\":\"https:\\\/\\\/batijournal.com\\\/#website\"},\"datePublished\":\"2010-07-14T22:00:00+00:00\",\"author\":{\"@id\":\"https:\\\/\\\/batijournal.com\\\/#\\\/schema\\\/person\\\/6a657e8967569e1b299972574848aa76\"},\"breadcrumb\":{\"@id\":\"https:\\\/\\\/batijournal.com\\\/index.php\\\/du-5-au-29-aout-2010-itinerance-medievale-en-vallee-du-dropt\\\/79671\\\/#breadcrumb\"},\"inLanguage\":\"fr-FR\",\"potentialAction\":[{\"@type\":\"ReadAction\",\"target\":[\"https:\\\/\\\/batijournal.com\\\/index.php\\\/du-5-au-29-aout-2010-itinerance-medievale-en-vallee-du-dropt\\\/79671\\\/\"]}]},{\"@type\":\"BreadcrumbList\",\"@id\":\"https:\\\/\\\/batijournal.com\\\/index.php\\\/du-5-au-29-aout-2010-itinerance-medievale-en-vallee-du-dropt\\\/79671\\\/#breadcrumb\",\"itemListElement\":[{\"@type\":\"ListItem\",\"position\":1,\"name\":\"Accueil\",\"item\":\"https:\\\/\\\/batijournal.com\\\/\"},{\"@type\":\"ListItem\",\"position\":2,\"name\":\"\u00c9v\u00e9nements\",\"item\":\"https:\\\/\\\/batijournal.com\\\/index.php\\\/category\\\/evenements\\\/\"},{\"@type\":\"ListItem\",\"position\":3,\"name\":\"Du 5 au 29 aout 2010 : Itin\u00e9rance m\u00e9di\u00e9vale en vall\u00e9e du Dropt\"}]},{\"@type\":\"WebSite\",\"@id\":\"https:\\\/\\\/batijournal.com\\\/#website\",\"url\":\"https:\\\/\\\/batijournal.com\\\/\",\"name\":\"Batijournal\",\"description\":\"L&#039;actualit\u00e9 du b\u00e2timent\",\"potentialAction\":[{\"@type\":\"SearchAction\",\"target\":{\"@type\":\"EntryPoint\",\"urlTemplate\":\"https:\\\/\\\/batijournal.com\\\/?s={search_term_string}\"},\"query-input\":{\"@type\":\"PropertyValueSpecification\",\"valueRequired\":true,\"valueName\":\"search_term_string\"}}],\"inLanguage\":\"fr-FR\"},{\"@type\":\"Person\",\"@id\":\"https:\\\/\\\/batijournal.com\\\/#\\\/schema\\\/person\\\/6a657e8967569e1b299972574848aa76\",\"name\":\"Bati-journal\",\"image\":{\"@type\":\"ImageObject\",\"inLanguage\":\"fr-FR\",\"@id\":\"https:\\\/\\\/secure.gravatar.com\\\/avatar\\\/a64364ea26392f9b4dd47e017ddaec74ff03aefc073b49e492e847201258f777?s=96&d=mm&r=g\",\"url\":\"https:\\\/\\\/secure.gravatar.com\\\/avatar\\\/a64364ea26392f9b4dd47e017ddaec74ff03aefc073b49e492e847201258f777?s=96&d=mm&r=g\",\"contentUrl\":\"https:\\\/\\\/secure.gravatar.com\\\/avatar\\\/a64364ea26392f9b4dd47e017ddaec74ff03aefc073b49e492e847201258f777?s=96&d=mm&r=g\",\"caption\":\"Bati-journal\"},\"url\":\"https:\\\/\\\/batijournal.com\\\/index.php\\\/author\\\/elodie\\\/\"}]}<\/script>\n<!-- \/ Yoast SEO plugin. -->","yoast_head_json":{"title":"Du 5 au 29 aout 2010 : Itin\u00e9rance m\u00e9di\u00e9vale en vall\u00e9e du Dropt","robots":{"index":"index","follow":"follow","max-snippet":"max-snippet:-1","max-image-preview":"max-image-preview:large","max-video-preview":"max-video-preview:-1"},"canonical":"https:\/\/batijournal.com\/index.php\/du-5-au-29-aout-2010-itinerance-medievale-en-vallee-du-dropt\/79671\/","og_locale":"fr_FR","og_type":"article","og_title":"Du 5 au 29 aout 2010 : Itin\u00e9rance m\u00e9di\u00e9vale en vall\u00e9e du Dropt","og_description":"L\u0092&rsquo;Itin\u00e9rance m\u00e9di\u00e9vale en vall\u00e9e du Dropt est un \u00e9v\u00e9nement peu ordinaire, qui se conjugue chaque ann\u00e9e pendant pr\u00e8s d\u0092&rsquo;un mois sur une douzaine de sites r\u00e9partis dans trois d\u00e9partements aquitains &#8211; Dordogne, Lot-et-Garonne et Gironde &#8211; soit sur une centaine de kilom\u00e8tres. N\u00e9 en 2001 sous l\u0092&rsquo;\u00e9gide de l\u0092&rsquo;Association Mixte Vall\u00e9e du Dropt Vall\u00e9e des [&hellip;]","og_url":"https:\/\/batijournal.com\/index.php\/du-5-au-29-aout-2010-itinerance-medievale-en-vallee-du-dropt\/79671\/","og_site_name":"Batijournal","article_published_time":"2010-07-14T22:00:00+00:00","author":"Bati-journal","twitter_card":"summary_large_image","twitter_creator":"@bati_journal","twitter_site":"@bati_journal","twitter_misc":{"\u00c9crit par":"Bati-journal","Dur\u00e9e de lecture estim\u00e9e":"1 minute"},"schema":{"@context":"https:\/\/schema.org","@graph":[{"@type":"Article","@id":"https:\/\/batijournal.com\/index.php\/du-5-au-29-aout-2010-itinerance-medievale-en-vallee-du-dropt\/79671\/#article","isPartOf":{"@id":"https:\/\/batijournal.com\/index.php\/du-5-au-29-aout-2010-itinerance-medievale-en-vallee-du-dropt\/79671\/"},"author":{"name":"Bati-journal","@id":"https:\/\/batijournal.com\/#\/schema\/person\/6a657e8967569e1b299972574848aa76"},"headline":"Du 5 au 29 aout 2010 : Itin\u00e9rance m\u00e9di\u00e9vale en vall\u00e9e du Dropt","datePublished":"2010-07-14T22:00:00+00:00","mainEntityOfPage":{"@id":"https:\/\/batijournal.com\/index.php\/du-5-au-29-aout-2010-itinerance-medievale-en-vallee-du-dropt\/79671\/"},"wordCount":172,"commentCount":0,"keywords":["evenement"],"articleSection":["\u00c9v\u00e9nements"],"inLanguage":"fr-FR","potentialAction":[{"@type":"CommentAction","name":"Comment","target":["https:\/\/batijournal.com\/index.php\/du-5-au-29-aout-2010-itinerance-medievale-en-vallee-du-dropt\/79671\/#respond"]}]},{"@type":"WebPage","@id":"https:\/\/batijournal.com\/index.php\/du-5-au-29-aout-2010-itinerance-medievale-en-vallee-du-dropt\/79671\/","url":"https:\/\/batijournal.com\/index.php\/du-5-au-29-aout-2010-itinerance-medievale-en-vallee-du-dropt\/79671\/","name":"Du 5 au 29 aout 2010 : Itin\u00e9rance m\u00e9di\u00e9vale en vall\u00e9e du Dropt","isPartOf":{"@id":"https:\/\/batijournal.com\/#website"},"datePublished":"2010-07-14T22:00:00+00:00","author":{"@id":"https:\/\/batijournal.com\/#\/schema\/person\/6a657e8967569e1b299972574848aa76"},"breadcrumb":{"@id":"https:\/\/batijournal.com\/index.php\/du-5-au-29-aout-2010-itinerance-medievale-en-vallee-du-dropt\/79671\/#breadcrumb"},"inLanguage":"fr-FR","potentialAction":[{"@type":"ReadAction","target":["https:\/\/batijournal.com\/index.php\/du-5-au-29-aout-2010-itinerance-medievale-en-vallee-du-dropt\/79671\/"]}]},{"@type":"BreadcrumbList","@id":"https:\/\/batijournal.com\/index.php\/du-5-au-29-aout-2010-itinerance-medievale-en-vallee-du-dropt\/79671\/#breadcrumb","itemListElement":[{"@type":"ListItem","position":1,"name":"Accueil","item":"https:\/\/batijournal.com\/"},{"@type":"ListItem","position":2,"name":"\u00c9v\u00e9nements","item":"https:\/\/batijournal.com\/index.php\/category\/evenements\/"},{"@type":"ListItem","position":3,"name":"Du 5 au 29 aout 2010 : Itin\u00e9rance m\u00e9di\u00e9vale en vall\u00e9e du Dropt"}]},{"@type":"WebSite","@id":"https:\/\/batijournal.com\/#website","url":"https:\/\/batijournal.com\/","name":"Batijournal","description":"L&#039;actualit\u00e9 du b\u00e2timent","potentialAction":[{"@type":"SearchAction","target":{"@type":"EntryPoint","urlTemplate":"https:\/\/batijournal.com\/?s={search_term_string}"},"query-input":{"@type":"PropertyValueSpecification","valueRequired":true,"valueName":"search_term_string"}}],"inLanguage":"fr-FR"},{"@type":"Person","@id":"https:\/\/batijournal.com\/#\/schema\/person\/6a657e8967569e1b299972574848aa76","name":"Bati-journal","image":{"@type":"ImageObject","inLanguage":"fr-FR","@id":"https:\/\/secure.gravatar.com\/avatar\/a64364ea26392f9b4dd47e017ddaec74ff03aefc073b49e492e847201258f777?s=96&d=mm&r=g","url":"https:\/\/secure.gravatar.com\/avatar\/a64364ea26392f9b4dd47e017ddaec74ff03aefc073b49e492e847201258f777?s=96&d=mm&r=g","contentUrl":"https:\/\/secure.gravatar.com\/avatar\/a64364ea26392f9b4dd47e017ddaec74ff03aefc073b49e492e847201258f777?s=96&d=mm&r=g","caption":"Bati-journal"},"url":"https:\/\/batijournal.com\/index.php\/author\/elodie\/"}]}},"_links":{"self":[{"href":"https:\/\/batijournal.com\/index.php\/wp-json\/wp\/v2\/posts\/79671","targetHints":{"allow":["GET"]}}],"collection":[{"href":"https:\/\/batijournal.com\/index.php\/wp-json\/wp\/v2\/posts"}],"about":[{"href":"https:\/\/batijournal.com\/index.php\/wp-json\/wp\/v2\/types\/post"}],"author":[{"embeddable":true,"href":"https:\/\/batijournal.com\/index.php\/wp-json\/wp\/v2\/users\/1"}],"replies":[{"embeddable":true,"href":"https:\/\/batijournal.com\/index.php\/wp-json\/wp\/v2\/comments?post=79671"}],"version-history":[{"count":0,"href":"https:\/\/batijournal.com\/index.php\/wp-json\/wp\/v2\/posts\/79671\/revisions"}],"wp:attachment":[{"href":"https:\/\/batijournal.com\/index.php\/wp-json\/wp\/v2\/media?parent=79671"}],"wp:term":[{"taxonomy":"category","embeddable":true,"href":"https:\/\/batijournal.com\/index.php\/wp-json\/wp\/v2\/categories?post=79671"},{"taxonomy":"post_tag","embeddable":true,"href":"https:\/\/batijournal.com\/index.php\/wp-json\/wp\/v2\/tags?post=79671"}],"curies":[{"name":"wp","href":"https:\/\/api.w.org\/{rel}","templated":true}]}}