{"id":79673,"date":"2010-07-16T00:00:00","date_gmt":"2010-07-15T22:00:00","guid":{"rendered":"http:\/\/b.bati-journal.com\/salon-regional-de-lhabitat\/79673"},"modified":"2010-07-16T00:00:00","modified_gmt":"2010-07-15T22:00:00","slug":"salon-regional-de-lhabitat","status":"publish","type":"post","link":"https:\/\/batijournal.com\/index.php\/salon-regional-de-lhabitat\/79673\/","title":{"rendered":"Salon r\u00e9gional de l&rsquo;habitat"},"content":{"rendered":"<p>La 33e \u00e9dition du salon r\u00e9gional de l&rsquo;habitat, qui aura lieu du 1er au 4 octobre 2010, est l&rsquo;occasion d&rsquo;un red\u00e9ploiement ambitieux au c\u009coeur d&rsquo;Ainterexpo, le parc des expositions de Bourg-en-Bresse (Ain). Organis\u00e9 sur trois halls du parc, le salon d\u00e9cline, cette ann\u00e9e, son offre selon trois univers d&rsquo;actualit\u00e9 avec, pour chacun, une animation d\u00e9di\u00e9e, \u00e0 savoir Bien-\u00eatre (r\u00e9novation, d\u00e9coration&#8230;), R\u00eaver (conception de projets d&rsquo;habitats, architecture, construction&#8230;) et \u00catre responsable (nouveaux mat\u00e9riaux, habitat durable, accessibilit\u00e9, \u00e9conomie d&rsquo;\u00e9nergie&#8230;). Quelque 220 exposants qualifi\u00e9s sur 10 500 m2 proposeront des r\u00e9ponses et des solutions vari\u00e9es aux attentes des 20 000 visiteurs attendus.<\/p>\n","protected":false},"excerpt":{"rendered":"<p>La 33e \u00e9dition du salon r\u00e9gional de l&rsquo;habitat, qui aura lieu du 1er au 4 octobre 2010, est l&rsquo;occasion d&rsquo;un red\u00e9ploiement ambitieux au c\u009coeur d&rsquo;Ainterexpo, le parc des expositions de Bourg-en-Bresse (Ain). Organis\u00e9 sur trois halls du parc, le salon d\u00e9cline, cette ann\u00e9e, son offre selon trois univers d&rsquo;actualit\u00e9 avec, pour chacun, une animation d\u00e9di\u00e9e, [&hellip;]<\/p>\n","protected":false},"author":1,"featured_media":0,"comment_status":"open","ping_status":"closed","sticky":false,"template":"","format":"standard","meta":{"_et_pb_use_builder":"","_et_pb_old_content":"","_et_gb_content_width":"","footnotes":""},"categories":[9192],"tags":[5307],"class_list":["post-79673","post","type-post","status-publish","format-standard","hentry","category-evenements","tag-salon-de-lhabitat"],"yoast_head":"<!-- This site is optimized with the Yoast SEO plugin v27.4 - https:\/\/yoast.com\/product\/yoast-seo-wordpress\/ -->\n<title>Salon r\u00e9gional de l&#039;habitat<\/title>\n<meta name=\"robots\" content=\"index, follow, max-snippet:-1, max-image-preview:large, max-video-preview:-1\" \/>\n<link rel=\"canonical\" href=\"https:\/\/batijournal.com\/index.php\/salon-regional-de-lhabitat\/79673\/\" \/>\n<meta property=\"og:locale\" content=\"fr_FR\" \/>\n<meta property=\"og:type\" content=\"article\" \/>\n<meta property=\"og:title\" content=\"Salon r\u00e9gional de l&#039;habitat\" \/>\n<meta property=\"og:description\" content=\"La 33e \u00e9dition du salon r\u00e9gional de l&rsquo;habitat, qui aura lieu du 1er au 4 octobre 2010, est l&rsquo;occasion d&rsquo;un red\u00e9ploiement ambitieux au c\u009coeur d&rsquo;Ainterexpo, le parc des expositions de Bourg-en-Bresse (Ain). Organis\u00e9 sur trois halls du parc, le salon d\u00e9cline, cette ann\u00e9e, son offre selon trois univers d&rsquo;actualit\u00e9 avec, pour chacun, une animation d\u00e9di\u00e9e, [&hellip;]\" \/>\n<meta property=\"og:url\" content=\"https:\/\/batijournal.com\/index.php\/salon-regional-de-lhabitat\/79673\/\" \/>\n<meta property=\"og:site_name\" content=\"Batijournal\" \/>\n<meta property=\"article:published_time\" content=\"2010-07-15T22:00:00+00:00\" \/>\n<meta name=\"author\" content=\"Bati-journal\" \/>\n<meta name=\"twitter:card\" content=\"summary_large_image\" \/>\n<meta name=\"twitter:creator\" content=\"@bati_journal\" \/>\n<meta name=\"twitter:site\" content=\"@bati_journal\" \/>\n<meta name=\"twitter:label1\" content=\"\u00c9crit par\" \/>\n\t<meta name=\"twitter:data1\" content=\"Bati-journal\" \/>\n\t<meta name=\"twitter:label2\" content=\"Dur\u00e9e de lecture estim\u00e9e\" \/>\n\t<meta name=\"twitter:data2\" content=\"1 minute\" \/>\n<script type=\"application\/ld+json\" class=\"yoast-schema-graph\">{\"@context\":\"https:\\\/\\\/schema.org\",\"@graph\":[{\"@type\":\"Article\",\"@id\":\"https:\\\/\\\/batijournal.com\\\/index.php\\\/salon-regional-de-lhabitat\\\/79673\\\/#article\",\"isPartOf\":{\"@id\":\"https:\\\/\\\/batijournal.com\\\/index.php\\\/salon-regional-de-lhabitat\\\/79673\\\/\"},\"author\":{\"name\":\"Bati-journal\",\"@id\":\"https:\\\/\\\/batijournal.com\\\/#\\\/schema\\\/person\\\/6a657e8967569e1b299972574848aa76\"},\"headline\":\"Salon r\u00e9gional de l&rsquo;habitat\",\"datePublished\":\"2010-07-15T22:00:00+00:00\",\"mainEntityOfPage\":{\"@id\":\"https:\\\/\\\/batijournal.com\\\/index.php\\\/salon-regional-de-lhabitat\\\/79673\\\/\"},\"wordCount\":119,\"commentCount\":0,\"keywords\":[\"salon de l'Habitat\"],\"articleSection\":[\"\u00c9v\u00e9nements\"],\"inLanguage\":\"fr-FR\",\"potentialAction\":[{\"@type\":\"CommentAction\",\"name\":\"Comment\",\"target\":[\"https:\\\/\\\/batijournal.com\\\/index.php\\\/salon-regional-de-lhabitat\\\/79673\\\/#respond\"]}]},{\"@type\":\"WebPage\",\"@id\":\"https:\\\/\\\/batijournal.com\\\/index.php\\\/salon-regional-de-lhabitat\\\/79673\\\/\",\"url\":\"https:\\\/\\\/batijournal.com\\\/index.php\\\/salon-regional-de-lhabitat\\\/79673\\\/\",\"name\":\"Salon r\u00e9gional de l'habitat\",\"isPartOf\":{\"@id\":\"https:\\\/\\\/batijournal.com\\\/#website\"},\"datePublished\":\"2010-07-15T22:00:00+00:00\",\"author\":{\"@id\":\"https:\\\/\\\/batijournal.com\\\/#\\\/schema\\\/person\\\/6a657e8967569e1b299972574848aa76\"},\"breadcrumb\":{\"@id\":\"https:\\\/\\\/batijournal.com\\\/index.php\\\/salon-regional-de-lhabitat\\\/79673\\\/#breadcrumb\"},\"inLanguage\":\"fr-FR\",\"potentialAction\":[{\"@type\":\"ReadAction\",\"target\":[\"https:\\\/\\\/batijournal.com\\\/index.php\\\/salon-regional-de-lhabitat\\\/79673\\\/\"]}]},{\"@type\":\"BreadcrumbList\",\"@id\":\"https:\\\/\\\/batijournal.com\\\/index.php\\\/salon-regional-de-lhabitat\\\/79673\\\/#breadcrumb\",\"itemListElement\":[{\"@type\":\"ListItem\",\"position\":1,\"name\":\"Accueil\",\"item\":\"https:\\\/\\\/batijournal.com\\\/\"},{\"@type\":\"ListItem\",\"position\":2,\"name\":\"\u00c9v\u00e9nements\",\"item\":\"https:\\\/\\\/batijournal.com\\\/index.php\\\/category\\\/evenements\\\/\"},{\"@type\":\"ListItem\",\"position\":3,\"name\":\"Salon r\u00e9gional de l&rsquo;habitat\"}]},{\"@type\":\"WebSite\",\"@id\":\"https:\\\/\\\/batijournal.com\\\/#website\",\"url\":\"https:\\\/\\\/batijournal.com\\\/\",\"name\":\"Batijournal\",\"description\":\"L&#039;actualit\u00e9 du b\u00e2timent\",\"potentialAction\":[{\"@type\":\"SearchAction\",\"target\":{\"@type\":\"EntryPoint\",\"urlTemplate\":\"https:\\\/\\\/batijournal.com\\\/?s={search_term_string}\"},\"query-input\":{\"@type\":\"PropertyValueSpecification\",\"valueRequired\":true,\"valueName\":\"search_term_string\"}}],\"inLanguage\":\"fr-FR\"},{\"@type\":\"Person\",\"@id\":\"https:\\\/\\\/batijournal.com\\\/#\\\/schema\\\/person\\\/6a657e8967569e1b299972574848aa76\",\"name\":\"Bati-journal\",\"image\":{\"@type\":\"ImageObject\",\"inLanguage\":\"fr-FR\",\"@id\":\"https:\\\/\\\/secure.gravatar.com\\\/avatar\\\/a64364ea26392f9b4dd47e017ddaec74ff03aefc073b49e492e847201258f777?s=96&d=mm&r=g\",\"url\":\"https:\\\/\\\/secure.gravatar.com\\\/avatar\\\/a64364ea26392f9b4dd47e017ddaec74ff03aefc073b49e492e847201258f777?s=96&d=mm&r=g\",\"contentUrl\":\"https:\\\/\\\/secure.gravatar.com\\\/avatar\\\/a64364ea26392f9b4dd47e017ddaec74ff03aefc073b49e492e847201258f777?s=96&d=mm&r=g\",\"caption\":\"Bati-journal\"},\"url\":\"https:\\\/\\\/batijournal.com\\\/index.php\\\/author\\\/elodie\\\/\"}]}<\/script>\n<!-- \/ Yoast SEO plugin. -->","yoast_head_json":{"title":"Salon r\u00e9gional de l'habitat","robots":{"index":"index","follow":"follow","max-snippet":"max-snippet:-1","max-image-preview":"max-image-preview:large","max-video-preview":"max-video-preview:-1"},"canonical":"https:\/\/batijournal.com\/index.php\/salon-regional-de-lhabitat\/79673\/","og_locale":"fr_FR","og_type":"article","og_title":"Salon r\u00e9gional de l'habitat","og_description":"La 33e \u00e9dition du salon r\u00e9gional de l&rsquo;habitat, qui aura lieu du 1er au 4 octobre 2010, est l&rsquo;occasion d&rsquo;un red\u00e9ploiement ambitieux au c\u009coeur d&rsquo;Ainterexpo, le parc des expositions de Bourg-en-Bresse (Ain). Organis\u00e9 sur trois halls du parc, le salon d\u00e9cline, cette ann\u00e9e, son offre selon trois univers d&rsquo;actualit\u00e9 avec, pour chacun, une animation d\u00e9di\u00e9e, [&hellip;]","og_url":"https:\/\/batijournal.com\/index.php\/salon-regional-de-lhabitat\/79673\/","og_site_name":"Batijournal","article_published_time":"2010-07-15T22:00:00+00:00","author":"Bati-journal","twitter_card":"summary_large_image","twitter_creator":"@bati_journal","twitter_site":"@bati_journal","twitter_misc":{"\u00c9crit par":"Bati-journal","Dur\u00e9e de lecture estim\u00e9e":"1 minute"},"schema":{"@context":"https:\/\/schema.org","@graph":[{"@type":"Article","@id":"https:\/\/batijournal.com\/index.php\/salon-regional-de-lhabitat\/79673\/#article","isPartOf":{"@id":"https:\/\/batijournal.com\/index.php\/salon-regional-de-lhabitat\/79673\/"},"author":{"name":"Bati-journal","@id":"https:\/\/batijournal.com\/#\/schema\/person\/6a657e8967569e1b299972574848aa76"},"headline":"Salon r\u00e9gional de l&rsquo;habitat","datePublished":"2010-07-15T22:00:00+00:00","mainEntityOfPage":{"@id":"https:\/\/batijournal.com\/index.php\/salon-regional-de-lhabitat\/79673\/"},"wordCount":119,"commentCount":0,"keywords":["salon de l'Habitat"],"articleSection":["\u00c9v\u00e9nements"],"inLanguage":"fr-FR","potentialAction":[{"@type":"CommentAction","name":"Comment","target":["https:\/\/batijournal.com\/index.php\/salon-regional-de-lhabitat\/79673\/#respond"]}]},{"@type":"WebPage","@id":"https:\/\/batijournal.com\/index.php\/salon-regional-de-lhabitat\/79673\/","url":"https:\/\/batijournal.com\/index.php\/salon-regional-de-lhabitat\/79673\/","name":"Salon r\u00e9gional de l'habitat","isPartOf":{"@id":"https:\/\/batijournal.com\/#website"},"datePublished":"2010-07-15T22:00:00+00:00","author":{"@id":"https:\/\/batijournal.com\/#\/schema\/person\/6a657e8967569e1b299972574848aa76"},"breadcrumb":{"@id":"https:\/\/batijournal.com\/index.php\/salon-regional-de-lhabitat\/79673\/#breadcrumb"},"inLanguage":"fr-FR","potentialAction":[{"@type":"ReadAction","target":["https:\/\/batijournal.com\/index.php\/salon-regional-de-lhabitat\/79673\/"]}]},{"@type":"BreadcrumbList","@id":"https:\/\/batijournal.com\/index.php\/salon-regional-de-lhabitat\/79673\/#breadcrumb","itemListElement":[{"@type":"ListItem","position":1,"name":"Accueil","item":"https:\/\/batijournal.com\/"},{"@type":"ListItem","position":2,"name":"\u00c9v\u00e9nements","item":"https:\/\/batijournal.com\/index.php\/category\/evenements\/"},{"@type":"ListItem","position":3,"name":"Salon r\u00e9gional de l&rsquo;habitat"}]},{"@type":"WebSite","@id":"https:\/\/batijournal.com\/#website","url":"https:\/\/batijournal.com\/","name":"Batijournal","description":"L&#039;actualit\u00e9 du b\u00e2timent","potentialAction":[{"@type":"SearchAction","target":{"@type":"EntryPoint","urlTemplate":"https:\/\/batijournal.com\/?s={search_term_string}"},"query-input":{"@type":"PropertyValueSpecification","valueRequired":true,"valueName":"search_term_string"}}],"inLanguage":"fr-FR"},{"@type":"Person","@id":"https:\/\/batijournal.com\/#\/schema\/person\/6a657e8967569e1b299972574848aa76","name":"Bati-journal","image":{"@type":"ImageObject","inLanguage":"fr-FR","@id":"https:\/\/secure.gravatar.com\/avatar\/a64364ea26392f9b4dd47e017ddaec74ff03aefc073b49e492e847201258f777?s=96&d=mm&r=g","url":"https:\/\/secure.gravatar.com\/avatar\/a64364ea26392f9b4dd47e017ddaec74ff03aefc073b49e492e847201258f777?s=96&d=mm&r=g","contentUrl":"https:\/\/secure.gravatar.com\/avatar\/a64364ea26392f9b4dd47e017ddaec74ff03aefc073b49e492e847201258f777?s=96&d=mm&r=g","caption":"Bati-journal"},"url":"https:\/\/batijournal.com\/index.php\/author\/elodie\/"}]}},"_links":{"self":[{"href":"https:\/\/batijournal.com\/index.php\/wp-json\/wp\/v2\/posts\/79673","targetHints":{"allow":["GET"]}}],"collection":[{"href":"https:\/\/batijournal.com\/index.php\/wp-json\/wp\/v2\/posts"}],"about":[{"href":"https:\/\/batijournal.com\/index.php\/wp-json\/wp\/v2\/types\/post"}],"author":[{"embeddable":true,"href":"https:\/\/batijournal.com\/index.php\/wp-json\/wp\/v2\/users\/1"}],"replies":[{"embeddable":true,"href":"https:\/\/batijournal.com\/index.php\/wp-json\/wp\/v2\/comments?post=79673"}],"version-history":[{"count":0,"href":"https:\/\/batijournal.com\/index.php\/wp-json\/wp\/v2\/posts\/79673\/revisions"}],"wp:attachment":[{"href":"https:\/\/batijournal.com\/index.php\/wp-json\/wp\/v2\/media?parent=79673"}],"wp:term":[{"taxonomy":"category","embeddable":true,"href":"https:\/\/batijournal.com\/index.php\/wp-json\/wp\/v2\/categories?post=79673"},{"taxonomy":"post_tag","embeddable":true,"href":"https:\/\/batijournal.com\/index.php\/wp-json\/wp\/v2\/tags?post=79673"}],"curies":[{"name":"wp","href":"https:\/\/api.w.org\/{rel}","templated":true}]}}