{"id":79680,"date":"2010-09-02T00:00:00","date_gmt":"2010-09-01T22:00:00","guid":{"rendered":"http:\/\/b.bati-journal.com\/colloque-sur-la-prevention-des-risques-lies-aux-travaux-de-renovation-energetique\/79680"},"modified":"2010-09-02T00:00:00","modified_gmt":"2010-09-01T22:00:00","slug":"colloque-sur-la-prevention-des-risques-lies-aux-travaux-de-renovation-energetique","status":"publish","type":"post","link":"https:\/\/batijournal.com\/index.php\/colloque-sur-la-prevention-des-risques-lies-aux-travaux-de-renovation-energetique\/79680\/","title":{"rendered":"Colloque sur la pr\u00e9vention des risques li\u00e9s aux travaux de r\u00e9novation \u00e9nerg\u00e9tique"},"content":{"rendered":"<p>Excellence SMA, la fondation d\u0092&rsquo;entreprise de la SMABTP, premier assureur construction en France, organise le premier colloque consacr\u00e9 aux risques \u00e9mergeants de la r\u00e9novation \u00e9nerg\u00e9tique dans les b\u00e2timents existants (enveloppe, \u00e9quipements, sources d\u0092&rsquo;\u00e9nergie). Le 21 octobre 2010, les professionnels du b\u00e2timent seront r\u00e9unis, au si\u00e8ge du groupe SMABTP, autour de la probl\u00e9matique \u00ab\u00a0anticiper et pr\u00e9venir les risques li\u00e9s aux travaux de r\u00e9novation \u00e9nerg\u00e9tique\u00a0\u00bb. Au programme, plusieurs tables rondes sur les enjeux techniques (\u00ab\u00a0reconception\u00a0\u00bb du b\u00e2timent, \u00ab\u00a0perm\u00e9ance\u00a0\u00bb \u00e0 la vapeur d\u0092&rsquo;eau, perm\u00e9abilit\u00e9 \u00e0 l\u0092&rsquo;air), sur les approches m\u00e9tiers des entrepreneurs et des acteurs, sur les responsabilit\u00e9s et les garanties en mati\u00e8re d\u0092&rsquo;assurance. A noter que ces \u00e9changes se feront en pr\u00e9sence d\u0092&rsquo;Alain Maugard, pr\u00e9sident de Qualibat et \u00ab\u00a0grand t\u00e9moin\u00a0\u00bb, et de Philippe Pelletier, pr\u00e9sident du Plan b\u00e2timent du Grenelle de l\u0092&rsquo;environnement. Pour tout renseignement, s\u0092&rsquo;adresser \u00e0 la fondation d\u0092&rsquo;entreprise Excellence SMA au 01 40 59 72 29 ou sur <a href=\"http:\/\/www.smabtp.fr\" target=\"_blank\">www.smabtp.fr<\/a> Inscription par mail : colloque.fondation@excellencesma.org<\/p>\n","protected":false},"excerpt":{"rendered":"<p>Excellence SMA, la fondation d\u0092&rsquo;entreprise de la SMABTP, premier assureur construction en France, organise le premier colloque consacr\u00e9 aux risques \u00e9mergeants de la r\u00e9novation \u00e9nerg\u00e9tique dans les b\u00e2timents existants (enveloppe, \u00e9quipements, sources d\u0092&rsquo;\u00e9nergie). Le 21 octobre 2010, les professionnels du b\u00e2timent seront r\u00e9unis, au si\u00e8ge du groupe SMABTP, autour de la probl\u00e9matique \u00ab\u00a0anticiper et pr\u00e9venir [&hellip;]<\/p>\n","protected":false},"author":1,"featured_media":0,"comment_status":"open","ping_status":"closed","sticky":false,"template":"","format":"standard","meta":{"_et_pb_use_builder":"","_et_pb_old_content":"","_et_gb_content_width":"","footnotes":""},"categories":[9192],"tags":[674,1683],"class_list":["post-79680","post","type-post","status-publish","format-standard","hentry","category-evenements","tag-colloque","tag-renovation-energetique"],"yoast_head":"<!-- This site is optimized with the Yoast SEO plugin v27.4 - https:\/\/yoast.com\/product\/yoast-seo-wordpress\/ -->\n<title>Colloque sur la pr\u00e9vention des risques li\u00e9s aux travaux de r\u00e9novation \u00e9nerg\u00e9tique<\/title>\n<meta name=\"robots\" content=\"index, follow, max-snippet:-1, max-image-preview:large, max-video-preview:-1\" \/>\n<link rel=\"canonical\" href=\"https:\/\/batijournal.com\/index.php\/colloque-sur-la-prevention-des-risques-lies-aux-travaux-de-renovation-energetique\/79680\/\" \/>\n<meta property=\"og:locale\" content=\"fr_FR\" \/>\n<meta property=\"og:type\" content=\"article\" \/>\n<meta property=\"og:title\" content=\"Colloque sur la pr\u00e9vention des risques li\u00e9s aux travaux de r\u00e9novation \u00e9nerg\u00e9tique\" \/>\n<meta property=\"og:description\" content=\"Excellence SMA, la fondation d\u0092&rsquo;entreprise de la SMABTP, premier assureur construction en France, organise le premier colloque consacr\u00e9 aux risques \u00e9mergeants de la r\u00e9novation \u00e9nerg\u00e9tique dans les b\u00e2timents existants (enveloppe, \u00e9quipements, sources d\u0092&rsquo;\u00e9nergie). Le 21 octobre 2010, les professionnels du b\u00e2timent seront r\u00e9unis, au si\u00e8ge du groupe SMABTP, autour de la probl\u00e9matique \u00ab\u00a0anticiper et pr\u00e9venir [&hellip;]\" \/>\n<meta property=\"og:url\" content=\"https:\/\/batijournal.com\/index.php\/colloque-sur-la-prevention-des-risques-lies-aux-travaux-de-renovation-energetique\/79680\/\" \/>\n<meta property=\"og:site_name\" content=\"Batijournal\" \/>\n<meta property=\"article:published_time\" content=\"2010-09-01T22:00:00+00:00\" \/>\n<meta name=\"author\" content=\"Bati-journal\" \/>\n<meta name=\"twitter:card\" content=\"summary_large_image\" \/>\n<meta name=\"twitter:creator\" content=\"@bati_journal\" \/>\n<meta name=\"twitter:site\" content=\"@bati_journal\" \/>\n<meta name=\"twitter:label1\" content=\"\u00c9crit par\" \/>\n\t<meta name=\"twitter:data1\" content=\"Bati-journal\" \/>\n\t<meta name=\"twitter:label2\" content=\"Dur\u00e9e de lecture estim\u00e9e\" \/>\n\t<meta name=\"twitter:data2\" content=\"1 minute\" \/>\n<script type=\"application\/ld+json\" class=\"yoast-schema-graph\">{\"@context\":\"https:\\\/\\\/schema.org\",\"@graph\":[{\"@type\":\"Article\",\"@id\":\"https:\\\/\\\/batijournal.com\\\/index.php\\\/colloque-sur-la-prevention-des-risques-lies-aux-travaux-de-renovation-energetique\\\/79680\\\/#article\",\"isPartOf\":{\"@id\":\"https:\\\/\\\/batijournal.com\\\/index.php\\\/colloque-sur-la-prevention-des-risques-lies-aux-travaux-de-renovation-energetique\\\/79680\\\/\"},\"author\":{\"name\":\"Bati-journal\",\"@id\":\"https:\\\/\\\/batijournal.com\\\/#\\\/schema\\\/person\\\/6a657e8967569e1b299972574848aa76\"},\"headline\":\"Colloque sur la pr\u00e9vention des risques li\u00e9s aux travaux de r\u00e9novation \u00e9nerg\u00e9tique\",\"datePublished\":\"2010-09-01T22:00:00+00:00\",\"mainEntityOfPage\":{\"@id\":\"https:\\\/\\\/batijournal.com\\\/index.php\\\/colloque-sur-la-prevention-des-risques-lies-aux-travaux-de-renovation-energetique\\\/79680\\\/\"},\"wordCount\":195,\"commentCount\":0,\"keywords\":[\"colloque\",\"renovation energetique\"],\"articleSection\":[\"\u00c9v\u00e9nements\"],\"inLanguage\":\"fr-FR\",\"potentialAction\":[{\"@type\":\"CommentAction\",\"name\":\"Comment\",\"target\":[\"https:\\\/\\\/batijournal.com\\\/index.php\\\/colloque-sur-la-prevention-des-risques-lies-aux-travaux-de-renovation-energetique\\\/79680\\\/#respond\"]}]},{\"@type\":\"WebPage\",\"@id\":\"https:\\\/\\\/batijournal.com\\\/index.php\\\/colloque-sur-la-prevention-des-risques-lies-aux-travaux-de-renovation-energetique\\\/79680\\\/\",\"url\":\"https:\\\/\\\/batijournal.com\\\/index.php\\\/colloque-sur-la-prevention-des-risques-lies-aux-travaux-de-renovation-energetique\\\/79680\\\/\",\"name\":\"Colloque sur la pr\u00e9vention des risques li\u00e9s aux travaux de r\u00e9novation \u00e9nerg\u00e9tique\",\"isPartOf\":{\"@id\":\"https:\\\/\\\/batijournal.com\\\/#website\"},\"datePublished\":\"2010-09-01T22:00:00+00:00\",\"author\":{\"@id\":\"https:\\\/\\\/batijournal.com\\\/#\\\/schema\\\/person\\\/6a657e8967569e1b299972574848aa76\"},\"breadcrumb\":{\"@id\":\"https:\\\/\\\/batijournal.com\\\/index.php\\\/colloque-sur-la-prevention-des-risques-lies-aux-travaux-de-renovation-energetique\\\/79680\\\/#breadcrumb\"},\"inLanguage\":\"fr-FR\",\"potentialAction\":[{\"@type\":\"ReadAction\",\"target\":[\"https:\\\/\\\/batijournal.com\\\/index.php\\\/colloque-sur-la-prevention-des-risques-lies-aux-travaux-de-renovation-energetique\\\/79680\\\/\"]}]},{\"@type\":\"BreadcrumbList\",\"@id\":\"https:\\\/\\\/batijournal.com\\\/index.php\\\/colloque-sur-la-prevention-des-risques-lies-aux-travaux-de-renovation-energetique\\\/79680\\\/#breadcrumb\",\"itemListElement\":[{\"@type\":\"ListItem\",\"position\":1,\"name\":\"Accueil\",\"item\":\"https:\\\/\\\/batijournal.com\\\/\"},{\"@type\":\"ListItem\",\"position\":2,\"name\":\"\u00c9v\u00e9nements\",\"item\":\"https:\\\/\\\/batijournal.com\\\/index.php\\\/category\\\/evenements\\\/\"},{\"@type\":\"ListItem\",\"position\":3,\"name\":\"Colloque sur la pr\u00e9vention des risques li\u00e9s aux travaux de r\u00e9novation \u00e9nerg\u00e9tique\"}]},{\"@type\":\"WebSite\",\"@id\":\"https:\\\/\\\/batijournal.com\\\/#website\",\"url\":\"https:\\\/\\\/batijournal.com\\\/\",\"name\":\"Batijournal\",\"description\":\"L&#039;actualit\u00e9 du b\u00e2timent\",\"potentialAction\":[{\"@type\":\"SearchAction\",\"target\":{\"@type\":\"EntryPoint\",\"urlTemplate\":\"https:\\\/\\\/batijournal.com\\\/?s={search_term_string}\"},\"query-input\":{\"@type\":\"PropertyValueSpecification\",\"valueRequired\":true,\"valueName\":\"search_term_string\"}}],\"inLanguage\":\"fr-FR\"},{\"@type\":\"Person\",\"@id\":\"https:\\\/\\\/batijournal.com\\\/#\\\/schema\\\/person\\\/6a657e8967569e1b299972574848aa76\",\"name\":\"Bati-journal\",\"image\":{\"@type\":\"ImageObject\",\"inLanguage\":\"fr-FR\",\"@id\":\"https:\\\/\\\/secure.gravatar.com\\\/avatar\\\/a64364ea26392f9b4dd47e017ddaec74ff03aefc073b49e492e847201258f777?s=96&d=mm&r=g\",\"url\":\"https:\\\/\\\/secure.gravatar.com\\\/avatar\\\/a64364ea26392f9b4dd47e017ddaec74ff03aefc073b49e492e847201258f777?s=96&d=mm&r=g\",\"contentUrl\":\"https:\\\/\\\/secure.gravatar.com\\\/avatar\\\/a64364ea26392f9b4dd47e017ddaec74ff03aefc073b49e492e847201258f777?s=96&d=mm&r=g\",\"caption\":\"Bati-journal\"},\"url\":\"https:\\\/\\\/batijournal.com\\\/index.php\\\/author\\\/elodie\\\/\"}]}<\/script>\n<!-- \/ Yoast SEO plugin. -->","yoast_head_json":{"title":"Colloque sur la pr\u00e9vention des risques li\u00e9s aux travaux de r\u00e9novation \u00e9nerg\u00e9tique","robots":{"index":"index","follow":"follow","max-snippet":"max-snippet:-1","max-image-preview":"max-image-preview:large","max-video-preview":"max-video-preview:-1"},"canonical":"https:\/\/batijournal.com\/index.php\/colloque-sur-la-prevention-des-risques-lies-aux-travaux-de-renovation-energetique\/79680\/","og_locale":"fr_FR","og_type":"article","og_title":"Colloque sur la pr\u00e9vention des risques li\u00e9s aux travaux de r\u00e9novation \u00e9nerg\u00e9tique","og_description":"Excellence SMA, la fondation d\u0092&rsquo;entreprise de la SMABTP, premier assureur construction en France, organise le premier colloque consacr\u00e9 aux risques \u00e9mergeants de la r\u00e9novation \u00e9nerg\u00e9tique dans les b\u00e2timents existants (enveloppe, \u00e9quipements, sources d\u0092&rsquo;\u00e9nergie). Le 21 octobre 2010, les professionnels du b\u00e2timent seront r\u00e9unis, au si\u00e8ge du groupe SMABTP, autour de la probl\u00e9matique \u00ab\u00a0anticiper et pr\u00e9venir [&hellip;]","og_url":"https:\/\/batijournal.com\/index.php\/colloque-sur-la-prevention-des-risques-lies-aux-travaux-de-renovation-energetique\/79680\/","og_site_name":"Batijournal","article_published_time":"2010-09-01T22:00:00+00:00","author":"Bati-journal","twitter_card":"summary_large_image","twitter_creator":"@bati_journal","twitter_site":"@bati_journal","twitter_misc":{"\u00c9crit par":"Bati-journal","Dur\u00e9e de lecture estim\u00e9e":"1 minute"},"schema":{"@context":"https:\/\/schema.org","@graph":[{"@type":"Article","@id":"https:\/\/batijournal.com\/index.php\/colloque-sur-la-prevention-des-risques-lies-aux-travaux-de-renovation-energetique\/79680\/#article","isPartOf":{"@id":"https:\/\/batijournal.com\/index.php\/colloque-sur-la-prevention-des-risques-lies-aux-travaux-de-renovation-energetique\/79680\/"},"author":{"name":"Bati-journal","@id":"https:\/\/batijournal.com\/#\/schema\/person\/6a657e8967569e1b299972574848aa76"},"headline":"Colloque sur la pr\u00e9vention des risques li\u00e9s aux travaux de r\u00e9novation \u00e9nerg\u00e9tique","datePublished":"2010-09-01T22:00:00+00:00","mainEntityOfPage":{"@id":"https:\/\/batijournal.com\/index.php\/colloque-sur-la-prevention-des-risques-lies-aux-travaux-de-renovation-energetique\/79680\/"},"wordCount":195,"commentCount":0,"keywords":["colloque","renovation energetique"],"articleSection":["\u00c9v\u00e9nements"],"inLanguage":"fr-FR","potentialAction":[{"@type":"CommentAction","name":"Comment","target":["https:\/\/batijournal.com\/index.php\/colloque-sur-la-prevention-des-risques-lies-aux-travaux-de-renovation-energetique\/79680\/#respond"]}]},{"@type":"WebPage","@id":"https:\/\/batijournal.com\/index.php\/colloque-sur-la-prevention-des-risques-lies-aux-travaux-de-renovation-energetique\/79680\/","url":"https:\/\/batijournal.com\/index.php\/colloque-sur-la-prevention-des-risques-lies-aux-travaux-de-renovation-energetique\/79680\/","name":"Colloque sur la pr\u00e9vention des risques li\u00e9s aux travaux de r\u00e9novation \u00e9nerg\u00e9tique","isPartOf":{"@id":"https:\/\/batijournal.com\/#website"},"datePublished":"2010-09-01T22:00:00+00:00","author":{"@id":"https:\/\/batijournal.com\/#\/schema\/person\/6a657e8967569e1b299972574848aa76"},"breadcrumb":{"@id":"https:\/\/batijournal.com\/index.php\/colloque-sur-la-prevention-des-risques-lies-aux-travaux-de-renovation-energetique\/79680\/#breadcrumb"},"inLanguage":"fr-FR","potentialAction":[{"@type":"ReadAction","target":["https:\/\/batijournal.com\/index.php\/colloque-sur-la-prevention-des-risques-lies-aux-travaux-de-renovation-energetique\/79680\/"]}]},{"@type":"BreadcrumbList","@id":"https:\/\/batijournal.com\/index.php\/colloque-sur-la-prevention-des-risques-lies-aux-travaux-de-renovation-energetique\/79680\/#breadcrumb","itemListElement":[{"@type":"ListItem","position":1,"name":"Accueil","item":"https:\/\/batijournal.com\/"},{"@type":"ListItem","position":2,"name":"\u00c9v\u00e9nements","item":"https:\/\/batijournal.com\/index.php\/category\/evenements\/"},{"@type":"ListItem","position":3,"name":"Colloque sur la pr\u00e9vention des risques li\u00e9s aux travaux de r\u00e9novation \u00e9nerg\u00e9tique"}]},{"@type":"WebSite","@id":"https:\/\/batijournal.com\/#website","url":"https:\/\/batijournal.com\/","name":"Batijournal","description":"L&#039;actualit\u00e9 du b\u00e2timent","potentialAction":[{"@type":"SearchAction","target":{"@type":"EntryPoint","urlTemplate":"https:\/\/batijournal.com\/?s={search_term_string}"},"query-input":{"@type":"PropertyValueSpecification","valueRequired":true,"valueName":"search_term_string"}}],"inLanguage":"fr-FR"},{"@type":"Person","@id":"https:\/\/batijournal.com\/#\/schema\/person\/6a657e8967569e1b299972574848aa76","name":"Bati-journal","image":{"@type":"ImageObject","inLanguage":"fr-FR","@id":"https:\/\/secure.gravatar.com\/avatar\/a64364ea26392f9b4dd47e017ddaec74ff03aefc073b49e492e847201258f777?s=96&d=mm&r=g","url":"https:\/\/secure.gravatar.com\/avatar\/a64364ea26392f9b4dd47e017ddaec74ff03aefc073b49e492e847201258f777?s=96&d=mm&r=g","contentUrl":"https:\/\/secure.gravatar.com\/avatar\/a64364ea26392f9b4dd47e017ddaec74ff03aefc073b49e492e847201258f777?s=96&d=mm&r=g","caption":"Bati-journal"},"url":"https:\/\/batijournal.com\/index.php\/author\/elodie\/"}]}},"_links":{"self":[{"href":"https:\/\/batijournal.com\/index.php\/wp-json\/wp\/v2\/posts\/79680","targetHints":{"allow":["GET"]}}],"collection":[{"href":"https:\/\/batijournal.com\/index.php\/wp-json\/wp\/v2\/posts"}],"about":[{"href":"https:\/\/batijournal.com\/index.php\/wp-json\/wp\/v2\/types\/post"}],"author":[{"embeddable":true,"href":"https:\/\/batijournal.com\/index.php\/wp-json\/wp\/v2\/users\/1"}],"replies":[{"embeddable":true,"href":"https:\/\/batijournal.com\/index.php\/wp-json\/wp\/v2\/comments?post=79680"}],"version-history":[{"count":0,"href":"https:\/\/batijournal.com\/index.php\/wp-json\/wp\/v2\/posts\/79680\/revisions"}],"wp:attachment":[{"href":"https:\/\/batijournal.com\/index.php\/wp-json\/wp\/v2\/media?parent=79680"}],"wp:term":[{"taxonomy":"category","embeddable":true,"href":"https:\/\/batijournal.com\/index.php\/wp-json\/wp\/v2\/categories?post=79680"},{"taxonomy":"post_tag","embeddable":true,"href":"https:\/\/batijournal.com\/index.php\/wp-json\/wp\/v2\/tags?post=79680"}],"curies":[{"name":"wp","href":"https:\/\/api.w.org\/{rel}","templated":true}]}}