{"id":79682,"date":"2010-09-03T00:00:00","date_gmt":"2010-09-02T22:00:00","guid":{"rendered":"http:\/\/b.bati-journal.com\/7e-journee-efficience-energetique-du-batiment\/79682"},"modified":"2010-09-03T00:00:00","modified_gmt":"2010-09-02T22:00:00","slug":"7e-journee-efficience-energetique-du-batiment","status":"publish","type":"post","link":"https:\/\/batijournal.com\/index.php\/7e-journee-efficience-energetique-du-batiment\/79682\/","title":{"rendered":"7e journ\u00e9e Efficience \u00e9nerg\u00e9tique du b\u00e2timent"},"content":{"rendered":"<p>Cette 7e journ\u00e9e Efficience \u00e9nerg\u00e9tique du b\u00e2timent, qui se d\u00e9roulera le 12 octobre prochain \u00e0 la cit\u00e9 des Sciences et de l&rsquo;Industrie \u00e0 Paris, porte de la Villette, aura pour th\u00e8me cette ann\u00e9e : \u00ab\u00a0RT 2012, la pratique du r\u00e9sidentiel BBC, vers l&rsquo;\u00e9nergie positive\u00a0\u00bb. Les diff\u00e9rents points cl\u00e9s seront trait\u00e9s \u00e0 travers des vid\u00e9os, expos\u00e9s, t\u00e9moignages et exemples concrets. De nombreux intervenants comme Philippe Pelletier, pr\u00e9sident du Comit\u00e9 strat\u00e9gique du Plan b\u00e2timent Grenelle, Alain Maugard, pr\u00e9sident de Qualibat, ou encore Marie-Christine Roger de la DHUP partageront leurs exp\u00e9riences&#8230; Sans oublier notre grand t\u00e9moin, Marc Jolivet. L&rsquo;acteur, \u00e0 travers un extrait de son spectacle \u00ab\u00a0Mon fr\u00e8re l&rsquo;ours blanc\u00a0\u00bb, fera part de sa vision environnementale de fa\u00e7on humoristique. Inscrivez-vous sur <a href=\"http:\/\/www.eeb2010.fr\" target=\"_blank\">www.eeb2010.fr<\/a><\/p>\n","protected":false},"excerpt":{"rendered":"<p>Cette 7e journ\u00e9e Efficience \u00e9nerg\u00e9tique du b\u00e2timent, qui se d\u00e9roulera le 12 octobre prochain \u00e0 la cit\u00e9 des Sciences et de l&rsquo;Industrie \u00e0 Paris, porte de la Villette, aura pour th\u00e8me cette ann\u00e9e : \u00ab\u00a0RT 2012, la pratique du r\u00e9sidentiel BBC, vers l&rsquo;\u00e9nergie positive\u00a0\u00bb. Les diff\u00e9rents points cl\u00e9s seront trait\u00e9s \u00e0 travers des vid\u00e9os, expos\u00e9s, [&hellip;]<\/p>\n","protected":false},"author":1,"featured_media":0,"comment_status":"open","ping_status":"closed","sticky":false,"template":"","format":"standard","meta":{"_et_pb_use_builder":"","_et_pb_old_content":"","_et_gb_content_width":"","footnotes":""},"categories":[9192],"tags":[9377],"class_list":["post-79682","post","type-post","status-publish","format-standard","hentry","category-evenements","tag-efficience-energetique"],"yoast_head":"<!-- This site is optimized with the Yoast SEO plugin v27.4 - https:\/\/yoast.com\/product\/yoast-seo-wordpress\/ -->\n<title>7e journ\u00e9e Efficience \u00e9nerg\u00e9tique du b\u00e2timent<\/title>\n<meta name=\"robots\" content=\"index, follow, max-snippet:-1, max-image-preview:large, max-video-preview:-1\" \/>\n<link rel=\"canonical\" href=\"https:\/\/batijournal.com\/index.php\/7e-journee-efficience-energetique-du-batiment\/79682\/\" \/>\n<meta property=\"og:locale\" content=\"fr_FR\" \/>\n<meta property=\"og:type\" content=\"article\" \/>\n<meta property=\"og:title\" content=\"7e journ\u00e9e Efficience \u00e9nerg\u00e9tique du b\u00e2timent\" \/>\n<meta property=\"og:description\" content=\"Cette 7e journ\u00e9e Efficience \u00e9nerg\u00e9tique du b\u00e2timent, qui se d\u00e9roulera le 12 octobre prochain \u00e0 la cit\u00e9 des Sciences et de l&rsquo;Industrie \u00e0 Paris, porte de la Villette, aura pour th\u00e8me cette ann\u00e9e : \u00ab\u00a0RT 2012, la pratique du r\u00e9sidentiel BBC, vers l&rsquo;\u00e9nergie positive\u00a0\u00bb. Les diff\u00e9rents points cl\u00e9s seront trait\u00e9s \u00e0 travers des vid\u00e9os, expos\u00e9s, [&hellip;]\" \/>\n<meta property=\"og:url\" content=\"https:\/\/batijournal.com\/index.php\/7e-journee-efficience-energetique-du-batiment\/79682\/\" \/>\n<meta property=\"og:site_name\" content=\"Batijournal\" \/>\n<meta property=\"article:published_time\" content=\"2010-09-02T22:00:00+00:00\" \/>\n<meta name=\"author\" content=\"Bati-journal\" \/>\n<meta name=\"twitter:card\" content=\"summary_large_image\" \/>\n<meta name=\"twitter:creator\" content=\"@bati_journal\" \/>\n<meta name=\"twitter:site\" content=\"@bati_journal\" \/>\n<meta name=\"twitter:label1\" content=\"\u00c9crit par\" \/>\n\t<meta name=\"twitter:data1\" content=\"Bati-journal\" \/>\n\t<meta name=\"twitter:label2\" content=\"Dur\u00e9e de lecture estim\u00e9e\" \/>\n\t<meta name=\"twitter:data2\" content=\"1 minute\" \/>\n<script type=\"application\/ld+json\" class=\"yoast-schema-graph\">{\"@context\":\"https:\\\/\\\/schema.org\",\"@graph\":[{\"@type\":\"Article\",\"@id\":\"https:\\\/\\\/batijournal.com\\\/index.php\\\/7e-journee-efficience-energetique-du-batiment\\\/79682\\\/#article\",\"isPartOf\":{\"@id\":\"https:\\\/\\\/batijournal.com\\\/index.php\\\/7e-journee-efficience-energetique-du-batiment\\\/79682\\\/\"},\"author\":{\"name\":\"Bati-journal\",\"@id\":\"https:\\\/\\\/batijournal.com\\\/#\\\/schema\\\/person\\\/6a657e8967569e1b299972574848aa76\"},\"headline\":\"7e journ\u00e9e Efficience \u00e9nerg\u00e9tique du b\u00e2timent\",\"datePublished\":\"2010-09-02T22:00:00+00:00\",\"mainEntityOfPage\":{\"@id\":\"https:\\\/\\\/batijournal.com\\\/index.php\\\/7e-journee-efficience-energetique-du-batiment\\\/79682\\\/\"},\"wordCount\":148,\"commentCount\":0,\"keywords\":[\"efficience energetique\"],\"articleSection\":[\"\u00c9v\u00e9nements\"],\"inLanguage\":\"fr-FR\",\"potentialAction\":[{\"@type\":\"CommentAction\",\"name\":\"Comment\",\"target\":[\"https:\\\/\\\/batijournal.com\\\/index.php\\\/7e-journee-efficience-energetique-du-batiment\\\/79682\\\/#respond\"]}]},{\"@type\":\"WebPage\",\"@id\":\"https:\\\/\\\/batijournal.com\\\/index.php\\\/7e-journee-efficience-energetique-du-batiment\\\/79682\\\/\",\"url\":\"https:\\\/\\\/batijournal.com\\\/index.php\\\/7e-journee-efficience-energetique-du-batiment\\\/79682\\\/\",\"name\":\"7e journ\u00e9e Efficience \u00e9nerg\u00e9tique du b\u00e2timent\",\"isPartOf\":{\"@id\":\"https:\\\/\\\/batijournal.com\\\/#website\"},\"datePublished\":\"2010-09-02T22:00:00+00:00\",\"author\":{\"@id\":\"https:\\\/\\\/batijournal.com\\\/#\\\/schema\\\/person\\\/6a657e8967569e1b299972574848aa76\"},\"breadcrumb\":{\"@id\":\"https:\\\/\\\/batijournal.com\\\/index.php\\\/7e-journee-efficience-energetique-du-batiment\\\/79682\\\/#breadcrumb\"},\"inLanguage\":\"fr-FR\",\"potentialAction\":[{\"@type\":\"ReadAction\",\"target\":[\"https:\\\/\\\/batijournal.com\\\/index.php\\\/7e-journee-efficience-energetique-du-batiment\\\/79682\\\/\"]}]},{\"@type\":\"BreadcrumbList\",\"@id\":\"https:\\\/\\\/batijournal.com\\\/index.php\\\/7e-journee-efficience-energetique-du-batiment\\\/79682\\\/#breadcrumb\",\"itemListElement\":[{\"@type\":\"ListItem\",\"position\":1,\"name\":\"Accueil\",\"item\":\"https:\\\/\\\/batijournal.com\\\/\"},{\"@type\":\"ListItem\",\"position\":2,\"name\":\"\u00c9v\u00e9nements\",\"item\":\"https:\\\/\\\/batijournal.com\\\/index.php\\\/category\\\/evenements\\\/\"},{\"@type\":\"ListItem\",\"position\":3,\"name\":\"7e journ\u00e9e Efficience \u00e9nerg\u00e9tique du b\u00e2timent\"}]},{\"@type\":\"WebSite\",\"@id\":\"https:\\\/\\\/batijournal.com\\\/#website\",\"url\":\"https:\\\/\\\/batijournal.com\\\/\",\"name\":\"Batijournal\",\"description\":\"L&#039;actualit\u00e9 du b\u00e2timent\",\"potentialAction\":[{\"@type\":\"SearchAction\",\"target\":{\"@type\":\"EntryPoint\",\"urlTemplate\":\"https:\\\/\\\/batijournal.com\\\/?s={search_term_string}\"},\"query-input\":{\"@type\":\"PropertyValueSpecification\",\"valueRequired\":true,\"valueName\":\"search_term_string\"}}],\"inLanguage\":\"fr-FR\"},{\"@type\":\"Person\",\"@id\":\"https:\\\/\\\/batijournal.com\\\/#\\\/schema\\\/person\\\/6a657e8967569e1b299972574848aa76\",\"name\":\"Bati-journal\",\"image\":{\"@type\":\"ImageObject\",\"inLanguage\":\"fr-FR\",\"@id\":\"https:\\\/\\\/secure.gravatar.com\\\/avatar\\\/a64364ea26392f9b4dd47e017ddaec74ff03aefc073b49e492e847201258f777?s=96&d=mm&r=g\",\"url\":\"https:\\\/\\\/secure.gravatar.com\\\/avatar\\\/a64364ea26392f9b4dd47e017ddaec74ff03aefc073b49e492e847201258f777?s=96&d=mm&r=g\",\"contentUrl\":\"https:\\\/\\\/secure.gravatar.com\\\/avatar\\\/a64364ea26392f9b4dd47e017ddaec74ff03aefc073b49e492e847201258f777?s=96&d=mm&r=g\",\"caption\":\"Bati-journal\"},\"url\":\"https:\\\/\\\/batijournal.com\\\/index.php\\\/author\\\/elodie\\\/\"}]}<\/script>\n<!-- \/ Yoast SEO plugin. -->","yoast_head_json":{"title":"7e journ\u00e9e Efficience \u00e9nerg\u00e9tique du b\u00e2timent","robots":{"index":"index","follow":"follow","max-snippet":"max-snippet:-1","max-image-preview":"max-image-preview:large","max-video-preview":"max-video-preview:-1"},"canonical":"https:\/\/batijournal.com\/index.php\/7e-journee-efficience-energetique-du-batiment\/79682\/","og_locale":"fr_FR","og_type":"article","og_title":"7e journ\u00e9e Efficience \u00e9nerg\u00e9tique du b\u00e2timent","og_description":"Cette 7e journ\u00e9e Efficience \u00e9nerg\u00e9tique du b\u00e2timent, qui se d\u00e9roulera le 12 octobre prochain \u00e0 la cit\u00e9 des Sciences et de l&rsquo;Industrie \u00e0 Paris, porte de la Villette, aura pour th\u00e8me cette ann\u00e9e : \u00ab\u00a0RT 2012, la pratique du r\u00e9sidentiel BBC, vers l&rsquo;\u00e9nergie positive\u00a0\u00bb. Les diff\u00e9rents points cl\u00e9s seront trait\u00e9s \u00e0 travers des vid\u00e9os, expos\u00e9s, [&hellip;]","og_url":"https:\/\/batijournal.com\/index.php\/7e-journee-efficience-energetique-du-batiment\/79682\/","og_site_name":"Batijournal","article_published_time":"2010-09-02T22:00:00+00:00","author":"Bati-journal","twitter_card":"summary_large_image","twitter_creator":"@bati_journal","twitter_site":"@bati_journal","twitter_misc":{"\u00c9crit par":"Bati-journal","Dur\u00e9e de lecture estim\u00e9e":"1 minute"},"schema":{"@context":"https:\/\/schema.org","@graph":[{"@type":"Article","@id":"https:\/\/batijournal.com\/index.php\/7e-journee-efficience-energetique-du-batiment\/79682\/#article","isPartOf":{"@id":"https:\/\/batijournal.com\/index.php\/7e-journee-efficience-energetique-du-batiment\/79682\/"},"author":{"name":"Bati-journal","@id":"https:\/\/batijournal.com\/#\/schema\/person\/6a657e8967569e1b299972574848aa76"},"headline":"7e journ\u00e9e Efficience \u00e9nerg\u00e9tique du b\u00e2timent","datePublished":"2010-09-02T22:00:00+00:00","mainEntityOfPage":{"@id":"https:\/\/batijournal.com\/index.php\/7e-journee-efficience-energetique-du-batiment\/79682\/"},"wordCount":148,"commentCount":0,"keywords":["efficience energetique"],"articleSection":["\u00c9v\u00e9nements"],"inLanguage":"fr-FR","potentialAction":[{"@type":"CommentAction","name":"Comment","target":["https:\/\/batijournal.com\/index.php\/7e-journee-efficience-energetique-du-batiment\/79682\/#respond"]}]},{"@type":"WebPage","@id":"https:\/\/batijournal.com\/index.php\/7e-journee-efficience-energetique-du-batiment\/79682\/","url":"https:\/\/batijournal.com\/index.php\/7e-journee-efficience-energetique-du-batiment\/79682\/","name":"7e journ\u00e9e Efficience \u00e9nerg\u00e9tique du b\u00e2timent","isPartOf":{"@id":"https:\/\/batijournal.com\/#website"},"datePublished":"2010-09-02T22:00:00+00:00","author":{"@id":"https:\/\/batijournal.com\/#\/schema\/person\/6a657e8967569e1b299972574848aa76"},"breadcrumb":{"@id":"https:\/\/batijournal.com\/index.php\/7e-journee-efficience-energetique-du-batiment\/79682\/#breadcrumb"},"inLanguage":"fr-FR","potentialAction":[{"@type":"ReadAction","target":["https:\/\/batijournal.com\/index.php\/7e-journee-efficience-energetique-du-batiment\/79682\/"]}]},{"@type":"BreadcrumbList","@id":"https:\/\/batijournal.com\/index.php\/7e-journee-efficience-energetique-du-batiment\/79682\/#breadcrumb","itemListElement":[{"@type":"ListItem","position":1,"name":"Accueil","item":"https:\/\/batijournal.com\/"},{"@type":"ListItem","position":2,"name":"\u00c9v\u00e9nements","item":"https:\/\/batijournal.com\/index.php\/category\/evenements\/"},{"@type":"ListItem","position":3,"name":"7e journ\u00e9e Efficience \u00e9nerg\u00e9tique du b\u00e2timent"}]},{"@type":"WebSite","@id":"https:\/\/batijournal.com\/#website","url":"https:\/\/batijournal.com\/","name":"Batijournal","description":"L&#039;actualit\u00e9 du b\u00e2timent","potentialAction":[{"@type":"SearchAction","target":{"@type":"EntryPoint","urlTemplate":"https:\/\/batijournal.com\/?s={search_term_string}"},"query-input":{"@type":"PropertyValueSpecification","valueRequired":true,"valueName":"search_term_string"}}],"inLanguage":"fr-FR"},{"@type":"Person","@id":"https:\/\/batijournal.com\/#\/schema\/person\/6a657e8967569e1b299972574848aa76","name":"Bati-journal","image":{"@type":"ImageObject","inLanguage":"fr-FR","@id":"https:\/\/secure.gravatar.com\/avatar\/a64364ea26392f9b4dd47e017ddaec74ff03aefc073b49e492e847201258f777?s=96&d=mm&r=g","url":"https:\/\/secure.gravatar.com\/avatar\/a64364ea26392f9b4dd47e017ddaec74ff03aefc073b49e492e847201258f777?s=96&d=mm&r=g","contentUrl":"https:\/\/secure.gravatar.com\/avatar\/a64364ea26392f9b4dd47e017ddaec74ff03aefc073b49e492e847201258f777?s=96&d=mm&r=g","caption":"Bati-journal"},"url":"https:\/\/batijournal.com\/index.php\/author\/elodie\/"}]}},"_links":{"self":[{"href":"https:\/\/batijournal.com\/index.php\/wp-json\/wp\/v2\/posts\/79682","targetHints":{"allow":["GET"]}}],"collection":[{"href":"https:\/\/batijournal.com\/index.php\/wp-json\/wp\/v2\/posts"}],"about":[{"href":"https:\/\/batijournal.com\/index.php\/wp-json\/wp\/v2\/types\/post"}],"author":[{"embeddable":true,"href":"https:\/\/batijournal.com\/index.php\/wp-json\/wp\/v2\/users\/1"}],"replies":[{"embeddable":true,"href":"https:\/\/batijournal.com\/index.php\/wp-json\/wp\/v2\/comments?post=79682"}],"version-history":[{"count":0,"href":"https:\/\/batijournal.com\/index.php\/wp-json\/wp\/v2\/posts\/79682\/revisions"}],"wp:attachment":[{"href":"https:\/\/batijournal.com\/index.php\/wp-json\/wp\/v2\/media?parent=79682"}],"wp:term":[{"taxonomy":"category","embeddable":true,"href":"https:\/\/batijournal.com\/index.php\/wp-json\/wp\/v2\/categories?post=79682"},{"taxonomy":"post_tag","embeddable":true,"href":"https:\/\/batijournal.com\/index.php\/wp-json\/wp\/v2\/tags?post=79682"}],"curies":[{"name":"wp","href":"https:\/\/api.w.org\/{rel}","templated":true}]}}