{"id":79694,"date":"2010-09-15T00:00:00","date_gmt":"2010-09-14T22:00:00","guid":{"rendered":"http:\/\/b.bati-journal.com\/une-semaine-de-manifestations-centrees-sur-les-economies-d%c2%92energie\/79694"},"modified":"2010-09-15T00:00:00","modified_gmt":"2010-09-14T22:00:00","slug":"une-semaine-de-manifestations-centrees-sur-les-economies-d%c2%92energie","status":"publish","type":"post","link":"https:\/\/batijournal.com\/index.php\/une-semaine-de-manifestations-centrees-sur-les-economies-d%c2%92energie\/79694\/","title":{"rendered":"Une semaine de manifestations centr\u00e9es sur les \u00e9conomies d\u0092&rsquo;\u00e9nergie"},"content":{"rendered":"<p>A l\u0092&rsquo;occasion de la premi\u00e8re \u00e9dition de la F\u00eate de l&rsquo;Energie, plus de 400 conseillers Espaces InfoEnergie se mobilisent partout en France et invitent les particuliers \u00e0 participer \u00e0 de multiples animations gratuites et p\u00e9dagogiques (visites de site, cin\u00e9-d\u00e9bats, etc.) sur le th\u00e8me des \u00e9conomies d\u0092\u00e9nergie dans l&rsquo;\u0092habitat. Chaque Espace InfoEnergie organise de mani\u00e8re ind\u00e9pendante la ou les manifestation(s) de son choix. Pour conna\u00eetre le programme de votre r\u00e9gion, il suffira de vous rendre prochainement sur le site <a href=\"http:\/\/www.infoenergie.org\" target=\"_blank\">www.infoenergie.org<\/a> ou de contacter le n\u00b0 Azur 0 810 060 050 (prix d\u0092&rsquo;un appel local sur la France m\u00e9tropolitaine).<\/p>\n","protected":false},"excerpt":{"rendered":"<p>A l\u0092&rsquo;occasion de la premi\u00e8re \u00e9dition de la F\u00eate de l&rsquo;Energie, plus de 400 conseillers Espaces InfoEnergie se mobilisent partout en France et invitent les particuliers \u00e0 participer \u00e0 de multiples animations gratuites et p\u00e9dagogiques (visites de site, cin\u00e9-d\u00e9bats, etc.) sur le th\u00e8me des \u00e9conomies d\u0092\u00e9nergie dans l&rsquo;\u0092habitat. Chaque Espace InfoEnergie organise de mani\u00e8re ind\u00e9pendante [&hellip;]<\/p>\n","protected":false},"author":1,"featured_media":0,"comment_status":"open","ping_status":"closed","sticky":false,"template":"","format":"standard","meta":{"_et_pb_use_builder":"","_et_pb_old_content":"","_et_gb_content_width":"","footnotes":""},"categories":[9192],"tags":[1629],"class_list":["post-79694","post","type-post","status-publish","format-standard","hentry","category-evenements","tag-economies-denergie"],"yoast_head":"<!-- This site is optimized with the Yoast SEO plugin v27.4 - https:\/\/yoast.com\/product\/yoast-seo-wordpress\/ -->\n<title>Une semaine de manifestations centr\u00e9es sur les \u00e9conomies d\u0092&#039;\u00e9nergie<\/title>\n<meta name=\"robots\" content=\"index, follow, max-snippet:-1, max-image-preview:large, max-video-preview:-1\" \/>\n<link rel=\"canonical\" href=\"https:\/\/batijournal.com\/index.php\/une-semaine-de-manifestations-centrees-sur-les-economies-d\u0092energie\/79694\/\" \/>\n<meta property=\"og:locale\" content=\"fr_FR\" \/>\n<meta property=\"og:type\" content=\"article\" \/>\n<meta property=\"og:title\" content=\"Une semaine de manifestations centr\u00e9es sur les \u00e9conomies d\u0092&#039;\u00e9nergie\" \/>\n<meta property=\"og:description\" content=\"A l\u0092&rsquo;occasion de la premi\u00e8re \u00e9dition de la F\u00eate de l&rsquo;Energie, plus de 400 conseillers Espaces InfoEnergie se mobilisent partout en France et invitent les particuliers \u00e0 participer \u00e0 de multiples animations gratuites et p\u00e9dagogiques (visites de site, cin\u00e9-d\u00e9bats, etc.) sur le th\u00e8me des \u00e9conomies d\u0092\u00e9nergie dans l&rsquo;\u0092habitat. Chaque Espace InfoEnergie organise de mani\u00e8re ind\u00e9pendante [&hellip;]\" \/>\n<meta property=\"og:url\" content=\"https:\/\/batijournal.com\/index.php\/une-semaine-de-manifestations-centrees-sur-les-economies-d\u0092energie\/79694\/\" \/>\n<meta property=\"og:site_name\" content=\"Batijournal\" \/>\n<meta property=\"article:published_time\" content=\"2010-09-14T22:00:00+00:00\" \/>\n<meta name=\"author\" content=\"Bati-journal\" \/>\n<meta name=\"twitter:card\" content=\"summary_large_image\" \/>\n<meta name=\"twitter:creator\" content=\"@bati_journal\" \/>\n<meta name=\"twitter:site\" content=\"@bati_journal\" \/>\n<meta name=\"twitter:label1\" content=\"\u00c9crit par\" \/>\n\t<meta name=\"twitter:data1\" content=\"Bati-journal\" \/>\n\t<meta name=\"twitter:label2\" content=\"Dur\u00e9e de lecture estim\u00e9e\" \/>\n\t<meta name=\"twitter:data2\" content=\"1 minute\" \/>\n<script type=\"application\/ld+json\" class=\"yoast-schema-graph\">{\"@context\":\"https:\\\/\\\/schema.org\",\"@graph\":[{\"@type\":\"Article\",\"@id\":\"https:\\\/\\\/batijournal.com\\\/index.php\\\/une-semaine-de-manifestations-centrees-sur-les-economies-d%c2%92energie\\\/79694\\\/#article\",\"isPartOf\":{\"@id\":\"https:\\\/\\\/batijournal.com\\\/index.php\\\/une-semaine-de-manifestations-centrees-sur-les-economies-d%c2%92energie\\\/79694\\\/\"},\"author\":{\"name\":\"Bati-journal\",\"@id\":\"https:\\\/\\\/batijournal.com\\\/#\\\/schema\\\/person\\\/6a657e8967569e1b299972574848aa76\"},\"headline\":\"Une semaine de manifestations centr\u00e9es sur les \u00e9conomies d\u0092&rsquo;\u00e9nergie\",\"datePublished\":\"2010-09-14T22:00:00+00:00\",\"mainEntityOfPage\":{\"@id\":\"https:\\\/\\\/batijournal.com\\\/index.php\\\/une-semaine-de-manifestations-centrees-sur-les-economies-d%c2%92energie\\\/79694\\\/\"},\"wordCount\":120,\"commentCount\":0,\"keywords\":[\"\u00e9conomies d'\u00e9nergie\"],\"articleSection\":[\"\u00c9v\u00e9nements\"],\"inLanguage\":\"fr-FR\",\"potentialAction\":[{\"@type\":\"CommentAction\",\"name\":\"Comment\",\"target\":[\"https:\\\/\\\/batijournal.com\\\/index.php\\\/une-semaine-de-manifestations-centrees-sur-les-economies-d%c2%92energie\\\/79694\\\/#respond\"]}]},{\"@type\":\"WebPage\",\"@id\":\"https:\\\/\\\/batijournal.com\\\/index.php\\\/une-semaine-de-manifestations-centrees-sur-les-economies-d%c2%92energie\\\/79694\\\/\",\"url\":\"https:\\\/\\\/batijournal.com\\\/index.php\\\/une-semaine-de-manifestations-centrees-sur-les-economies-d%c2%92energie\\\/79694\\\/\",\"name\":\"Une semaine de manifestations centr\u00e9es sur les \u00e9conomies d\u0092'\u00e9nergie\",\"isPartOf\":{\"@id\":\"https:\\\/\\\/batijournal.com\\\/#website\"},\"datePublished\":\"2010-09-14T22:00:00+00:00\",\"author\":{\"@id\":\"https:\\\/\\\/batijournal.com\\\/#\\\/schema\\\/person\\\/6a657e8967569e1b299972574848aa76\"},\"breadcrumb\":{\"@id\":\"https:\\\/\\\/batijournal.com\\\/index.php\\\/une-semaine-de-manifestations-centrees-sur-les-economies-d%c2%92energie\\\/79694\\\/#breadcrumb\"},\"inLanguage\":\"fr-FR\",\"potentialAction\":[{\"@type\":\"ReadAction\",\"target\":[\"https:\\\/\\\/batijournal.com\\\/index.php\\\/une-semaine-de-manifestations-centrees-sur-les-economies-d%c2%92energie\\\/79694\\\/\"]}]},{\"@type\":\"BreadcrumbList\",\"@id\":\"https:\\\/\\\/batijournal.com\\\/index.php\\\/une-semaine-de-manifestations-centrees-sur-les-economies-d%c2%92energie\\\/79694\\\/#breadcrumb\",\"itemListElement\":[{\"@type\":\"ListItem\",\"position\":1,\"name\":\"Accueil\",\"item\":\"https:\\\/\\\/batijournal.com\\\/\"},{\"@type\":\"ListItem\",\"position\":2,\"name\":\"\u00c9v\u00e9nements\",\"item\":\"https:\\\/\\\/batijournal.com\\\/index.php\\\/category\\\/evenements\\\/\"},{\"@type\":\"ListItem\",\"position\":3,\"name\":\"Une semaine de manifestations centr\u00e9es sur les \u00e9conomies d\u0092&rsquo;\u00e9nergie\"}]},{\"@type\":\"WebSite\",\"@id\":\"https:\\\/\\\/batijournal.com\\\/#website\",\"url\":\"https:\\\/\\\/batijournal.com\\\/\",\"name\":\"Batijournal\",\"description\":\"L&#039;actualit\u00e9 du b\u00e2timent\",\"potentialAction\":[{\"@type\":\"SearchAction\",\"target\":{\"@type\":\"EntryPoint\",\"urlTemplate\":\"https:\\\/\\\/batijournal.com\\\/?s={search_term_string}\"},\"query-input\":{\"@type\":\"PropertyValueSpecification\",\"valueRequired\":true,\"valueName\":\"search_term_string\"}}],\"inLanguage\":\"fr-FR\"},{\"@type\":\"Person\",\"@id\":\"https:\\\/\\\/batijournal.com\\\/#\\\/schema\\\/person\\\/6a657e8967569e1b299972574848aa76\",\"name\":\"Bati-journal\",\"image\":{\"@type\":\"ImageObject\",\"inLanguage\":\"fr-FR\",\"@id\":\"https:\\\/\\\/secure.gravatar.com\\\/avatar\\\/a64364ea26392f9b4dd47e017ddaec74ff03aefc073b49e492e847201258f777?s=96&d=mm&r=g\",\"url\":\"https:\\\/\\\/secure.gravatar.com\\\/avatar\\\/a64364ea26392f9b4dd47e017ddaec74ff03aefc073b49e492e847201258f777?s=96&d=mm&r=g\",\"contentUrl\":\"https:\\\/\\\/secure.gravatar.com\\\/avatar\\\/a64364ea26392f9b4dd47e017ddaec74ff03aefc073b49e492e847201258f777?s=96&d=mm&r=g\",\"caption\":\"Bati-journal\"},\"url\":\"https:\\\/\\\/batijournal.com\\\/index.php\\\/author\\\/elodie\\\/\"}]}<\/script>\n<!-- \/ Yoast SEO plugin. -->","yoast_head_json":{"title":"Une semaine de manifestations centr\u00e9es sur les \u00e9conomies d\u0092'\u00e9nergie","robots":{"index":"index","follow":"follow","max-snippet":"max-snippet:-1","max-image-preview":"max-image-preview:large","max-video-preview":"max-video-preview:-1"},"canonical":"https:\/\/batijournal.com\/index.php\/une-semaine-de-manifestations-centrees-sur-les-economies-d\u0092energie\/79694\/","og_locale":"fr_FR","og_type":"article","og_title":"Une semaine de manifestations centr\u00e9es sur les \u00e9conomies d\u0092'\u00e9nergie","og_description":"A l\u0092&rsquo;occasion de la premi\u00e8re \u00e9dition de la F\u00eate de l&rsquo;Energie, plus de 400 conseillers Espaces InfoEnergie se mobilisent partout en France et invitent les particuliers \u00e0 participer \u00e0 de multiples animations gratuites et p\u00e9dagogiques (visites de site, cin\u00e9-d\u00e9bats, etc.) sur le th\u00e8me des \u00e9conomies d\u0092\u00e9nergie dans l&rsquo;\u0092habitat. Chaque Espace InfoEnergie organise de mani\u00e8re ind\u00e9pendante [&hellip;]","og_url":"https:\/\/batijournal.com\/index.php\/une-semaine-de-manifestations-centrees-sur-les-economies-d\u0092energie\/79694\/","og_site_name":"Batijournal","article_published_time":"2010-09-14T22:00:00+00:00","author":"Bati-journal","twitter_card":"summary_large_image","twitter_creator":"@bati_journal","twitter_site":"@bati_journal","twitter_misc":{"\u00c9crit par":"Bati-journal","Dur\u00e9e de lecture estim\u00e9e":"1 minute"},"schema":{"@context":"https:\/\/schema.org","@graph":[{"@type":"Article","@id":"https:\/\/batijournal.com\/index.php\/une-semaine-de-manifestations-centrees-sur-les-economies-d%c2%92energie\/79694\/#article","isPartOf":{"@id":"https:\/\/batijournal.com\/index.php\/une-semaine-de-manifestations-centrees-sur-les-economies-d%c2%92energie\/79694\/"},"author":{"name":"Bati-journal","@id":"https:\/\/batijournal.com\/#\/schema\/person\/6a657e8967569e1b299972574848aa76"},"headline":"Une semaine de manifestations centr\u00e9es sur les \u00e9conomies d\u0092&rsquo;\u00e9nergie","datePublished":"2010-09-14T22:00:00+00:00","mainEntityOfPage":{"@id":"https:\/\/batijournal.com\/index.php\/une-semaine-de-manifestations-centrees-sur-les-economies-d%c2%92energie\/79694\/"},"wordCount":120,"commentCount":0,"keywords":["\u00e9conomies d'\u00e9nergie"],"articleSection":["\u00c9v\u00e9nements"],"inLanguage":"fr-FR","potentialAction":[{"@type":"CommentAction","name":"Comment","target":["https:\/\/batijournal.com\/index.php\/une-semaine-de-manifestations-centrees-sur-les-economies-d%c2%92energie\/79694\/#respond"]}]},{"@type":"WebPage","@id":"https:\/\/batijournal.com\/index.php\/une-semaine-de-manifestations-centrees-sur-les-economies-d%c2%92energie\/79694\/","url":"https:\/\/batijournal.com\/index.php\/une-semaine-de-manifestations-centrees-sur-les-economies-d%c2%92energie\/79694\/","name":"Une semaine de manifestations centr\u00e9es sur les \u00e9conomies d\u0092'\u00e9nergie","isPartOf":{"@id":"https:\/\/batijournal.com\/#website"},"datePublished":"2010-09-14T22:00:00+00:00","author":{"@id":"https:\/\/batijournal.com\/#\/schema\/person\/6a657e8967569e1b299972574848aa76"},"breadcrumb":{"@id":"https:\/\/batijournal.com\/index.php\/une-semaine-de-manifestations-centrees-sur-les-economies-d%c2%92energie\/79694\/#breadcrumb"},"inLanguage":"fr-FR","potentialAction":[{"@type":"ReadAction","target":["https:\/\/batijournal.com\/index.php\/une-semaine-de-manifestations-centrees-sur-les-economies-d%c2%92energie\/79694\/"]}]},{"@type":"BreadcrumbList","@id":"https:\/\/batijournal.com\/index.php\/une-semaine-de-manifestations-centrees-sur-les-economies-d%c2%92energie\/79694\/#breadcrumb","itemListElement":[{"@type":"ListItem","position":1,"name":"Accueil","item":"https:\/\/batijournal.com\/"},{"@type":"ListItem","position":2,"name":"\u00c9v\u00e9nements","item":"https:\/\/batijournal.com\/index.php\/category\/evenements\/"},{"@type":"ListItem","position":3,"name":"Une semaine de manifestations centr\u00e9es sur les \u00e9conomies d\u0092&rsquo;\u00e9nergie"}]},{"@type":"WebSite","@id":"https:\/\/batijournal.com\/#website","url":"https:\/\/batijournal.com\/","name":"Batijournal","description":"L&#039;actualit\u00e9 du b\u00e2timent","potentialAction":[{"@type":"SearchAction","target":{"@type":"EntryPoint","urlTemplate":"https:\/\/batijournal.com\/?s={search_term_string}"},"query-input":{"@type":"PropertyValueSpecification","valueRequired":true,"valueName":"search_term_string"}}],"inLanguage":"fr-FR"},{"@type":"Person","@id":"https:\/\/batijournal.com\/#\/schema\/person\/6a657e8967569e1b299972574848aa76","name":"Bati-journal","image":{"@type":"ImageObject","inLanguage":"fr-FR","@id":"https:\/\/secure.gravatar.com\/avatar\/a64364ea26392f9b4dd47e017ddaec74ff03aefc073b49e492e847201258f777?s=96&d=mm&r=g","url":"https:\/\/secure.gravatar.com\/avatar\/a64364ea26392f9b4dd47e017ddaec74ff03aefc073b49e492e847201258f777?s=96&d=mm&r=g","contentUrl":"https:\/\/secure.gravatar.com\/avatar\/a64364ea26392f9b4dd47e017ddaec74ff03aefc073b49e492e847201258f777?s=96&d=mm&r=g","caption":"Bati-journal"},"url":"https:\/\/batijournal.com\/index.php\/author\/elodie\/"}]}},"_links":{"self":[{"href":"https:\/\/batijournal.com\/index.php\/wp-json\/wp\/v2\/posts\/79694","targetHints":{"allow":["GET"]}}],"collection":[{"href":"https:\/\/batijournal.com\/index.php\/wp-json\/wp\/v2\/posts"}],"about":[{"href":"https:\/\/batijournal.com\/index.php\/wp-json\/wp\/v2\/types\/post"}],"author":[{"embeddable":true,"href":"https:\/\/batijournal.com\/index.php\/wp-json\/wp\/v2\/users\/1"}],"replies":[{"embeddable":true,"href":"https:\/\/batijournal.com\/index.php\/wp-json\/wp\/v2\/comments?post=79694"}],"version-history":[{"count":0,"href":"https:\/\/batijournal.com\/index.php\/wp-json\/wp\/v2\/posts\/79694\/revisions"}],"wp:attachment":[{"href":"https:\/\/batijournal.com\/index.php\/wp-json\/wp\/v2\/media?parent=79694"}],"wp:term":[{"taxonomy":"category","embeddable":true,"href":"https:\/\/batijournal.com\/index.php\/wp-json\/wp\/v2\/categories?post=79694"},{"taxonomy":"post_tag","embeddable":true,"href":"https:\/\/batijournal.com\/index.php\/wp-json\/wp\/v2\/tags?post=79694"}],"curies":[{"name":"wp","href":"https:\/\/api.w.org\/{rel}","templated":true}]}}