{"id":79699,"date":"2010-09-23T00:00:00","date_gmt":"2010-09-22T22:00:00","guid":{"rendered":"http:\/\/b.bati-journal.com\/colloque-bicentenaire-deugene-belgrand-et-leau-a-paris-au-xixe-siecle\/79699"},"modified":"2010-09-23T00:00:00","modified_gmt":"2010-09-22T22:00:00","slug":"colloque-bicentenaire-deugene-belgrand-et-leau-a-paris-au-xixe-siecle","status":"publish","type":"post","link":"https:\/\/batijournal.com\/index.php\/colloque-bicentenaire-deugene-belgrand-et-leau-a-paris-au-xixe-siecle\/79699\/","title":{"rendered":"Colloque : Bicentenaire d&#039;Eug\u00e8ne Belgrand et l&#039;eau \u00e0 Paris au XIXe si\u00e8cle"},"content":{"rendered":"<p>2010 est l\u0092ann\u00e9e de la c\u00e9l\u00e9bration du bicentenaire de la naissance d\u0092Eug\u00e8ne Belgrand, ing\u00e9nieur de l\u0092\u00c9cole nationale des ponts et chauss\u00e9es et organisateur des syst\u00e8mes d\u0092alimentation en eau et de l\u0092assainissement en agglom\u00e9ration parisienne. \u00c0 cette occasion, l\u0092\u00c9cole des Ponts ParisTech s\u0092associe \u00e0 Eau de Paris et \u00e0 l\u0092\u00c9cole des Ing\u00e9nieurs de la Ville de Paris, pour organiser au Pavillon de l\u0092Eau \u00e0 Paris le jeudi 14 octobre 2010 un colloque scientifique international intitul\u00e9 \u00ab Bicentenaire d\u0092Eug\u00e8ne Belgrand : h\u00e9ritage du pass\u00e9, enjeux d\u0092avenir de la gestion de l\u0092eau \u00e0 Paris \u00bb gr\u00e2ce \u00e0 la participation d\u0092experts et de scientifiques venus du monde entier. Les objectifs de ce colloque sont non seulement de rappeler quels furent les apports scientifiques, techniques et organisationnels de ce grand ing\u00e9nieur du XIXe si\u00e8cle, mais aussi de pr\u00e9ciser en quoi le d\u00e9veloppement urbain de l\u0092\u00e9poque, conduit par le baron Haussmann, a d\u00e9termin\u00e9 les progr\u00e8s r\u00e9alis\u00e9s sur la gestion du cycle de l\u0092eau urbaine.Apr\u00e8s avoir d\u00e9crit en quoi le syst\u00e8me mis en place il y a un si\u00e8cle a perdur\u00e9 ou s\u0092est transform\u00e9 au fil des ans, on s\u0092int\u00e9ressera \u00e0 la possibilit\u00e9 de changer de syst\u00e8me aujourd\u0092hui, dans un contexte o\u00f9 la notion de d\u00e9veloppement urbain est particuli\u00e8rement discut\u00e9e concernant l\u0092avenir des m\u00e9gapoles. L\u0092exemple de Paris sera confront\u00e9 tout au long de ce colloque \u00e0 des exemples \u00e9trangers comme Rome, les villes des \u00c9tats-Unis, Barcelone ou Stockholm, que ce soit pour le pr\u00e9sent ou pour l\u0092avenir.&rsquo; Inscription gratuite sur le site de l\u0092\u00c9cole des Ponts Paris Tech.<\/p>\n","protected":false},"excerpt":{"rendered":"<p>2010 est l\u0092ann\u00e9e de la c\u00e9l\u00e9bration du bicentenaire de la naissance d\u0092Eug\u00e8ne Belgrand, ing\u00e9nieur de l\u0092\u00c9cole nationale des ponts et chauss\u00e9es et organisateur des syst\u00e8mes d\u0092alimentation en eau et de l\u0092assainissement en agglom\u00e9ration parisienne. \u00c0 cette occasion, l\u0092\u00c9cole des Ponts ParisTech s\u0092associe \u00e0 Eau de Paris et \u00e0 l\u0092\u00c9cole des Ing\u00e9nieurs de la Ville de [&hellip;]<\/p>\n","protected":false},"author":1,"featured_media":0,"comment_status":"open","ping_status":"closed","sticky":false,"template":"","format":"standard","meta":{"_et_pb_use_builder":"","_et_pb_old_content":"","_et_gb_content_width":"","footnotes":""},"categories":[9192],"tags":[],"class_list":["post-79699","post","type-post","status-publish","format-standard","hentry","category-evenements"],"yoast_head":"<!-- This site is optimized with the Yoast SEO plugin v27.4 - https:\/\/yoast.com\/product\/yoast-seo-wordpress\/ -->\n<title>Colloque : Bicentenaire d&#039;Eug\u00e8ne Belgrand et l&#039;eau \u00e0 Paris au XIXe si\u00e8cle<\/title>\n<meta name=\"robots\" content=\"index, follow, max-snippet:-1, max-image-preview:large, max-video-preview:-1\" \/>\n<link rel=\"canonical\" href=\"https:\/\/batijournal.com\/index.php\/colloque-bicentenaire-deugene-belgrand-et-leau-a-paris-au-xixe-siecle\/79699\/\" \/>\n<meta property=\"og:locale\" content=\"fr_FR\" \/>\n<meta property=\"og:type\" content=\"article\" \/>\n<meta property=\"og:title\" content=\"Colloque : Bicentenaire d&#039;Eug\u00e8ne Belgrand et l&#039;eau \u00e0 Paris au XIXe si\u00e8cle\" \/>\n<meta property=\"og:description\" content=\"2010 est l\u0092ann\u00e9e de la c\u00e9l\u00e9bration du bicentenaire de la naissance d\u0092Eug\u00e8ne Belgrand, ing\u00e9nieur de l\u0092\u00c9cole nationale des ponts et chauss\u00e9es et organisateur des syst\u00e8mes d\u0092alimentation en eau et de l\u0092assainissement en agglom\u00e9ration parisienne. \u00c0 cette occasion, l\u0092\u00c9cole des Ponts ParisTech s\u0092associe \u00e0 Eau de Paris et \u00e0 l\u0092\u00c9cole des Ing\u00e9nieurs de la Ville de [&hellip;]\" \/>\n<meta property=\"og:url\" content=\"https:\/\/batijournal.com\/index.php\/colloque-bicentenaire-deugene-belgrand-et-leau-a-paris-au-xixe-siecle\/79699\/\" \/>\n<meta property=\"og:site_name\" content=\"Batijournal\" \/>\n<meta property=\"article:published_time\" content=\"2010-09-22T22:00:00+00:00\" \/>\n<meta name=\"author\" content=\"Bati-journal\" \/>\n<meta name=\"twitter:card\" content=\"summary_large_image\" \/>\n<meta name=\"twitter:creator\" content=\"@bati_journal\" \/>\n<meta name=\"twitter:site\" content=\"@bati_journal\" \/>\n<meta name=\"twitter:label1\" content=\"\u00c9crit par\" \/>\n\t<meta name=\"twitter:data1\" content=\"Bati-journal\" \/>\n\t<meta name=\"twitter:label2\" content=\"Dur\u00e9e de lecture estim\u00e9e\" \/>\n\t<meta name=\"twitter:data2\" content=\"1 minute\" \/>\n<script type=\"application\/ld+json\" class=\"yoast-schema-graph\">{\"@context\":\"https:\\\/\\\/schema.org\",\"@graph\":[{\"@type\":\"Article\",\"@id\":\"https:\\\/\\\/batijournal.com\\\/index.php\\\/colloque-bicentenaire-deugene-belgrand-et-leau-a-paris-au-xixe-siecle\\\/79699\\\/#article\",\"isPartOf\":{\"@id\":\"https:\\\/\\\/batijournal.com\\\/index.php\\\/colloque-bicentenaire-deugene-belgrand-et-leau-a-paris-au-xixe-siecle\\\/79699\\\/\"},\"author\":{\"name\":\"Bati-journal\",\"@id\":\"https:\\\/\\\/batijournal.com\\\/#\\\/schema\\\/person\\\/6a657e8967569e1b299972574848aa76\"},\"headline\":\"Colloque : Bicentenaire d&#039;Eug\u00e8ne Belgrand et l&#039;eau \u00e0 Paris au XIXe si\u00e8cle\",\"datePublished\":\"2010-09-22T22:00:00+00:00\",\"mainEntityOfPage\":{\"@id\":\"https:\\\/\\\/batijournal.com\\\/index.php\\\/colloque-bicentenaire-deugene-belgrand-et-leau-a-paris-au-xixe-siecle\\\/79699\\\/\"},\"wordCount\":305,\"commentCount\":0,\"articleSection\":[\"\u00c9v\u00e9nements\"],\"inLanguage\":\"fr-FR\",\"potentialAction\":[{\"@type\":\"CommentAction\",\"name\":\"Comment\",\"target\":[\"https:\\\/\\\/batijournal.com\\\/index.php\\\/colloque-bicentenaire-deugene-belgrand-et-leau-a-paris-au-xixe-siecle\\\/79699\\\/#respond\"]}]},{\"@type\":\"WebPage\",\"@id\":\"https:\\\/\\\/batijournal.com\\\/index.php\\\/colloque-bicentenaire-deugene-belgrand-et-leau-a-paris-au-xixe-siecle\\\/79699\\\/\",\"url\":\"https:\\\/\\\/batijournal.com\\\/index.php\\\/colloque-bicentenaire-deugene-belgrand-et-leau-a-paris-au-xixe-siecle\\\/79699\\\/\",\"name\":\"Colloque : Bicentenaire d&#039;Eug\u00e8ne Belgrand et l&#039;eau \u00e0 Paris au XIXe si\u00e8cle\",\"isPartOf\":{\"@id\":\"https:\\\/\\\/batijournal.com\\\/#website\"},\"datePublished\":\"2010-09-22T22:00:00+00:00\",\"author\":{\"@id\":\"https:\\\/\\\/batijournal.com\\\/#\\\/schema\\\/person\\\/6a657e8967569e1b299972574848aa76\"},\"breadcrumb\":{\"@id\":\"https:\\\/\\\/batijournal.com\\\/index.php\\\/colloque-bicentenaire-deugene-belgrand-et-leau-a-paris-au-xixe-siecle\\\/79699\\\/#breadcrumb\"},\"inLanguage\":\"fr-FR\",\"potentialAction\":[{\"@type\":\"ReadAction\",\"target\":[\"https:\\\/\\\/batijournal.com\\\/index.php\\\/colloque-bicentenaire-deugene-belgrand-et-leau-a-paris-au-xixe-siecle\\\/79699\\\/\"]}]},{\"@type\":\"BreadcrumbList\",\"@id\":\"https:\\\/\\\/batijournal.com\\\/index.php\\\/colloque-bicentenaire-deugene-belgrand-et-leau-a-paris-au-xixe-siecle\\\/79699\\\/#breadcrumb\",\"itemListElement\":[{\"@type\":\"ListItem\",\"position\":1,\"name\":\"Accueil\",\"item\":\"https:\\\/\\\/batijournal.com\\\/\"},{\"@type\":\"ListItem\",\"position\":2,\"name\":\"\u00c9v\u00e9nements\",\"item\":\"https:\\\/\\\/batijournal.com\\\/index.php\\\/category\\\/evenements\\\/\"},{\"@type\":\"ListItem\",\"position\":3,\"name\":\"Colloque : Bicentenaire d&#039;Eug\u00e8ne Belgrand et l&#039;eau \u00e0 Paris au XIXe si\u00e8cle\"}]},{\"@type\":\"WebSite\",\"@id\":\"https:\\\/\\\/batijournal.com\\\/#website\",\"url\":\"https:\\\/\\\/batijournal.com\\\/\",\"name\":\"Batijournal\",\"description\":\"L&#039;actualit\u00e9 du b\u00e2timent\",\"potentialAction\":[{\"@type\":\"SearchAction\",\"target\":{\"@type\":\"EntryPoint\",\"urlTemplate\":\"https:\\\/\\\/batijournal.com\\\/?s={search_term_string}\"},\"query-input\":{\"@type\":\"PropertyValueSpecification\",\"valueRequired\":true,\"valueName\":\"search_term_string\"}}],\"inLanguage\":\"fr-FR\"},{\"@type\":\"Person\",\"@id\":\"https:\\\/\\\/batijournal.com\\\/#\\\/schema\\\/person\\\/6a657e8967569e1b299972574848aa76\",\"name\":\"Bati-journal\",\"image\":{\"@type\":\"ImageObject\",\"inLanguage\":\"fr-FR\",\"@id\":\"https:\\\/\\\/secure.gravatar.com\\\/avatar\\\/a64364ea26392f9b4dd47e017ddaec74ff03aefc073b49e492e847201258f777?s=96&d=mm&r=g\",\"url\":\"https:\\\/\\\/secure.gravatar.com\\\/avatar\\\/a64364ea26392f9b4dd47e017ddaec74ff03aefc073b49e492e847201258f777?s=96&d=mm&r=g\",\"contentUrl\":\"https:\\\/\\\/secure.gravatar.com\\\/avatar\\\/a64364ea26392f9b4dd47e017ddaec74ff03aefc073b49e492e847201258f777?s=96&d=mm&r=g\",\"caption\":\"Bati-journal\"},\"url\":\"https:\\\/\\\/batijournal.com\\\/index.php\\\/author\\\/elodie\\\/\"}]}<\/script>\n<!-- \/ Yoast SEO plugin. -->","yoast_head_json":{"title":"Colloque : Bicentenaire d&#039;Eug\u00e8ne Belgrand et l&#039;eau \u00e0 Paris au XIXe si\u00e8cle","robots":{"index":"index","follow":"follow","max-snippet":"max-snippet:-1","max-image-preview":"max-image-preview:large","max-video-preview":"max-video-preview:-1"},"canonical":"https:\/\/batijournal.com\/index.php\/colloque-bicentenaire-deugene-belgrand-et-leau-a-paris-au-xixe-siecle\/79699\/","og_locale":"fr_FR","og_type":"article","og_title":"Colloque : Bicentenaire d&#039;Eug\u00e8ne Belgrand et l&#039;eau \u00e0 Paris au XIXe si\u00e8cle","og_description":"2010 est l\u0092ann\u00e9e de la c\u00e9l\u00e9bration du bicentenaire de la naissance d\u0092Eug\u00e8ne Belgrand, ing\u00e9nieur de l\u0092\u00c9cole nationale des ponts et chauss\u00e9es et organisateur des syst\u00e8mes d\u0092alimentation en eau et de l\u0092assainissement en agglom\u00e9ration parisienne. \u00c0 cette occasion, l\u0092\u00c9cole des Ponts ParisTech s\u0092associe \u00e0 Eau de Paris et \u00e0 l\u0092\u00c9cole des Ing\u00e9nieurs de la Ville de [&hellip;]","og_url":"https:\/\/batijournal.com\/index.php\/colloque-bicentenaire-deugene-belgrand-et-leau-a-paris-au-xixe-siecle\/79699\/","og_site_name":"Batijournal","article_published_time":"2010-09-22T22:00:00+00:00","author":"Bati-journal","twitter_card":"summary_large_image","twitter_creator":"@bati_journal","twitter_site":"@bati_journal","twitter_misc":{"\u00c9crit par":"Bati-journal","Dur\u00e9e de lecture estim\u00e9e":"1 minute"},"schema":{"@context":"https:\/\/schema.org","@graph":[{"@type":"Article","@id":"https:\/\/batijournal.com\/index.php\/colloque-bicentenaire-deugene-belgrand-et-leau-a-paris-au-xixe-siecle\/79699\/#article","isPartOf":{"@id":"https:\/\/batijournal.com\/index.php\/colloque-bicentenaire-deugene-belgrand-et-leau-a-paris-au-xixe-siecle\/79699\/"},"author":{"name":"Bati-journal","@id":"https:\/\/batijournal.com\/#\/schema\/person\/6a657e8967569e1b299972574848aa76"},"headline":"Colloque : Bicentenaire d&#039;Eug\u00e8ne Belgrand et l&#039;eau \u00e0 Paris au XIXe si\u00e8cle","datePublished":"2010-09-22T22:00:00+00:00","mainEntityOfPage":{"@id":"https:\/\/batijournal.com\/index.php\/colloque-bicentenaire-deugene-belgrand-et-leau-a-paris-au-xixe-siecle\/79699\/"},"wordCount":305,"commentCount":0,"articleSection":["\u00c9v\u00e9nements"],"inLanguage":"fr-FR","potentialAction":[{"@type":"CommentAction","name":"Comment","target":["https:\/\/batijournal.com\/index.php\/colloque-bicentenaire-deugene-belgrand-et-leau-a-paris-au-xixe-siecle\/79699\/#respond"]}]},{"@type":"WebPage","@id":"https:\/\/batijournal.com\/index.php\/colloque-bicentenaire-deugene-belgrand-et-leau-a-paris-au-xixe-siecle\/79699\/","url":"https:\/\/batijournal.com\/index.php\/colloque-bicentenaire-deugene-belgrand-et-leau-a-paris-au-xixe-siecle\/79699\/","name":"Colloque : Bicentenaire d&#039;Eug\u00e8ne Belgrand et l&#039;eau \u00e0 Paris au XIXe si\u00e8cle","isPartOf":{"@id":"https:\/\/batijournal.com\/#website"},"datePublished":"2010-09-22T22:00:00+00:00","author":{"@id":"https:\/\/batijournal.com\/#\/schema\/person\/6a657e8967569e1b299972574848aa76"},"breadcrumb":{"@id":"https:\/\/batijournal.com\/index.php\/colloque-bicentenaire-deugene-belgrand-et-leau-a-paris-au-xixe-siecle\/79699\/#breadcrumb"},"inLanguage":"fr-FR","potentialAction":[{"@type":"ReadAction","target":["https:\/\/batijournal.com\/index.php\/colloque-bicentenaire-deugene-belgrand-et-leau-a-paris-au-xixe-siecle\/79699\/"]}]},{"@type":"BreadcrumbList","@id":"https:\/\/batijournal.com\/index.php\/colloque-bicentenaire-deugene-belgrand-et-leau-a-paris-au-xixe-siecle\/79699\/#breadcrumb","itemListElement":[{"@type":"ListItem","position":1,"name":"Accueil","item":"https:\/\/batijournal.com\/"},{"@type":"ListItem","position":2,"name":"\u00c9v\u00e9nements","item":"https:\/\/batijournal.com\/index.php\/category\/evenements\/"},{"@type":"ListItem","position":3,"name":"Colloque : Bicentenaire d&#039;Eug\u00e8ne Belgrand et l&#039;eau \u00e0 Paris au XIXe si\u00e8cle"}]},{"@type":"WebSite","@id":"https:\/\/batijournal.com\/#website","url":"https:\/\/batijournal.com\/","name":"Batijournal","description":"L&#039;actualit\u00e9 du b\u00e2timent","potentialAction":[{"@type":"SearchAction","target":{"@type":"EntryPoint","urlTemplate":"https:\/\/batijournal.com\/?s={search_term_string}"},"query-input":{"@type":"PropertyValueSpecification","valueRequired":true,"valueName":"search_term_string"}}],"inLanguage":"fr-FR"},{"@type":"Person","@id":"https:\/\/batijournal.com\/#\/schema\/person\/6a657e8967569e1b299972574848aa76","name":"Bati-journal","image":{"@type":"ImageObject","inLanguage":"fr-FR","@id":"https:\/\/secure.gravatar.com\/avatar\/a64364ea26392f9b4dd47e017ddaec74ff03aefc073b49e492e847201258f777?s=96&d=mm&r=g","url":"https:\/\/secure.gravatar.com\/avatar\/a64364ea26392f9b4dd47e017ddaec74ff03aefc073b49e492e847201258f777?s=96&d=mm&r=g","contentUrl":"https:\/\/secure.gravatar.com\/avatar\/a64364ea26392f9b4dd47e017ddaec74ff03aefc073b49e492e847201258f777?s=96&d=mm&r=g","caption":"Bati-journal"},"url":"https:\/\/batijournal.com\/index.php\/author\/elodie\/"}]}},"_links":{"self":[{"href":"https:\/\/batijournal.com\/index.php\/wp-json\/wp\/v2\/posts\/79699","targetHints":{"allow":["GET"]}}],"collection":[{"href":"https:\/\/batijournal.com\/index.php\/wp-json\/wp\/v2\/posts"}],"about":[{"href":"https:\/\/batijournal.com\/index.php\/wp-json\/wp\/v2\/types\/post"}],"author":[{"embeddable":true,"href":"https:\/\/batijournal.com\/index.php\/wp-json\/wp\/v2\/users\/1"}],"replies":[{"embeddable":true,"href":"https:\/\/batijournal.com\/index.php\/wp-json\/wp\/v2\/comments?post=79699"}],"version-history":[{"count":0,"href":"https:\/\/batijournal.com\/index.php\/wp-json\/wp\/v2\/posts\/79699\/revisions"}],"wp:attachment":[{"href":"https:\/\/batijournal.com\/index.php\/wp-json\/wp\/v2\/media?parent=79699"}],"wp:term":[{"taxonomy":"category","embeddable":true,"href":"https:\/\/batijournal.com\/index.php\/wp-json\/wp\/v2\/categories?post=79699"},{"taxonomy":"post_tag","embeddable":true,"href":"https:\/\/batijournal.com\/index.php\/wp-json\/wp\/v2\/tags?post=79699"}],"curies":[{"name":"wp","href":"https:\/\/api.w.org\/{rel}","templated":true}]}}