{"id":79701,"date":"2010-09-29T00:00:00","date_gmt":"2010-09-28T22:00:00","guid":{"rendered":"http:\/\/b.bati-journal.com\/les-assises-nationales-patrimoine-bati-et-developpement-local\/79701"},"modified":"2010-09-29T00:00:00","modified_gmt":"2010-09-28T22:00:00","slug":"les-assises-nationales-patrimoine-bati-et-developpement-local","status":"publish","type":"post","link":"https:\/\/batijournal.com\/index.php\/les-assises-nationales-patrimoine-bati-et-developpement-local\/79701\/","title":{"rendered":"Les Assises nationales \u00ab Patrimoine b\u00e2ti et d\u00e9veloppement local \u00bb"},"content":{"rendered":"<p>Les 13 et 14 octobre 2010, \u00e0 Amiens, se tiendra une manifestation passionnante qui concerne tous les d\u00e9cideurs du secteur patrimonial, soutenue par Atrium Construction. Comment faire progresser les politiques publiques que les collectivit\u00e9s conduisent ? Quelle est la place de l\u0092Etat dans cette d\u00e9marche ? Comment y impliquer le citoyen ? L&rsquo;int\u00e9r\u00eat pour la patrimoine est le fruit d\u0092une prise de conscience puis d\u0092un engagement collectif, initi\u00e9 par l\u0092Etat voici plus de quarante ans, puis progressivement relay\u00e9 par les collectivit\u00e9s territoriales pour pr\u00e9server, r\u00e9nover, entretenir et valoriser tous ces biens individuels ou collectifs, forts de leur importance historique, \u00e9conomique et sociale. Le patrimoine, qu\u0092il soit b\u00e2ti ou naturel est devenu aujourd\u0092hui pour les collectivit\u00e9s locales, un enjeu majeur de d\u00e9veloppement local, \u00e0 finalit\u00e9 touristique et culturelle. Les 7e Assises nationales \u00ab\u00a0Patrimoine b\u00e2ti et d\u00e9veloppement local \u00bb qu\u0092Ideal organise avec Amiens M\u00e9tropole et la Fondation du Patrimoine au Clo\u00eetre Dewailly d\u0092Amiens seront un lieu privil\u00e9gi\u00e9 de rencontres et d&rsquo;\u00e9changes professionnels.<\/p>\n","protected":false},"excerpt":{"rendered":"<p>Les 13 et 14 octobre 2010, \u00e0 Amiens, se tiendra une manifestation passionnante qui concerne tous les d\u00e9cideurs du secteur patrimonial, soutenue par Atrium Construction. Comment faire progresser les politiques publiques que les collectivit\u00e9s conduisent ? Quelle est la place de l\u0092Etat dans cette d\u00e9marche ? Comment y impliquer le citoyen ? L&rsquo;int\u00e9r\u00eat pour la [&hellip;]<\/p>\n","protected":false},"author":1,"featured_media":0,"comment_status":"open","ping_status":"closed","sticky":false,"template":"","format":"standard","meta":{"_et_pb_use_builder":"","_et_pb_old_content":"","_et_gb_content_width":"","footnotes":""},"categories":[9192],"tags":[],"class_list":["post-79701","post","type-post","status-publish","format-standard","hentry","category-evenements"],"yoast_head":"<!-- This site is optimized with the Yoast SEO plugin v27.4 - https:\/\/yoast.com\/product\/yoast-seo-wordpress\/ -->\n<title>Les Assises nationales \u00ab Patrimoine b\u00e2ti et d\u00e9veloppement local \u00bb<\/title>\n<meta name=\"robots\" content=\"index, follow, max-snippet:-1, max-image-preview:large, max-video-preview:-1\" \/>\n<link rel=\"canonical\" href=\"https:\/\/batijournal.com\/index.php\/les-assises-nationales-patrimoine-bati-et-developpement-local\/79701\/\" \/>\n<meta property=\"og:locale\" content=\"fr_FR\" \/>\n<meta property=\"og:type\" content=\"article\" \/>\n<meta property=\"og:title\" content=\"Les Assises nationales \u00ab Patrimoine b\u00e2ti et d\u00e9veloppement local \u00bb\" \/>\n<meta property=\"og:description\" content=\"Les 13 et 14 octobre 2010, \u00e0 Amiens, se tiendra une manifestation passionnante qui concerne tous les d\u00e9cideurs du secteur patrimonial, soutenue par Atrium Construction. Comment faire progresser les politiques publiques que les collectivit\u00e9s conduisent ? Quelle est la place de l\u0092Etat dans cette d\u00e9marche ? Comment y impliquer le citoyen ? L&rsquo;int\u00e9r\u00eat pour la [&hellip;]\" \/>\n<meta property=\"og:url\" content=\"https:\/\/batijournal.com\/index.php\/les-assises-nationales-patrimoine-bati-et-developpement-local\/79701\/\" \/>\n<meta property=\"og:site_name\" content=\"Batijournal\" \/>\n<meta property=\"article:published_time\" content=\"2010-09-28T22:00:00+00:00\" \/>\n<meta name=\"author\" content=\"Bati-journal\" \/>\n<meta name=\"twitter:card\" content=\"summary_large_image\" \/>\n<meta name=\"twitter:creator\" content=\"@bati_journal\" \/>\n<meta name=\"twitter:site\" content=\"@bati_journal\" \/>\n<meta name=\"twitter:label1\" content=\"\u00c9crit par\" \/>\n\t<meta name=\"twitter:data1\" content=\"Bati-journal\" \/>\n\t<meta name=\"twitter:label2\" content=\"Dur\u00e9e de lecture estim\u00e9e\" \/>\n\t<meta name=\"twitter:data2\" content=\"1 minute\" \/>\n<script type=\"application\/ld+json\" class=\"yoast-schema-graph\">{\"@context\":\"https:\\\/\\\/schema.org\",\"@graph\":[{\"@type\":\"Article\",\"@id\":\"https:\\\/\\\/batijournal.com\\\/index.php\\\/les-assises-nationales-patrimoine-bati-et-developpement-local\\\/79701\\\/#article\",\"isPartOf\":{\"@id\":\"https:\\\/\\\/batijournal.com\\\/index.php\\\/les-assises-nationales-patrimoine-bati-et-developpement-local\\\/79701\\\/\"},\"author\":{\"name\":\"Bati-journal\",\"@id\":\"https:\\\/\\\/batijournal.com\\\/#\\\/schema\\\/person\\\/6a657e8967569e1b299972574848aa76\"},\"headline\":\"Les Assises nationales \u00ab Patrimoine b\u00e2ti et d\u00e9veloppement local \u00bb\",\"datePublished\":\"2010-09-28T22:00:00+00:00\",\"mainEntityOfPage\":{\"@id\":\"https:\\\/\\\/batijournal.com\\\/index.php\\\/les-assises-nationales-patrimoine-bati-et-developpement-local\\\/79701\\\/\"},\"wordCount\":187,\"commentCount\":0,\"articleSection\":[\"\u00c9v\u00e9nements\"],\"inLanguage\":\"fr-FR\",\"potentialAction\":[{\"@type\":\"CommentAction\",\"name\":\"Comment\",\"target\":[\"https:\\\/\\\/batijournal.com\\\/index.php\\\/les-assises-nationales-patrimoine-bati-et-developpement-local\\\/79701\\\/#respond\"]}]},{\"@type\":\"WebPage\",\"@id\":\"https:\\\/\\\/batijournal.com\\\/index.php\\\/les-assises-nationales-patrimoine-bati-et-developpement-local\\\/79701\\\/\",\"url\":\"https:\\\/\\\/batijournal.com\\\/index.php\\\/les-assises-nationales-patrimoine-bati-et-developpement-local\\\/79701\\\/\",\"name\":\"Les Assises nationales \u00ab Patrimoine b\u00e2ti et d\u00e9veloppement local \u00bb\",\"isPartOf\":{\"@id\":\"https:\\\/\\\/batijournal.com\\\/#website\"},\"datePublished\":\"2010-09-28T22:00:00+00:00\",\"author\":{\"@id\":\"https:\\\/\\\/batijournal.com\\\/#\\\/schema\\\/person\\\/6a657e8967569e1b299972574848aa76\"},\"breadcrumb\":{\"@id\":\"https:\\\/\\\/batijournal.com\\\/index.php\\\/les-assises-nationales-patrimoine-bati-et-developpement-local\\\/79701\\\/#breadcrumb\"},\"inLanguage\":\"fr-FR\",\"potentialAction\":[{\"@type\":\"ReadAction\",\"target\":[\"https:\\\/\\\/batijournal.com\\\/index.php\\\/les-assises-nationales-patrimoine-bati-et-developpement-local\\\/79701\\\/\"]}]},{\"@type\":\"BreadcrumbList\",\"@id\":\"https:\\\/\\\/batijournal.com\\\/index.php\\\/les-assises-nationales-patrimoine-bati-et-developpement-local\\\/79701\\\/#breadcrumb\",\"itemListElement\":[{\"@type\":\"ListItem\",\"position\":1,\"name\":\"Accueil\",\"item\":\"https:\\\/\\\/batijournal.com\\\/\"},{\"@type\":\"ListItem\",\"position\":2,\"name\":\"\u00c9v\u00e9nements\",\"item\":\"https:\\\/\\\/batijournal.com\\\/index.php\\\/category\\\/evenements\\\/\"},{\"@type\":\"ListItem\",\"position\":3,\"name\":\"Les Assises nationales \u00ab Patrimoine b\u00e2ti et d\u00e9veloppement local \u00bb\"}]},{\"@type\":\"WebSite\",\"@id\":\"https:\\\/\\\/batijournal.com\\\/#website\",\"url\":\"https:\\\/\\\/batijournal.com\\\/\",\"name\":\"Batijournal\",\"description\":\"L&#039;actualit\u00e9 du b\u00e2timent\",\"potentialAction\":[{\"@type\":\"SearchAction\",\"target\":{\"@type\":\"EntryPoint\",\"urlTemplate\":\"https:\\\/\\\/batijournal.com\\\/?s={search_term_string}\"},\"query-input\":{\"@type\":\"PropertyValueSpecification\",\"valueRequired\":true,\"valueName\":\"search_term_string\"}}],\"inLanguage\":\"fr-FR\"},{\"@type\":\"Person\",\"@id\":\"https:\\\/\\\/batijournal.com\\\/#\\\/schema\\\/person\\\/6a657e8967569e1b299972574848aa76\",\"name\":\"Bati-journal\",\"image\":{\"@type\":\"ImageObject\",\"inLanguage\":\"fr-FR\",\"@id\":\"https:\\\/\\\/secure.gravatar.com\\\/avatar\\\/a64364ea26392f9b4dd47e017ddaec74ff03aefc073b49e492e847201258f777?s=96&d=mm&r=g\",\"url\":\"https:\\\/\\\/secure.gravatar.com\\\/avatar\\\/a64364ea26392f9b4dd47e017ddaec74ff03aefc073b49e492e847201258f777?s=96&d=mm&r=g\",\"contentUrl\":\"https:\\\/\\\/secure.gravatar.com\\\/avatar\\\/a64364ea26392f9b4dd47e017ddaec74ff03aefc073b49e492e847201258f777?s=96&d=mm&r=g\",\"caption\":\"Bati-journal\"},\"url\":\"https:\\\/\\\/batijournal.com\\\/index.php\\\/author\\\/elodie\\\/\"}]}<\/script>\n<!-- \/ Yoast SEO plugin. -->","yoast_head_json":{"title":"Les Assises nationales \u00ab Patrimoine b\u00e2ti et d\u00e9veloppement local \u00bb","robots":{"index":"index","follow":"follow","max-snippet":"max-snippet:-1","max-image-preview":"max-image-preview:large","max-video-preview":"max-video-preview:-1"},"canonical":"https:\/\/batijournal.com\/index.php\/les-assises-nationales-patrimoine-bati-et-developpement-local\/79701\/","og_locale":"fr_FR","og_type":"article","og_title":"Les Assises nationales \u00ab Patrimoine b\u00e2ti et d\u00e9veloppement local \u00bb","og_description":"Les 13 et 14 octobre 2010, \u00e0 Amiens, se tiendra une manifestation passionnante qui concerne tous les d\u00e9cideurs du secteur patrimonial, soutenue par Atrium Construction. Comment faire progresser les politiques publiques que les collectivit\u00e9s conduisent ? Quelle est la place de l\u0092Etat dans cette d\u00e9marche ? Comment y impliquer le citoyen ? L&rsquo;int\u00e9r\u00eat pour la [&hellip;]","og_url":"https:\/\/batijournal.com\/index.php\/les-assises-nationales-patrimoine-bati-et-developpement-local\/79701\/","og_site_name":"Batijournal","article_published_time":"2010-09-28T22:00:00+00:00","author":"Bati-journal","twitter_card":"summary_large_image","twitter_creator":"@bati_journal","twitter_site":"@bati_journal","twitter_misc":{"\u00c9crit par":"Bati-journal","Dur\u00e9e de lecture estim\u00e9e":"1 minute"},"schema":{"@context":"https:\/\/schema.org","@graph":[{"@type":"Article","@id":"https:\/\/batijournal.com\/index.php\/les-assises-nationales-patrimoine-bati-et-developpement-local\/79701\/#article","isPartOf":{"@id":"https:\/\/batijournal.com\/index.php\/les-assises-nationales-patrimoine-bati-et-developpement-local\/79701\/"},"author":{"name":"Bati-journal","@id":"https:\/\/batijournal.com\/#\/schema\/person\/6a657e8967569e1b299972574848aa76"},"headline":"Les Assises nationales \u00ab Patrimoine b\u00e2ti et d\u00e9veloppement local \u00bb","datePublished":"2010-09-28T22:00:00+00:00","mainEntityOfPage":{"@id":"https:\/\/batijournal.com\/index.php\/les-assises-nationales-patrimoine-bati-et-developpement-local\/79701\/"},"wordCount":187,"commentCount":0,"articleSection":["\u00c9v\u00e9nements"],"inLanguage":"fr-FR","potentialAction":[{"@type":"CommentAction","name":"Comment","target":["https:\/\/batijournal.com\/index.php\/les-assises-nationales-patrimoine-bati-et-developpement-local\/79701\/#respond"]}]},{"@type":"WebPage","@id":"https:\/\/batijournal.com\/index.php\/les-assises-nationales-patrimoine-bati-et-developpement-local\/79701\/","url":"https:\/\/batijournal.com\/index.php\/les-assises-nationales-patrimoine-bati-et-developpement-local\/79701\/","name":"Les Assises nationales \u00ab Patrimoine b\u00e2ti et d\u00e9veloppement local \u00bb","isPartOf":{"@id":"https:\/\/batijournal.com\/#website"},"datePublished":"2010-09-28T22:00:00+00:00","author":{"@id":"https:\/\/batijournal.com\/#\/schema\/person\/6a657e8967569e1b299972574848aa76"},"breadcrumb":{"@id":"https:\/\/batijournal.com\/index.php\/les-assises-nationales-patrimoine-bati-et-developpement-local\/79701\/#breadcrumb"},"inLanguage":"fr-FR","potentialAction":[{"@type":"ReadAction","target":["https:\/\/batijournal.com\/index.php\/les-assises-nationales-patrimoine-bati-et-developpement-local\/79701\/"]}]},{"@type":"BreadcrumbList","@id":"https:\/\/batijournal.com\/index.php\/les-assises-nationales-patrimoine-bati-et-developpement-local\/79701\/#breadcrumb","itemListElement":[{"@type":"ListItem","position":1,"name":"Accueil","item":"https:\/\/batijournal.com\/"},{"@type":"ListItem","position":2,"name":"\u00c9v\u00e9nements","item":"https:\/\/batijournal.com\/index.php\/category\/evenements\/"},{"@type":"ListItem","position":3,"name":"Les Assises nationales \u00ab Patrimoine b\u00e2ti et d\u00e9veloppement local \u00bb"}]},{"@type":"WebSite","@id":"https:\/\/batijournal.com\/#website","url":"https:\/\/batijournal.com\/","name":"Batijournal","description":"L&#039;actualit\u00e9 du b\u00e2timent","potentialAction":[{"@type":"SearchAction","target":{"@type":"EntryPoint","urlTemplate":"https:\/\/batijournal.com\/?s={search_term_string}"},"query-input":{"@type":"PropertyValueSpecification","valueRequired":true,"valueName":"search_term_string"}}],"inLanguage":"fr-FR"},{"@type":"Person","@id":"https:\/\/batijournal.com\/#\/schema\/person\/6a657e8967569e1b299972574848aa76","name":"Bati-journal","image":{"@type":"ImageObject","inLanguage":"fr-FR","@id":"https:\/\/secure.gravatar.com\/avatar\/a64364ea26392f9b4dd47e017ddaec74ff03aefc073b49e492e847201258f777?s=96&d=mm&r=g","url":"https:\/\/secure.gravatar.com\/avatar\/a64364ea26392f9b4dd47e017ddaec74ff03aefc073b49e492e847201258f777?s=96&d=mm&r=g","contentUrl":"https:\/\/secure.gravatar.com\/avatar\/a64364ea26392f9b4dd47e017ddaec74ff03aefc073b49e492e847201258f777?s=96&d=mm&r=g","caption":"Bati-journal"},"url":"https:\/\/batijournal.com\/index.php\/author\/elodie\/"}]}},"_links":{"self":[{"href":"https:\/\/batijournal.com\/index.php\/wp-json\/wp\/v2\/posts\/79701","targetHints":{"allow":["GET"]}}],"collection":[{"href":"https:\/\/batijournal.com\/index.php\/wp-json\/wp\/v2\/posts"}],"about":[{"href":"https:\/\/batijournal.com\/index.php\/wp-json\/wp\/v2\/types\/post"}],"author":[{"embeddable":true,"href":"https:\/\/batijournal.com\/index.php\/wp-json\/wp\/v2\/users\/1"}],"replies":[{"embeddable":true,"href":"https:\/\/batijournal.com\/index.php\/wp-json\/wp\/v2\/comments?post=79701"}],"version-history":[{"count":0,"href":"https:\/\/batijournal.com\/index.php\/wp-json\/wp\/v2\/posts\/79701\/revisions"}],"wp:attachment":[{"href":"https:\/\/batijournal.com\/index.php\/wp-json\/wp\/v2\/media?parent=79701"}],"wp:term":[{"taxonomy":"category","embeddable":true,"href":"https:\/\/batijournal.com\/index.php\/wp-json\/wp\/v2\/categories?post=79701"},{"taxonomy":"post_tag","embeddable":true,"href":"https:\/\/batijournal.com\/index.php\/wp-json\/wp\/v2\/tags?post=79701"}],"curies":[{"name":"wp","href":"https:\/\/api.w.org\/{rel}","templated":true}]}}