{"id":79702,"date":"2010-10-06T00:00:00","date_gmt":"2010-10-05T22:00:00","guid":{"rendered":"http:\/\/b.bati-journal.com\/plus-que-quelques-jours-pour-vous-inscrire-aux-assises-du-patrimoine\/79702"},"modified":"2010-10-06T00:00:00","modified_gmt":"2010-10-05T22:00:00","slug":"plus-que-quelques-jours-pour-vous-inscrire-aux-assises-du-patrimoine","status":"publish","type":"post","link":"https:\/\/batijournal.com\/index.php\/plus-que-quelques-jours-pour-vous-inscrire-aux-assises-du-patrimoine\/79702\/","title":{"rendered":"Plus que quelques jours pour vous inscrire aux Assises du patrimoine !"},"content":{"rendered":"<p>L&rsquo;int\u00e9r\u00eat pour la patrimoine est le fruit d\u0092une prise de conscience puis d\u0092un engagement collectif, initi\u00e9 par l\u0092Etat voici plus de quarante ans, puis progressivement relay\u00e9 par les collectivit\u00e9s territoriales pour pr\u00e9server, r\u00e9nover, entretenir et valoriser tous ces biens individuels ou collectifs, forts de leur importance historique, \u00e9conomique et sociale. Le patrimoine, qu\u0092il soit b\u00e2ti ou naturel est devenu aujourd\u0092hui pour les collectivit\u00e9s locales, un enjeu majeur de d\u00e9veloppement local, \u00e0 finalit\u00e9 touristique et culturelle. Les 7e Assises nationales \u00ab\u00a0Patrimoine b\u00e2ti et d\u00e9veloppement local \u00bb qu\u0092Ideal organise avec Amiens M\u00e9tropole et la Fondation du Patrimoine  les 13 et 14 octobre 2010 au Clo\u00eetre Dewailly d\u0092Amiens seront un lieu privil\u00e9gi\u00e9 de rencontres et d&rsquo;\u00e9changes professionnels. Atrium Construction s&rsquo;associe pleinement \u00e0 cette manifestation importante. Serge Van den Broucke, r\u00e9dacteur en chef, sera le pr\u00e9sentateur des s\u00e9ances pl\u00e9ni\u00e8res.<\/p>\n","protected":false},"excerpt":{"rendered":"<p>L&rsquo;int\u00e9r\u00eat pour la patrimoine est le fruit d\u0092une prise de conscience puis d\u0092un engagement collectif, initi\u00e9 par l\u0092Etat voici plus de quarante ans, puis progressivement relay\u00e9 par les collectivit\u00e9s territoriales pour pr\u00e9server, r\u00e9nover, entretenir et valoriser tous ces biens individuels ou collectifs, forts de leur importance historique, \u00e9conomique et sociale. Le patrimoine, qu\u0092il soit b\u00e2ti [&hellip;]<\/p>\n","protected":false},"author":1,"featured_media":0,"comment_status":"open","ping_status":"closed","sticky":false,"template":"","format":"standard","meta":{"_et_pb_use_builder":"","_et_pb_old_content":"","_et_gb_content_width":"","footnotes":""},"categories":[9192],"tags":[],"class_list":["post-79702","post","type-post","status-publish","format-standard","hentry","category-evenements"],"yoast_head":"<!-- This site is optimized with the Yoast SEO plugin v27.4 - https:\/\/yoast.com\/product\/yoast-seo-wordpress\/ -->\n<title>Plus que quelques jours pour vous inscrire aux Assises du patrimoine !<\/title>\n<meta name=\"robots\" content=\"index, follow, max-snippet:-1, max-image-preview:large, max-video-preview:-1\" \/>\n<link rel=\"canonical\" href=\"https:\/\/batijournal.com\/index.php\/plus-que-quelques-jours-pour-vous-inscrire-aux-assises-du-patrimoine\/79702\/\" \/>\n<meta property=\"og:locale\" content=\"fr_FR\" \/>\n<meta property=\"og:type\" content=\"article\" \/>\n<meta property=\"og:title\" content=\"Plus que quelques jours pour vous inscrire aux Assises du patrimoine !\" \/>\n<meta property=\"og:description\" content=\"L&rsquo;int\u00e9r\u00eat pour la patrimoine est le fruit d\u0092une prise de conscience puis d\u0092un engagement collectif, initi\u00e9 par l\u0092Etat voici plus de quarante ans, puis progressivement relay\u00e9 par les collectivit\u00e9s territoriales pour pr\u00e9server, r\u00e9nover, entretenir et valoriser tous ces biens individuels ou collectifs, forts de leur importance historique, \u00e9conomique et sociale. Le patrimoine, qu\u0092il soit b\u00e2ti [&hellip;]\" \/>\n<meta property=\"og:url\" content=\"https:\/\/batijournal.com\/index.php\/plus-que-quelques-jours-pour-vous-inscrire-aux-assises-du-patrimoine\/79702\/\" \/>\n<meta property=\"og:site_name\" content=\"Batijournal\" \/>\n<meta property=\"article:published_time\" content=\"2010-10-05T22:00:00+00:00\" \/>\n<meta name=\"author\" content=\"Bati-journal\" \/>\n<meta name=\"twitter:card\" content=\"summary_large_image\" \/>\n<meta name=\"twitter:creator\" content=\"@bati_journal\" \/>\n<meta name=\"twitter:site\" content=\"@bati_journal\" \/>\n<meta name=\"twitter:label1\" content=\"\u00c9crit par\" \/>\n\t<meta name=\"twitter:data1\" content=\"Bati-journal\" \/>\n\t<meta name=\"twitter:label2\" content=\"Dur\u00e9e de lecture estim\u00e9e\" \/>\n\t<meta name=\"twitter:data2\" content=\"1 minute\" \/>\n<script type=\"application\/ld+json\" class=\"yoast-schema-graph\">{\"@context\":\"https:\\\/\\\/schema.org\",\"@graph\":[{\"@type\":\"Article\",\"@id\":\"https:\\\/\\\/batijournal.com\\\/index.php\\\/plus-que-quelques-jours-pour-vous-inscrire-aux-assises-du-patrimoine\\\/79702\\\/#article\",\"isPartOf\":{\"@id\":\"https:\\\/\\\/batijournal.com\\\/index.php\\\/plus-que-quelques-jours-pour-vous-inscrire-aux-assises-du-patrimoine\\\/79702\\\/\"},\"author\":{\"name\":\"Bati-journal\",\"@id\":\"https:\\\/\\\/batijournal.com\\\/#\\\/schema\\\/person\\\/6a657e8967569e1b299972574848aa76\"},\"headline\":\"Plus que quelques jours pour vous inscrire aux Assises du patrimoine !\",\"datePublished\":\"2010-10-05T22:00:00+00:00\",\"mainEntityOfPage\":{\"@id\":\"https:\\\/\\\/batijournal.com\\\/index.php\\\/plus-que-quelques-jours-pour-vous-inscrire-aux-assises-du-patrimoine\\\/79702\\\/\"},\"wordCount\":168,\"commentCount\":0,\"articleSection\":[\"\u00c9v\u00e9nements\"],\"inLanguage\":\"fr-FR\",\"potentialAction\":[{\"@type\":\"CommentAction\",\"name\":\"Comment\",\"target\":[\"https:\\\/\\\/batijournal.com\\\/index.php\\\/plus-que-quelques-jours-pour-vous-inscrire-aux-assises-du-patrimoine\\\/79702\\\/#respond\"]}]},{\"@type\":\"WebPage\",\"@id\":\"https:\\\/\\\/batijournal.com\\\/index.php\\\/plus-que-quelques-jours-pour-vous-inscrire-aux-assises-du-patrimoine\\\/79702\\\/\",\"url\":\"https:\\\/\\\/batijournal.com\\\/index.php\\\/plus-que-quelques-jours-pour-vous-inscrire-aux-assises-du-patrimoine\\\/79702\\\/\",\"name\":\"Plus que quelques jours pour vous inscrire aux Assises du patrimoine !\",\"isPartOf\":{\"@id\":\"https:\\\/\\\/batijournal.com\\\/#website\"},\"datePublished\":\"2010-10-05T22:00:00+00:00\",\"author\":{\"@id\":\"https:\\\/\\\/batijournal.com\\\/#\\\/schema\\\/person\\\/6a657e8967569e1b299972574848aa76\"},\"breadcrumb\":{\"@id\":\"https:\\\/\\\/batijournal.com\\\/index.php\\\/plus-que-quelques-jours-pour-vous-inscrire-aux-assises-du-patrimoine\\\/79702\\\/#breadcrumb\"},\"inLanguage\":\"fr-FR\",\"potentialAction\":[{\"@type\":\"ReadAction\",\"target\":[\"https:\\\/\\\/batijournal.com\\\/index.php\\\/plus-que-quelques-jours-pour-vous-inscrire-aux-assises-du-patrimoine\\\/79702\\\/\"]}]},{\"@type\":\"BreadcrumbList\",\"@id\":\"https:\\\/\\\/batijournal.com\\\/index.php\\\/plus-que-quelques-jours-pour-vous-inscrire-aux-assises-du-patrimoine\\\/79702\\\/#breadcrumb\",\"itemListElement\":[{\"@type\":\"ListItem\",\"position\":1,\"name\":\"Accueil\",\"item\":\"https:\\\/\\\/batijournal.com\\\/\"},{\"@type\":\"ListItem\",\"position\":2,\"name\":\"\u00c9v\u00e9nements\",\"item\":\"https:\\\/\\\/batijournal.com\\\/index.php\\\/category\\\/evenements\\\/\"},{\"@type\":\"ListItem\",\"position\":3,\"name\":\"Plus que quelques jours pour vous inscrire aux Assises du patrimoine !\"}]},{\"@type\":\"WebSite\",\"@id\":\"https:\\\/\\\/batijournal.com\\\/#website\",\"url\":\"https:\\\/\\\/batijournal.com\\\/\",\"name\":\"Batijournal\",\"description\":\"L&#039;actualit\u00e9 du b\u00e2timent\",\"potentialAction\":[{\"@type\":\"SearchAction\",\"target\":{\"@type\":\"EntryPoint\",\"urlTemplate\":\"https:\\\/\\\/batijournal.com\\\/?s={search_term_string}\"},\"query-input\":{\"@type\":\"PropertyValueSpecification\",\"valueRequired\":true,\"valueName\":\"search_term_string\"}}],\"inLanguage\":\"fr-FR\"},{\"@type\":\"Person\",\"@id\":\"https:\\\/\\\/batijournal.com\\\/#\\\/schema\\\/person\\\/6a657e8967569e1b299972574848aa76\",\"name\":\"Bati-journal\",\"image\":{\"@type\":\"ImageObject\",\"inLanguage\":\"fr-FR\",\"@id\":\"https:\\\/\\\/secure.gravatar.com\\\/avatar\\\/a64364ea26392f9b4dd47e017ddaec74ff03aefc073b49e492e847201258f777?s=96&d=mm&r=g\",\"url\":\"https:\\\/\\\/secure.gravatar.com\\\/avatar\\\/a64364ea26392f9b4dd47e017ddaec74ff03aefc073b49e492e847201258f777?s=96&d=mm&r=g\",\"contentUrl\":\"https:\\\/\\\/secure.gravatar.com\\\/avatar\\\/a64364ea26392f9b4dd47e017ddaec74ff03aefc073b49e492e847201258f777?s=96&d=mm&r=g\",\"caption\":\"Bati-journal\"},\"url\":\"https:\\\/\\\/batijournal.com\\\/index.php\\\/author\\\/elodie\\\/\"}]}<\/script>\n<!-- \/ Yoast SEO plugin. -->","yoast_head_json":{"title":"Plus que quelques jours pour vous inscrire aux Assises du patrimoine !","robots":{"index":"index","follow":"follow","max-snippet":"max-snippet:-1","max-image-preview":"max-image-preview:large","max-video-preview":"max-video-preview:-1"},"canonical":"https:\/\/batijournal.com\/index.php\/plus-que-quelques-jours-pour-vous-inscrire-aux-assises-du-patrimoine\/79702\/","og_locale":"fr_FR","og_type":"article","og_title":"Plus que quelques jours pour vous inscrire aux Assises du patrimoine !","og_description":"L&rsquo;int\u00e9r\u00eat pour la patrimoine est le fruit d\u0092une prise de conscience puis d\u0092un engagement collectif, initi\u00e9 par l\u0092Etat voici plus de quarante ans, puis progressivement relay\u00e9 par les collectivit\u00e9s territoriales pour pr\u00e9server, r\u00e9nover, entretenir et valoriser tous ces biens individuels ou collectifs, forts de leur importance historique, \u00e9conomique et sociale. Le patrimoine, qu\u0092il soit b\u00e2ti [&hellip;]","og_url":"https:\/\/batijournal.com\/index.php\/plus-que-quelques-jours-pour-vous-inscrire-aux-assises-du-patrimoine\/79702\/","og_site_name":"Batijournal","article_published_time":"2010-10-05T22:00:00+00:00","author":"Bati-journal","twitter_card":"summary_large_image","twitter_creator":"@bati_journal","twitter_site":"@bati_journal","twitter_misc":{"\u00c9crit par":"Bati-journal","Dur\u00e9e de lecture estim\u00e9e":"1 minute"},"schema":{"@context":"https:\/\/schema.org","@graph":[{"@type":"Article","@id":"https:\/\/batijournal.com\/index.php\/plus-que-quelques-jours-pour-vous-inscrire-aux-assises-du-patrimoine\/79702\/#article","isPartOf":{"@id":"https:\/\/batijournal.com\/index.php\/plus-que-quelques-jours-pour-vous-inscrire-aux-assises-du-patrimoine\/79702\/"},"author":{"name":"Bati-journal","@id":"https:\/\/batijournal.com\/#\/schema\/person\/6a657e8967569e1b299972574848aa76"},"headline":"Plus que quelques jours pour vous inscrire aux Assises du patrimoine !","datePublished":"2010-10-05T22:00:00+00:00","mainEntityOfPage":{"@id":"https:\/\/batijournal.com\/index.php\/plus-que-quelques-jours-pour-vous-inscrire-aux-assises-du-patrimoine\/79702\/"},"wordCount":168,"commentCount":0,"articleSection":["\u00c9v\u00e9nements"],"inLanguage":"fr-FR","potentialAction":[{"@type":"CommentAction","name":"Comment","target":["https:\/\/batijournal.com\/index.php\/plus-que-quelques-jours-pour-vous-inscrire-aux-assises-du-patrimoine\/79702\/#respond"]}]},{"@type":"WebPage","@id":"https:\/\/batijournal.com\/index.php\/plus-que-quelques-jours-pour-vous-inscrire-aux-assises-du-patrimoine\/79702\/","url":"https:\/\/batijournal.com\/index.php\/plus-que-quelques-jours-pour-vous-inscrire-aux-assises-du-patrimoine\/79702\/","name":"Plus que quelques jours pour vous inscrire aux Assises du patrimoine !","isPartOf":{"@id":"https:\/\/batijournal.com\/#website"},"datePublished":"2010-10-05T22:00:00+00:00","author":{"@id":"https:\/\/batijournal.com\/#\/schema\/person\/6a657e8967569e1b299972574848aa76"},"breadcrumb":{"@id":"https:\/\/batijournal.com\/index.php\/plus-que-quelques-jours-pour-vous-inscrire-aux-assises-du-patrimoine\/79702\/#breadcrumb"},"inLanguage":"fr-FR","potentialAction":[{"@type":"ReadAction","target":["https:\/\/batijournal.com\/index.php\/plus-que-quelques-jours-pour-vous-inscrire-aux-assises-du-patrimoine\/79702\/"]}]},{"@type":"BreadcrumbList","@id":"https:\/\/batijournal.com\/index.php\/plus-que-quelques-jours-pour-vous-inscrire-aux-assises-du-patrimoine\/79702\/#breadcrumb","itemListElement":[{"@type":"ListItem","position":1,"name":"Accueil","item":"https:\/\/batijournal.com\/"},{"@type":"ListItem","position":2,"name":"\u00c9v\u00e9nements","item":"https:\/\/batijournal.com\/index.php\/category\/evenements\/"},{"@type":"ListItem","position":3,"name":"Plus que quelques jours pour vous inscrire aux Assises du patrimoine !"}]},{"@type":"WebSite","@id":"https:\/\/batijournal.com\/#website","url":"https:\/\/batijournal.com\/","name":"Batijournal","description":"L&#039;actualit\u00e9 du b\u00e2timent","potentialAction":[{"@type":"SearchAction","target":{"@type":"EntryPoint","urlTemplate":"https:\/\/batijournal.com\/?s={search_term_string}"},"query-input":{"@type":"PropertyValueSpecification","valueRequired":true,"valueName":"search_term_string"}}],"inLanguage":"fr-FR"},{"@type":"Person","@id":"https:\/\/batijournal.com\/#\/schema\/person\/6a657e8967569e1b299972574848aa76","name":"Bati-journal","image":{"@type":"ImageObject","inLanguage":"fr-FR","@id":"https:\/\/secure.gravatar.com\/avatar\/a64364ea26392f9b4dd47e017ddaec74ff03aefc073b49e492e847201258f777?s=96&d=mm&r=g","url":"https:\/\/secure.gravatar.com\/avatar\/a64364ea26392f9b4dd47e017ddaec74ff03aefc073b49e492e847201258f777?s=96&d=mm&r=g","contentUrl":"https:\/\/secure.gravatar.com\/avatar\/a64364ea26392f9b4dd47e017ddaec74ff03aefc073b49e492e847201258f777?s=96&d=mm&r=g","caption":"Bati-journal"},"url":"https:\/\/batijournal.com\/index.php\/author\/elodie\/"}]}},"_links":{"self":[{"href":"https:\/\/batijournal.com\/index.php\/wp-json\/wp\/v2\/posts\/79702","targetHints":{"allow":["GET"]}}],"collection":[{"href":"https:\/\/batijournal.com\/index.php\/wp-json\/wp\/v2\/posts"}],"about":[{"href":"https:\/\/batijournal.com\/index.php\/wp-json\/wp\/v2\/types\/post"}],"author":[{"embeddable":true,"href":"https:\/\/batijournal.com\/index.php\/wp-json\/wp\/v2\/users\/1"}],"replies":[{"embeddable":true,"href":"https:\/\/batijournal.com\/index.php\/wp-json\/wp\/v2\/comments?post=79702"}],"version-history":[{"count":0,"href":"https:\/\/batijournal.com\/index.php\/wp-json\/wp\/v2\/posts\/79702\/revisions"}],"wp:attachment":[{"href":"https:\/\/batijournal.com\/index.php\/wp-json\/wp\/v2\/media?parent=79702"}],"wp:term":[{"taxonomy":"category","embeddable":true,"href":"https:\/\/batijournal.com\/index.php\/wp-json\/wp\/v2\/categories?post=79702"},{"taxonomy":"post_tag","embeddable":true,"href":"https:\/\/batijournal.com\/index.php\/wp-json\/wp\/v2\/tags?post=79702"}],"curies":[{"name":"wp","href":"https:\/\/api.w.org\/{rel}","templated":true}]}}