{"id":79714,"date":"2010-10-27T00:00:00","date_gmt":"2010-10-26T22:00:00","guid":{"rendered":"http:\/\/b.bati-journal.com\/50-ans-d%c2%92architecture-metallique-en-europe\/79714"},"modified":"2010-10-27T00:00:00","modified_gmt":"2010-10-26T22:00:00","slug":"50-ans-d%c2%92architecture-metallique-en-europe","status":"publish","type":"post","link":"https:\/\/batijournal.com\/index.php\/50-ans-d%c2%92architecture-metallique-en-europe\/79714\/","title":{"rendered":"50 ans d\u0092architecture m\u00e9tallique en Europe"},"content":{"rendered":"<p>L\u0092exposition \u00ab 50 ans d\u0092architecture m\u00e9tallique en Europe \u00bb a \u00e9t\u00e9 con\u00e7ue pour accompagner la comm\u00e9moration du 50e anniversaire de la Convention europ\u00e9enne de la construction m\u00e9tallique, institution fond\u00e9e en 1955 qui r\u00e9unit les organisations professionnelles de 25 nations d\u0092Europe. Destin\u00e9e aussi bien au grand public qu\u0092aux professionnels, cette exposition pr\u00e9sente une s\u00e9lection de b\u00e2timents et d\u0092ouvrages d\u0092art, \u00e0 structure en acier, construits depuis 50 ans en Europe. Les exemples choisis illustrent la vari\u00e9t\u00e9 des architectures et des typologies m\u00e9talliques, d\u00e9montrent les diff\u00e9rentes \u00e9chelles de r\u00e9alisation et pr\u00e9sentent l\u0092\u00e9volution des tendances et techniques. On y trouve \u00e0 la fois les grandes r\u00e9alisations m\u00e9talliques qui ont jalonn\u00e9 le demi-si\u00e8cle, ainsi que d\u0092autres, moins connues, qui ont significativement marqu\u00e9 cette p\u00e9riode. Chaque r\u00e9alisation est pr\u00e9sent\u00e9e \u00e0 l\u0092aide d\u0092une grande photographie, souvent d\u0092\u00e9poque, accompagn\u00e9e d\u0092une description. Une s\u00e9lection de 37 r\u00e9alisations exceptionnelles est \u00e0 d\u00e9couvrir sur le salon \u00e9quipbaie m\u00e9talexpo, du 16 au 19 novembre 2010.<\/p>\n","protected":false},"excerpt":{"rendered":"<p>L\u0092exposition \u00ab 50 ans d\u0092architecture m\u00e9tallique en Europe \u00bb a \u00e9t\u00e9 con\u00e7ue pour accompagner la comm\u00e9moration du 50e anniversaire de la Convention europ\u00e9enne de la construction m\u00e9tallique, institution fond\u00e9e en 1955 qui r\u00e9unit les organisations professionnelles de 25 nations d\u0092Europe. Destin\u00e9e aussi bien au grand public qu\u0092aux professionnels, cette exposition pr\u00e9sente une s\u00e9lection de b\u00e2timents [&hellip;]<\/p>\n","protected":false},"author":1,"featured_media":0,"comment_status":"open","ping_status":"closed","sticky":false,"template":"","format":"standard","meta":{"_et_pb_use_builder":"","_et_pb_old_content":"","_et_gb_content_width":"","footnotes":""},"categories":[9192],"tags":[],"class_list":["post-79714","post","type-post","status-publish","format-standard","hentry","category-evenements"],"yoast_head":"<!-- This site is optimized with the Yoast SEO plugin v27.4 - https:\/\/yoast.com\/product\/yoast-seo-wordpress\/ -->\n<title>50 ans d\u0092architecture m\u00e9tallique en Europe<\/title>\n<meta name=\"robots\" content=\"index, follow, max-snippet:-1, max-image-preview:large, max-video-preview:-1\" \/>\n<link rel=\"canonical\" href=\"https:\/\/batijournal.com\/index.php\/50-ans-d\u0092architecture-metallique-en-europe\/79714\/\" \/>\n<meta property=\"og:locale\" content=\"fr_FR\" \/>\n<meta property=\"og:type\" content=\"article\" \/>\n<meta property=\"og:title\" content=\"50 ans d\u0092architecture m\u00e9tallique en Europe\" \/>\n<meta property=\"og:description\" content=\"L\u0092exposition \u00ab 50 ans d\u0092architecture m\u00e9tallique en Europe \u00bb a \u00e9t\u00e9 con\u00e7ue pour accompagner la comm\u00e9moration du 50e anniversaire de la Convention europ\u00e9enne de la construction m\u00e9tallique, institution fond\u00e9e en 1955 qui r\u00e9unit les organisations professionnelles de 25 nations d\u0092Europe. Destin\u00e9e aussi bien au grand public qu\u0092aux professionnels, cette exposition pr\u00e9sente une s\u00e9lection de b\u00e2timents [&hellip;]\" \/>\n<meta property=\"og:url\" content=\"https:\/\/batijournal.com\/index.php\/50-ans-d\u0092architecture-metallique-en-europe\/79714\/\" \/>\n<meta property=\"og:site_name\" content=\"Batijournal\" \/>\n<meta property=\"article:published_time\" content=\"2010-10-26T22:00:00+00:00\" \/>\n<meta name=\"author\" content=\"Bati-journal\" \/>\n<meta name=\"twitter:card\" content=\"summary_large_image\" \/>\n<meta name=\"twitter:creator\" content=\"@bati_journal\" \/>\n<meta name=\"twitter:site\" content=\"@bati_journal\" \/>\n<meta name=\"twitter:label1\" content=\"\u00c9crit par\" \/>\n\t<meta name=\"twitter:data1\" content=\"Bati-journal\" \/>\n\t<meta name=\"twitter:label2\" content=\"Dur\u00e9e de lecture estim\u00e9e\" \/>\n\t<meta name=\"twitter:data2\" content=\"1 minute\" \/>\n<script type=\"application\/ld+json\" class=\"yoast-schema-graph\">{\"@context\":\"https:\\\/\\\/schema.org\",\"@graph\":[{\"@type\":\"Article\",\"@id\":\"https:\\\/\\\/batijournal.com\\\/index.php\\\/50-ans-d%c2%92architecture-metallique-en-europe\\\/79714\\\/#article\",\"isPartOf\":{\"@id\":\"https:\\\/\\\/batijournal.com\\\/index.php\\\/50-ans-d%c2%92architecture-metallique-en-europe\\\/79714\\\/\"},\"author\":{\"name\":\"Bati-journal\",\"@id\":\"https:\\\/\\\/batijournal.com\\\/#\\\/schema\\\/person\\\/6a657e8967569e1b299972574848aa76\"},\"headline\":\"50 ans d\u0092architecture m\u00e9tallique en Europe\",\"datePublished\":\"2010-10-26T22:00:00+00:00\",\"mainEntityOfPage\":{\"@id\":\"https:\\\/\\\/batijournal.com\\\/index.php\\\/50-ans-d%c2%92architecture-metallique-en-europe\\\/79714\\\/\"},\"wordCount\":187,\"commentCount\":0,\"articleSection\":[\"\u00c9v\u00e9nements\"],\"inLanguage\":\"fr-FR\",\"potentialAction\":[{\"@type\":\"CommentAction\",\"name\":\"Comment\",\"target\":[\"https:\\\/\\\/batijournal.com\\\/index.php\\\/50-ans-d%c2%92architecture-metallique-en-europe\\\/79714\\\/#respond\"]}]},{\"@type\":\"WebPage\",\"@id\":\"https:\\\/\\\/batijournal.com\\\/index.php\\\/50-ans-d%c2%92architecture-metallique-en-europe\\\/79714\\\/\",\"url\":\"https:\\\/\\\/batijournal.com\\\/index.php\\\/50-ans-d%c2%92architecture-metallique-en-europe\\\/79714\\\/\",\"name\":\"50 ans d\u0092architecture m\u00e9tallique en Europe\",\"isPartOf\":{\"@id\":\"https:\\\/\\\/batijournal.com\\\/#website\"},\"datePublished\":\"2010-10-26T22:00:00+00:00\",\"author\":{\"@id\":\"https:\\\/\\\/batijournal.com\\\/#\\\/schema\\\/person\\\/6a657e8967569e1b299972574848aa76\"},\"breadcrumb\":{\"@id\":\"https:\\\/\\\/batijournal.com\\\/index.php\\\/50-ans-d%c2%92architecture-metallique-en-europe\\\/79714\\\/#breadcrumb\"},\"inLanguage\":\"fr-FR\",\"potentialAction\":[{\"@type\":\"ReadAction\",\"target\":[\"https:\\\/\\\/batijournal.com\\\/index.php\\\/50-ans-d%c2%92architecture-metallique-en-europe\\\/79714\\\/\"]}]},{\"@type\":\"BreadcrumbList\",\"@id\":\"https:\\\/\\\/batijournal.com\\\/index.php\\\/50-ans-d%c2%92architecture-metallique-en-europe\\\/79714\\\/#breadcrumb\",\"itemListElement\":[{\"@type\":\"ListItem\",\"position\":1,\"name\":\"Accueil\",\"item\":\"https:\\\/\\\/batijournal.com\\\/\"},{\"@type\":\"ListItem\",\"position\":2,\"name\":\"\u00c9v\u00e9nements\",\"item\":\"https:\\\/\\\/batijournal.com\\\/index.php\\\/category\\\/evenements\\\/\"},{\"@type\":\"ListItem\",\"position\":3,\"name\":\"50 ans d\u0092architecture m\u00e9tallique en Europe\"}]},{\"@type\":\"WebSite\",\"@id\":\"https:\\\/\\\/batijournal.com\\\/#website\",\"url\":\"https:\\\/\\\/batijournal.com\\\/\",\"name\":\"Batijournal\",\"description\":\"L&#039;actualit\u00e9 du b\u00e2timent\",\"potentialAction\":[{\"@type\":\"SearchAction\",\"target\":{\"@type\":\"EntryPoint\",\"urlTemplate\":\"https:\\\/\\\/batijournal.com\\\/?s={search_term_string}\"},\"query-input\":{\"@type\":\"PropertyValueSpecification\",\"valueRequired\":true,\"valueName\":\"search_term_string\"}}],\"inLanguage\":\"fr-FR\"},{\"@type\":\"Person\",\"@id\":\"https:\\\/\\\/batijournal.com\\\/#\\\/schema\\\/person\\\/6a657e8967569e1b299972574848aa76\",\"name\":\"Bati-journal\",\"image\":{\"@type\":\"ImageObject\",\"inLanguage\":\"fr-FR\",\"@id\":\"https:\\\/\\\/secure.gravatar.com\\\/avatar\\\/a64364ea26392f9b4dd47e017ddaec74ff03aefc073b49e492e847201258f777?s=96&d=mm&r=g\",\"url\":\"https:\\\/\\\/secure.gravatar.com\\\/avatar\\\/a64364ea26392f9b4dd47e017ddaec74ff03aefc073b49e492e847201258f777?s=96&d=mm&r=g\",\"contentUrl\":\"https:\\\/\\\/secure.gravatar.com\\\/avatar\\\/a64364ea26392f9b4dd47e017ddaec74ff03aefc073b49e492e847201258f777?s=96&d=mm&r=g\",\"caption\":\"Bati-journal\"},\"url\":\"https:\\\/\\\/batijournal.com\\\/index.php\\\/author\\\/elodie\\\/\"}]}<\/script>\n<!-- \/ Yoast SEO plugin. -->","yoast_head_json":{"title":"50 ans d\u0092architecture m\u00e9tallique en Europe","robots":{"index":"index","follow":"follow","max-snippet":"max-snippet:-1","max-image-preview":"max-image-preview:large","max-video-preview":"max-video-preview:-1"},"canonical":"https:\/\/batijournal.com\/index.php\/50-ans-d\u0092architecture-metallique-en-europe\/79714\/","og_locale":"fr_FR","og_type":"article","og_title":"50 ans d\u0092architecture m\u00e9tallique en Europe","og_description":"L\u0092exposition \u00ab 50 ans d\u0092architecture m\u00e9tallique en Europe \u00bb a \u00e9t\u00e9 con\u00e7ue pour accompagner la comm\u00e9moration du 50e anniversaire de la Convention europ\u00e9enne de la construction m\u00e9tallique, institution fond\u00e9e en 1955 qui r\u00e9unit les organisations professionnelles de 25 nations d\u0092Europe. Destin\u00e9e aussi bien au grand public qu\u0092aux professionnels, cette exposition pr\u00e9sente une s\u00e9lection de b\u00e2timents [&hellip;]","og_url":"https:\/\/batijournal.com\/index.php\/50-ans-d\u0092architecture-metallique-en-europe\/79714\/","og_site_name":"Batijournal","article_published_time":"2010-10-26T22:00:00+00:00","author":"Bati-journal","twitter_card":"summary_large_image","twitter_creator":"@bati_journal","twitter_site":"@bati_journal","twitter_misc":{"\u00c9crit par":"Bati-journal","Dur\u00e9e de lecture estim\u00e9e":"1 minute"},"schema":{"@context":"https:\/\/schema.org","@graph":[{"@type":"Article","@id":"https:\/\/batijournal.com\/index.php\/50-ans-d%c2%92architecture-metallique-en-europe\/79714\/#article","isPartOf":{"@id":"https:\/\/batijournal.com\/index.php\/50-ans-d%c2%92architecture-metallique-en-europe\/79714\/"},"author":{"name":"Bati-journal","@id":"https:\/\/batijournal.com\/#\/schema\/person\/6a657e8967569e1b299972574848aa76"},"headline":"50 ans d\u0092architecture m\u00e9tallique en Europe","datePublished":"2010-10-26T22:00:00+00:00","mainEntityOfPage":{"@id":"https:\/\/batijournal.com\/index.php\/50-ans-d%c2%92architecture-metallique-en-europe\/79714\/"},"wordCount":187,"commentCount":0,"articleSection":["\u00c9v\u00e9nements"],"inLanguage":"fr-FR","potentialAction":[{"@type":"CommentAction","name":"Comment","target":["https:\/\/batijournal.com\/index.php\/50-ans-d%c2%92architecture-metallique-en-europe\/79714\/#respond"]}]},{"@type":"WebPage","@id":"https:\/\/batijournal.com\/index.php\/50-ans-d%c2%92architecture-metallique-en-europe\/79714\/","url":"https:\/\/batijournal.com\/index.php\/50-ans-d%c2%92architecture-metallique-en-europe\/79714\/","name":"50 ans d\u0092architecture m\u00e9tallique en Europe","isPartOf":{"@id":"https:\/\/batijournal.com\/#website"},"datePublished":"2010-10-26T22:00:00+00:00","author":{"@id":"https:\/\/batijournal.com\/#\/schema\/person\/6a657e8967569e1b299972574848aa76"},"breadcrumb":{"@id":"https:\/\/batijournal.com\/index.php\/50-ans-d%c2%92architecture-metallique-en-europe\/79714\/#breadcrumb"},"inLanguage":"fr-FR","potentialAction":[{"@type":"ReadAction","target":["https:\/\/batijournal.com\/index.php\/50-ans-d%c2%92architecture-metallique-en-europe\/79714\/"]}]},{"@type":"BreadcrumbList","@id":"https:\/\/batijournal.com\/index.php\/50-ans-d%c2%92architecture-metallique-en-europe\/79714\/#breadcrumb","itemListElement":[{"@type":"ListItem","position":1,"name":"Accueil","item":"https:\/\/batijournal.com\/"},{"@type":"ListItem","position":2,"name":"\u00c9v\u00e9nements","item":"https:\/\/batijournal.com\/index.php\/category\/evenements\/"},{"@type":"ListItem","position":3,"name":"50 ans d\u0092architecture m\u00e9tallique en Europe"}]},{"@type":"WebSite","@id":"https:\/\/batijournal.com\/#website","url":"https:\/\/batijournal.com\/","name":"Batijournal","description":"L&#039;actualit\u00e9 du b\u00e2timent","potentialAction":[{"@type":"SearchAction","target":{"@type":"EntryPoint","urlTemplate":"https:\/\/batijournal.com\/?s={search_term_string}"},"query-input":{"@type":"PropertyValueSpecification","valueRequired":true,"valueName":"search_term_string"}}],"inLanguage":"fr-FR"},{"@type":"Person","@id":"https:\/\/batijournal.com\/#\/schema\/person\/6a657e8967569e1b299972574848aa76","name":"Bati-journal","image":{"@type":"ImageObject","inLanguage":"fr-FR","@id":"https:\/\/secure.gravatar.com\/avatar\/a64364ea26392f9b4dd47e017ddaec74ff03aefc073b49e492e847201258f777?s=96&d=mm&r=g","url":"https:\/\/secure.gravatar.com\/avatar\/a64364ea26392f9b4dd47e017ddaec74ff03aefc073b49e492e847201258f777?s=96&d=mm&r=g","contentUrl":"https:\/\/secure.gravatar.com\/avatar\/a64364ea26392f9b4dd47e017ddaec74ff03aefc073b49e492e847201258f777?s=96&d=mm&r=g","caption":"Bati-journal"},"url":"https:\/\/batijournal.com\/index.php\/author\/elodie\/"}]}},"_links":{"self":[{"href":"https:\/\/batijournal.com\/index.php\/wp-json\/wp\/v2\/posts\/79714","targetHints":{"allow":["GET"]}}],"collection":[{"href":"https:\/\/batijournal.com\/index.php\/wp-json\/wp\/v2\/posts"}],"about":[{"href":"https:\/\/batijournal.com\/index.php\/wp-json\/wp\/v2\/types\/post"}],"author":[{"embeddable":true,"href":"https:\/\/batijournal.com\/index.php\/wp-json\/wp\/v2\/users\/1"}],"replies":[{"embeddable":true,"href":"https:\/\/batijournal.com\/index.php\/wp-json\/wp\/v2\/comments?post=79714"}],"version-history":[{"count":0,"href":"https:\/\/batijournal.com\/index.php\/wp-json\/wp\/v2\/posts\/79714\/revisions"}],"wp:attachment":[{"href":"https:\/\/batijournal.com\/index.php\/wp-json\/wp\/v2\/media?parent=79714"}],"wp:term":[{"taxonomy":"category","embeddable":true,"href":"https:\/\/batijournal.com\/index.php\/wp-json\/wp\/v2\/categories?post=79714"},{"taxonomy":"post_tag","embeddable":true,"href":"https:\/\/batijournal.com\/index.php\/wp-json\/wp\/v2\/tags?post=79714"}],"curies":[{"name":"wp","href":"https:\/\/api.w.org\/{rel}","templated":true}]}}