{"id":79717,"date":"2010-11-09T00:00:00","date_gmt":"2010-11-08T23:00:00","guid":{"rendered":"http:\/\/b.bati-journal.com\/la-facade-intelligente-au-c%c2%9coeur-du-salon-equipbaiemetalexpo\/79717"},"modified":"2010-11-09T00:00:00","modified_gmt":"2010-11-08T23:00:00","slug":"la-facade-intelligente-au-c%c2%9coeur-du-salon-equipbaiemetalexpo","status":"publish","type":"post","link":"https:\/\/batijournal.com\/index.php\/la-facade-intelligente-au-c%c2%9coeur-du-salon-equipbaiemetalexpo\/79717\/","title":{"rendered":"La fa\u00e7ade intelligente au c\u009coeur du salon Equip&rsquo;Baie\/M\u00e9talExpo"},"content":{"rendered":"<p>Pour la 6e \u00e9dition de l&rsquo;association des salons Equip&rsquo;Baie et M\u00e9talExpo, qui aura lieu du 16 au 19 novembre prochains, l&rsquo;efficacit\u00e9 \u00e9nerg\u00e9tique et l&rsquo;accessibilit\u00e9 des b\u00e2timents seront les deux th\u00e8mes \u00e0 l&rsquo;honneur. La soci\u00e9t\u00e9 TBC, sp\u00e9cialis\u00e9e dans la recherche et le d\u00e9veloppement de produits et de technologies innovants destin\u00e9s au b\u00e2timent durable, a r\u00e9alis\u00e9 une \u00e9tude sur le photovolta\u00efque et la baie car la RT 2012, qui sera un sujet majeur des conf\u00e9rences, repr\u00e9sente un tournant pour la conception des b\u00e2timents. Et dans un b\u00e2timent \u00e0 \u00e9nergie positive, la baie se doit en effet de constituer un composant actif producteur et r\u00e9gulateur d&rsquo;\u00e9nergie. Pour Anne-S\u00e9verine Consal\u00e8s, directrice \u00e9tude de march\u00e9s et conseil : \u00ab\u00a0Les diff\u00e9rents \u00e9quipements potentiels de la baie \u00e0 \u00e9nergie positive seraient les suivants : &#8211; une menuiserie \u00e0 haute performance thermique et facteur solaire adapt\u00e9,- un syst\u00e8me de protections solaires, d&rsquo;occultations et de fermetures, &#8211; des modules photovolta\u00efques \u00e9ventuellement int\u00e9gr\u00e9s au syst\u00e8me de protection solaire,- un syst\u00e8me de r\u00e9gulation autonome ou centralis\u00e9 pour contr\u00f4ler les diff\u00e9rents automatismes de la baie : mouvement des protections solaires, orientation des panneaux photovolta\u00efques, ouverture de la baie pour une ventilation naturelle&#8230;Les panneaux photovolta\u00efques seront un \u00e9l\u00e9ment incontournable des b\u00e2timents, en toiture et en fa\u00e7ade. Les industriels de la baie et de ses \u00e9quipements ont ainsi l&rsquo;occasion de se positionner sur ce segment \u00e0 valeur ajout\u00e9e et de construire les march\u00e9s des \u00e9nergies solaires de demain.\u00a0\u00bb C&rsquo;est toutes ces diff\u00e9rentes applications que les exposants du salon seront \u00e0 m\u00eame de pr\u00e9senter. Nos magazines \u201c5fa\u00e7ades\u201c, \u201cplan\u00e8te b\u00e2timent\u201c seront bien \u00e9videmment au rendez-vous au parc des Expositions de la porte de Versailles.<\/p>\n","protected":false},"excerpt":{"rendered":"<p>Pour la 6e \u00e9dition de l&rsquo;association des salons Equip&rsquo;Baie et M\u00e9talExpo, qui aura lieu du 16 au 19 novembre prochains, l&rsquo;efficacit\u00e9 \u00e9nerg\u00e9tique et l&rsquo;accessibilit\u00e9 des b\u00e2timents seront les deux th\u00e8mes \u00e0 l&rsquo;honneur. La soci\u00e9t\u00e9 TBC, sp\u00e9cialis\u00e9e dans la recherche et le d\u00e9veloppement de produits et de technologies innovants destin\u00e9s au b\u00e2timent durable, a r\u00e9alis\u00e9 une [&hellip;]<\/p>\n","protected":false},"author":1,"featured_media":79718,"comment_status":"open","ping_status":"closed","sticky":false,"template":"","format":"standard","meta":{"_et_pb_use_builder":"","_et_pb_old_content":"","_et_gb_content_width":"","footnotes":""},"categories":[9192],"tags":[2018,4001],"class_list":["post-79717","post","type-post","status-publish","format-standard","has-post-thumbnail","hentry","category-evenements","tag-equipbaie","tag-metalexpo"],"yoast_head":"<!-- This site is optimized with the Yoast SEO plugin v27.4 - https:\/\/yoast.com\/product\/yoast-seo-wordpress\/ -->\n<title>La fa\u00e7ade intelligente au c\u009coeur du salon Equip&#039;Baie\/M\u00e9talExpo<\/title>\n<meta name=\"robots\" content=\"index, follow, max-snippet:-1, max-image-preview:large, max-video-preview:-1\" \/>\n<link rel=\"canonical\" href=\"https:\/\/batijournal.com\/index.php\/la-facade-intelligente-au-c\u009coeur-du-salon-equipbaiemetalexpo\/79717\/\" \/>\n<meta property=\"og:locale\" content=\"fr_FR\" \/>\n<meta property=\"og:type\" content=\"article\" \/>\n<meta property=\"og:title\" content=\"La fa\u00e7ade intelligente au c\u009coeur du salon Equip&#039;Baie\/M\u00e9talExpo\" \/>\n<meta property=\"og:description\" content=\"Pour la 6e \u00e9dition de l&rsquo;association des salons Equip&rsquo;Baie et M\u00e9talExpo, qui aura lieu du 16 au 19 novembre prochains, l&rsquo;efficacit\u00e9 \u00e9nerg\u00e9tique et l&rsquo;accessibilit\u00e9 des b\u00e2timents seront les deux th\u00e8mes \u00e0 l&rsquo;honneur. La soci\u00e9t\u00e9 TBC, sp\u00e9cialis\u00e9e dans la recherche et le d\u00e9veloppement de produits et de technologies innovants destin\u00e9s au b\u00e2timent durable, a r\u00e9alis\u00e9 une [&hellip;]\" \/>\n<meta property=\"og:url\" content=\"https:\/\/batijournal.com\/index.php\/la-facade-intelligente-au-c\u009coeur-du-salon-equipbaiemetalexpo\/79717\/\" \/>\n<meta property=\"og:site_name\" content=\"Batijournal\" \/>\n<meta property=\"article:published_time\" content=\"2010-11-08T23:00:00+00:00\" \/>\n<meta property=\"og:image\" content=\"https:\/\/batijournal.com\/wp-content\/uploads\/2015\/03\/11844277.jpg\" \/>\n\t<meta property=\"og:image:width\" content=\"600\" \/>\n\t<meta property=\"og:image:height\" content=\"398\" \/>\n\t<meta property=\"og:image:type\" content=\"image\/jpeg\" \/>\n<meta name=\"author\" content=\"Bati-journal\" \/>\n<meta name=\"twitter:card\" content=\"summary_large_image\" \/>\n<meta name=\"twitter:creator\" content=\"@bati_journal\" \/>\n<meta name=\"twitter:site\" content=\"@bati_journal\" \/>\n<meta name=\"twitter:label1\" content=\"\u00c9crit par\" \/>\n\t<meta name=\"twitter:data1\" content=\"Bati-journal\" \/>\n\t<meta name=\"twitter:label2\" content=\"Dur\u00e9e de lecture estim\u00e9e\" \/>\n\t<meta name=\"twitter:data2\" content=\"2 minutes\" \/>\n<script type=\"application\/ld+json\" class=\"yoast-schema-graph\">{\"@context\":\"https:\\\/\\\/schema.org\",\"@graph\":[{\"@type\":\"Article\",\"@id\":\"https:\\\/\\\/batijournal.com\\\/index.php\\\/la-facade-intelligente-au-c%c2%9coeur-du-salon-equipbaiemetalexpo\\\/79717\\\/#article\",\"isPartOf\":{\"@id\":\"https:\\\/\\\/batijournal.com\\\/index.php\\\/la-facade-intelligente-au-c%c2%9coeur-du-salon-equipbaiemetalexpo\\\/79717\\\/\"},\"author\":{\"name\":\"Bati-journal\",\"@id\":\"https:\\\/\\\/batijournal.com\\\/#\\\/schema\\\/person\\\/6a657e8967569e1b299972574848aa76\"},\"headline\":\"La fa\u00e7ade intelligente au c\u009coeur du salon Equip&rsquo;Baie\\\/M\u00e9talExpo\",\"datePublished\":\"2010-11-08T23:00:00+00:00\",\"mainEntityOfPage\":{\"@id\":\"https:\\\/\\\/batijournal.com\\\/index.php\\\/la-facade-intelligente-au-c%c2%9coeur-du-salon-equipbaiemetalexpo\\\/79717\\\/\"},\"wordCount\":324,\"commentCount\":0,\"image\":{\"@id\":\"https:\\\/\\\/batijournal.com\\\/index.php\\\/la-facade-intelligente-au-c%c2%9coeur-du-salon-equipbaiemetalexpo\\\/79717\\\/#primaryimage\"},\"thumbnailUrl\":\"https:\\\/\\\/batijournal.com\\\/wp-content\\\/uploads\\\/2015\\\/03\\\/11844277.jpg\",\"keywords\":[\"\u00e9quipbaie\",\"metalexpo\"],\"articleSection\":[\"\u00c9v\u00e9nements\"],\"inLanguage\":\"fr-FR\",\"potentialAction\":[{\"@type\":\"CommentAction\",\"name\":\"Comment\",\"target\":[\"https:\\\/\\\/batijournal.com\\\/index.php\\\/la-facade-intelligente-au-c%c2%9coeur-du-salon-equipbaiemetalexpo\\\/79717\\\/#respond\"]}]},{\"@type\":\"WebPage\",\"@id\":\"https:\\\/\\\/batijournal.com\\\/index.php\\\/la-facade-intelligente-au-c%c2%9coeur-du-salon-equipbaiemetalexpo\\\/79717\\\/\",\"url\":\"https:\\\/\\\/batijournal.com\\\/index.php\\\/la-facade-intelligente-au-c%c2%9coeur-du-salon-equipbaiemetalexpo\\\/79717\\\/\",\"name\":\"La fa\u00e7ade intelligente au c\u009coeur du salon Equip'Baie\\\/M\u00e9talExpo\",\"isPartOf\":{\"@id\":\"https:\\\/\\\/batijournal.com\\\/#website\"},\"primaryImageOfPage\":{\"@id\":\"https:\\\/\\\/batijournal.com\\\/index.php\\\/la-facade-intelligente-au-c%c2%9coeur-du-salon-equipbaiemetalexpo\\\/79717\\\/#primaryimage\"},\"image\":{\"@id\":\"https:\\\/\\\/batijournal.com\\\/index.php\\\/la-facade-intelligente-au-c%c2%9coeur-du-salon-equipbaiemetalexpo\\\/79717\\\/#primaryimage\"},\"thumbnailUrl\":\"https:\\\/\\\/batijournal.com\\\/wp-content\\\/uploads\\\/2015\\\/03\\\/11844277.jpg\",\"datePublished\":\"2010-11-08T23:00:00+00:00\",\"author\":{\"@id\":\"https:\\\/\\\/batijournal.com\\\/#\\\/schema\\\/person\\\/6a657e8967569e1b299972574848aa76\"},\"breadcrumb\":{\"@id\":\"https:\\\/\\\/batijournal.com\\\/index.php\\\/la-facade-intelligente-au-c%c2%9coeur-du-salon-equipbaiemetalexpo\\\/79717\\\/#breadcrumb\"},\"inLanguage\":\"fr-FR\",\"potentialAction\":[{\"@type\":\"ReadAction\",\"target\":[\"https:\\\/\\\/batijournal.com\\\/index.php\\\/la-facade-intelligente-au-c%c2%9coeur-du-salon-equipbaiemetalexpo\\\/79717\\\/\"]}]},{\"@type\":\"ImageObject\",\"inLanguage\":\"fr-FR\",\"@id\":\"https:\\\/\\\/batijournal.com\\\/index.php\\\/la-facade-intelligente-au-c%c2%9coeur-du-salon-equipbaiemetalexpo\\\/79717\\\/#primaryimage\",\"url\":\"https:\\\/\\\/batijournal.com\\\/wp-content\\\/uploads\\\/2015\\\/03\\\/11844277.jpg\",\"contentUrl\":\"https:\\\/\\\/batijournal.com\\\/wp-content\\\/uploads\\\/2015\\\/03\\\/11844277.jpg\",\"width\":600,\"height\":398},{\"@type\":\"BreadcrumbList\",\"@id\":\"https:\\\/\\\/batijournal.com\\\/index.php\\\/la-facade-intelligente-au-c%c2%9coeur-du-salon-equipbaiemetalexpo\\\/79717\\\/#breadcrumb\",\"itemListElement\":[{\"@type\":\"ListItem\",\"position\":1,\"name\":\"Accueil\",\"item\":\"https:\\\/\\\/batijournal.com\\\/\"},{\"@type\":\"ListItem\",\"position\":2,\"name\":\"\u00c9v\u00e9nements\",\"item\":\"https:\\\/\\\/batijournal.com\\\/index.php\\\/category\\\/evenements\\\/\"},{\"@type\":\"ListItem\",\"position\":3,\"name\":\"La fa\u00e7ade intelligente au c\u009coeur du salon Equip&rsquo;Baie\\\/M\u00e9talExpo\"}]},{\"@type\":\"WebSite\",\"@id\":\"https:\\\/\\\/batijournal.com\\\/#website\",\"url\":\"https:\\\/\\\/batijournal.com\\\/\",\"name\":\"Batijournal\",\"description\":\"L&#039;actualit\u00e9 du b\u00e2timent\",\"potentialAction\":[{\"@type\":\"SearchAction\",\"target\":{\"@type\":\"EntryPoint\",\"urlTemplate\":\"https:\\\/\\\/batijournal.com\\\/?s={search_term_string}\"},\"query-input\":{\"@type\":\"PropertyValueSpecification\",\"valueRequired\":true,\"valueName\":\"search_term_string\"}}],\"inLanguage\":\"fr-FR\"},{\"@type\":\"Person\",\"@id\":\"https:\\\/\\\/batijournal.com\\\/#\\\/schema\\\/person\\\/6a657e8967569e1b299972574848aa76\",\"name\":\"Bati-journal\",\"image\":{\"@type\":\"ImageObject\",\"inLanguage\":\"fr-FR\",\"@id\":\"https:\\\/\\\/secure.gravatar.com\\\/avatar\\\/a64364ea26392f9b4dd47e017ddaec74ff03aefc073b49e492e847201258f777?s=96&d=mm&r=g\",\"url\":\"https:\\\/\\\/secure.gravatar.com\\\/avatar\\\/a64364ea26392f9b4dd47e017ddaec74ff03aefc073b49e492e847201258f777?s=96&d=mm&r=g\",\"contentUrl\":\"https:\\\/\\\/secure.gravatar.com\\\/avatar\\\/a64364ea26392f9b4dd47e017ddaec74ff03aefc073b49e492e847201258f777?s=96&d=mm&r=g\",\"caption\":\"Bati-journal\"},\"url\":\"https:\\\/\\\/batijournal.com\\\/index.php\\\/author\\\/elodie\\\/\"}]}<\/script>\n<!-- \/ Yoast SEO plugin. -->","yoast_head_json":{"title":"La fa\u00e7ade intelligente au c\u009coeur du salon Equip'Baie\/M\u00e9talExpo","robots":{"index":"index","follow":"follow","max-snippet":"max-snippet:-1","max-image-preview":"max-image-preview:large","max-video-preview":"max-video-preview:-1"},"canonical":"https:\/\/batijournal.com\/index.php\/la-facade-intelligente-au-c\u009coeur-du-salon-equipbaiemetalexpo\/79717\/","og_locale":"fr_FR","og_type":"article","og_title":"La fa\u00e7ade intelligente au c\u009coeur du salon Equip'Baie\/M\u00e9talExpo","og_description":"Pour la 6e \u00e9dition de l&rsquo;association des salons Equip&rsquo;Baie et M\u00e9talExpo, qui aura lieu du 16 au 19 novembre prochains, l&rsquo;efficacit\u00e9 \u00e9nerg\u00e9tique et l&rsquo;accessibilit\u00e9 des b\u00e2timents seront les deux th\u00e8mes \u00e0 l&rsquo;honneur. La soci\u00e9t\u00e9 TBC, sp\u00e9cialis\u00e9e dans la recherche et le d\u00e9veloppement de produits et de technologies innovants destin\u00e9s au b\u00e2timent durable, a r\u00e9alis\u00e9 une [&hellip;]","og_url":"https:\/\/batijournal.com\/index.php\/la-facade-intelligente-au-c\u009coeur-du-salon-equipbaiemetalexpo\/79717\/","og_site_name":"Batijournal","article_published_time":"2010-11-08T23:00:00+00:00","og_image":[{"width":600,"height":398,"url":"https:\/\/batijournal.com\/wp-content\/uploads\/2015\/03\/11844277.jpg","type":"image\/jpeg"}],"author":"Bati-journal","twitter_card":"summary_large_image","twitter_creator":"@bati_journal","twitter_site":"@bati_journal","twitter_misc":{"\u00c9crit par":"Bati-journal","Dur\u00e9e de lecture estim\u00e9e":"2 minutes"},"schema":{"@context":"https:\/\/schema.org","@graph":[{"@type":"Article","@id":"https:\/\/batijournal.com\/index.php\/la-facade-intelligente-au-c%c2%9coeur-du-salon-equipbaiemetalexpo\/79717\/#article","isPartOf":{"@id":"https:\/\/batijournal.com\/index.php\/la-facade-intelligente-au-c%c2%9coeur-du-salon-equipbaiemetalexpo\/79717\/"},"author":{"name":"Bati-journal","@id":"https:\/\/batijournal.com\/#\/schema\/person\/6a657e8967569e1b299972574848aa76"},"headline":"La fa\u00e7ade intelligente au c\u009coeur du salon Equip&rsquo;Baie\/M\u00e9talExpo","datePublished":"2010-11-08T23:00:00+00:00","mainEntityOfPage":{"@id":"https:\/\/batijournal.com\/index.php\/la-facade-intelligente-au-c%c2%9coeur-du-salon-equipbaiemetalexpo\/79717\/"},"wordCount":324,"commentCount":0,"image":{"@id":"https:\/\/batijournal.com\/index.php\/la-facade-intelligente-au-c%c2%9coeur-du-salon-equipbaiemetalexpo\/79717\/#primaryimage"},"thumbnailUrl":"https:\/\/batijournal.com\/wp-content\/uploads\/2015\/03\/11844277.jpg","keywords":["\u00e9quipbaie","metalexpo"],"articleSection":["\u00c9v\u00e9nements"],"inLanguage":"fr-FR","potentialAction":[{"@type":"CommentAction","name":"Comment","target":["https:\/\/batijournal.com\/index.php\/la-facade-intelligente-au-c%c2%9coeur-du-salon-equipbaiemetalexpo\/79717\/#respond"]}]},{"@type":"WebPage","@id":"https:\/\/batijournal.com\/index.php\/la-facade-intelligente-au-c%c2%9coeur-du-salon-equipbaiemetalexpo\/79717\/","url":"https:\/\/batijournal.com\/index.php\/la-facade-intelligente-au-c%c2%9coeur-du-salon-equipbaiemetalexpo\/79717\/","name":"La fa\u00e7ade intelligente au c\u009coeur du salon Equip'Baie\/M\u00e9talExpo","isPartOf":{"@id":"https:\/\/batijournal.com\/#website"},"primaryImageOfPage":{"@id":"https:\/\/batijournal.com\/index.php\/la-facade-intelligente-au-c%c2%9coeur-du-salon-equipbaiemetalexpo\/79717\/#primaryimage"},"image":{"@id":"https:\/\/batijournal.com\/index.php\/la-facade-intelligente-au-c%c2%9coeur-du-salon-equipbaiemetalexpo\/79717\/#primaryimage"},"thumbnailUrl":"https:\/\/batijournal.com\/wp-content\/uploads\/2015\/03\/11844277.jpg","datePublished":"2010-11-08T23:00:00+00:00","author":{"@id":"https:\/\/batijournal.com\/#\/schema\/person\/6a657e8967569e1b299972574848aa76"},"breadcrumb":{"@id":"https:\/\/batijournal.com\/index.php\/la-facade-intelligente-au-c%c2%9coeur-du-salon-equipbaiemetalexpo\/79717\/#breadcrumb"},"inLanguage":"fr-FR","potentialAction":[{"@type":"ReadAction","target":["https:\/\/batijournal.com\/index.php\/la-facade-intelligente-au-c%c2%9coeur-du-salon-equipbaiemetalexpo\/79717\/"]}]},{"@type":"ImageObject","inLanguage":"fr-FR","@id":"https:\/\/batijournal.com\/index.php\/la-facade-intelligente-au-c%c2%9coeur-du-salon-equipbaiemetalexpo\/79717\/#primaryimage","url":"https:\/\/batijournal.com\/wp-content\/uploads\/2015\/03\/11844277.jpg","contentUrl":"https:\/\/batijournal.com\/wp-content\/uploads\/2015\/03\/11844277.jpg","width":600,"height":398},{"@type":"BreadcrumbList","@id":"https:\/\/batijournal.com\/index.php\/la-facade-intelligente-au-c%c2%9coeur-du-salon-equipbaiemetalexpo\/79717\/#breadcrumb","itemListElement":[{"@type":"ListItem","position":1,"name":"Accueil","item":"https:\/\/batijournal.com\/"},{"@type":"ListItem","position":2,"name":"\u00c9v\u00e9nements","item":"https:\/\/batijournal.com\/index.php\/category\/evenements\/"},{"@type":"ListItem","position":3,"name":"La fa\u00e7ade intelligente au c\u009coeur du salon Equip&rsquo;Baie\/M\u00e9talExpo"}]},{"@type":"WebSite","@id":"https:\/\/batijournal.com\/#website","url":"https:\/\/batijournal.com\/","name":"Batijournal","description":"L&#039;actualit\u00e9 du b\u00e2timent","potentialAction":[{"@type":"SearchAction","target":{"@type":"EntryPoint","urlTemplate":"https:\/\/batijournal.com\/?s={search_term_string}"},"query-input":{"@type":"PropertyValueSpecification","valueRequired":true,"valueName":"search_term_string"}}],"inLanguage":"fr-FR"},{"@type":"Person","@id":"https:\/\/batijournal.com\/#\/schema\/person\/6a657e8967569e1b299972574848aa76","name":"Bati-journal","image":{"@type":"ImageObject","inLanguage":"fr-FR","@id":"https:\/\/secure.gravatar.com\/avatar\/a64364ea26392f9b4dd47e017ddaec74ff03aefc073b49e492e847201258f777?s=96&d=mm&r=g","url":"https:\/\/secure.gravatar.com\/avatar\/a64364ea26392f9b4dd47e017ddaec74ff03aefc073b49e492e847201258f777?s=96&d=mm&r=g","contentUrl":"https:\/\/secure.gravatar.com\/avatar\/a64364ea26392f9b4dd47e017ddaec74ff03aefc073b49e492e847201258f777?s=96&d=mm&r=g","caption":"Bati-journal"},"url":"https:\/\/batijournal.com\/index.php\/author\/elodie\/"}]}},"_links":{"self":[{"href":"https:\/\/batijournal.com\/index.php\/wp-json\/wp\/v2\/posts\/79717","targetHints":{"allow":["GET"]}}],"collection":[{"href":"https:\/\/batijournal.com\/index.php\/wp-json\/wp\/v2\/posts"}],"about":[{"href":"https:\/\/batijournal.com\/index.php\/wp-json\/wp\/v2\/types\/post"}],"author":[{"embeddable":true,"href":"https:\/\/batijournal.com\/index.php\/wp-json\/wp\/v2\/users\/1"}],"replies":[{"embeddable":true,"href":"https:\/\/batijournal.com\/index.php\/wp-json\/wp\/v2\/comments?post=79717"}],"version-history":[{"count":0,"href":"https:\/\/batijournal.com\/index.php\/wp-json\/wp\/v2\/posts\/79717\/revisions"}],"wp:featuredmedia":[{"embeddable":true,"href":"https:\/\/batijournal.com\/index.php\/wp-json\/wp\/v2\/media\/79718"}],"wp:attachment":[{"href":"https:\/\/batijournal.com\/index.php\/wp-json\/wp\/v2\/media?parent=79717"}],"wp:term":[{"taxonomy":"category","embeddable":true,"href":"https:\/\/batijournal.com\/index.php\/wp-json\/wp\/v2\/categories?post=79717"},{"taxonomy":"post_tag","embeddable":true,"href":"https:\/\/batijournal.com\/index.php\/wp-json\/wp\/v2\/tags?post=79717"}],"curies":[{"name":"wp","href":"https:\/\/api.w.org\/{rel}","templated":true}]}}