{"id":79724,"date":"2010-11-23T00:00:00","date_gmt":"2010-11-22T23:00:00","guid":{"rendered":"http:\/\/b.bati-journal.com\/12e-colloque-annuel-du-syndicat-des-energies-renouvelables\/79724"},"modified":"2010-11-23T00:00:00","modified_gmt":"2010-11-22T23:00:00","slug":"12e-colloque-annuel-du-syndicat-des-energies-renouvelables","status":"publish","type":"post","link":"https:\/\/batijournal.com\/index.php\/12e-colloque-annuel-du-syndicat-des-energies-renouvelables\/79724\/","title":{"rendered":"12e colloque annuel du Syndicat des \u00e9nergies renouvelables"},"content":{"rendered":"<p>Le 1er f\u00e9vrier 2011, au Cnit (La D\u00e9fense), le Syndicat des \u00e9nergies renouvelables organise son 12e colloque plac\u00e9 sous le haut patronage de Nicolas Sarkozy, pr\u00e9sident de la R\u00e9publique, et intitul\u00e9 \u00ab\u00a0Energies renouvelables : fantasmes et r\u00e9alit\u00e9s\u00a0\u00bb. Cette manifestation abordera notamment des th\u00e9matiques comme les enjeux \u00e9nerg\u00e9tiques des \u00e9nergies renouvelables, leurs enjeux environnementaux, leur r\u00e9alit\u00e9 industrielle ou encore leur soutenabilit\u00e9 \u00e9conomique. De nombreuses personnalit\u00e9s ont d\u00e9j\u00e0 r\u00e9pondu \u00e0 notre invitation et interviendront lors de cette journ\u00e9e. Ce colloque du SER constitue un \u00e9v\u00e9nement marquant qui r\u00e9unit, chaque ann\u00e9e, \u00e0 sa tribune, des acteurs majeurs du monde politique, \u00e9conomique et de la soci\u00e9t\u00e9 civile. Ces derni\u00e8res \u00e9ditions ont rassembl\u00e9 plus d\u0092un millier de participants. Pour obtenir de plus amples renseignements et vous inscrire au colloque : <a href=\"http:\/\/www.enr.fr\" target=\"_blank\">www.enr.fr<\/a><\/p>\n","protected":false},"excerpt":{"rendered":"<p>Le 1er f\u00e9vrier 2011, au Cnit (La D\u00e9fense), le Syndicat des \u00e9nergies renouvelables organise son 12e colloque plac\u00e9 sous le haut patronage de Nicolas Sarkozy, pr\u00e9sident de la R\u00e9publique, et intitul\u00e9 \u00ab\u00a0Energies renouvelables : fantasmes et r\u00e9alit\u00e9s\u00a0\u00bb. Cette manifestation abordera notamment des th\u00e9matiques comme les enjeux \u00e9nerg\u00e9tiques des \u00e9nergies renouvelables, leurs enjeux environnementaux, leur r\u00e9alit\u00e9 [&hellip;]<\/p>\n","protected":false},"author":1,"featured_media":0,"comment_status":"open","ping_status":"closed","sticky":false,"template":"","format":"standard","meta":{"_et_pb_use_builder":"","_et_pb_old_content":"","_et_gb_content_width":"","footnotes":""},"categories":[9192],"tags":[674,8165],"class_list":["post-79724","post","type-post","status-publish","format-standard","hentry","category-evenements","tag-colloque","tag-syndicat-des-energies-renouvelables"],"yoast_head":"<!-- This site is optimized with the Yoast SEO plugin v27.4 - https:\/\/yoast.com\/product\/yoast-seo-wordpress\/ -->\n<title>12e colloque annuel du Syndicat des \u00e9nergies renouvelables<\/title>\n<meta name=\"robots\" content=\"index, follow, max-snippet:-1, max-image-preview:large, max-video-preview:-1\" \/>\n<link rel=\"canonical\" href=\"https:\/\/batijournal.com\/index.php\/12e-colloque-annuel-du-syndicat-des-energies-renouvelables\/79724\/\" \/>\n<meta property=\"og:locale\" content=\"fr_FR\" \/>\n<meta property=\"og:type\" content=\"article\" \/>\n<meta property=\"og:title\" content=\"12e colloque annuel du Syndicat des \u00e9nergies renouvelables\" \/>\n<meta property=\"og:description\" content=\"Le 1er f\u00e9vrier 2011, au Cnit (La D\u00e9fense), le Syndicat des \u00e9nergies renouvelables organise son 12e colloque plac\u00e9 sous le haut patronage de Nicolas Sarkozy, pr\u00e9sident de la R\u00e9publique, et intitul\u00e9 \u00ab\u00a0Energies renouvelables : fantasmes et r\u00e9alit\u00e9s\u00a0\u00bb. Cette manifestation abordera notamment des th\u00e9matiques comme les enjeux \u00e9nerg\u00e9tiques des \u00e9nergies renouvelables, leurs enjeux environnementaux, leur r\u00e9alit\u00e9 [&hellip;]\" \/>\n<meta property=\"og:url\" content=\"https:\/\/batijournal.com\/index.php\/12e-colloque-annuel-du-syndicat-des-energies-renouvelables\/79724\/\" \/>\n<meta property=\"og:site_name\" content=\"Batijournal\" \/>\n<meta property=\"article:published_time\" content=\"2010-11-22T23:00:00+00:00\" \/>\n<meta name=\"author\" content=\"Bati-journal\" \/>\n<meta name=\"twitter:card\" content=\"summary_large_image\" \/>\n<meta name=\"twitter:creator\" content=\"@bati_journal\" \/>\n<meta name=\"twitter:site\" content=\"@bati_journal\" \/>\n<meta name=\"twitter:label1\" content=\"\u00c9crit par\" \/>\n\t<meta name=\"twitter:data1\" content=\"Bati-journal\" \/>\n\t<meta name=\"twitter:label2\" content=\"Dur\u00e9e de lecture estim\u00e9e\" \/>\n\t<meta name=\"twitter:data2\" content=\"1 minute\" \/>\n<script type=\"application\/ld+json\" class=\"yoast-schema-graph\">{\"@context\":\"https:\\\/\\\/schema.org\",\"@graph\":[{\"@type\":\"Article\",\"@id\":\"https:\\\/\\\/batijournal.com\\\/index.php\\\/12e-colloque-annuel-du-syndicat-des-energies-renouvelables\\\/79724\\\/#article\",\"isPartOf\":{\"@id\":\"https:\\\/\\\/batijournal.com\\\/index.php\\\/12e-colloque-annuel-du-syndicat-des-energies-renouvelables\\\/79724\\\/\"},\"author\":{\"name\":\"Bati-journal\",\"@id\":\"https:\\\/\\\/batijournal.com\\\/#\\\/schema\\\/person\\\/6a657e8967569e1b299972574848aa76\"},\"headline\":\"12e colloque annuel du Syndicat des \u00e9nergies renouvelables\",\"datePublished\":\"2010-11-22T23:00:00+00:00\",\"mainEntityOfPage\":{\"@id\":\"https:\\\/\\\/batijournal.com\\\/index.php\\\/12e-colloque-annuel-du-syndicat-des-energies-renouvelables\\\/79724\\\/\"},\"wordCount\":150,\"commentCount\":0,\"keywords\":[\"colloque\",\"syndicat des energies renouvelables\"],\"articleSection\":[\"\u00c9v\u00e9nements\"],\"inLanguage\":\"fr-FR\",\"potentialAction\":[{\"@type\":\"CommentAction\",\"name\":\"Comment\",\"target\":[\"https:\\\/\\\/batijournal.com\\\/index.php\\\/12e-colloque-annuel-du-syndicat-des-energies-renouvelables\\\/79724\\\/#respond\"]}]},{\"@type\":\"WebPage\",\"@id\":\"https:\\\/\\\/batijournal.com\\\/index.php\\\/12e-colloque-annuel-du-syndicat-des-energies-renouvelables\\\/79724\\\/\",\"url\":\"https:\\\/\\\/batijournal.com\\\/index.php\\\/12e-colloque-annuel-du-syndicat-des-energies-renouvelables\\\/79724\\\/\",\"name\":\"12e colloque annuel du Syndicat des \u00e9nergies renouvelables\",\"isPartOf\":{\"@id\":\"https:\\\/\\\/batijournal.com\\\/#website\"},\"datePublished\":\"2010-11-22T23:00:00+00:00\",\"author\":{\"@id\":\"https:\\\/\\\/batijournal.com\\\/#\\\/schema\\\/person\\\/6a657e8967569e1b299972574848aa76\"},\"breadcrumb\":{\"@id\":\"https:\\\/\\\/batijournal.com\\\/index.php\\\/12e-colloque-annuel-du-syndicat-des-energies-renouvelables\\\/79724\\\/#breadcrumb\"},\"inLanguage\":\"fr-FR\",\"potentialAction\":[{\"@type\":\"ReadAction\",\"target\":[\"https:\\\/\\\/batijournal.com\\\/index.php\\\/12e-colloque-annuel-du-syndicat-des-energies-renouvelables\\\/79724\\\/\"]}]},{\"@type\":\"BreadcrumbList\",\"@id\":\"https:\\\/\\\/batijournal.com\\\/index.php\\\/12e-colloque-annuel-du-syndicat-des-energies-renouvelables\\\/79724\\\/#breadcrumb\",\"itemListElement\":[{\"@type\":\"ListItem\",\"position\":1,\"name\":\"Accueil\",\"item\":\"https:\\\/\\\/batijournal.com\\\/\"},{\"@type\":\"ListItem\",\"position\":2,\"name\":\"\u00c9v\u00e9nements\",\"item\":\"https:\\\/\\\/batijournal.com\\\/index.php\\\/category\\\/evenements\\\/\"},{\"@type\":\"ListItem\",\"position\":3,\"name\":\"12e colloque annuel du Syndicat des \u00e9nergies renouvelables\"}]},{\"@type\":\"WebSite\",\"@id\":\"https:\\\/\\\/batijournal.com\\\/#website\",\"url\":\"https:\\\/\\\/batijournal.com\\\/\",\"name\":\"Batijournal\",\"description\":\"L&#039;actualit\u00e9 du b\u00e2timent\",\"potentialAction\":[{\"@type\":\"SearchAction\",\"target\":{\"@type\":\"EntryPoint\",\"urlTemplate\":\"https:\\\/\\\/batijournal.com\\\/?s={search_term_string}\"},\"query-input\":{\"@type\":\"PropertyValueSpecification\",\"valueRequired\":true,\"valueName\":\"search_term_string\"}}],\"inLanguage\":\"fr-FR\"},{\"@type\":\"Person\",\"@id\":\"https:\\\/\\\/batijournal.com\\\/#\\\/schema\\\/person\\\/6a657e8967569e1b299972574848aa76\",\"name\":\"Bati-journal\",\"image\":{\"@type\":\"ImageObject\",\"inLanguage\":\"fr-FR\",\"@id\":\"https:\\\/\\\/secure.gravatar.com\\\/avatar\\\/a64364ea26392f9b4dd47e017ddaec74ff03aefc073b49e492e847201258f777?s=96&d=mm&r=g\",\"url\":\"https:\\\/\\\/secure.gravatar.com\\\/avatar\\\/a64364ea26392f9b4dd47e017ddaec74ff03aefc073b49e492e847201258f777?s=96&d=mm&r=g\",\"contentUrl\":\"https:\\\/\\\/secure.gravatar.com\\\/avatar\\\/a64364ea26392f9b4dd47e017ddaec74ff03aefc073b49e492e847201258f777?s=96&d=mm&r=g\",\"caption\":\"Bati-journal\"},\"url\":\"https:\\\/\\\/batijournal.com\\\/index.php\\\/author\\\/elodie\\\/\"}]}<\/script>\n<!-- \/ Yoast SEO plugin. -->","yoast_head_json":{"title":"12e colloque annuel du Syndicat des \u00e9nergies renouvelables","robots":{"index":"index","follow":"follow","max-snippet":"max-snippet:-1","max-image-preview":"max-image-preview:large","max-video-preview":"max-video-preview:-1"},"canonical":"https:\/\/batijournal.com\/index.php\/12e-colloque-annuel-du-syndicat-des-energies-renouvelables\/79724\/","og_locale":"fr_FR","og_type":"article","og_title":"12e colloque annuel du Syndicat des \u00e9nergies renouvelables","og_description":"Le 1er f\u00e9vrier 2011, au Cnit (La D\u00e9fense), le Syndicat des \u00e9nergies renouvelables organise son 12e colloque plac\u00e9 sous le haut patronage de Nicolas Sarkozy, pr\u00e9sident de la R\u00e9publique, et intitul\u00e9 \u00ab\u00a0Energies renouvelables : fantasmes et r\u00e9alit\u00e9s\u00a0\u00bb. Cette manifestation abordera notamment des th\u00e9matiques comme les enjeux \u00e9nerg\u00e9tiques des \u00e9nergies renouvelables, leurs enjeux environnementaux, leur r\u00e9alit\u00e9 [&hellip;]","og_url":"https:\/\/batijournal.com\/index.php\/12e-colloque-annuel-du-syndicat-des-energies-renouvelables\/79724\/","og_site_name":"Batijournal","article_published_time":"2010-11-22T23:00:00+00:00","author":"Bati-journal","twitter_card":"summary_large_image","twitter_creator":"@bati_journal","twitter_site":"@bati_journal","twitter_misc":{"\u00c9crit par":"Bati-journal","Dur\u00e9e de lecture estim\u00e9e":"1 minute"},"schema":{"@context":"https:\/\/schema.org","@graph":[{"@type":"Article","@id":"https:\/\/batijournal.com\/index.php\/12e-colloque-annuel-du-syndicat-des-energies-renouvelables\/79724\/#article","isPartOf":{"@id":"https:\/\/batijournal.com\/index.php\/12e-colloque-annuel-du-syndicat-des-energies-renouvelables\/79724\/"},"author":{"name":"Bati-journal","@id":"https:\/\/batijournal.com\/#\/schema\/person\/6a657e8967569e1b299972574848aa76"},"headline":"12e colloque annuel du Syndicat des \u00e9nergies renouvelables","datePublished":"2010-11-22T23:00:00+00:00","mainEntityOfPage":{"@id":"https:\/\/batijournal.com\/index.php\/12e-colloque-annuel-du-syndicat-des-energies-renouvelables\/79724\/"},"wordCount":150,"commentCount":0,"keywords":["colloque","syndicat des energies renouvelables"],"articleSection":["\u00c9v\u00e9nements"],"inLanguage":"fr-FR","potentialAction":[{"@type":"CommentAction","name":"Comment","target":["https:\/\/batijournal.com\/index.php\/12e-colloque-annuel-du-syndicat-des-energies-renouvelables\/79724\/#respond"]}]},{"@type":"WebPage","@id":"https:\/\/batijournal.com\/index.php\/12e-colloque-annuel-du-syndicat-des-energies-renouvelables\/79724\/","url":"https:\/\/batijournal.com\/index.php\/12e-colloque-annuel-du-syndicat-des-energies-renouvelables\/79724\/","name":"12e colloque annuel du Syndicat des \u00e9nergies renouvelables","isPartOf":{"@id":"https:\/\/batijournal.com\/#website"},"datePublished":"2010-11-22T23:00:00+00:00","author":{"@id":"https:\/\/batijournal.com\/#\/schema\/person\/6a657e8967569e1b299972574848aa76"},"breadcrumb":{"@id":"https:\/\/batijournal.com\/index.php\/12e-colloque-annuel-du-syndicat-des-energies-renouvelables\/79724\/#breadcrumb"},"inLanguage":"fr-FR","potentialAction":[{"@type":"ReadAction","target":["https:\/\/batijournal.com\/index.php\/12e-colloque-annuel-du-syndicat-des-energies-renouvelables\/79724\/"]}]},{"@type":"BreadcrumbList","@id":"https:\/\/batijournal.com\/index.php\/12e-colloque-annuel-du-syndicat-des-energies-renouvelables\/79724\/#breadcrumb","itemListElement":[{"@type":"ListItem","position":1,"name":"Accueil","item":"https:\/\/batijournal.com\/"},{"@type":"ListItem","position":2,"name":"\u00c9v\u00e9nements","item":"https:\/\/batijournal.com\/index.php\/category\/evenements\/"},{"@type":"ListItem","position":3,"name":"12e colloque annuel du Syndicat des \u00e9nergies renouvelables"}]},{"@type":"WebSite","@id":"https:\/\/batijournal.com\/#website","url":"https:\/\/batijournal.com\/","name":"Batijournal","description":"L&#039;actualit\u00e9 du b\u00e2timent","potentialAction":[{"@type":"SearchAction","target":{"@type":"EntryPoint","urlTemplate":"https:\/\/batijournal.com\/?s={search_term_string}"},"query-input":{"@type":"PropertyValueSpecification","valueRequired":true,"valueName":"search_term_string"}}],"inLanguage":"fr-FR"},{"@type":"Person","@id":"https:\/\/batijournal.com\/#\/schema\/person\/6a657e8967569e1b299972574848aa76","name":"Bati-journal","image":{"@type":"ImageObject","inLanguage":"fr-FR","@id":"https:\/\/secure.gravatar.com\/avatar\/a64364ea26392f9b4dd47e017ddaec74ff03aefc073b49e492e847201258f777?s=96&d=mm&r=g","url":"https:\/\/secure.gravatar.com\/avatar\/a64364ea26392f9b4dd47e017ddaec74ff03aefc073b49e492e847201258f777?s=96&d=mm&r=g","contentUrl":"https:\/\/secure.gravatar.com\/avatar\/a64364ea26392f9b4dd47e017ddaec74ff03aefc073b49e492e847201258f777?s=96&d=mm&r=g","caption":"Bati-journal"},"url":"https:\/\/batijournal.com\/index.php\/author\/elodie\/"}]}},"_links":{"self":[{"href":"https:\/\/batijournal.com\/index.php\/wp-json\/wp\/v2\/posts\/79724","targetHints":{"allow":["GET"]}}],"collection":[{"href":"https:\/\/batijournal.com\/index.php\/wp-json\/wp\/v2\/posts"}],"about":[{"href":"https:\/\/batijournal.com\/index.php\/wp-json\/wp\/v2\/types\/post"}],"author":[{"embeddable":true,"href":"https:\/\/batijournal.com\/index.php\/wp-json\/wp\/v2\/users\/1"}],"replies":[{"embeddable":true,"href":"https:\/\/batijournal.com\/index.php\/wp-json\/wp\/v2\/comments?post=79724"}],"version-history":[{"count":0,"href":"https:\/\/batijournal.com\/index.php\/wp-json\/wp\/v2\/posts\/79724\/revisions"}],"wp:attachment":[{"href":"https:\/\/batijournal.com\/index.php\/wp-json\/wp\/v2\/media?parent=79724"}],"wp:term":[{"taxonomy":"category","embeddable":true,"href":"https:\/\/batijournal.com\/index.php\/wp-json\/wp\/v2\/categories?post=79724"},{"taxonomy":"post_tag","embeddable":true,"href":"https:\/\/batijournal.com\/index.php\/wp-json\/wp\/v2\/tags?post=79724"}],"curies":[{"name":"wp","href":"https:\/\/api.w.org\/{rel}","templated":true}]}}