{"id":79761,"date":"2011-03-10T00:00:00","date_gmt":"2011-03-09T23:00:00","guid":{"rendered":"http:\/\/b.bati-journal.com\/les-assises-nationales-de-lamenagement-et-de-leconomie-durables-en-montagne\/79761"},"modified":"2011-03-10T00:00:00","modified_gmt":"2011-03-09T23:00:00","slug":"les-assises-nationales-de-lamenagement-et-de-leconomie-durables-en-montagne","status":"publish","type":"post","link":"https:\/\/batijournal.com\/index.php\/les-assises-nationales-de-lamenagement-et-de-leconomie-durables-en-montagne\/79761\/","title":{"rendered":"Les Assises nationales de l&rsquo;am\u00e9nagement et de l&rsquo;\u00e9conomie durables en montagne"},"content":{"rendered":"<p>Les 28 et 29 avril prochains, Chamb\u00e9ry accueillera, au centre de congr\u00e8s Le Man\u00e8ge et \u00e0 SavoiExpo, les premi\u00e8res Assises nationales de l\u0092am\u00e9nagement et de l\u0092\u00e9conomie durables en montagne. Pour leur premi\u00e8re \u00e9dition, ces assises sont parrain\u00e9es par la R\u00e9gion Rh\u00f4ne-Alpes, fortement engag\u00e9e sur l\u0092accessibilit\u00e9 des stations par les transports les plus respectueux de nos montagnes, par le conseil g\u00e9n\u00e9ral de la Savoie, qui a fait de l\u0092environnement une de ses priorit\u00e9s depuis plus de 25 ans, et par la ville de Chamb\u00e9ry, tr\u00e8s attach\u00e9e au d\u00e9veloppement durable entre les espaces urbains et les espaces naturels. Pilot\u00e9es par l\u0092institut de la Montagne, elles devront, au-del\u00e0 de l\u0092\u00e9tat des lieux del\u0092am\u00e9nagement et l\u0092\u00e9conomie durables en montagne, d\u00e9gager les enjeux de d\u00e9veloppement, ainsi que les messages et recommandations des acteurs socio-professionnels de la montagne aux \u00e9lus sur les priorit\u00e9s d\u0092action \u00e0 court et moyen termes.<\/p>\n","protected":false},"excerpt":{"rendered":"<p>Les 28 et 29 avril prochains, Chamb\u00e9ry accueillera, au centre de congr\u00e8s Le Man\u00e8ge et \u00e0 SavoiExpo, les premi\u00e8res Assises nationales de l\u0092am\u00e9nagement et de l\u0092\u00e9conomie durables en montagne. Pour leur premi\u00e8re \u00e9dition, ces assises sont parrain\u00e9es par la R\u00e9gion Rh\u00f4ne-Alpes, fortement engag\u00e9e sur l\u0092accessibilit\u00e9 des stations par les transports les plus respectueux de nos [&hellip;]<\/p>\n","protected":false},"author":1,"featured_media":0,"comment_status":"open","ping_status":"closed","sticky":false,"template":"","format":"standard","meta":{"_et_pb_use_builder":"","_et_pb_old_content":"","_et_gb_content_width":"","footnotes":""},"categories":[9192],"tags":[9394],"class_list":["post-79761","post","type-post","status-publish","format-standard","hentry","category-evenements","tag-chambery"],"yoast_head":"<!-- This site is optimized with the Yoast SEO plugin v27.4 - https:\/\/yoast.com\/product\/yoast-seo-wordpress\/ -->\n<title>Les Assises nationales de l&#039;am\u00e9nagement et de l&#039;\u00e9conomie durables en montagne<\/title>\n<meta name=\"robots\" content=\"index, follow, max-snippet:-1, max-image-preview:large, max-video-preview:-1\" \/>\n<link rel=\"canonical\" href=\"https:\/\/batijournal.com\/index.php\/les-assises-nationales-de-lamenagement-et-de-leconomie-durables-en-montagne\/79761\/\" \/>\n<meta property=\"og:locale\" content=\"fr_FR\" \/>\n<meta property=\"og:type\" content=\"article\" \/>\n<meta property=\"og:title\" content=\"Les Assises nationales de l&#039;am\u00e9nagement et de l&#039;\u00e9conomie durables en montagne\" \/>\n<meta property=\"og:description\" content=\"Les 28 et 29 avril prochains, Chamb\u00e9ry accueillera, au centre de congr\u00e8s Le Man\u00e8ge et \u00e0 SavoiExpo, les premi\u00e8res Assises nationales de l\u0092am\u00e9nagement et de l\u0092\u00e9conomie durables en montagne. Pour leur premi\u00e8re \u00e9dition, ces assises sont parrain\u00e9es par la R\u00e9gion Rh\u00f4ne-Alpes, fortement engag\u00e9e sur l\u0092accessibilit\u00e9 des stations par les transports les plus respectueux de nos [&hellip;]\" \/>\n<meta property=\"og:url\" content=\"https:\/\/batijournal.com\/index.php\/les-assises-nationales-de-lamenagement-et-de-leconomie-durables-en-montagne\/79761\/\" \/>\n<meta property=\"og:site_name\" content=\"Batijournal\" \/>\n<meta property=\"article:published_time\" content=\"2011-03-09T23:00:00+00:00\" \/>\n<meta name=\"author\" content=\"Bati-journal\" \/>\n<meta name=\"twitter:card\" content=\"summary_large_image\" \/>\n<meta name=\"twitter:creator\" content=\"@bati_journal\" \/>\n<meta name=\"twitter:site\" content=\"@bati_journal\" \/>\n<meta name=\"twitter:label1\" content=\"\u00c9crit par\" \/>\n\t<meta name=\"twitter:data1\" content=\"Bati-journal\" \/>\n\t<meta name=\"twitter:label2\" content=\"Dur\u00e9e de lecture estim\u00e9e\" \/>\n\t<meta name=\"twitter:data2\" content=\"1 minute\" \/>\n<script type=\"application\/ld+json\" class=\"yoast-schema-graph\">{\"@context\":\"https:\\\/\\\/schema.org\",\"@graph\":[{\"@type\":\"Article\",\"@id\":\"https:\\\/\\\/batijournal.com\\\/index.php\\\/les-assises-nationales-de-lamenagement-et-de-leconomie-durables-en-montagne\\\/79761\\\/#article\",\"isPartOf\":{\"@id\":\"https:\\\/\\\/batijournal.com\\\/index.php\\\/les-assises-nationales-de-lamenagement-et-de-leconomie-durables-en-montagne\\\/79761\\\/\"},\"author\":{\"name\":\"Bati-journal\",\"@id\":\"https:\\\/\\\/batijournal.com\\\/#\\\/schema\\\/person\\\/6a657e8967569e1b299972574848aa76\"},\"headline\":\"Les Assises nationales de l&rsquo;am\u00e9nagement et de l&rsquo;\u00e9conomie durables en montagne\",\"datePublished\":\"2011-03-09T23:00:00+00:00\",\"mainEntityOfPage\":{\"@id\":\"https:\\\/\\\/batijournal.com\\\/index.php\\\/les-assises-nationales-de-lamenagement-et-de-leconomie-durables-en-montagne\\\/79761\\\/\"},\"wordCount\":183,\"commentCount\":0,\"keywords\":[\"chambery\"],\"articleSection\":[\"\u00c9v\u00e9nements\"],\"inLanguage\":\"fr-FR\",\"potentialAction\":[{\"@type\":\"CommentAction\",\"name\":\"Comment\",\"target\":[\"https:\\\/\\\/batijournal.com\\\/index.php\\\/les-assises-nationales-de-lamenagement-et-de-leconomie-durables-en-montagne\\\/79761\\\/#respond\"]}]},{\"@type\":\"WebPage\",\"@id\":\"https:\\\/\\\/batijournal.com\\\/index.php\\\/les-assises-nationales-de-lamenagement-et-de-leconomie-durables-en-montagne\\\/79761\\\/\",\"url\":\"https:\\\/\\\/batijournal.com\\\/index.php\\\/les-assises-nationales-de-lamenagement-et-de-leconomie-durables-en-montagne\\\/79761\\\/\",\"name\":\"Les Assises nationales de l'am\u00e9nagement et de l'\u00e9conomie durables en montagne\",\"isPartOf\":{\"@id\":\"https:\\\/\\\/batijournal.com\\\/#website\"},\"datePublished\":\"2011-03-09T23:00:00+00:00\",\"author\":{\"@id\":\"https:\\\/\\\/batijournal.com\\\/#\\\/schema\\\/person\\\/6a657e8967569e1b299972574848aa76\"},\"breadcrumb\":{\"@id\":\"https:\\\/\\\/batijournal.com\\\/index.php\\\/les-assises-nationales-de-lamenagement-et-de-leconomie-durables-en-montagne\\\/79761\\\/#breadcrumb\"},\"inLanguage\":\"fr-FR\",\"potentialAction\":[{\"@type\":\"ReadAction\",\"target\":[\"https:\\\/\\\/batijournal.com\\\/index.php\\\/les-assises-nationales-de-lamenagement-et-de-leconomie-durables-en-montagne\\\/79761\\\/\"]}]},{\"@type\":\"BreadcrumbList\",\"@id\":\"https:\\\/\\\/batijournal.com\\\/index.php\\\/les-assises-nationales-de-lamenagement-et-de-leconomie-durables-en-montagne\\\/79761\\\/#breadcrumb\",\"itemListElement\":[{\"@type\":\"ListItem\",\"position\":1,\"name\":\"Accueil\",\"item\":\"https:\\\/\\\/batijournal.com\\\/\"},{\"@type\":\"ListItem\",\"position\":2,\"name\":\"\u00c9v\u00e9nements\",\"item\":\"https:\\\/\\\/batijournal.com\\\/index.php\\\/category\\\/evenements\\\/\"},{\"@type\":\"ListItem\",\"position\":3,\"name\":\"Les Assises nationales de l&rsquo;am\u00e9nagement et de l&rsquo;\u00e9conomie durables en montagne\"}]},{\"@type\":\"WebSite\",\"@id\":\"https:\\\/\\\/batijournal.com\\\/#website\",\"url\":\"https:\\\/\\\/batijournal.com\\\/\",\"name\":\"Batijournal\",\"description\":\"L&#039;actualit\u00e9 du b\u00e2timent\",\"potentialAction\":[{\"@type\":\"SearchAction\",\"target\":{\"@type\":\"EntryPoint\",\"urlTemplate\":\"https:\\\/\\\/batijournal.com\\\/?s={search_term_string}\"},\"query-input\":{\"@type\":\"PropertyValueSpecification\",\"valueRequired\":true,\"valueName\":\"search_term_string\"}}],\"inLanguage\":\"fr-FR\"},{\"@type\":\"Person\",\"@id\":\"https:\\\/\\\/batijournal.com\\\/#\\\/schema\\\/person\\\/6a657e8967569e1b299972574848aa76\",\"name\":\"Bati-journal\",\"image\":{\"@type\":\"ImageObject\",\"inLanguage\":\"fr-FR\",\"@id\":\"https:\\\/\\\/secure.gravatar.com\\\/avatar\\\/a64364ea26392f9b4dd47e017ddaec74ff03aefc073b49e492e847201258f777?s=96&d=mm&r=g\",\"url\":\"https:\\\/\\\/secure.gravatar.com\\\/avatar\\\/a64364ea26392f9b4dd47e017ddaec74ff03aefc073b49e492e847201258f777?s=96&d=mm&r=g\",\"contentUrl\":\"https:\\\/\\\/secure.gravatar.com\\\/avatar\\\/a64364ea26392f9b4dd47e017ddaec74ff03aefc073b49e492e847201258f777?s=96&d=mm&r=g\",\"caption\":\"Bati-journal\"},\"url\":\"https:\\\/\\\/batijournal.com\\\/index.php\\\/author\\\/elodie\\\/\"}]}<\/script>\n<!-- \/ Yoast SEO plugin. -->","yoast_head_json":{"title":"Les Assises nationales de l'am\u00e9nagement et de l'\u00e9conomie durables en montagne","robots":{"index":"index","follow":"follow","max-snippet":"max-snippet:-1","max-image-preview":"max-image-preview:large","max-video-preview":"max-video-preview:-1"},"canonical":"https:\/\/batijournal.com\/index.php\/les-assises-nationales-de-lamenagement-et-de-leconomie-durables-en-montagne\/79761\/","og_locale":"fr_FR","og_type":"article","og_title":"Les Assises nationales de l'am\u00e9nagement et de l'\u00e9conomie durables en montagne","og_description":"Les 28 et 29 avril prochains, Chamb\u00e9ry accueillera, au centre de congr\u00e8s Le Man\u00e8ge et \u00e0 SavoiExpo, les premi\u00e8res Assises nationales de l\u0092am\u00e9nagement et de l\u0092\u00e9conomie durables en montagne. Pour leur premi\u00e8re \u00e9dition, ces assises sont parrain\u00e9es par la R\u00e9gion Rh\u00f4ne-Alpes, fortement engag\u00e9e sur l\u0092accessibilit\u00e9 des stations par les transports les plus respectueux de nos [&hellip;]","og_url":"https:\/\/batijournal.com\/index.php\/les-assises-nationales-de-lamenagement-et-de-leconomie-durables-en-montagne\/79761\/","og_site_name":"Batijournal","article_published_time":"2011-03-09T23:00:00+00:00","author":"Bati-journal","twitter_card":"summary_large_image","twitter_creator":"@bati_journal","twitter_site":"@bati_journal","twitter_misc":{"\u00c9crit par":"Bati-journal","Dur\u00e9e de lecture estim\u00e9e":"1 minute"},"schema":{"@context":"https:\/\/schema.org","@graph":[{"@type":"Article","@id":"https:\/\/batijournal.com\/index.php\/les-assises-nationales-de-lamenagement-et-de-leconomie-durables-en-montagne\/79761\/#article","isPartOf":{"@id":"https:\/\/batijournal.com\/index.php\/les-assises-nationales-de-lamenagement-et-de-leconomie-durables-en-montagne\/79761\/"},"author":{"name":"Bati-journal","@id":"https:\/\/batijournal.com\/#\/schema\/person\/6a657e8967569e1b299972574848aa76"},"headline":"Les Assises nationales de l&rsquo;am\u00e9nagement et de l&rsquo;\u00e9conomie durables en montagne","datePublished":"2011-03-09T23:00:00+00:00","mainEntityOfPage":{"@id":"https:\/\/batijournal.com\/index.php\/les-assises-nationales-de-lamenagement-et-de-leconomie-durables-en-montagne\/79761\/"},"wordCount":183,"commentCount":0,"keywords":["chambery"],"articleSection":["\u00c9v\u00e9nements"],"inLanguage":"fr-FR","potentialAction":[{"@type":"CommentAction","name":"Comment","target":["https:\/\/batijournal.com\/index.php\/les-assises-nationales-de-lamenagement-et-de-leconomie-durables-en-montagne\/79761\/#respond"]}]},{"@type":"WebPage","@id":"https:\/\/batijournal.com\/index.php\/les-assises-nationales-de-lamenagement-et-de-leconomie-durables-en-montagne\/79761\/","url":"https:\/\/batijournal.com\/index.php\/les-assises-nationales-de-lamenagement-et-de-leconomie-durables-en-montagne\/79761\/","name":"Les Assises nationales de l'am\u00e9nagement et de l'\u00e9conomie durables en montagne","isPartOf":{"@id":"https:\/\/batijournal.com\/#website"},"datePublished":"2011-03-09T23:00:00+00:00","author":{"@id":"https:\/\/batijournal.com\/#\/schema\/person\/6a657e8967569e1b299972574848aa76"},"breadcrumb":{"@id":"https:\/\/batijournal.com\/index.php\/les-assises-nationales-de-lamenagement-et-de-leconomie-durables-en-montagne\/79761\/#breadcrumb"},"inLanguage":"fr-FR","potentialAction":[{"@type":"ReadAction","target":["https:\/\/batijournal.com\/index.php\/les-assises-nationales-de-lamenagement-et-de-leconomie-durables-en-montagne\/79761\/"]}]},{"@type":"BreadcrumbList","@id":"https:\/\/batijournal.com\/index.php\/les-assises-nationales-de-lamenagement-et-de-leconomie-durables-en-montagne\/79761\/#breadcrumb","itemListElement":[{"@type":"ListItem","position":1,"name":"Accueil","item":"https:\/\/batijournal.com\/"},{"@type":"ListItem","position":2,"name":"\u00c9v\u00e9nements","item":"https:\/\/batijournal.com\/index.php\/category\/evenements\/"},{"@type":"ListItem","position":3,"name":"Les Assises nationales de l&rsquo;am\u00e9nagement et de l&rsquo;\u00e9conomie durables en montagne"}]},{"@type":"WebSite","@id":"https:\/\/batijournal.com\/#website","url":"https:\/\/batijournal.com\/","name":"Batijournal","description":"L&#039;actualit\u00e9 du b\u00e2timent","potentialAction":[{"@type":"SearchAction","target":{"@type":"EntryPoint","urlTemplate":"https:\/\/batijournal.com\/?s={search_term_string}"},"query-input":{"@type":"PropertyValueSpecification","valueRequired":true,"valueName":"search_term_string"}}],"inLanguage":"fr-FR"},{"@type":"Person","@id":"https:\/\/batijournal.com\/#\/schema\/person\/6a657e8967569e1b299972574848aa76","name":"Bati-journal","image":{"@type":"ImageObject","inLanguage":"fr-FR","@id":"https:\/\/secure.gravatar.com\/avatar\/a64364ea26392f9b4dd47e017ddaec74ff03aefc073b49e492e847201258f777?s=96&d=mm&r=g","url":"https:\/\/secure.gravatar.com\/avatar\/a64364ea26392f9b4dd47e017ddaec74ff03aefc073b49e492e847201258f777?s=96&d=mm&r=g","contentUrl":"https:\/\/secure.gravatar.com\/avatar\/a64364ea26392f9b4dd47e017ddaec74ff03aefc073b49e492e847201258f777?s=96&d=mm&r=g","caption":"Bati-journal"},"url":"https:\/\/batijournal.com\/index.php\/author\/elodie\/"}]}},"_links":{"self":[{"href":"https:\/\/batijournal.com\/index.php\/wp-json\/wp\/v2\/posts\/79761","targetHints":{"allow":["GET"]}}],"collection":[{"href":"https:\/\/batijournal.com\/index.php\/wp-json\/wp\/v2\/posts"}],"about":[{"href":"https:\/\/batijournal.com\/index.php\/wp-json\/wp\/v2\/types\/post"}],"author":[{"embeddable":true,"href":"https:\/\/batijournal.com\/index.php\/wp-json\/wp\/v2\/users\/1"}],"replies":[{"embeddable":true,"href":"https:\/\/batijournal.com\/index.php\/wp-json\/wp\/v2\/comments?post=79761"}],"version-history":[{"count":0,"href":"https:\/\/batijournal.com\/index.php\/wp-json\/wp\/v2\/posts\/79761\/revisions"}],"wp:attachment":[{"href":"https:\/\/batijournal.com\/index.php\/wp-json\/wp\/v2\/media?parent=79761"}],"wp:term":[{"taxonomy":"category","embeddable":true,"href":"https:\/\/batijournal.com\/index.php\/wp-json\/wp\/v2\/categories?post=79761"},{"taxonomy":"post_tag","embeddable":true,"href":"https:\/\/batijournal.com\/index.php\/wp-json\/wp\/v2\/tags?post=79761"}],"curies":[{"name":"wp","href":"https:\/\/api.w.org\/{rel}","templated":true}]}}