{"id":79772,"date":"2011-04-04T00:00:00","date_gmt":"2011-04-03T22:00:00","guid":{"rendered":"http:\/\/b.bati-journal.com\/la-rt-2012-au-coe%c2%9cur-des-debats-du-salon-maitrise-d%c2%92%c2%9coeuvre-2011\/79772"},"modified":"2011-04-04T00:00:00","modified_gmt":"2011-04-03T22:00:00","slug":"la-rt-2012-au-coe%c2%9cur-des-debats-du-salon-maitrise-d%c2%92%c2%9coeuvre-2011","status":"publish","type":"post","link":"https:\/\/batijournal.com\/index.php\/la-rt-2012-au-coe%c2%9cur-des-debats-du-salon-maitrise-d%c2%92%c2%9coeuvre-2011\/79772\/","title":{"rendered":"La  RT 2012 au coe\u009cur des d\u00e9bats du Salon Ma\u00eetrise d\u0092\u009c&rsquo;oeuvre 2011"},"content":{"rendered":"<p>R\u00e9serv\u00e9 \u00e0 tous les professionnels du b\u00e2timent et de la construction, le Salon Ma\u00eetrise d\u0092\u008c&rsquo;oeuvre tient sa quatri\u00e8me \u00e9dition les 8 et 9 juin prochains au Double Mixte de Lyon-Villeurbanne. A l\u0092&rsquo;affiche de cette nouvelle \u00e9dition, un important focus sur la R\u00e9glementation thermique 2012 avant sa mise en application en octobre 2011, autour d\u0092une conf\u00e9rence pl\u00e9ni\u00e8re, de d\u00e9bats et d\u0092&rsquo;ateliers de formation. L\u0092&rsquo;accessibilit\u00e9 et ses nouvelles normes seront, elles aussi, un axe renforc\u00e9 de cette \u00e9dition.<\/p>\n","protected":false},"excerpt":{"rendered":"<p>R\u00e9serv\u00e9 \u00e0 tous les professionnels du b\u00e2timent et de la construction, le Salon Ma\u00eetrise d\u0092\u008c&rsquo;oeuvre tient sa quatri\u00e8me \u00e9dition les 8 et 9 juin prochains au Double Mixte de Lyon-Villeurbanne. A l\u0092&rsquo;affiche de cette nouvelle \u00e9dition, un important focus sur la R\u00e9glementation thermique 2012 avant sa mise en application en octobre 2011, autour d\u0092une conf\u00e9rence [&hellip;]<\/p>\n","protected":false},"author":1,"featured_media":0,"comment_status":"open","ping_status":"closed","sticky":false,"template":"","format":"standard","meta":{"_et_pb_use_builder":"","_et_pb_old_content":"","_et_gb_content_width":"","footnotes":""},"categories":[9192],"tags":[],"class_list":["post-79772","post","type-post","status-publish","format-standard","hentry","category-evenements"],"yoast_head":"<!-- This site is optimized with the Yoast SEO plugin v27.4 - https:\/\/yoast.com\/product\/yoast-seo-wordpress\/ -->\n<title>La RT 2012 au coe\u009cur des d\u00e9bats du Salon Ma\u00eetrise d\u0092\u009c&#039;oeuvre 2011<\/title>\n<meta name=\"robots\" content=\"index, follow, max-snippet:-1, max-image-preview:large, max-video-preview:-1\" \/>\n<link rel=\"canonical\" href=\"https:\/\/batijournal.com\/index.php\/la-rt-2012-au-coe\u009cur-des-debats-du-salon-maitrise-d\u0092\u009coeuvre-2011\/79772\/\" \/>\n<meta property=\"og:locale\" content=\"fr_FR\" \/>\n<meta property=\"og:type\" content=\"article\" \/>\n<meta property=\"og:title\" content=\"La RT 2012 au coe\u009cur des d\u00e9bats du Salon Ma\u00eetrise d\u0092\u009c&#039;oeuvre 2011\" \/>\n<meta property=\"og:description\" content=\"R\u00e9serv\u00e9 \u00e0 tous les professionnels du b\u00e2timent et de la construction, le Salon Ma\u00eetrise d\u0092\u008c&rsquo;oeuvre tient sa quatri\u00e8me \u00e9dition les 8 et 9 juin prochains au Double Mixte de Lyon-Villeurbanne. A l\u0092&rsquo;affiche de cette nouvelle \u00e9dition, un important focus sur la R\u00e9glementation thermique 2012 avant sa mise en application en octobre 2011, autour d\u0092une conf\u00e9rence [&hellip;]\" \/>\n<meta property=\"og:url\" content=\"https:\/\/batijournal.com\/index.php\/la-rt-2012-au-coe\u009cur-des-debats-du-salon-maitrise-d\u0092\u009coeuvre-2011\/79772\/\" \/>\n<meta property=\"og:site_name\" content=\"Batijournal\" \/>\n<meta property=\"article:published_time\" content=\"2011-04-03T22:00:00+00:00\" \/>\n<meta name=\"author\" content=\"Bati-journal\" \/>\n<meta name=\"twitter:card\" content=\"summary_large_image\" \/>\n<meta name=\"twitter:creator\" content=\"@bati_journal\" \/>\n<meta name=\"twitter:site\" content=\"@bati_journal\" \/>\n<meta name=\"twitter:label1\" content=\"\u00c9crit par\" \/>\n\t<meta name=\"twitter:data1\" content=\"Bati-journal\" \/>\n<script type=\"application\/ld+json\" class=\"yoast-schema-graph\">{\"@context\":\"https:\\\/\\\/schema.org\",\"@graph\":[{\"@type\":\"Article\",\"@id\":\"https:\\\/\\\/batijournal.com\\\/index.php\\\/la-rt-2012-au-coe%c2%9cur-des-debats-du-salon-maitrise-d%c2%92%c2%9coeuvre-2011\\\/79772\\\/#article\",\"isPartOf\":{\"@id\":\"https:\\\/\\\/batijournal.com\\\/index.php\\\/la-rt-2012-au-coe%c2%9cur-des-debats-du-salon-maitrise-d%c2%92%c2%9coeuvre-2011\\\/79772\\\/\"},\"author\":{\"name\":\"Bati-journal\",\"@id\":\"https:\\\/\\\/batijournal.com\\\/#\\\/schema\\\/person\\\/6a657e8967569e1b299972574848aa76\"},\"headline\":\"La RT 2012 au coe\u009cur des d\u00e9bats du Salon Ma\u00eetrise d\u0092\u009c&rsquo;oeuvre 2011\",\"datePublished\":\"2011-04-03T22:00:00+00:00\",\"mainEntityOfPage\":{\"@id\":\"https:\\\/\\\/batijournal.com\\\/index.php\\\/la-rt-2012-au-coe%c2%9cur-des-debats-du-salon-maitrise-d%c2%92%c2%9coeuvre-2011\\\/79772\\\/\"},\"wordCount\":99,\"commentCount\":0,\"articleSection\":[\"\u00c9v\u00e9nements\"],\"inLanguage\":\"fr-FR\",\"potentialAction\":[{\"@type\":\"CommentAction\",\"name\":\"Comment\",\"target\":[\"https:\\\/\\\/batijournal.com\\\/index.php\\\/la-rt-2012-au-coe%c2%9cur-des-debats-du-salon-maitrise-d%c2%92%c2%9coeuvre-2011\\\/79772\\\/#respond\"]}]},{\"@type\":\"WebPage\",\"@id\":\"https:\\\/\\\/batijournal.com\\\/index.php\\\/la-rt-2012-au-coe%c2%9cur-des-debats-du-salon-maitrise-d%c2%92%c2%9coeuvre-2011\\\/79772\\\/\",\"url\":\"https:\\\/\\\/batijournal.com\\\/index.php\\\/la-rt-2012-au-coe%c2%9cur-des-debats-du-salon-maitrise-d%c2%92%c2%9coeuvre-2011\\\/79772\\\/\",\"name\":\"La RT 2012 au coe\u009cur des d\u00e9bats du Salon Ma\u00eetrise d\u0092\u009c'oeuvre 2011\",\"isPartOf\":{\"@id\":\"https:\\\/\\\/batijournal.com\\\/#website\"},\"datePublished\":\"2011-04-03T22:00:00+00:00\",\"author\":{\"@id\":\"https:\\\/\\\/batijournal.com\\\/#\\\/schema\\\/person\\\/6a657e8967569e1b299972574848aa76\"},\"breadcrumb\":{\"@id\":\"https:\\\/\\\/batijournal.com\\\/index.php\\\/la-rt-2012-au-coe%c2%9cur-des-debats-du-salon-maitrise-d%c2%92%c2%9coeuvre-2011\\\/79772\\\/#breadcrumb\"},\"inLanguage\":\"fr-FR\",\"potentialAction\":[{\"@type\":\"ReadAction\",\"target\":[\"https:\\\/\\\/batijournal.com\\\/index.php\\\/la-rt-2012-au-coe%c2%9cur-des-debats-du-salon-maitrise-d%c2%92%c2%9coeuvre-2011\\\/79772\\\/\"]}]},{\"@type\":\"BreadcrumbList\",\"@id\":\"https:\\\/\\\/batijournal.com\\\/index.php\\\/la-rt-2012-au-coe%c2%9cur-des-debats-du-salon-maitrise-d%c2%92%c2%9coeuvre-2011\\\/79772\\\/#breadcrumb\",\"itemListElement\":[{\"@type\":\"ListItem\",\"position\":1,\"name\":\"Accueil\",\"item\":\"https:\\\/\\\/batijournal.com\\\/\"},{\"@type\":\"ListItem\",\"position\":2,\"name\":\"\u00c9v\u00e9nements\",\"item\":\"https:\\\/\\\/batijournal.com\\\/index.php\\\/category\\\/evenements\\\/\"},{\"@type\":\"ListItem\",\"position\":3,\"name\":\"La RT 2012 au coe\u009cur des d\u00e9bats du Salon Ma\u00eetrise d\u0092\u009c&rsquo;oeuvre 2011\"}]},{\"@type\":\"WebSite\",\"@id\":\"https:\\\/\\\/batijournal.com\\\/#website\",\"url\":\"https:\\\/\\\/batijournal.com\\\/\",\"name\":\"Batijournal\",\"description\":\"L&#039;actualit\u00e9 du b\u00e2timent\",\"potentialAction\":[{\"@type\":\"SearchAction\",\"target\":{\"@type\":\"EntryPoint\",\"urlTemplate\":\"https:\\\/\\\/batijournal.com\\\/?s={search_term_string}\"},\"query-input\":{\"@type\":\"PropertyValueSpecification\",\"valueRequired\":true,\"valueName\":\"search_term_string\"}}],\"inLanguage\":\"fr-FR\"},{\"@type\":\"Person\",\"@id\":\"https:\\\/\\\/batijournal.com\\\/#\\\/schema\\\/person\\\/6a657e8967569e1b299972574848aa76\",\"name\":\"Bati-journal\",\"image\":{\"@type\":\"ImageObject\",\"inLanguage\":\"fr-FR\",\"@id\":\"https:\\\/\\\/secure.gravatar.com\\\/avatar\\\/a64364ea26392f9b4dd47e017ddaec74ff03aefc073b49e492e847201258f777?s=96&d=mm&r=g\",\"url\":\"https:\\\/\\\/secure.gravatar.com\\\/avatar\\\/a64364ea26392f9b4dd47e017ddaec74ff03aefc073b49e492e847201258f777?s=96&d=mm&r=g\",\"contentUrl\":\"https:\\\/\\\/secure.gravatar.com\\\/avatar\\\/a64364ea26392f9b4dd47e017ddaec74ff03aefc073b49e492e847201258f777?s=96&d=mm&r=g\",\"caption\":\"Bati-journal\"},\"url\":\"https:\\\/\\\/batijournal.com\\\/index.php\\\/author\\\/elodie\\\/\"}]}<\/script>\n<!-- \/ Yoast SEO plugin. -->","yoast_head_json":{"title":"La RT 2012 au coe\u009cur des d\u00e9bats du Salon Ma\u00eetrise d\u0092\u009c'oeuvre 2011","robots":{"index":"index","follow":"follow","max-snippet":"max-snippet:-1","max-image-preview":"max-image-preview:large","max-video-preview":"max-video-preview:-1"},"canonical":"https:\/\/batijournal.com\/index.php\/la-rt-2012-au-coe\u009cur-des-debats-du-salon-maitrise-d\u0092\u009coeuvre-2011\/79772\/","og_locale":"fr_FR","og_type":"article","og_title":"La RT 2012 au coe\u009cur des d\u00e9bats du Salon Ma\u00eetrise d\u0092\u009c'oeuvre 2011","og_description":"R\u00e9serv\u00e9 \u00e0 tous les professionnels du b\u00e2timent et de la construction, le Salon Ma\u00eetrise d\u0092\u008c&rsquo;oeuvre tient sa quatri\u00e8me \u00e9dition les 8 et 9 juin prochains au Double Mixte de Lyon-Villeurbanne. A l\u0092&rsquo;affiche de cette nouvelle \u00e9dition, un important focus sur la R\u00e9glementation thermique 2012 avant sa mise en application en octobre 2011, autour d\u0092une conf\u00e9rence [&hellip;]","og_url":"https:\/\/batijournal.com\/index.php\/la-rt-2012-au-coe\u009cur-des-debats-du-salon-maitrise-d\u0092\u009coeuvre-2011\/79772\/","og_site_name":"Batijournal","article_published_time":"2011-04-03T22:00:00+00:00","author":"Bati-journal","twitter_card":"summary_large_image","twitter_creator":"@bati_journal","twitter_site":"@bati_journal","twitter_misc":{"\u00c9crit par":"Bati-journal"},"schema":{"@context":"https:\/\/schema.org","@graph":[{"@type":"Article","@id":"https:\/\/batijournal.com\/index.php\/la-rt-2012-au-coe%c2%9cur-des-debats-du-salon-maitrise-d%c2%92%c2%9coeuvre-2011\/79772\/#article","isPartOf":{"@id":"https:\/\/batijournal.com\/index.php\/la-rt-2012-au-coe%c2%9cur-des-debats-du-salon-maitrise-d%c2%92%c2%9coeuvre-2011\/79772\/"},"author":{"name":"Bati-journal","@id":"https:\/\/batijournal.com\/#\/schema\/person\/6a657e8967569e1b299972574848aa76"},"headline":"La RT 2012 au coe\u009cur des d\u00e9bats du Salon Ma\u00eetrise d\u0092\u009c&rsquo;oeuvre 2011","datePublished":"2011-04-03T22:00:00+00:00","mainEntityOfPage":{"@id":"https:\/\/batijournal.com\/index.php\/la-rt-2012-au-coe%c2%9cur-des-debats-du-salon-maitrise-d%c2%92%c2%9coeuvre-2011\/79772\/"},"wordCount":99,"commentCount":0,"articleSection":["\u00c9v\u00e9nements"],"inLanguage":"fr-FR","potentialAction":[{"@type":"CommentAction","name":"Comment","target":["https:\/\/batijournal.com\/index.php\/la-rt-2012-au-coe%c2%9cur-des-debats-du-salon-maitrise-d%c2%92%c2%9coeuvre-2011\/79772\/#respond"]}]},{"@type":"WebPage","@id":"https:\/\/batijournal.com\/index.php\/la-rt-2012-au-coe%c2%9cur-des-debats-du-salon-maitrise-d%c2%92%c2%9coeuvre-2011\/79772\/","url":"https:\/\/batijournal.com\/index.php\/la-rt-2012-au-coe%c2%9cur-des-debats-du-salon-maitrise-d%c2%92%c2%9coeuvre-2011\/79772\/","name":"La RT 2012 au coe\u009cur des d\u00e9bats du Salon Ma\u00eetrise d\u0092\u009c'oeuvre 2011","isPartOf":{"@id":"https:\/\/batijournal.com\/#website"},"datePublished":"2011-04-03T22:00:00+00:00","author":{"@id":"https:\/\/batijournal.com\/#\/schema\/person\/6a657e8967569e1b299972574848aa76"},"breadcrumb":{"@id":"https:\/\/batijournal.com\/index.php\/la-rt-2012-au-coe%c2%9cur-des-debats-du-salon-maitrise-d%c2%92%c2%9coeuvre-2011\/79772\/#breadcrumb"},"inLanguage":"fr-FR","potentialAction":[{"@type":"ReadAction","target":["https:\/\/batijournal.com\/index.php\/la-rt-2012-au-coe%c2%9cur-des-debats-du-salon-maitrise-d%c2%92%c2%9coeuvre-2011\/79772\/"]}]},{"@type":"BreadcrumbList","@id":"https:\/\/batijournal.com\/index.php\/la-rt-2012-au-coe%c2%9cur-des-debats-du-salon-maitrise-d%c2%92%c2%9coeuvre-2011\/79772\/#breadcrumb","itemListElement":[{"@type":"ListItem","position":1,"name":"Accueil","item":"https:\/\/batijournal.com\/"},{"@type":"ListItem","position":2,"name":"\u00c9v\u00e9nements","item":"https:\/\/batijournal.com\/index.php\/category\/evenements\/"},{"@type":"ListItem","position":3,"name":"La RT 2012 au coe\u009cur des d\u00e9bats du Salon Ma\u00eetrise d\u0092\u009c&rsquo;oeuvre 2011"}]},{"@type":"WebSite","@id":"https:\/\/batijournal.com\/#website","url":"https:\/\/batijournal.com\/","name":"Batijournal","description":"L&#039;actualit\u00e9 du b\u00e2timent","potentialAction":[{"@type":"SearchAction","target":{"@type":"EntryPoint","urlTemplate":"https:\/\/batijournal.com\/?s={search_term_string}"},"query-input":{"@type":"PropertyValueSpecification","valueRequired":true,"valueName":"search_term_string"}}],"inLanguage":"fr-FR"},{"@type":"Person","@id":"https:\/\/batijournal.com\/#\/schema\/person\/6a657e8967569e1b299972574848aa76","name":"Bati-journal","image":{"@type":"ImageObject","inLanguage":"fr-FR","@id":"https:\/\/secure.gravatar.com\/avatar\/a64364ea26392f9b4dd47e017ddaec74ff03aefc073b49e492e847201258f777?s=96&d=mm&r=g","url":"https:\/\/secure.gravatar.com\/avatar\/a64364ea26392f9b4dd47e017ddaec74ff03aefc073b49e492e847201258f777?s=96&d=mm&r=g","contentUrl":"https:\/\/secure.gravatar.com\/avatar\/a64364ea26392f9b4dd47e017ddaec74ff03aefc073b49e492e847201258f777?s=96&d=mm&r=g","caption":"Bati-journal"},"url":"https:\/\/batijournal.com\/index.php\/author\/elodie\/"}]}},"_links":{"self":[{"href":"https:\/\/batijournal.com\/index.php\/wp-json\/wp\/v2\/posts\/79772","targetHints":{"allow":["GET"]}}],"collection":[{"href":"https:\/\/batijournal.com\/index.php\/wp-json\/wp\/v2\/posts"}],"about":[{"href":"https:\/\/batijournal.com\/index.php\/wp-json\/wp\/v2\/types\/post"}],"author":[{"embeddable":true,"href":"https:\/\/batijournal.com\/index.php\/wp-json\/wp\/v2\/users\/1"}],"replies":[{"embeddable":true,"href":"https:\/\/batijournal.com\/index.php\/wp-json\/wp\/v2\/comments?post=79772"}],"version-history":[{"count":0,"href":"https:\/\/batijournal.com\/index.php\/wp-json\/wp\/v2\/posts\/79772\/revisions"}],"wp:attachment":[{"href":"https:\/\/batijournal.com\/index.php\/wp-json\/wp\/v2\/media?parent=79772"}],"wp:term":[{"taxonomy":"category","embeddable":true,"href":"https:\/\/batijournal.com\/index.php\/wp-json\/wp\/v2\/categories?post=79772"},{"taxonomy":"post_tag","embeddable":true,"href":"https:\/\/batijournal.com\/index.php\/wp-json\/wp\/v2\/tags?post=79772"}],"curies":[{"name":"wp","href":"https:\/\/api.w.org\/{rel}","templated":true}]}}