{"id":79776,"date":"2011-04-06T00:00:00","date_gmt":"2011-04-05T22:00:00","guid":{"rendered":"http:\/\/b.bati-journal.com\/grand-prix-d%c2%92architecture-2011-de-l%c2%92academie-des-beaux-arts\/79776"},"modified":"2011-04-06T00:00:00","modified_gmt":"2011-04-05T22:00:00","slug":"grand-prix-d%c2%92architecture-2011-de-l%c2%92academie-des-beaux-arts","status":"publish","type":"post","link":"https:\/\/batijournal.com\/index.php\/grand-prix-d%c2%92architecture-2011-de-l%c2%92academie-des-beaux-arts\/79776\/","title":{"rendered":"Grand Prix d\u0092&rsquo;Architecture 2011 de l&rsquo;\u0092Acad\u00e9mie des Beaux-Arts"},"content":{"rendered":"<p>Chaque ann\u00e9e depuis 1975, l&rsquo;\u0092Acad\u00e9mie des Beaux-Arts organise un concours ouvert \u00e0 tous les architectes et \u00e9tudiants en architecture n&rsquo;\u0092ayant pas d\u00e9pass\u00e9 l&rsquo;\u0092\u00e2ge de 35 ans au 1er janvier de l&rsquo;\u0092ann\u00e9e en cours. Elle propose un th\u00e8me g\u00e9n\u00e9ral de r\u00e9flexion sur l\u0092&rsquo;architecture et l\u0092&rsquo;urbanisme. Le th\u00e8me pour l&rsquo;\u0092ann\u00e9e 2011 est le logement \u00e9tudiant. La population \u00e9tudiante en France est en augmentation constante (2,3 millions aujourd&rsquo;hui) comme dans tous les pays europ\u00e9ens et la question du logement \u00e9tudiant se pose chaque ann\u00e9e avec plus d\u0092&rsquo;acuit\u00e9. Le jury propose cette ann\u00e9e aux candidats de r\u00e9fl\u00e9chir sur ce th\u00e8me sans aucun programme pr\u00e9alable impos\u00e9. Ces derniers devront mener une r\u00e9flexion sur la vie quotidienne des \u00e9tudiants et pr\u00e9senter des projets susceptibles d\u0092apporter des solutions \u00e0 ce probl\u00e8me urbanistique majeur. Le concours comporte deux \u00e9preuves dont la premi\u00e8re est \u00e0 remettre au plus tard le 3 mai 2011. Il est dot\u00e9 de trois prix : Grand Prix et Prix Charles Abella : 20.000 euros Deuxi\u00e8me Prix et Prix Andr\u00e9 Arfvidson : 9.000 euros Troisi\u00e8me Prix et Prix Paul Arfvidson : 4.000 euros. Informations et r\u00e8glement sur le site internet.<\/p>\n","protected":false},"excerpt":{"rendered":"<p>Chaque ann\u00e9e depuis 1975, l&rsquo;\u0092Acad\u00e9mie des Beaux-Arts organise un concours ouvert \u00e0 tous les architectes et \u00e9tudiants en architecture n&rsquo;\u0092ayant pas d\u00e9pass\u00e9 l&rsquo;\u0092\u00e2ge de 35 ans au 1er janvier de l&rsquo;\u0092ann\u00e9e en cours. Elle propose un th\u00e8me g\u00e9n\u00e9ral de r\u00e9flexion sur l\u0092&rsquo;architecture et l\u0092&rsquo;urbanisme. Le th\u00e8me pour l&rsquo;\u0092ann\u00e9e 2011 est le logement \u00e9tudiant. La population [&hellip;]<\/p>\n","protected":false},"author":1,"featured_media":0,"comment_status":"open","ping_status":"closed","sticky":false,"template":"","format":"standard","meta":{"_et_pb_use_builder":"","_et_pb_old_content":"","_et_gb_content_width":"","footnotes":""},"categories":[9192],"tags":[],"class_list":["post-79776","post","type-post","status-publish","format-standard","hentry","category-evenements"],"yoast_head":"<!-- This site is optimized with the Yoast SEO plugin v27.4 - https:\/\/yoast.com\/product\/yoast-seo-wordpress\/ -->\n<title>Grand Prix d\u0092&#039;Architecture 2011 de l&#039;\u0092Acad\u00e9mie des Beaux-Arts<\/title>\n<meta name=\"robots\" content=\"index, follow, max-snippet:-1, max-image-preview:large, max-video-preview:-1\" \/>\n<link rel=\"canonical\" href=\"https:\/\/batijournal.com\/index.php\/grand-prix-d\u0092architecture-2011-de-l\u0092academie-des-beaux-arts\/79776\/\" \/>\n<meta property=\"og:locale\" content=\"fr_FR\" \/>\n<meta property=\"og:type\" content=\"article\" \/>\n<meta property=\"og:title\" content=\"Grand Prix d\u0092&#039;Architecture 2011 de l&#039;\u0092Acad\u00e9mie des Beaux-Arts\" \/>\n<meta property=\"og:description\" content=\"Chaque ann\u00e9e depuis 1975, l&rsquo;\u0092Acad\u00e9mie des Beaux-Arts organise un concours ouvert \u00e0 tous les architectes et \u00e9tudiants en architecture n&rsquo;\u0092ayant pas d\u00e9pass\u00e9 l&rsquo;\u0092\u00e2ge de 35 ans au 1er janvier de l&rsquo;\u0092ann\u00e9e en cours. Elle propose un th\u00e8me g\u00e9n\u00e9ral de r\u00e9flexion sur l\u0092&rsquo;architecture et l\u0092&rsquo;urbanisme. Le th\u00e8me pour l&rsquo;\u0092ann\u00e9e 2011 est le logement \u00e9tudiant. La population [&hellip;]\" \/>\n<meta property=\"og:url\" content=\"https:\/\/batijournal.com\/index.php\/grand-prix-d\u0092architecture-2011-de-l\u0092academie-des-beaux-arts\/79776\/\" \/>\n<meta property=\"og:site_name\" content=\"Batijournal\" \/>\n<meta property=\"article:published_time\" content=\"2011-04-05T22:00:00+00:00\" \/>\n<meta name=\"author\" content=\"Bati-journal\" \/>\n<meta name=\"twitter:card\" content=\"summary_large_image\" \/>\n<meta name=\"twitter:creator\" content=\"@bati_journal\" \/>\n<meta name=\"twitter:site\" content=\"@bati_journal\" \/>\n<meta name=\"twitter:label1\" content=\"\u00c9crit par\" \/>\n\t<meta name=\"twitter:data1\" content=\"Bati-journal\" \/>\n\t<meta name=\"twitter:label2\" content=\"Dur\u00e9e de lecture estim\u00e9e\" \/>\n\t<meta name=\"twitter:data2\" content=\"1 minute\" \/>\n<script type=\"application\/ld+json\" class=\"yoast-schema-graph\">{\"@context\":\"https:\\\/\\\/schema.org\",\"@graph\":[{\"@type\":\"Article\",\"@id\":\"https:\\\/\\\/batijournal.com\\\/index.php\\\/grand-prix-d%c2%92architecture-2011-de-l%c2%92academie-des-beaux-arts\\\/79776\\\/#article\",\"isPartOf\":{\"@id\":\"https:\\\/\\\/batijournal.com\\\/index.php\\\/grand-prix-d%c2%92architecture-2011-de-l%c2%92academie-des-beaux-arts\\\/79776\\\/\"},\"author\":{\"name\":\"Bati-journal\",\"@id\":\"https:\\\/\\\/batijournal.com\\\/#\\\/schema\\\/person\\\/6a657e8967569e1b299972574848aa76\"},\"headline\":\"Grand Prix d\u0092&rsquo;Architecture 2011 de l&rsquo;\u0092Acad\u00e9mie des Beaux-Arts\",\"datePublished\":\"2011-04-05T22:00:00+00:00\",\"mainEntityOfPage\":{\"@id\":\"https:\\\/\\\/batijournal.com\\\/index.php\\\/grand-prix-d%c2%92architecture-2011-de-l%c2%92academie-des-beaux-arts\\\/79776\\\/\"},\"wordCount\":213,\"commentCount\":0,\"articleSection\":[\"\u00c9v\u00e9nements\"],\"inLanguage\":\"fr-FR\",\"potentialAction\":[{\"@type\":\"CommentAction\",\"name\":\"Comment\",\"target\":[\"https:\\\/\\\/batijournal.com\\\/index.php\\\/grand-prix-d%c2%92architecture-2011-de-l%c2%92academie-des-beaux-arts\\\/79776\\\/#respond\"]}]},{\"@type\":\"WebPage\",\"@id\":\"https:\\\/\\\/batijournal.com\\\/index.php\\\/grand-prix-d%c2%92architecture-2011-de-l%c2%92academie-des-beaux-arts\\\/79776\\\/\",\"url\":\"https:\\\/\\\/batijournal.com\\\/index.php\\\/grand-prix-d%c2%92architecture-2011-de-l%c2%92academie-des-beaux-arts\\\/79776\\\/\",\"name\":\"Grand Prix d\u0092'Architecture 2011 de l'\u0092Acad\u00e9mie des Beaux-Arts\",\"isPartOf\":{\"@id\":\"https:\\\/\\\/batijournal.com\\\/#website\"},\"datePublished\":\"2011-04-05T22:00:00+00:00\",\"author\":{\"@id\":\"https:\\\/\\\/batijournal.com\\\/#\\\/schema\\\/person\\\/6a657e8967569e1b299972574848aa76\"},\"breadcrumb\":{\"@id\":\"https:\\\/\\\/batijournal.com\\\/index.php\\\/grand-prix-d%c2%92architecture-2011-de-l%c2%92academie-des-beaux-arts\\\/79776\\\/#breadcrumb\"},\"inLanguage\":\"fr-FR\",\"potentialAction\":[{\"@type\":\"ReadAction\",\"target\":[\"https:\\\/\\\/batijournal.com\\\/index.php\\\/grand-prix-d%c2%92architecture-2011-de-l%c2%92academie-des-beaux-arts\\\/79776\\\/\"]}]},{\"@type\":\"BreadcrumbList\",\"@id\":\"https:\\\/\\\/batijournal.com\\\/index.php\\\/grand-prix-d%c2%92architecture-2011-de-l%c2%92academie-des-beaux-arts\\\/79776\\\/#breadcrumb\",\"itemListElement\":[{\"@type\":\"ListItem\",\"position\":1,\"name\":\"Accueil\",\"item\":\"https:\\\/\\\/batijournal.com\\\/\"},{\"@type\":\"ListItem\",\"position\":2,\"name\":\"\u00c9v\u00e9nements\",\"item\":\"https:\\\/\\\/batijournal.com\\\/index.php\\\/category\\\/evenements\\\/\"},{\"@type\":\"ListItem\",\"position\":3,\"name\":\"Grand Prix d\u0092&rsquo;Architecture 2011 de l&rsquo;\u0092Acad\u00e9mie des Beaux-Arts\"}]},{\"@type\":\"WebSite\",\"@id\":\"https:\\\/\\\/batijournal.com\\\/#website\",\"url\":\"https:\\\/\\\/batijournal.com\\\/\",\"name\":\"Batijournal\",\"description\":\"L&#039;actualit\u00e9 du b\u00e2timent\",\"potentialAction\":[{\"@type\":\"SearchAction\",\"target\":{\"@type\":\"EntryPoint\",\"urlTemplate\":\"https:\\\/\\\/batijournal.com\\\/?s={search_term_string}\"},\"query-input\":{\"@type\":\"PropertyValueSpecification\",\"valueRequired\":true,\"valueName\":\"search_term_string\"}}],\"inLanguage\":\"fr-FR\"},{\"@type\":\"Person\",\"@id\":\"https:\\\/\\\/batijournal.com\\\/#\\\/schema\\\/person\\\/6a657e8967569e1b299972574848aa76\",\"name\":\"Bati-journal\",\"image\":{\"@type\":\"ImageObject\",\"inLanguage\":\"fr-FR\",\"@id\":\"https:\\\/\\\/secure.gravatar.com\\\/avatar\\\/a64364ea26392f9b4dd47e017ddaec74ff03aefc073b49e492e847201258f777?s=96&d=mm&r=g\",\"url\":\"https:\\\/\\\/secure.gravatar.com\\\/avatar\\\/a64364ea26392f9b4dd47e017ddaec74ff03aefc073b49e492e847201258f777?s=96&d=mm&r=g\",\"contentUrl\":\"https:\\\/\\\/secure.gravatar.com\\\/avatar\\\/a64364ea26392f9b4dd47e017ddaec74ff03aefc073b49e492e847201258f777?s=96&d=mm&r=g\",\"caption\":\"Bati-journal\"},\"url\":\"https:\\\/\\\/batijournal.com\\\/index.php\\\/author\\\/elodie\\\/\"}]}<\/script>\n<!-- \/ Yoast SEO plugin. -->","yoast_head_json":{"title":"Grand Prix d\u0092'Architecture 2011 de l'\u0092Acad\u00e9mie des Beaux-Arts","robots":{"index":"index","follow":"follow","max-snippet":"max-snippet:-1","max-image-preview":"max-image-preview:large","max-video-preview":"max-video-preview:-1"},"canonical":"https:\/\/batijournal.com\/index.php\/grand-prix-d\u0092architecture-2011-de-l\u0092academie-des-beaux-arts\/79776\/","og_locale":"fr_FR","og_type":"article","og_title":"Grand Prix d\u0092'Architecture 2011 de l'\u0092Acad\u00e9mie des Beaux-Arts","og_description":"Chaque ann\u00e9e depuis 1975, l&rsquo;\u0092Acad\u00e9mie des Beaux-Arts organise un concours ouvert \u00e0 tous les architectes et \u00e9tudiants en architecture n&rsquo;\u0092ayant pas d\u00e9pass\u00e9 l&rsquo;\u0092\u00e2ge de 35 ans au 1er janvier de l&rsquo;\u0092ann\u00e9e en cours. Elle propose un th\u00e8me g\u00e9n\u00e9ral de r\u00e9flexion sur l\u0092&rsquo;architecture et l\u0092&rsquo;urbanisme. Le th\u00e8me pour l&rsquo;\u0092ann\u00e9e 2011 est le logement \u00e9tudiant. La population [&hellip;]","og_url":"https:\/\/batijournal.com\/index.php\/grand-prix-d\u0092architecture-2011-de-l\u0092academie-des-beaux-arts\/79776\/","og_site_name":"Batijournal","article_published_time":"2011-04-05T22:00:00+00:00","author":"Bati-journal","twitter_card":"summary_large_image","twitter_creator":"@bati_journal","twitter_site":"@bati_journal","twitter_misc":{"\u00c9crit par":"Bati-journal","Dur\u00e9e de lecture estim\u00e9e":"1 minute"},"schema":{"@context":"https:\/\/schema.org","@graph":[{"@type":"Article","@id":"https:\/\/batijournal.com\/index.php\/grand-prix-d%c2%92architecture-2011-de-l%c2%92academie-des-beaux-arts\/79776\/#article","isPartOf":{"@id":"https:\/\/batijournal.com\/index.php\/grand-prix-d%c2%92architecture-2011-de-l%c2%92academie-des-beaux-arts\/79776\/"},"author":{"name":"Bati-journal","@id":"https:\/\/batijournal.com\/#\/schema\/person\/6a657e8967569e1b299972574848aa76"},"headline":"Grand Prix d\u0092&rsquo;Architecture 2011 de l&rsquo;\u0092Acad\u00e9mie des Beaux-Arts","datePublished":"2011-04-05T22:00:00+00:00","mainEntityOfPage":{"@id":"https:\/\/batijournal.com\/index.php\/grand-prix-d%c2%92architecture-2011-de-l%c2%92academie-des-beaux-arts\/79776\/"},"wordCount":213,"commentCount":0,"articleSection":["\u00c9v\u00e9nements"],"inLanguage":"fr-FR","potentialAction":[{"@type":"CommentAction","name":"Comment","target":["https:\/\/batijournal.com\/index.php\/grand-prix-d%c2%92architecture-2011-de-l%c2%92academie-des-beaux-arts\/79776\/#respond"]}]},{"@type":"WebPage","@id":"https:\/\/batijournal.com\/index.php\/grand-prix-d%c2%92architecture-2011-de-l%c2%92academie-des-beaux-arts\/79776\/","url":"https:\/\/batijournal.com\/index.php\/grand-prix-d%c2%92architecture-2011-de-l%c2%92academie-des-beaux-arts\/79776\/","name":"Grand Prix d\u0092'Architecture 2011 de l'\u0092Acad\u00e9mie des Beaux-Arts","isPartOf":{"@id":"https:\/\/batijournal.com\/#website"},"datePublished":"2011-04-05T22:00:00+00:00","author":{"@id":"https:\/\/batijournal.com\/#\/schema\/person\/6a657e8967569e1b299972574848aa76"},"breadcrumb":{"@id":"https:\/\/batijournal.com\/index.php\/grand-prix-d%c2%92architecture-2011-de-l%c2%92academie-des-beaux-arts\/79776\/#breadcrumb"},"inLanguage":"fr-FR","potentialAction":[{"@type":"ReadAction","target":["https:\/\/batijournal.com\/index.php\/grand-prix-d%c2%92architecture-2011-de-l%c2%92academie-des-beaux-arts\/79776\/"]}]},{"@type":"BreadcrumbList","@id":"https:\/\/batijournal.com\/index.php\/grand-prix-d%c2%92architecture-2011-de-l%c2%92academie-des-beaux-arts\/79776\/#breadcrumb","itemListElement":[{"@type":"ListItem","position":1,"name":"Accueil","item":"https:\/\/batijournal.com\/"},{"@type":"ListItem","position":2,"name":"\u00c9v\u00e9nements","item":"https:\/\/batijournal.com\/index.php\/category\/evenements\/"},{"@type":"ListItem","position":3,"name":"Grand Prix d\u0092&rsquo;Architecture 2011 de l&rsquo;\u0092Acad\u00e9mie des Beaux-Arts"}]},{"@type":"WebSite","@id":"https:\/\/batijournal.com\/#website","url":"https:\/\/batijournal.com\/","name":"Batijournal","description":"L&#039;actualit\u00e9 du b\u00e2timent","potentialAction":[{"@type":"SearchAction","target":{"@type":"EntryPoint","urlTemplate":"https:\/\/batijournal.com\/?s={search_term_string}"},"query-input":{"@type":"PropertyValueSpecification","valueRequired":true,"valueName":"search_term_string"}}],"inLanguage":"fr-FR"},{"@type":"Person","@id":"https:\/\/batijournal.com\/#\/schema\/person\/6a657e8967569e1b299972574848aa76","name":"Bati-journal","image":{"@type":"ImageObject","inLanguage":"fr-FR","@id":"https:\/\/secure.gravatar.com\/avatar\/a64364ea26392f9b4dd47e017ddaec74ff03aefc073b49e492e847201258f777?s=96&d=mm&r=g","url":"https:\/\/secure.gravatar.com\/avatar\/a64364ea26392f9b4dd47e017ddaec74ff03aefc073b49e492e847201258f777?s=96&d=mm&r=g","contentUrl":"https:\/\/secure.gravatar.com\/avatar\/a64364ea26392f9b4dd47e017ddaec74ff03aefc073b49e492e847201258f777?s=96&d=mm&r=g","caption":"Bati-journal"},"url":"https:\/\/batijournal.com\/index.php\/author\/elodie\/"}]}},"_links":{"self":[{"href":"https:\/\/batijournal.com\/index.php\/wp-json\/wp\/v2\/posts\/79776","targetHints":{"allow":["GET"]}}],"collection":[{"href":"https:\/\/batijournal.com\/index.php\/wp-json\/wp\/v2\/posts"}],"about":[{"href":"https:\/\/batijournal.com\/index.php\/wp-json\/wp\/v2\/types\/post"}],"author":[{"embeddable":true,"href":"https:\/\/batijournal.com\/index.php\/wp-json\/wp\/v2\/users\/1"}],"replies":[{"embeddable":true,"href":"https:\/\/batijournal.com\/index.php\/wp-json\/wp\/v2\/comments?post=79776"}],"version-history":[{"count":0,"href":"https:\/\/batijournal.com\/index.php\/wp-json\/wp\/v2\/posts\/79776\/revisions"}],"wp:attachment":[{"href":"https:\/\/batijournal.com\/index.php\/wp-json\/wp\/v2\/media?parent=79776"}],"wp:term":[{"taxonomy":"category","embeddable":true,"href":"https:\/\/batijournal.com\/index.php\/wp-json\/wp\/v2\/categories?post=79776"},{"taxonomy":"post_tag","embeddable":true,"href":"https:\/\/batijournal.com\/index.php\/wp-json\/wp\/v2\/tags?post=79776"}],"curies":[{"name":"wp","href":"https:\/\/api.w.org\/{rel}","templated":true}]}}