{"id":79795,"date":"2011-05-12T00:00:00","date_gmt":"2011-05-11T22:00:00","guid":{"rendered":"http:\/\/b.bati-journal.com\/une-journee-dediee-a-l%c2%92energie-solaire-thermodynamique\/79795"},"modified":"2011-05-12T00:00:00","modified_gmt":"2011-05-11T22:00:00","slug":"une-journee-dediee-a-l%c2%92energie-solaire-thermodynamique","status":"publish","type":"post","link":"https:\/\/batijournal.com\/index.php\/une-journee-dediee-a-l%c2%92energie-solaire-thermodynamique\/79795\/","title":{"rendered":"Une journ\u00e9e d\u00e9di\u00e9e \u00e0 l&rsquo;\u0092\u00e9nergie solaire thermodynamique"},"content":{"rendered":"<p>Le Syndicat des \u00e9nergies renouvelables (SER) organise, le 7 juillet prochain, une journ\u00e9e consacr\u00e9e \u00e0 cette fili\u00e8re \u00e9nerg\u00e9tique dont l&rsquo;\u0092Agence internationale de l&rsquo;\u0092\u00e9nergie pr\u00e9voit qu&rsquo;elle produira 11,3 % de l\u0092&rsquo;\u00e9lectricit\u00e9 mondiale \u00e0 l\u0092&rsquo;horizon 2050. La rencontre s&rsquo;\u0092organisera autour de quatre tables rondes : le d\u00e9veloppement de l\u0092&rsquo;\u00e9nergie solaire \u00e0 l&rsquo;\u0092international ; l\u0092&rsquo;offre industrielle fran\u00e7aise \u00e0 l\u0092&rsquo;export ; la recherche fran\u00e7aise au service de la fili\u00e8re ; le financement des projets. Elle accueillera de nombreuses personnalit\u00e9s fran\u00e7aises et \u00e9trang\u00e8res, issues du monde politique, \u00e9nerg\u00e9tique, industriel et de la recherche, ainsi que des investisseurs publics ou priv\u00e9s. Renseignements et inscriptions : rst2011@enr.fr<\/p>\n","protected":false},"excerpt":{"rendered":"<p>Le Syndicat des \u00e9nergies renouvelables (SER) organise, le 7 juillet prochain, une journ\u00e9e consacr\u00e9e \u00e0 cette fili\u00e8re \u00e9nerg\u00e9tique dont l&rsquo;\u0092Agence internationale de l&rsquo;\u0092\u00e9nergie pr\u00e9voit qu&rsquo;elle produira 11,3 % de l\u0092&rsquo;\u00e9lectricit\u00e9 mondiale \u00e0 l\u0092&rsquo;horizon 2050. La rencontre s&rsquo;\u0092organisera autour de quatre tables rondes : le d\u00e9veloppement de l\u0092&rsquo;\u00e9nergie solaire \u00e0 l&rsquo;\u0092international ; l\u0092&rsquo;offre industrielle fran\u00e7aise \u00e0 [&hellip;]<\/p>\n","protected":false},"author":1,"featured_media":0,"comment_status":"open","ping_status":"closed","sticky":false,"template":"","format":"standard","meta":{"_et_pb_use_builder":"","_et_pb_old_content":"","_et_gb_content_width":"","footnotes":""},"categories":[9192],"tags":[1667,2651],"class_list":["post-79795","post","type-post","status-publish","format-standard","hentry","category-evenements","tag-energie-solaire","tag-thermodynamique"],"yoast_head":"<!-- This site is optimized with the Yoast SEO plugin v27.4 - https:\/\/yoast.com\/product\/yoast-seo-wordpress\/ -->\n<title>Une journ\u00e9e d\u00e9di\u00e9e \u00e0 l&#039;\u0092\u00e9nergie solaire thermodynamique<\/title>\n<meta name=\"robots\" content=\"index, follow, max-snippet:-1, max-image-preview:large, max-video-preview:-1\" \/>\n<link rel=\"canonical\" href=\"https:\/\/batijournal.com\/index.php\/une-journee-dediee-a-l\u0092energie-solaire-thermodynamique\/79795\/\" \/>\n<meta property=\"og:locale\" content=\"fr_FR\" \/>\n<meta property=\"og:type\" content=\"article\" \/>\n<meta property=\"og:title\" content=\"Une journ\u00e9e d\u00e9di\u00e9e \u00e0 l&#039;\u0092\u00e9nergie solaire thermodynamique\" \/>\n<meta property=\"og:description\" content=\"Le Syndicat des \u00e9nergies renouvelables (SER) organise, le 7 juillet prochain, une journ\u00e9e consacr\u00e9e \u00e0 cette fili\u00e8re \u00e9nerg\u00e9tique dont l&rsquo;\u0092Agence internationale de l&rsquo;\u0092\u00e9nergie pr\u00e9voit qu&rsquo;elle produira 11,3 % de l\u0092&rsquo;\u00e9lectricit\u00e9 mondiale \u00e0 l\u0092&rsquo;horizon 2050. La rencontre s&rsquo;\u0092organisera autour de quatre tables rondes : le d\u00e9veloppement de l\u0092&rsquo;\u00e9nergie solaire \u00e0 l&rsquo;\u0092international ; l\u0092&rsquo;offre industrielle fran\u00e7aise \u00e0 [&hellip;]\" \/>\n<meta property=\"og:url\" content=\"https:\/\/batijournal.com\/index.php\/une-journee-dediee-a-l\u0092energie-solaire-thermodynamique\/79795\/\" \/>\n<meta property=\"og:site_name\" content=\"Batijournal\" \/>\n<meta property=\"article:published_time\" content=\"2011-05-11T22:00:00+00:00\" \/>\n<meta name=\"author\" content=\"Bati-journal\" \/>\n<meta name=\"twitter:card\" content=\"summary_large_image\" \/>\n<meta name=\"twitter:creator\" content=\"@bati_journal\" \/>\n<meta name=\"twitter:site\" content=\"@bati_journal\" \/>\n<meta name=\"twitter:label1\" content=\"\u00c9crit par\" \/>\n\t<meta name=\"twitter:data1\" content=\"Bati-journal\" \/>\n\t<meta name=\"twitter:label2\" content=\"Dur\u00e9e de lecture estim\u00e9e\" \/>\n\t<meta name=\"twitter:data2\" content=\"1 minute\" \/>\n<script type=\"application\/ld+json\" class=\"yoast-schema-graph\">{\"@context\":\"https:\\\/\\\/schema.org\",\"@graph\":[{\"@type\":\"Article\",\"@id\":\"https:\\\/\\\/batijournal.com\\\/index.php\\\/une-journee-dediee-a-l%c2%92energie-solaire-thermodynamique\\\/79795\\\/#article\",\"isPartOf\":{\"@id\":\"https:\\\/\\\/batijournal.com\\\/index.php\\\/une-journee-dediee-a-l%c2%92energie-solaire-thermodynamique\\\/79795\\\/\"},\"author\":{\"name\":\"Bati-journal\",\"@id\":\"https:\\\/\\\/batijournal.com\\\/#\\\/schema\\\/person\\\/6a657e8967569e1b299972574848aa76\"},\"headline\":\"Une journ\u00e9e d\u00e9di\u00e9e \u00e0 l&rsquo;\u0092\u00e9nergie solaire thermodynamique\",\"datePublished\":\"2011-05-11T22:00:00+00:00\",\"mainEntityOfPage\":{\"@id\":\"https:\\\/\\\/batijournal.com\\\/index.php\\\/une-journee-dediee-a-l%c2%92energie-solaire-thermodynamique\\\/79795\\\/\"},\"wordCount\":123,\"commentCount\":0,\"keywords\":[\"\u00e9nergie solaire\",\"thermodynamique\"],\"articleSection\":[\"\u00c9v\u00e9nements\"],\"inLanguage\":\"fr-FR\",\"potentialAction\":[{\"@type\":\"CommentAction\",\"name\":\"Comment\",\"target\":[\"https:\\\/\\\/batijournal.com\\\/index.php\\\/une-journee-dediee-a-l%c2%92energie-solaire-thermodynamique\\\/79795\\\/#respond\"]}]},{\"@type\":\"WebPage\",\"@id\":\"https:\\\/\\\/batijournal.com\\\/index.php\\\/une-journee-dediee-a-l%c2%92energie-solaire-thermodynamique\\\/79795\\\/\",\"url\":\"https:\\\/\\\/batijournal.com\\\/index.php\\\/une-journee-dediee-a-l%c2%92energie-solaire-thermodynamique\\\/79795\\\/\",\"name\":\"Une journ\u00e9e d\u00e9di\u00e9e \u00e0 l'\u0092\u00e9nergie solaire thermodynamique\",\"isPartOf\":{\"@id\":\"https:\\\/\\\/batijournal.com\\\/#website\"},\"datePublished\":\"2011-05-11T22:00:00+00:00\",\"author\":{\"@id\":\"https:\\\/\\\/batijournal.com\\\/#\\\/schema\\\/person\\\/6a657e8967569e1b299972574848aa76\"},\"breadcrumb\":{\"@id\":\"https:\\\/\\\/batijournal.com\\\/index.php\\\/une-journee-dediee-a-l%c2%92energie-solaire-thermodynamique\\\/79795\\\/#breadcrumb\"},\"inLanguage\":\"fr-FR\",\"potentialAction\":[{\"@type\":\"ReadAction\",\"target\":[\"https:\\\/\\\/batijournal.com\\\/index.php\\\/une-journee-dediee-a-l%c2%92energie-solaire-thermodynamique\\\/79795\\\/\"]}]},{\"@type\":\"BreadcrumbList\",\"@id\":\"https:\\\/\\\/batijournal.com\\\/index.php\\\/une-journee-dediee-a-l%c2%92energie-solaire-thermodynamique\\\/79795\\\/#breadcrumb\",\"itemListElement\":[{\"@type\":\"ListItem\",\"position\":1,\"name\":\"Accueil\",\"item\":\"https:\\\/\\\/batijournal.com\\\/\"},{\"@type\":\"ListItem\",\"position\":2,\"name\":\"\u00c9v\u00e9nements\",\"item\":\"https:\\\/\\\/batijournal.com\\\/index.php\\\/category\\\/evenements\\\/\"},{\"@type\":\"ListItem\",\"position\":3,\"name\":\"Une journ\u00e9e d\u00e9di\u00e9e \u00e0 l&rsquo;\u0092\u00e9nergie solaire thermodynamique\"}]},{\"@type\":\"WebSite\",\"@id\":\"https:\\\/\\\/batijournal.com\\\/#website\",\"url\":\"https:\\\/\\\/batijournal.com\\\/\",\"name\":\"Batijournal\",\"description\":\"L&#039;actualit\u00e9 du b\u00e2timent\",\"potentialAction\":[{\"@type\":\"SearchAction\",\"target\":{\"@type\":\"EntryPoint\",\"urlTemplate\":\"https:\\\/\\\/batijournal.com\\\/?s={search_term_string}\"},\"query-input\":{\"@type\":\"PropertyValueSpecification\",\"valueRequired\":true,\"valueName\":\"search_term_string\"}}],\"inLanguage\":\"fr-FR\"},{\"@type\":\"Person\",\"@id\":\"https:\\\/\\\/batijournal.com\\\/#\\\/schema\\\/person\\\/6a657e8967569e1b299972574848aa76\",\"name\":\"Bati-journal\",\"image\":{\"@type\":\"ImageObject\",\"inLanguage\":\"fr-FR\",\"@id\":\"https:\\\/\\\/secure.gravatar.com\\\/avatar\\\/a64364ea26392f9b4dd47e017ddaec74ff03aefc073b49e492e847201258f777?s=96&d=mm&r=g\",\"url\":\"https:\\\/\\\/secure.gravatar.com\\\/avatar\\\/a64364ea26392f9b4dd47e017ddaec74ff03aefc073b49e492e847201258f777?s=96&d=mm&r=g\",\"contentUrl\":\"https:\\\/\\\/secure.gravatar.com\\\/avatar\\\/a64364ea26392f9b4dd47e017ddaec74ff03aefc073b49e492e847201258f777?s=96&d=mm&r=g\",\"caption\":\"Bati-journal\"},\"url\":\"https:\\\/\\\/batijournal.com\\\/index.php\\\/author\\\/elodie\\\/\"}]}<\/script>\n<!-- \/ Yoast SEO plugin. -->","yoast_head_json":{"title":"Une journ\u00e9e d\u00e9di\u00e9e \u00e0 l'\u0092\u00e9nergie solaire thermodynamique","robots":{"index":"index","follow":"follow","max-snippet":"max-snippet:-1","max-image-preview":"max-image-preview:large","max-video-preview":"max-video-preview:-1"},"canonical":"https:\/\/batijournal.com\/index.php\/une-journee-dediee-a-l\u0092energie-solaire-thermodynamique\/79795\/","og_locale":"fr_FR","og_type":"article","og_title":"Une journ\u00e9e d\u00e9di\u00e9e \u00e0 l'\u0092\u00e9nergie solaire thermodynamique","og_description":"Le Syndicat des \u00e9nergies renouvelables (SER) organise, le 7 juillet prochain, une journ\u00e9e consacr\u00e9e \u00e0 cette fili\u00e8re \u00e9nerg\u00e9tique dont l&rsquo;\u0092Agence internationale de l&rsquo;\u0092\u00e9nergie pr\u00e9voit qu&rsquo;elle produira 11,3 % de l\u0092&rsquo;\u00e9lectricit\u00e9 mondiale \u00e0 l\u0092&rsquo;horizon 2050. La rencontre s&rsquo;\u0092organisera autour de quatre tables rondes : le d\u00e9veloppement de l\u0092&rsquo;\u00e9nergie solaire \u00e0 l&rsquo;\u0092international ; l\u0092&rsquo;offre industrielle fran\u00e7aise \u00e0 [&hellip;]","og_url":"https:\/\/batijournal.com\/index.php\/une-journee-dediee-a-l\u0092energie-solaire-thermodynamique\/79795\/","og_site_name":"Batijournal","article_published_time":"2011-05-11T22:00:00+00:00","author":"Bati-journal","twitter_card":"summary_large_image","twitter_creator":"@bati_journal","twitter_site":"@bati_journal","twitter_misc":{"\u00c9crit par":"Bati-journal","Dur\u00e9e de lecture estim\u00e9e":"1 minute"},"schema":{"@context":"https:\/\/schema.org","@graph":[{"@type":"Article","@id":"https:\/\/batijournal.com\/index.php\/une-journee-dediee-a-l%c2%92energie-solaire-thermodynamique\/79795\/#article","isPartOf":{"@id":"https:\/\/batijournal.com\/index.php\/une-journee-dediee-a-l%c2%92energie-solaire-thermodynamique\/79795\/"},"author":{"name":"Bati-journal","@id":"https:\/\/batijournal.com\/#\/schema\/person\/6a657e8967569e1b299972574848aa76"},"headline":"Une journ\u00e9e d\u00e9di\u00e9e \u00e0 l&rsquo;\u0092\u00e9nergie solaire thermodynamique","datePublished":"2011-05-11T22:00:00+00:00","mainEntityOfPage":{"@id":"https:\/\/batijournal.com\/index.php\/une-journee-dediee-a-l%c2%92energie-solaire-thermodynamique\/79795\/"},"wordCount":123,"commentCount":0,"keywords":["\u00e9nergie solaire","thermodynamique"],"articleSection":["\u00c9v\u00e9nements"],"inLanguage":"fr-FR","potentialAction":[{"@type":"CommentAction","name":"Comment","target":["https:\/\/batijournal.com\/index.php\/une-journee-dediee-a-l%c2%92energie-solaire-thermodynamique\/79795\/#respond"]}]},{"@type":"WebPage","@id":"https:\/\/batijournal.com\/index.php\/une-journee-dediee-a-l%c2%92energie-solaire-thermodynamique\/79795\/","url":"https:\/\/batijournal.com\/index.php\/une-journee-dediee-a-l%c2%92energie-solaire-thermodynamique\/79795\/","name":"Une journ\u00e9e d\u00e9di\u00e9e \u00e0 l'\u0092\u00e9nergie solaire thermodynamique","isPartOf":{"@id":"https:\/\/batijournal.com\/#website"},"datePublished":"2011-05-11T22:00:00+00:00","author":{"@id":"https:\/\/batijournal.com\/#\/schema\/person\/6a657e8967569e1b299972574848aa76"},"breadcrumb":{"@id":"https:\/\/batijournal.com\/index.php\/une-journee-dediee-a-l%c2%92energie-solaire-thermodynamique\/79795\/#breadcrumb"},"inLanguage":"fr-FR","potentialAction":[{"@type":"ReadAction","target":["https:\/\/batijournal.com\/index.php\/une-journee-dediee-a-l%c2%92energie-solaire-thermodynamique\/79795\/"]}]},{"@type":"BreadcrumbList","@id":"https:\/\/batijournal.com\/index.php\/une-journee-dediee-a-l%c2%92energie-solaire-thermodynamique\/79795\/#breadcrumb","itemListElement":[{"@type":"ListItem","position":1,"name":"Accueil","item":"https:\/\/batijournal.com\/"},{"@type":"ListItem","position":2,"name":"\u00c9v\u00e9nements","item":"https:\/\/batijournal.com\/index.php\/category\/evenements\/"},{"@type":"ListItem","position":3,"name":"Une journ\u00e9e d\u00e9di\u00e9e \u00e0 l&rsquo;\u0092\u00e9nergie solaire thermodynamique"}]},{"@type":"WebSite","@id":"https:\/\/batijournal.com\/#website","url":"https:\/\/batijournal.com\/","name":"Batijournal","description":"L&#039;actualit\u00e9 du b\u00e2timent","potentialAction":[{"@type":"SearchAction","target":{"@type":"EntryPoint","urlTemplate":"https:\/\/batijournal.com\/?s={search_term_string}"},"query-input":{"@type":"PropertyValueSpecification","valueRequired":true,"valueName":"search_term_string"}}],"inLanguage":"fr-FR"},{"@type":"Person","@id":"https:\/\/batijournal.com\/#\/schema\/person\/6a657e8967569e1b299972574848aa76","name":"Bati-journal","image":{"@type":"ImageObject","inLanguage":"fr-FR","@id":"https:\/\/secure.gravatar.com\/avatar\/a64364ea26392f9b4dd47e017ddaec74ff03aefc073b49e492e847201258f777?s=96&d=mm&r=g","url":"https:\/\/secure.gravatar.com\/avatar\/a64364ea26392f9b4dd47e017ddaec74ff03aefc073b49e492e847201258f777?s=96&d=mm&r=g","contentUrl":"https:\/\/secure.gravatar.com\/avatar\/a64364ea26392f9b4dd47e017ddaec74ff03aefc073b49e492e847201258f777?s=96&d=mm&r=g","caption":"Bati-journal"},"url":"https:\/\/batijournal.com\/index.php\/author\/elodie\/"}]}},"_links":{"self":[{"href":"https:\/\/batijournal.com\/index.php\/wp-json\/wp\/v2\/posts\/79795","targetHints":{"allow":["GET"]}}],"collection":[{"href":"https:\/\/batijournal.com\/index.php\/wp-json\/wp\/v2\/posts"}],"about":[{"href":"https:\/\/batijournal.com\/index.php\/wp-json\/wp\/v2\/types\/post"}],"author":[{"embeddable":true,"href":"https:\/\/batijournal.com\/index.php\/wp-json\/wp\/v2\/users\/1"}],"replies":[{"embeddable":true,"href":"https:\/\/batijournal.com\/index.php\/wp-json\/wp\/v2\/comments?post=79795"}],"version-history":[{"count":0,"href":"https:\/\/batijournal.com\/index.php\/wp-json\/wp\/v2\/posts\/79795\/revisions"}],"wp:attachment":[{"href":"https:\/\/batijournal.com\/index.php\/wp-json\/wp\/v2\/media?parent=79795"}],"wp:term":[{"taxonomy":"category","embeddable":true,"href":"https:\/\/batijournal.com\/index.php\/wp-json\/wp\/v2\/categories?post=79795"},{"taxonomy":"post_tag","embeddable":true,"href":"https:\/\/batijournal.com\/index.php\/wp-json\/wp\/v2\/tags?post=79795"}],"curies":[{"name":"wp","href":"https:\/\/api.w.org\/{rel}","templated":true}]}}