{"id":79802,"date":"2011-06-01T00:00:00","date_gmt":"2011-05-31T22:00:00","guid":{"rendered":"http:\/\/b.bati-journal.com\/nouvelles-dates-pour-smo-le-salon-de-la-maitrise-doeuvre\/79802"},"modified":"2011-06-01T00:00:00","modified_gmt":"2011-05-31T22:00:00","slug":"nouvelles-dates-pour-smo-le-salon-de-la-maitrise-doeuvre","status":"publish","type":"post","link":"https:\/\/batijournal.com\/index.php\/nouvelles-dates-pour-smo-le-salon-de-la-maitrise-doeuvre\/79802\/","title":{"rendered":"Nouvelles dates pour SMO, le Salon de la ma\u00eetrise d&rsquo;oeuvre"},"content":{"rendered":"<p>Organis\u00e9 sous l&rsquo;\u0092\u00e9gide du Conseil de l\u0092&rsquo;Ordre des architectes Rh\u00f4ne-Alpes, de l\u0092&rsquo;UNSFA, du Syndicat des architectes du Rh\u00f4ne et de l\u0091&rsquo;Untec, la 4e \u00e9dition du Salon de la ma\u00eetrise d\u0092\u009c&rsquo;oeuvre aura lieu les 7 et 8 septembre 2011 au Double Mixte de Lyon-Villeurbanne. De nouvelles dates plus appropri\u00e9es face \u00e0 un calendrier de juin tr\u00e8s charg\u00e9 pour les professionnels de la construction. A l&rsquo;\u0092affiche de cette nouvelle \u00e9dition, un important focus sur la R\u00e9glementation thermique 2012, juste avant sa mise en \u009coeuvre en octobre prochain, autour d&rsquo;\u0092une conf\u00e9rence pl\u00e9ni\u00e8re, de d\u00e9bats et d\u0092&rsquo;ateliers de formation. L\u0092&rsquo;accessibilit\u00e9 et ses nouvelles normes seront elles aussi un axe renforc\u00e9 de cette \u00e9dition. A noter, \u00e9galement, des pr\u00e9sentations de produits et de solutions innovantes, des rencontres et d\u00e9bats avec les ma\u00eetres d\u0092&rsquo;ouvrage publics et priv\u00e9s lors de buildatings, ou encore les workshops sur le th\u00e8me Comment r\u00e9pondre aux probl\u00e9matiques d\u0092&rsquo;une maison de ville dans le cadre du Grenelle 2 Plus de 2 000 prescripteurs du cadre b\u00e2ti (architectes, ing\u00e9nieurs, bureaux d\u0092&rsquo;\u00e9tudes, \u00e9conomistes) sont attendus.<\/p>\n","protected":false},"excerpt":{"rendered":"<p>Organis\u00e9 sous l&rsquo;\u0092\u00e9gide du Conseil de l\u0092&rsquo;Ordre des architectes Rh\u00f4ne-Alpes, de l\u0092&rsquo;UNSFA, du Syndicat des architectes du Rh\u00f4ne et de l\u0091&rsquo;Untec, la 4e \u00e9dition du Salon de la ma\u00eetrise d\u0092\u009c&rsquo;oeuvre aura lieu les 7 et 8 septembre 2011 au Double Mixte de Lyon-Villeurbanne. De nouvelles dates plus appropri\u00e9es face \u00e0 un calendrier de juin tr\u00e8s [&hellip;]<\/p>\n","protected":false},"author":1,"featured_media":0,"comment_status":"open","ping_status":"closed","sticky":false,"template":"","format":"standard","meta":{"_et_pb_use_builder":"","_et_pb_old_content":"","_et_gb_content_width":"","footnotes":""},"categories":[9192],"tags":[9406,1186],"class_list":["post-79802","post","type-post","status-publish","format-standard","hentry","category-evenements","tag-maitrise-doeuvre","tag-smo"],"yoast_head":"<!-- This site is optimized with the Yoast SEO plugin v27.4 - https:\/\/yoast.com\/product\/yoast-seo-wordpress\/ -->\n<title>Nouvelles dates pour SMO, le Salon de la ma\u00eetrise d&#039;oeuvre<\/title>\n<meta name=\"robots\" content=\"index, follow, max-snippet:-1, max-image-preview:large, max-video-preview:-1\" \/>\n<link rel=\"canonical\" href=\"https:\/\/batijournal.com\/index.php\/nouvelles-dates-pour-smo-le-salon-de-la-maitrise-doeuvre\/79802\/\" \/>\n<meta property=\"og:locale\" content=\"fr_FR\" \/>\n<meta property=\"og:type\" content=\"article\" \/>\n<meta property=\"og:title\" content=\"Nouvelles dates pour SMO, le Salon de la ma\u00eetrise d&#039;oeuvre\" \/>\n<meta property=\"og:description\" content=\"Organis\u00e9 sous l&rsquo;\u0092\u00e9gide du Conseil de l\u0092&rsquo;Ordre des architectes Rh\u00f4ne-Alpes, de l\u0092&rsquo;UNSFA, du Syndicat des architectes du Rh\u00f4ne et de l\u0091&rsquo;Untec, la 4e \u00e9dition du Salon de la ma\u00eetrise d\u0092\u009c&rsquo;oeuvre aura lieu les 7 et 8 septembre 2011 au Double Mixte de Lyon-Villeurbanne. De nouvelles dates plus appropri\u00e9es face \u00e0 un calendrier de juin tr\u00e8s [&hellip;]\" \/>\n<meta property=\"og:url\" content=\"https:\/\/batijournal.com\/index.php\/nouvelles-dates-pour-smo-le-salon-de-la-maitrise-doeuvre\/79802\/\" \/>\n<meta property=\"og:site_name\" content=\"Batijournal\" \/>\n<meta property=\"article:published_time\" content=\"2011-05-31T22:00:00+00:00\" \/>\n<meta name=\"author\" content=\"Bati-journal\" \/>\n<meta name=\"twitter:card\" content=\"summary_large_image\" \/>\n<meta name=\"twitter:creator\" content=\"@bati_journal\" \/>\n<meta name=\"twitter:site\" content=\"@bati_journal\" \/>\n<meta name=\"twitter:label1\" content=\"\u00c9crit par\" \/>\n\t<meta name=\"twitter:data1\" content=\"Bati-journal\" \/>\n\t<meta name=\"twitter:label2\" content=\"Dur\u00e9e de lecture estim\u00e9e\" \/>\n\t<meta name=\"twitter:data2\" content=\"1 minute\" \/>\n<script type=\"application\/ld+json\" class=\"yoast-schema-graph\">{\"@context\":\"https:\\\/\\\/schema.org\",\"@graph\":[{\"@type\":\"Article\",\"@id\":\"https:\\\/\\\/batijournal.com\\\/index.php\\\/nouvelles-dates-pour-smo-le-salon-de-la-maitrise-doeuvre\\\/79802\\\/#article\",\"isPartOf\":{\"@id\":\"https:\\\/\\\/batijournal.com\\\/index.php\\\/nouvelles-dates-pour-smo-le-salon-de-la-maitrise-doeuvre\\\/79802\\\/\"},\"author\":{\"name\":\"Bati-journal\",\"@id\":\"https:\\\/\\\/batijournal.com\\\/#\\\/schema\\\/person\\\/6a657e8967569e1b299972574848aa76\"},\"headline\":\"Nouvelles dates pour SMO, le Salon de la ma\u00eetrise d&rsquo;oeuvre\",\"datePublished\":\"2011-05-31T22:00:00+00:00\",\"mainEntityOfPage\":{\"@id\":\"https:\\\/\\\/batijournal.com\\\/index.php\\\/nouvelles-dates-pour-smo-le-salon-de-la-maitrise-doeuvre\\\/79802\\\/\"},\"wordCount\":205,\"commentCount\":0,\"keywords\":[\"maitrise doeuvre\",\"SMO\"],\"articleSection\":[\"\u00c9v\u00e9nements\"],\"inLanguage\":\"fr-FR\",\"potentialAction\":[{\"@type\":\"CommentAction\",\"name\":\"Comment\",\"target\":[\"https:\\\/\\\/batijournal.com\\\/index.php\\\/nouvelles-dates-pour-smo-le-salon-de-la-maitrise-doeuvre\\\/79802\\\/#respond\"]}]},{\"@type\":\"WebPage\",\"@id\":\"https:\\\/\\\/batijournal.com\\\/index.php\\\/nouvelles-dates-pour-smo-le-salon-de-la-maitrise-doeuvre\\\/79802\\\/\",\"url\":\"https:\\\/\\\/batijournal.com\\\/index.php\\\/nouvelles-dates-pour-smo-le-salon-de-la-maitrise-doeuvre\\\/79802\\\/\",\"name\":\"Nouvelles dates pour SMO, le Salon de la ma\u00eetrise d'oeuvre\",\"isPartOf\":{\"@id\":\"https:\\\/\\\/batijournal.com\\\/#website\"},\"datePublished\":\"2011-05-31T22:00:00+00:00\",\"author\":{\"@id\":\"https:\\\/\\\/batijournal.com\\\/#\\\/schema\\\/person\\\/6a657e8967569e1b299972574848aa76\"},\"breadcrumb\":{\"@id\":\"https:\\\/\\\/batijournal.com\\\/index.php\\\/nouvelles-dates-pour-smo-le-salon-de-la-maitrise-doeuvre\\\/79802\\\/#breadcrumb\"},\"inLanguage\":\"fr-FR\",\"potentialAction\":[{\"@type\":\"ReadAction\",\"target\":[\"https:\\\/\\\/batijournal.com\\\/index.php\\\/nouvelles-dates-pour-smo-le-salon-de-la-maitrise-doeuvre\\\/79802\\\/\"]}]},{\"@type\":\"BreadcrumbList\",\"@id\":\"https:\\\/\\\/batijournal.com\\\/index.php\\\/nouvelles-dates-pour-smo-le-salon-de-la-maitrise-doeuvre\\\/79802\\\/#breadcrumb\",\"itemListElement\":[{\"@type\":\"ListItem\",\"position\":1,\"name\":\"Accueil\",\"item\":\"https:\\\/\\\/batijournal.com\\\/\"},{\"@type\":\"ListItem\",\"position\":2,\"name\":\"\u00c9v\u00e9nements\",\"item\":\"https:\\\/\\\/batijournal.com\\\/index.php\\\/category\\\/evenements\\\/\"},{\"@type\":\"ListItem\",\"position\":3,\"name\":\"Nouvelles dates pour SMO, le Salon de la ma\u00eetrise d&rsquo;oeuvre\"}]},{\"@type\":\"WebSite\",\"@id\":\"https:\\\/\\\/batijournal.com\\\/#website\",\"url\":\"https:\\\/\\\/batijournal.com\\\/\",\"name\":\"Batijournal\",\"description\":\"L&#039;actualit\u00e9 du b\u00e2timent\",\"potentialAction\":[{\"@type\":\"SearchAction\",\"target\":{\"@type\":\"EntryPoint\",\"urlTemplate\":\"https:\\\/\\\/batijournal.com\\\/?s={search_term_string}\"},\"query-input\":{\"@type\":\"PropertyValueSpecification\",\"valueRequired\":true,\"valueName\":\"search_term_string\"}}],\"inLanguage\":\"fr-FR\"},{\"@type\":\"Person\",\"@id\":\"https:\\\/\\\/batijournal.com\\\/#\\\/schema\\\/person\\\/6a657e8967569e1b299972574848aa76\",\"name\":\"Bati-journal\",\"image\":{\"@type\":\"ImageObject\",\"inLanguage\":\"fr-FR\",\"@id\":\"https:\\\/\\\/secure.gravatar.com\\\/avatar\\\/a64364ea26392f9b4dd47e017ddaec74ff03aefc073b49e492e847201258f777?s=96&d=mm&r=g\",\"url\":\"https:\\\/\\\/secure.gravatar.com\\\/avatar\\\/a64364ea26392f9b4dd47e017ddaec74ff03aefc073b49e492e847201258f777?s=96&d=mm&r=g\",\"contentUrl\":\"https:\\\/\\\/secure.gravatar.com\\\/avatar\\\/a64364ea26392f9b4dd47e017ddaec74ff03aefc073b49e492e847201258f777?s=96&d=mm&r=g\",\"caption\":\"Bati-journal\"},\"url\":\"https:\\\/\\\/batijournal.com\\\/index.php\\\/author\\\/elodie\\\/\"}]}<\/script>\n<!-- \/ Yoast SEO plugin. -->","yoast_head_json":{"title":"Nouvelles dates pour SMO, le Salon de la ma\u00eetrise d'oeuvre","robots":{"index":"index","follow":"follow","max-snippet":"max-snippet:-1","max-image-preview":"max-image-preview:large","max-video-preview":"max-video-preview:-1"},"canonical":"https:\/\/batijournal.com\/index.php\/nouvelles-dates-pour-smo-le-salon-de-la-maitrise-doeuvre\/79802\/","og_locale":"fr_FR","og_type":"article","og_title":"Nouvelles dates pour SMO, le Salon de la ma\u00eetrise d'oeuvre","og_description":"Organis\u00e9 sous l&rsquo;\u0092\u00e9gide du Conseil de l\u0092&rsquo;Ordre des architectes Rh\u00f4ne-Alpes, de l\u0092&rsquo;UNSFA, du Syndicat des architectes du Rh\u00f4ne et de l\u0091&rsquo;Untec, la 4e \u00e9dition du Salon de la ma\u00eetrise d\u0092\u009c&rsquo;oeuvre aura lieu les 7 et 8 septembre 2011 au Double Mixte de Lyon-Villeurbanne. De nouvelles dates plus appropri\u00e9es face \u00e0 un calendrier de juin tr\u00e8s [&hellip;]","og_url":"https:\/\/batijournal.com\/index.php\/nouvelles-dates-pour-smo-le-salon-de-la-maitrise-doeuvre\/79802\/","og_site_name":"Batijournal","article_published_time":"2011-05-31T22:00:00+00:00","author":"Bati-journal","twitter_card":"summary_large_image","twitter_creator":"@bati_journal","twitter_site":"@bati_journal","twitter_misc":{"\u00c9crit par":"Bati-journal","Dur\u00e9e de lecture estim\u00e9e":"1 minute"},"schema":{"@context":"https:\/\/schema.org","@graph":[{"@type":"Article","@id":"https:\/\/batijournal.com\/index.php\/nouvelles-dates-pour-smo-le-salon-de-la-maitrise-doeuvre\/79802\/#article","isPartOf":{"@id":"https:\/\/batijournal.com\/index.php\/nouvelles-dates-pour-smo-le-salon-de-la-maitrise-doeuvre\/79802\/"},"author":{"name":"Bati-journal","@id":"https:\/\/batijournal.com\/#\/schema\/person\/6a657e8967569e1b299972574848aa76"},"headline":"Nouvelles dates pour SMO, le Salon de la ma\u00eetrise d&rsquo;oeuvre","datePublished":"2011-05-31T22:00:00+00:00","mainEntityOfPage":{"@id":"https:\/\/batijournal.com\/index.php\/nouvelles-dates-pour-smo-le-salon-de-la-maitrise-doeuvre\/79802\/"},"wordCount":205,"commentCount":0,"keywords":["maitrise doeuvre","SMO"],"articleSection":["\u00c9v\u00e9nements"],"inLanguage":"fr-FR","potentialAction":[{"@type":"CommentAction","name":"Comment","target":["https:\/\/batijournal.com\/index.php\/nouvelles-dates-pour-smo-le-salon-de-la-maitrise-doeuvre\/79802\/#respond"]}]},{"@type":"WebPage","@id":"https:\/\/batijournal.com\/index.php\/nouvelles-dates-pour-smo-le-salon-de-la-maitrise-doeuvre\/79802\/","url":"https:\/\/batijournal.com\/index.php\/nouvelles-dates-pour-smo-le-salon-de-la-maitrise-doeuvre\/79802\/","name":"Nouvelles dates pour SMO, le Salon de la ma\u00eetrise d'oeuvre","isPartOf":{"@id":"https:\/\/batijournal.com\/#website"},"datePublished":"2011-05-31T22:00:00+00:00","author":{"@id":"https:\/\/batijournal.com\/#\/schema\/person\/6a657e8967569e1b299972574848aa76"},"breadcrumb":{"@id":"https:\/\/batijournal.com\/index.php\/nouvelles-dates-pour-smo-le-salon-de-la-maitrise-doeuvre\/79802\/#breadcrumb"},"inLanguage":"fr-FR","potentialAction":[{"@type":"ReadAction","target":["https:\/\/batijournal.com\/index.php\/nouvelles-dates-pour-smo-le-salon-de-la-maitrise-doeuvre\/79802\/"]}]},{"@type":"BreadcrumbList","@id":"https:\/\/batijournal.com\/index.php\/nouvelles-dates-pour-smo-le-salon-de-la-maitrise-doeuvre\/79802\/#breadcrumb","itemListElement":[{"@type":"ListItem","position":1,"name":"Accueil","item":"https:\/\/batijournal.com\/"},{"@type":"ListItem","position":2,"name":"\u00c9v\u00e9nements","item":"https:\/\/batijournal.com\/index.php\/category\/evenements\/"},{"@type":"ListItem","position":3,"name":"Nouvelles dates pour SMO, le Salon de la ma\u00eetrise d&rsquo;oeuvre"}]},{"@type":"WebSite","@id":"https:\/\/batijournal.com\/#website","url":"https:\/\/batijournal.com\/","name":"Batijournal","description":"L&#039;actualit\u00e9 du b\u00e2timent","potentialAction":[{"@type":"SearchAction","target":{"@type":"EntryPoint","urlTemplate":"https:\/\/batijournal.com\/?s={search_term_string}"},"query-input":{"@type":"PropertyValueSpecification","valueRequired":true,"valueName":"search_term_string"}}],"inLanguage":"fr-FR"},{"@type":"Person","@id":"https:\/\/batijournal.com\/#\/schema\/person\/6a657e8967569e1b299972574848aa76","name":"Bati-journal","image":{"@type":"ImageObject","inLanguage":"fr-FR","@id":"https:\/\/secure.gravatar.com\/avatar\/a64364ea26392f9b4dd47e017ddaec74ff03aefc073b49e492e847201258f777?s=96&d=mm&r=g","url":"https:\/\/secure.gravatar.com\/avatar\/a64364ea26392f9b4dd47e017ddaec74ff03aefc073b49e492e847201258f777?s=96&d=mm&r=g","contentUrl":"https:\/\/secure.gravatar.com\/avatar\/a64364ea26392f9b4dd47e017ddaec74ff03aefc073b49e492e847201258f777?s=96&d=mm&r=g","caption":"Bati-journal"},"url":"https:\/\/batijournal.com\/index.php\/author\/elodie\/"}]}},"_links":{"self":[{"href":"https:\/\/batijournal.com\/index.php\/wp-json\/wp\/v2\/posts\/79802","targetHints":{"allow":["GET"]}}],"collection":[{"href":"https:\/\/batijournal.com\/index.php\/wp-json\/wp\/v2\/posts"}],"about":[{"href":"https:\/\/batijournal.com\/index.php\/wp-json\/wp\/v2\/types\/post"}],"author":[{"embeddable":true,"href":"https:\/\/batijournal.com\/index.php\/wp-json\/wp\/v2\/users\/1"}],"replies":[{"embeddable":true,"href":"https:\/\/batijournal.com\/index.php\/wp-json\/wp\/v2\/comments?post=79802"}],"version-history":[{"count":0,"href":"https:\/\/batijournal.com\/index.php\/wp-json\/wp\/v2\/posts\/79802\/revisions"}],"wp:attachment":[{"href":"https:\/\/batijournal.com\/index.php\/wp-json\/wp\/v2\/media?parent=79802"}],"wp:term":[{"taxonomy":"category","embeddable":true,"href":"https:\/\/batijournal.com\/index.php\/wp-json\/wp\/v2\/categories?post=79802"},{"taxonomy":"post_tag","embeddable":true,"href":"https:\/\/batijournal.com\/index.php\/wp-json\/wp\/v2\/tags?post=79802"}],"curies":[{"name":"wp","href":"https:\/\/api.w.org\/{rel}","templated":true}]}}