{"id":79808,"date":"2011-06-28T11:02:24","date_gmt":"2011-06-28T09:02:24","guid":{"rendered":"http:\/\/b.bati-journal.com\/convention-de-lutte-contre-la-precarite-energetique-des-batiments\/79808"},"modified":"2011-06-28T11:02:24","modified_gmt":"2011-06-28T09:02:24","slug":"convention-de-lutte-contre-la-precarite-energetique-des-batiments","status":"publish","type":"post","link":"https:\/\/batijournal.com\/index.php\/convention-de-lutte-contre-la-precarite-energetique-des-batiments\/79808\/","title":{"rendered":"Convention de lutte contre la pr\u00e9carit\u00e9 \u00e9nerg\u00e9tique des b\u00e2timents"},"content":{"rendered":"<p>A l\u2019occasion du congr\u00e8s de la FFB, Benoist Apparu, secr\u00e9taire d\u2019\u00c9tat charg\u00e9 du logement, a d\u00e9battu avec les 600 congressistes des grands objectifs de politique du logement du gouvernement. Dans ce cadre, il a soulign\u00e9 l\u2019importance de la performance \u00e9nerg\u00e9tique et a sign\u00e9 avec Didier Ridoret, pr\u00e9sident de la FFB, une convention de lutte contre la pr\u00e9carit\u00e9 \u00e9nerg\u00e9tique. Cet engagement s\u2019inscrit dans le cadre du programme pilot\u00e9 par l\u2019ANAH \u00ab Habiter mieux \u00bb. Cette op\u00e9ration nationale d\u2019aide \u00e0 la r\u00e9novation thermique de logements priv\u00e9s est dot\u00e9e d\u2019un financement de 1,35 milliard d\u2019euros pour rendre \u00e0 niveau, d\u2019ici 2017, 300 000 logements de propri\u00e9taires occupants en situation de forte pr\u00e9carit\u00e9 \u00e9nerg\u00e9tique. La convention sign\u00e9e pendant le congr\u00e8s de la FFB \u00a0fera appel \u00e0 des professionnels de la performance \u00e9nerg\u00e9tique. Didier Ridoret rappelle que \u00ab\u00a0le label \u00ab Les Pros de la Performance \u00c9nerg\u00e9tique \u00bb est d\u00e9livr\u00e9 aux artisans et entrepreneurs qui sont form\u00e9s aux \u00e9conomies d\u2019\u00e9nergie, qualifi\u00e9s dans leur m\u00e9tier et aptes \u00e0 proposer une offre globale en mati\u00e8re de r\u00e9novation \u00e9nerg\u00e9tique.\u00a0\u00bb<\/p>\n","protected":false},"excerpt":{"rendered":"<p>A l\u2019occasion du congr\u00e8s de la FFB, Benoist Apparu, secr\u00e9taire d\u2019\u00c9tat charg\u00e9 du logement, a d\u00e9battu avec les 600 congressistes des grands objectifs de politique du logement du gouvernement. Dans ce cadre, il a soulign\u00e9 l\u2019importance de la performance \u00e9nerg\u00e9tique et a sign\u00e9 avec Didier Ridoret, pr\u00e9sident de la FFB, une convention de lutte contre [&hellip;]<\/p>\n","protected":false},"author":1,"featured_media":0,"comment_status":"open","ping_status":"closed","sticky":false,"template":"","format":"standard","meta":{"_et_pb_use_builder":"","_et_pb_old_content":"","_et_gb_content_width":"","footnotes":""},"categories":[9192],"tags":[439,1219,4068],"class_list":["post-79808","post","type-post","status-publish","format-standard","hentry","category-evenements","tag-batiment","tag-convention","tag-performances-energetiques"],"yoast_head":"<!-- This site is optimized with the Yoast SEO plugin v27.4 - https:\/\/yoast.com\/product\/yoast-seo-wordpress\/ -->\n<title>Convention de lutte contre la pr\u00e9carit\u00e9 \u00e9nerg\u00e9tique des b\u00e2timents<\/title>\n<meta name=\"robots\" content=\"index, follow, max-snippet:-1, max-image-preview:large, max-video-preview:-1\" \/>\n<link rel=\"canonical\" href=\"https:\/\/batijournal.com\/index.php\/convention-de-lutte-contre-la-precarite-energetique-des-batiments\/79808\/\" \/>\n<meta property=\"og:locale\" content=\"fr_FR\" \/>\n<meta property=\"og:type\" content=\"article\" \/>\n<meta property=\"og:title\" content=\"Convention de lutte contre la pr\u00e9carit\u00e9 \u00e9nerg\u00e9tique des b\u00e2timents\" \/>\n<meta property=\"og:description\" content=\"A l\u2019occasion du congr\u00e8s de la FFB, Benoist Apparu, secr\u00e9taire d\u2019\u00c9tat charg\u00e9 du logement, a d\u00e9battu avec les 600 congressistes des grands objectifs de politique du logement du gouvernement. Dans ce cadre, il a soulign\u00e9 l\u2019importance de la performance \u00e9nerg\u00e9tique et a sign\u00e9 avec Didier Ridoret, pr\u00e9sident de la FFB, une convention de lutte contre [&hellip;]\" \/>\n<meta property=\"og:url\" content=\"https:\/\/batijournal.com\/index.php\/convention-de-lutte-contre-la-precarite-energetique-des-batiments\/79808\/\" \/>\n<meta property=\"og:site_name\" content=\"Batijournal\" \/>\n<meta property=\"article:published_time\" content=\"2011-06-28T09:02:24+00:00\" \/>\n<meta name=\"author\" content=\"Bati-journal\" \/>\n<meta name=\"twitter:card\" content=\"summary_large_image\" \/>\n<meta name=\"twitter:creator\" content=\"@bati_journal\" \/>\n<meta name=\"twitter:site\" content=\"@bati_journal\" \/>\n<meta name=\"twitter:label1\" content=\"\u00c9crit par\" \/>\n\t<meta name=\"twitter:data1\" content=\"Bati-journal\" \/>\n\t<meta name=\"twitter:label2\" content=\"Dur\u00e9e de lecture estim\u00e9e\" \/>\n\t<meta name=\"twitter:data2\" content=\"1 minute\" \/>\n<script type=\"application\/ld+json\" class=\"yoast-schema-graph\">{\"@context\":\"https:\\\/\\\/schema.org\",\"@graph\":[{\"@type\":\"Article\",\"@id\":\"https:\\\/\\\/batijournal.com\\\/index.php\\\/convention-de-lutte-contre-la-precarite-energetique-des-batiments\\\/79808\\\/#article\",\"isPartOf\":{\"@id\":\"https:\\\/\\\/batijournal.com\\\/index.php\\\/convention-de-lutte-contre-la-precarite-energetique-des-batiments\\\/79808\\\/\"},\"author\":{\"name\":\"Bati-journal\",\"@id\":\"https:\\\/\\\/batijournal.com\\\/#\\\/schema\\\/person\\\/6a657e8967569e1b299972574848aa76\"},\"headline\":\"Convention de lutte contre la pr\u00e9carit\u00e9 \u00e9nerg\u00e9tique des b\u00e2timents\",\"datePublished\":\"2011-06-28T09:02:24+00:00\",\"mainEntityOfPage\":{\"@id\":\"https:\\\/\\\/batijournal.com\\\/index.php\\\/convention-de-lutte-contre-la-precarite-energetique-des-batiments\\\/79808\\\/\"},\"wordCount\":204,\"commentCount\":0,\"keywords\":[\"b\u00e2timent\",\"convention\",\"performances \u00e9nerg\u00e9tiques\"],\"articleSection\":[\"\u00c9v\u00e9nements\"],\"inLanguage\":\"fr-FR\",\"potentialAction\":[{\"@type\":\"CommentAction\",\"name\":\"Comment\",\"target\":[\"https:\\\/\\\/batijournal.com\\\/index.php\\\/convention-de-lutte-contre-la-precarite-energetique-des-batiments\\\/79808\\\/#respond\"]}]},{\"@type\":\"WebPage\",\"@id\":\"https:\\\/\\\/batijournal.com\\\/index.php\\\/convention-de-lutte-contre-la-precarite-energetique-des-batiments\\\/79808\\\/\",\"url\":\"https:\\\/\\\/batijournal.com\\\/index.php\\\/convention-de-lutte-contre-la-precarite-energetique-des-batiments\\\/79808\\\/\",\"name\":\"Convention de lutte contre la pr\u00e9carit\u00e9 \u00e9nerg\u00e9tique des b\u00e2timents\",\"isPartOf\":{\"@id\":\"https:\\\/\\\/batijournal.com\\\/#website\"},\"datePublished\":\"2011-06-28T09:02:24+00:00\",\"author\":{\"@id\":\"https:\\\/\\\/batijournal.com\\\/#\\\/schema\\\/person\\\/6a657e8967569e1b299972574848aa76\"},\"breadcrumb\":{\"@id\":\"https:\\\/\\\/batijournal.com\\\/index.php\\\/convention-de-lutte-contre-la-precarite-energetique-des-batiments\\\/79808\\\/#breadcrumb\"},\"inLanguage\":\"fr-FR\",\"potentialAction\":[{\"@type\":\"ReadAction\",\"target\":[\"https:\\\/\\\/batijournal.com\\\/index.php\\\/convention-de-lutte-contre-la-precarite-energetique-des-batiments\\\/79808\\\/\"]}]},{\"@type\":\"BreadcrumbList\",\"@id\":\"https:\\\/\\\/batijournal.com\\\/index.php\\\/convention-de-lutte-contre-la-precarite-energetique-des-batiments\\\/79808\\\/#breadcrumb\",\"itemListElement\":[{\"@type\":\"ListItem\",\"position\":1,\"name\":\"Accueil\",\"item\":\"https:\\\/\\\/batijournal.com\\\/\"},{\"@type\":\"ListItem\",\"position\":2,\"name\":\"\u00c9v\u00e9nements\",\"item\":\"https:\\\/\\\/batijournal.com\\\/index.php\\\/category\\\/evenements\\\/\"},{\"@type\":\"ListItem\",\"position\":3,\"name\":\"Convention de lutte contre la pr\u00e9carit\u00e9 \u00e9nerg\u00e9tique des b\u00e2timents\"}]},{\"@type\":\"WebSite\",\"@id\":\"https:\\\/\\\/batijournal.com\\\/#website\",\"url\":\"https:\\\/\\\/batijournal.com\\\/\",\"name\":\"Batijournal\",\"description\":\"L&#039;actualit\u00e9 du b\u00e2timent\",\"potentialAction\":[{\"@type\":\"SearchAction\",\"target\":{\"@type\":\"EntryPoint\",\"urlTemplate\":\"https:\\\/\\\/batijournal.com\\\/?s={search_term_string}\"},\"query-input\":{\"@type\":\"PropertyValueSpecification\",\"valueRequired\":true,\"valueName\":\"search_term_string\"}}],\"inLanguage\":\"fr-FR\"},{\"@type\":\"Person\",\"@id\":\"https:\\\/\\\/batijournal.com\\\/#\\\/schema\\\/person\\\/6a657e8967569e1b299972574848aa76\",\"name\":\"Bati-journal\",\"image\":{\"@type\":\"ImageObject\",\"inLanguage\":\"fr-FR\",\"@id\":\"https:\\\/\\\/secure.gravatar.com\\\/avatar\\\/a64364ea26392f9b4dd47e017ddaec74ff03aefc073b49e492e847201258f777?s=96&d=mm&r=g\",\"url\":\"https:\\\/\\\/secure.gravatar.com\\\/avatar\\\/a64364ea26392f9b4dd47e017ddaec74ff03aefc073b49e492e847201258f777?s=96&d=mm&r=g\",\"contentUrl\":\"https:\\\/\\\/secure.gravatar.com\\\/avatar\\\/a64364ea26392f9b4dd47e017ddaec74ff03aefc073b49e492e847201258f777?s=96&d=mm&r=g\",\"caption\":\"Bati-journal\"},\"url\":\"https:\\\/\\\/batijournal.com\\\/index.php\\\/author\\\/elodie\\\/\"}]}<\/script>\n<!-- \/ Yoast SEO plugin. -->","yoast_head_json":{"title":"Convention de lutte contre la pr\u00e9carit\u00e9 \u00e9nerg\u00e9tique des b\u00e2timents","robots":{"index":"index","follow":"follow","max-snippet":"max-snippet:-1","max-image-preview":"max-image-preview:large","max-video-preview":"max-video-preview:-1"},"canonical":"https:\/\/batijournal.com\/index.php\/convention-de-lutte-contre-la-precarite-energetique-des-batiments\/79808\/","og_locale":"fr_FR","og_type":"article","og_title":"Convention de lutte contre la pr\u00e9carit\u00e9 \u00e9nerg\u00e9tique des b\u00e2timents","og_description":"A l\u2019occasion du congr\u00e8s de la FFB, Benoist Apparu, secr\u00e9taire d\u2019\u00c9tat charg\u00e9 du logement, a d\u00e9battu avec les 600 congressistes des grands objectifs de politique du logement du gouvernement. Dans ce cadre, il a soulign\u00e9 l\u2019importance de la performance \u00e9nerg\u00e9tique et a sign\u00e9 avec Didier Ridoret, pr\u00e9sident de la FFB, une convention de lutte contre [&hellip;]","og_url":"https:\/\/batijournal.com\/index.php\/convention-de-lutte-contre-la-precarite-energetique-des-batiments\/79808\/","og_site_name":"Batijournal","article_published_time":"2011-06-28T09:02:24+00:00","author":"Bati-journal","twitter_card":"summary_large_image","twitter_creator":"@bati_journal","twitter_site":"@bati_journal","twitter_misc":{"\u00c9crit par":"Bati-journal","Dur\u00e9e de lecture estim\u00e9e":"1 minute"},"schema":{"@context":"https:\/\/schema.org","@graph":[{"@type":"Article","@id":"https:\/\/batijournal.com\/index.php\/convention-de-lutte-contre-la-precarite-energetique-des-batiments\/79808\/#article","isPartOf":{"@id":"https:\/\/batijournal.com\/index.php\/convention-de-lutte-contre-la-precarite-energetique-des-batiments\/79808\/"},"author":{"name":"Bati-journal","@id":"https:\/\/batijournal.com\/#\/schema\/person\/6a657e8967569e1b299972574848aa76"},"headline":"Convention de lutte contre la pr\u00e9carit\u00e9 \u00e9nerg\u00e9tique des b\u00e2timents","datePublished":"2011-06-28T09:02:24+00:00","mainEntityOfPage":{"@id":"https:\/\/batijournal.com\/index.php\/convention-de-lutte-contre-la-precarite-energetique-des-batiments\/79808\/"},"wordCount":204,"commentCount":0,"keywords":["b\u00e2timent","convention","performances \u00e9nerg\u00e9tiques"],"articleSection":["\u00c9v\u00e9nements"],"inLanguage":"fr-FR","potentialAction":[{"@type":"CommentAction","name":"Comment","target":["https:\/\/batijournal.com\/index.php\/convention-de-lutte-contre-la-precarite-energetique-des-batiments\/79808\/#respond"]}]},{"@type":"WebPage","@id":"https:\/\/batijournal.com\/index.php\/convention-de-lutte-contre-la-precarite-energetique-des-batiments\/79808\/","url":"https:\/\/batijournal.com\/index.php\/convention-de-lutte-contre-la-precarite-energetique-des-batiments\/79808\/","name":"Convention de lutte contre la pr\u00e9carit\u00e9 \u00e9nerg\u00e9tique des b\u00e2timents","isPartOf":{"@id":"https:\/\/batijournal.com\/#website"},"datePublished":"2011-06-28T09:02:24+00:00","author":{"@id":"https:\/\/batijournal.com\/#\/schema\/person\/6a657e8967569e1b299972574848aa76"},"breadcrumb":{"@id":"https:\/\/batijournal.com\/index.php\/convention-de-lutte-contre-la-precarite-energetique-des-batiments\/79808\/#breadcrumb"},"inLanguage":"fr-FR","potentialAction":[{"@type":"ReadAction","target":["https:\/\/batijournal.com\/index.php\/convention-de-lutte-contre-la-precarite-energetique-des-batiments\/79808\/"]}]},{"@type":"BreadcrumbList","@id":"https:\/\/batijournal.com\/index.php\/convention-de-lutte-contre-la-precarite-energetique-des-batiments\/79808\/#breadcrumb","itemListElement":[{"@type":"ListItem","position":1,"name":"Accueil","item":"https:\/\/batijournal.com\/"},{"@type":"ListItem","position":2,"name":"\u00c9v\u00e9nements","item":"https:\/\/batijournal.com\/index.php\/category\/evenements\/"},{"@type":"ListItem","position":3,"name":"Convention de lutte contre la pr\u00e9carit\u00e9 \u00e9nerg\u00e9tique des b\u00e2timents"}]},{"@type":"WebSite","@id":"https:\/\/batijournal.com\/#website","url":"https:\/\/batijournal.com\/","name":"Batijournal","description":"L&#039;actualit\u00e9 du b\u00e2timent","potentialAction":[{"@type":"SearchAction","target":{"@type":"EntryPoint","urlTemplate":"https:\/\/batijournal.com\/?s={search_term_string}"},"query-input":{"@type":"PropertyValueSpecification","valueRequired":true,"valueName":"search_term_string"}}],"inLanguage":"fr-FR"},{"@type":"Person","@id":"https:\/\/batijournal.com\/#\/schema\/person\/6a657e8967569e1b299972574848aa76","name":"Bati-journal","image":{"@type":"ImageObject","inLanguage":"fr-FR","@id":"https:\/\/secure.gravatar.com\/avatar\/a64364ea26392f9b4dd47e017ddaec74ff03aefc073b49e492e847201258f777?s=96&d=mm&r=g","url":"https:\/\/secure.gravatar.com\/avatar\/a64364ea26392f9b4dd47e017ddaec74ff03aefc073b49e492e847201258f777?s=96&d=mm&r=g","contentUrl":"https:\/\/secure.gravatar.com\/avatar\/a64364ea26392f9b4dd47e017ddaec74ff03aefc073b49e492e847201258f777?s=96&d=mm&r=g","caption":"Bati-journal"},"url":"https:\/\/batijournal.com\/index.php\/author\/elodie\/"}]}},"_links":{"self":[{"href":"https:\/\/batijournal.com\/index.php\/wp-json\/wp\/v2\/posts\/79808","targetHints":{"allow":["GET"]}}],"collection":[{"href":"https:\/\/batijournal.com\/index.php\/wp-json\/wp\/v2\/posts"}],"about":[{"href":"https:\/\/batijournal.com\/index.php\/wp-json\/wp\/v2\/types\/post"}],"author":[{"embeddable":true,"href":"https:\/\/batijournal.com\/index.php\/wp-json\/wp\/v2\/users\/1"}],"replies":[{"embeddable":true,"href":"https:\/\/batijournal.com\/index.php\/wp-json\/wp\/v2\/comments?post=79808"}],"version-history":[{"count":0,"href":"https:\/\/batijournal.com\/index.php\/wp-json\/wp\/v2\/posts\/79808\/revisions"}],"wp:attachment":[{"href":"https:\/\/batijournal.com\/index.php\/wp-json\/wp\/v2\/media?parent=79808"}],"wp:term":[{"taxonomy":"category","embeddable":true,"href":"https:\/\/batijournal.com\/index.php\/wp-json\/wp\/v2\/categories?post=79808"},{"taxonomy":"post_tag","embeddable":true,"href":"https:\/\/batijournal.com\/index.php\/wp-json\/wp\/v2\/tags?post=79808"}],"curies":[{"name":"wp","href":"https:\/\/api.w.org\/{rel}","templated":true}]}}