{"id":79827,"date":"2011-08-23T00:00:00","date_gmt":"2011-08-22T22:00:00","guid":{"rendered":"http:\/\/b.bati-journal.com\/batir-ecologique-2011\/79827"},"modified":"2011-08-23T00:00:00","modified_gmt":"2011-08-22T22:00:00","slug":"batir-ecologique-2011","status":"publish","type":"post","link":"https:\/\/batijournal.com\/index.php\/batir-ecologique-2011\/79827\/","title":{"rendered":"B\u00e2tir Ecologique 2011"},"content":{"rendered":"<p>Ce salon est depuis 8 ans le rendez-vous national de la construction \u00e9cologique et de l&rsquo;habitat sain. Destin\u00e9 aux ma\u00eetres d&rsquo;ouvrage priv\u00e9s ou publics et aux professionnels, il est ouvert aussi au grand public le week-end, notamment aux particuliers ayant un projet de construction, de r\u00e9novation ou de d\u00e9coration. En compl\u00e9ment de la pr\u00e9sence de 140 exposants fran\u00e7ais ou \u00e9trangers attendus, la manifestation proposera trente conf\u00e9rences et ateliers, des d\u00e9monstrations de techniques et de mises en \u009cuvre de mat\u00e9riaux, un espace formation, des tables rondes professionnelles et des visites guid\u00e9es.Grande Halle de La Vilette, Paris<\/p>\n","protected":false},"excerpt":{"rendered":"<p>Ce salon est depuis 8 ans le rendez-vous national de la construction \u00e9cologique et de l&rsquo;habitat sain. Destin\u00e9 aux ma\u00eetres d&rsquo;ouvrage priv\u00e9s ou publics et aux professionnels, il est ouvert aussi au grand public le week-end, notamment aux particuliers ayant un projet de construction, de r\u00e9novation ou de d\u00e9coration. En compl\u00e9ment de la pr\u00e9sence de [&hellip;]<\/p>\n","protected":false},"author":1,"featured_media":0,"comment_status":"open","ping_status":"closed","sticky":false,"template":"","format":"standard","meta":{"_et_pb_use_builder":"","_et_pb_old_content":"","_et_gb_content_width":"","footnotes":""},"categories":[9192],"tags":[386],"class_list":["post-79827","post","type-post","status-publish","format-standard","hentry","category-evenements","tag-salon"],"yoast_head":"<!-- This site is optimized with the Yoast SEO plugin v27.4 - https:\/\/yoast.com\/product\/yoast-seo-wordpress\/ -->\n<title>B\u00e2tir Ecologique 2011<\/title>\n<meta name=\"robots\" content=\"index, follow, max-snippet:-1, max-image-preview:large, max-video-preview:-1\" \/>\n<link rel=\"canonical\" href=\"https:\/\/batijournal.com\/index.php\/batir-ecologique-2011\/79827\/\" \/>\n<meta property=\"og:locale\" content=\"fr_FR\" \/>\n<meta property=\"og:type\" content=\"article\" \/>\n<meta property=\"og:title\" content=\"B\u00e2tir Ecologique 2011\" \/>\n<meta property=\"og:description\" content=\"Ce salon est depuis 8 ans le rendez-vous national de la construction \u00e9cologique et de l&rsquo;habitat sain. Destin\u00e9 aux ma\u00eetres d&rsquo;ouvrage priv\u00e9s ou publics et aux professionnels, il est ouvert aussi au grand public le week-end, notamment aux particuliers ayant un projet de construction, de r\u00e9novation ou de d\u00e9coration. En compl\u00e9ment de la pr\u00e9sence de [&hellip;]\" \/>\n<meta property=\"og:url\" content=\"https:\/\/batijournal.com\/index.php\/batir-ecologique-2011\/79827\/\" \/>\n<meta property=\"og:site_name\" content=\"Batijournal\" \/>\n<meta property=\"article:published_time\" content=\"2011-08-22T22:00:00+00:00\" \/>\n<meta name=\"author\" content=\"Bati-journal\" \/>\n<meta name=\"twitter:card\" content=\"summary_large_image\" \/>\n<meta name=\"twitter:creator\" content=\"@bati_journal\" \/>\n<meta name=\"twitter:site\" content=\"@bati_journal\" \/>\n<meta name=\"twitter:label1\" content=\"\u00c9crit par\" \/>\n\t<meta name=\"twitter:data1\" content=\"Bati-journal\" \/>\n\t<meta name=\"twitter:label2\" content=\"Dur\u00e9e de lecture estim\u00e9e\" \/>\n\t<meta name=\"twitter:data2\" content=\"1 minute\" \/>\n<script type=\"application\/ld+json\" class=\"yoast-schema-graph\">{\"@context\":\"https:\\\/\\\/schema.org\",\"@graph\":[{\"@type\":\"Article\",\"@id\":\"https:\\\/\\\/batijournal.com\\\/index.php\\\/batir-ecologique-2011\\\/79827\\\/#article\",\"isPartOf\":{\"@id\":\"https:\\\/\\\/batijournal.com\\\/index.php\\\/batir-ecologique-2011\\\/79827\\\/\"},\"author\":{\"name\":\"Bati-journal\",\"@id\":\"https:\\\/\\\/batijournal.com\\\/#\\\/schema\\\/person\\\/6a657e8967569e1b299972574848aa76\"},\"headline\":\"B\u00e2tir Ecologique 2011\",\"datePublished\":\"2011-08-22T22:00:00+00:00\",\"mainEntityOfPage\":{\"@id\":\"https:\\\/\\\/batijournal.com\\\/index.php\\\/batir-ecologique-2011\\\/79827\\\/\"},\"wordCount\":110,\"commentCount\":0,\"keywords\":[\"salon\"],\"articleSection\":[\"\u00c9v\u00e9nements\"],\"inLanguage\":\"fr-FR\",\"potentialAction\":[{\"@type\":\"CommentAction\",\"name\":\"Comment\",\"target\":[\"https:\\\/\\\/batijournal.com\\\/index.php\\\/batir-ecologique-2011\\\/79827\\\/#respond\"]}]},{\"@type\":\"WebPage\",\"@id\":\"https:\\\/\\\/batijournal.com\\\/index.php\\\/batir-ecologique-2011\\\/79827\\\/\",\"url\":\"https:\\\/\\\/batijournal.com\\\/index.php\\\/batir-ecologique-2011\\\/79827\\\/\",\"name\":\"B\u00e2tir Ecologique 2011\",\"isPartOf\":{\"@id\":\"https:\\\/\\\/batijournal.com\\\/#website\"},\"datePublished\":\"2011-08-22T22:00:00+00:00\",\"author\":{\"@id\":\"https:\\\/\\\/batijournal.com\\\/#\\\/schema\\\/person\\\/6a657e8967569e1b299972574848aa76\"},\"breadcrumb\":{\"@id\":\"https:\\\/\\\/batijournal.com\\\/index.php\\\/batir-ecologique-2011\\\/79827\\\/#breadcrumb\"},\"inLanguage\":\"fr-FR\",\"potentialAction\":[{\"@type\":\"ReadAction\",\"target\":[\"https:\\\/\\\/batijournal.com\\\/index.php\\\/batir-ecologique-2011\\\/79827\\\/\"]}]},{\"@type\":\"BreadcrumbList\",\"@id\":\"https:\\\/\\\/batijournal.com\\\/index.php\\\/batir-ecologique-2011\\\/79827\\\/#breadcrumb\",\"itemListElement\":[{\"@type\":\"ListItem\",\"position\":1,\"name\":\"Accueil\",\"item\":\"https:\\\/\\\/batijournal.com\\\/\"},{\"@type\":\"ListItem\",\"position\":2,\"name\":\"\u00c9v\u00e9nements\",\"item\":\"https:\\\/\\\/batijournal.com\\\/index.php\\\/category\\\/evenements\\\/\"},{\"@type\":\"ListItem\",\"position\":3,\"name\":\"B\u00e2tir Ecologique 2011\"}]},{\"@type\":\"WebSite\",\"@id\":\"https:\\\/\\\/batijournal.com\\\/#website\",\"url\":\"https:\\\/\\\/batijournal.com\\\/\",\"name\":\"Batijournal\",\"description\":\"L&#039;actualit\u00e9 du b\u00e2timent\",\"potentialAction\":[{\"@type\":\"SearchAction\",\"target\":{\"@type\":\"EntryPoint\",\"urlTemplate\":\"https:\\\/\\\/batijournal.com\\\/?s={search_term_string}\"},\"query-input\":{\"@type\":\"PropertyValueSpecification\",\"valueRequired\":true,\"valueName\":\"search_term_string\"}}],\"inLanguage\":\"fr-FR\"},{\"@type\":\"Person\",\"@id\":\"https:\\\/\\\/batijournal.com\\\/#\\\/schema\\\/person\\\/6a657e8967569e1b299972574848aa76\",\"name\":\"Bati-journal\",\"image\":{\"@type\":\"ImageObject\",\"inLanguage\":\"fr-FR\",\"@id\":\"https:\\\/\\\/secure.gravatar.com\\\/avatar\\\/a64364ea26392f9b4dd47e017ddaec74ff03aefc073b49e492e847201258f777?s=96&d=mm&r=g\",\"url\":\"https:\\\/\\\/secure.gravatar.com\\\/avatar\\\/a64364ea26392f9b4dd47e017ddaec74ff03aefc073b49e492e847201258f777?s=96&d=mm&r=g\",\"contentUrl\":\"https:\\\/\\\/secure.gravatar.com\\\/avatar\\\/a64364ea26392f9b4dd47e017ddaec74ff03aefc073b49e492e847201258f777?s=96&d=mm&r=g\",\"caption\":\"Bati-journal\"},\"url\":\"https:\\\/\\\/batijournal.com\\\/index.php\\\/author\\\/elodie\\\/\"}]}<\/script>\n<!-- \/ Yoast SEO plugin. -->","yoast_head_json":{"title":"B\u00e2tir Ecologique 2011","robots":{"index":"index","follow":"follow","max-snippet":"max-snippet:-1","max-image-preview":"max-image-preview:large","max-video-preview":"max-video-preview:-1"},"canonical":"https:\/\/batijournal.com\/index.php\/batir-ecologique-2011\/79827\/","og_locale":"fr_FR","og_type":"article","og_title":"B\u00e2tir Ecologique 2011","og_description":"Ce salon est depuis 8 ans le rendez-vous national de la construction \u00e9cologique et de l&rsquo;habitat sain. Destin\u00e9 aux ma\u00eetres d&rsquo;ouvrage priv\u00e9s ou publics et aux professionnels, il est ouvert aussi au grand public le week-end, notamment aux particuliers ayant un projet de construction, de r\u00e9novation ou de d\u00e9coration. En compl\u00e9ment de la pr\u00e9sence de [&hellip;]","og_url":"https:\/\/batijournal.com\/index.php\/batir-ecologique-2011\/79827\/","og_site_name":"Batijournal","article_published_time":"2011-08-22T22:00:00+00:00","author":"Bati-journal","twitter_card":"summary_large_image","twitter_creator":"@bati_journal","twitter_site":"@bati_journal","twitter_misc":{"\u00c9crit par":"Bati-journal","Dur\u00e9e de lecture estim\u00e9e":"1 minute"},"schema":{"@context":"https:\/\/schema.org","@graph":[{"@type":"Article","@id":"https:\/\/batijournal.com\/index.php\/batir-ecologique-2011\/79827\/#article","isPartOf":{"@id":"https:\/\/batijournal.com\/index.php\/batir-ecologique-2011\/79827\/"},"author":{"name":"Bati-journal","@id":"https:\/\/batijournal.com\/#\/schema\/person\/6a657e8967569e1b299972574848aa76"},"headline":"B\u00e2tir Ecologique 2011","datePublished":"2011-08-22T22:00:00+00:00","mainEntityOfPage":{"@id":"https:\/\/batijournal.com\/index.php\/batir-ecologique-2011\/79827\/"},"wordCount":110,"commentCount":0,"keywords":["salon"],"articleSection":["\u00c9v\u00e9nements"],"inLanguage":"fr-FR","potentialAction":[{"@type":"CommentAction","name":"Comment","target":["https:\/\/batijournal.com\/index.php\/batir-ecologique-2011\/79827\/#respond"]}]},{"@type":"WebPage","@id":"https:\/\/batijournal.com\/index.php\/batir-ecologique-2011\/79827\/","url":"https:\/\/batijournal.com\/index.php\/batir-ecologique-2011\/79827\/","name":"B\u00e2tir Ecologique 2011","isPartOf":{"@id":"https:\/\/batijournal.com\/#website"},"datePublished":"2011-08-22T22:00:00+00:00","author":{"@id":"https:\/\/batijournal.com\/#\/schema\/person\/6a657e8967569e1b299972574848aa76"},"breadcrumb":{"@id":"https:\/\/batijournal.com\/index.php\/batir-ecologique-2011\/79827\/#breadcrumb"},"inLanguage":"fr-FR","potentialAction":[{"@type":"ReadAction","target":["https:\/\/batijournal.com\/index.php\/batir-ecologique-2011\/79827\/"]}]},{"@type":"BreadcrumbList","@id":"https:\/\/batijournal.com\/index.php\/batir-ecologique-2011\/79827\/#breadcrumb","itemListElement":[{"@type":"ListItem","position":1,"name":"Accueil","item":"https:\/\/batijournal.com\/"},{"@type":"ListItem","position":2,"name":"\u00c9v\u00e9nements","item":"https:\/\/batijournal.com\/index.php\/category\/evenements\/"},{"@type":"ListItem","position":3,"name":"B\u00e2tir Ecologique 2011"}]},{"@type":"WebSite","@id":"https:\/\/batijournal.com\/#website","url":"https:\/\/batijournal.com\/","name":"Batijournal","description":"L&#039;actualit\u00e9 du b\u00e2timent","potentialAction":[{"@type":"SearchAction","target":{"@type":"EntryPoint","urlTemplate":"https:\/\/batijournal.com\/?s={search_term_string}"},"query-input":{"@type":"PropertyValueSpecification","valueRequired":true,"valueName":"search_term_string"}}],"inLanguage":"fr-FR"},{"@type":"Person","@id":"https:\/\/batijournal.com\/#\/schema\/person\/6a657e8967569e1b299972574848aa76","name":"Bati-journal","image":{"@type":"ImageObject","inLanguage":"fr-FR","@id":"https:\/\/secure.gravatar.com\/avatar\/a64364ea26392f9b4dd47e017ddaec74ff03aefc073b49e492e847201258f777?s=96&d=mm&r=g","url":"https:\/\/secure.gravatar.com\/avatar\/a64364ea26392f9b4dd47e017ddaec74ff03aefc073b49e492e847201258f777?s=96&d=mm&r=g","contentUrl":"https:\/\/secure.gravatar.com\/avatar\/a64364ea26392f9b4dd47e017ddaec74ff03aefc073b49e492e847201258f777?s=96&d=mm&r=g","caption":"Bati-journal"},"url":"https:\/\/batijournal.com\/index.php\/author\/elodie\/"}]}},"_links":{"self":[{"href":"https:\/\/batijournal.com\/index.php\/wp-json\/wp\/v2\/posts\/79827","targetHints":{"allow":["GET"]}}],"collection":[{"href":"https:\/\/batijournal.com\/index.php\/wp-json\/wp\/v2\/posts"}],"about":[{"href":"https:\/\/batijournal.com\/index.php\/wp-json\/wp\/v2\/types\/post"}],"author":[{"embeddable":true,"href":"https:\/\/batijournal.com\/index.php\/wp-json\/wp\/v2\/users\/1"}],"replies":[{"embeddable":true,"href":"https:\/\/batijournal.com\/index.php\/wp-json\/wp\/v2\/comments?post=79827"}],"version-history":[{"count":0,"href":"https:\/\/batijournal.com\/index.php\/wp-json\/wp\/v2\/posts\/79827\/revisions"}],"wp:attachment":[{"href":"https:\/\/batijournal.com\/index.php\/wp-json\/wp\/v2\/media?parent=79827"}],"wp:term":[{"taxonomy":"category","embeddable":true,"href":"https:\/\/batijournal.com\/index.php\/wp-json\/wp\/v2\/categories?post=79827"},{"taxonomy":"post_tag","embeddable":true,"href":"https:\/\/batijournal.com\/index.php\/wp-json\/wp\/v2\/tags?post=79827"}],"curies":[{"name":"wp","href":"https:\/\/api.w.org\/{rel}","templated":true}]}}