{"id":79848,"date":"2011-09-13T00:00:00","date_gmt":"2011-09-12T22:00:00","guid":{"rendered":"http:\/\/b.bati-journal.com\/semaine-de-la-reduction-des-dechets-les-inscriptions-sont-ouvertes\/79848"},"modified":"2011-09-13T00:00:00","modified_gmt":"2011-09-12T22:00:00","slug":"semaine-de-la-reduction-des-dechets-les-inscriptions-sont-ouvertes","status":"publish","type":"post","link":"https:\/\/batijournal.com\/index.php\/semaine-de-la-reduction-des-dechets-les-inscriptions-sont-ouvertes\/79848\/","title":{"rendered":"Semaine de la r\u00e9duction des d\u00e9chets : les inscriptions sont ouvertes"},"content":{"rendered":"<p>Du 19 au 27 novembre 2011, la Semaine europ\u00e9enne de la r\u00e9duction des d\u00e9chets, \u00e9v\u00e9nement inscrit dans le cadre de la campagne nationale R\u00e9duisons vite nos d\u00e9chets, \u00e7a d\u00e9borde, est un moment fort de mobilisation autour de la pr\u00e9vention de la production de d\u00e9chets. A travers des actions de sensibilisation et d\u0092information, elle a pour objectif de donner des cl\u00e9s \u00e0 tout un chacun pour agir sur sa propre production de d\u00e9chets au quotidien. En 2010, ce ne sont pas moins d\u0092une trentaine d\u0092autorit\u00e9s publiques en Europe, et une grande diversit\u00e9 de porteurs de projets (administrations, collectivit\u00e9s, groupements scolaires ou encore ONG) qui ont permis l\u0092organisation de plus de 4 346 actions dans 24 pays (dont 1 960 men\u00e9es sur le territoire fran\u00e7ais, soit + 49 % d\u0092actions labellis\u00e9es par rapport \u00e0 2009). Fort de ce succ\u00e8s, l\u0092objectif fran\u00e7ais pour 2011 est de mobiliser encore plus de porteurs de projet (collectivit\u00e9s, associations, entreprises) et de d\u00e9passer les 2 000 actions labellis\u00e9es. Les inscriptions sont ouvertes du 1er septembre au 4 novembre sur le site www.reduisonsnosdechets.fr (rubrique SERD \/ Inscription)<\/p>\n","protected":false},"excerpt":{"rendered":"<p>Du 19 au 27 novembre 2011, la Semaine europ\u00e9enne de la r\u00e9duction des d\u00e9chets, \u00e9v\u00e9nement inscrit dans le cadre de la campagne nationale R\u00e9duisons vite nos d\u00e9chets, \u00e7a d\u00e9borde, est un moment fort de mobilisation autour de la pr\u00e9vention de la production de d\u00e9chets. A travers des actions de sensibilisation et d\u0092information, elle a pour [&hellip;]<\/p>\n","protected":false},"author":1,"featured_media":0,"comment_status":"open","ping_status":"closed","sticky":false,"template":"","format":"standard","meta":{"_et_pb_use_builder":"","_et_pb_old_content":"","_et_gb_content_width":"","footnotes":""},"categories":[9192],"tags":[1211,1212],"class_list":["post-79848","post","type-post","status-publish","format-standard","hentry","category-evenements","tag-dechets","tag-tri"],"yoast_head":"<!-- This site is optimized with the Yoast SEO plugin v27.4 - https:\/\/yoast.com\/product\/yoast-seo-wordpress\/ -->\n<title>Semaine de la r\u00e9duction des d\u00e9chets : les inscriptions sont ouvertes<\/title>\n<meta name=\"robots\" content=\"index, follow, max-snippet:-1, max-image-preview:large, max-video-preview:-1\" \/>\n<link rel=\"canonical\" href=\"https:\/\/batijournal.com\/index.php\/semaine-de-la-reduction-des-dechets-les-inscriptions-sont-ouvertes\/79848\/\" \/>\n<meta property=\"og:locale\" content=\"fr_FR\" \/>\n<meta property=\"og:type\" content=\"article\" \/>\n<meta property=\"og:title\" content=\"Semaine de la r\u00e9duction des d\u00e9chets : les inscriptions sont ouvertes\" \/>\n<meta property=\"og:description\" content=\"Du 19 au 27 novembre 2011, la Semaine europ\u00e9enne de la r\u00e9duction des d\u00e9chets, \u00e9v\u00e9nement inscrit dans le cadre de la campagne nationale R\u00e9duisons vite nos d\u00e9chets, \u00e7a d\u00e9borde, est un moment fort de mobilisation autour de la pr\u00e9vention de la production de d\u00e9chets. A travers des actions de sensibilisation et d\u0092information, elle a pour [&hellip;]\" \/>\n<meta property=\"og:url\" content=\"https:\/\/batijournal.com\/index.php\/semaine-de-la-reduction-des-dechets-les-inscriptions-sont-ouvertes\/79848\/\" \/>\n<meta property=\"og:site_name\" content=\"Batijournal\" \/>\n<meta property=\"article:published_time\" content=\"2011-09-12T22:00:00+00:00\" \/>\n<meta name=\"author\" content=\"Bati-journal\" \/>\n<meta name=\"twitter:card\" content=\"summary_large_image\" \/>\n<meta name=\"twitter:creator\" content=\"@bati_journal\" \/>\n<meta name=\"twitter:site\" content=\"@bati_journal\" \/>\n<meta name=\"twitter:label1\" content=\"\u00c9crit par\" \/>\n\t<meta name=\"twitter:data1\" content=\"Bati-journal\" \/>\n\t<meta name=\"twitter:label2\" content=\"Dur\u00e9e de lecture estim\u00e9e\" \/>\n\t<meta name=\"twitter:data2\" content=\"1 minute\" \/>\n<script type=\"application\/ld+json\" class=\"yoast-schema-graph\">{\"@context\":\"https:\\\/\\\/schema.org\",\"@graph\":[{\"@type\":\"Article\",\"@id\":\"https:\\\/\\\/batijournal.com\\\/index.php\\\/semaine-de-la-reduction-des-dechets-les-inscriptions-sont-ouvertes\\\/79848\\\/#article\",\"isPartOf\":{\"@id\":\"https:\\\/\\\/batijournal.com\\\/index.php\\\/semaine-de-la-reduction-des-dechets-les-inscriptions-sont-ouvertes\\\/79848\\\/\"},\"author\":{\"name\":\"Bati-journal\",\"@id\":\"https:\\\/\\\/batijournal.com\\\/#\\\/schema\\\/person\\\/6a657e8967569e1b299972574848aa76\"},\"headline\":\"Semaine de la r\u00e9duction des d\u00e9chets : les inscriptions sont ouvertes\",\"datePublished\":\"2011-09-12T22:00:00+00:00\",\"mainEntityOfPage\":{\"@id\":\"https:\\\/\\\/batijournal.com\\\/index.php\\\/semaine-de-la-reduction-des-dechets-les-inscriptions-sont-ouvertes\\\/79848\\\/\"},\"wordCount\":200,\"commentCount\":0,\"keywords\":[\"d\u00e9chets\",\"tri\"],\"articleSection\":[\"\u00c9v\u00e9nements\"],\"inLanguage\":\"fr-FR\",\"potentialAction\":[{\"@type\":\"CommentAction\",\"name\":\"Comment\",\"target\":[\"https:\\\/\\\/batijournal.com\\\/index.php\\\/semaine-de-la-reduction-des-dechets-les-inscriptions-sont-ouvertes\\\/79848\\\/#respond\"]}]},{\"@type\":\"WebPage\",\"@id\":\"https:\\\/\\\/batijournal.com\\\/index.php\\\/semaine-de-la-reduction-des-dechets-les-inscriptions-sont-ouvertes\\\/79848\\\/\",\"url\":\"https:\\\/\\\/batijournal.com\\\/index.php\\\/semaine-de-la-reduction-des-dechets-les-inscriptions-sont-ouvertes\\\/79848\\\/\",\"name\":\"Semaine de la r\u00e9duction des d\u00e9chets : les inscriptions sont ouvertes\",\"isPartOf\":{\"@id\":\"https:\\\/\\\/batijournal.com\\\/#website\"},\"datePublished\":\"2011-09-12T22:00:00+00:00\",\"author\":{\"@id\":\"https:\\\/\\\/batijournal.com\\\/#\\\/schema\\\/person\\\/6a657e8967569e1b299972574848aa76\"},\"breadcrumb\":{\"@id\":\"https:\\\/\\\/batijournal.com\\\/index.php\\\/semaine-de-la-reduction-des-dechets-les-inscriptions-sont-ouvertes\\\/79848\\\/#breadcrumb\"},\"inLanguage\":\"fr-FR\",\"potentialAction\":[{\"@type\":\"ReadAction\",\"target\":[\"https:\\\/\\\/batijournal.com\\\/index.php\\\/semaine-de-la-reduction-des-dechets-les-inscriptions-sont-ouvertes\\\/79848\\\/\"]}]},{\"@type\":\"BreadcrumbList\",\"@id\":\"https:\\\/\\\/batijournal.com\\\/index.php\\\/semaine-de-la-reduction-des-dechets-les-inscriptions-sont-ouvertes\\\/79848\\\/#breadcrumb\",\"itemListElement\":[{\"@type\":\"ListItem\",\"position\":1,\"name\":\"Accueil\",\"item\":\"https:\\\/\\\/batijournal.com\\\/\"},{\"@type\":\"ListItem\",\"position\":2,\"name\":\"\u00c9v\u00e9nements\",\"item\":\"https:\\\/\\\/batijournal.com\\\/index.php\\\/category\\\/evenements\\\/\"},{\"@type\":\"ListItem\",\"position\":3,\"name\":\"Semaine de la r\u00e9duction des d\u00e9chets : les inscriptions sont ouvertes\"}]},{\"@type\":\"WebSite\",\"@id\":\"https:\\\/\\\/batijournal.com\\\/#website\",\"url\":\"https:\\\/\\\/batijournal.com\\\/\",\"name\":\"Batijournal\",\"description\":\"L&#039;actualit\u00e9 du b\u00e2timent\",\"potentialAction\":[{\"@type\":\"SearchAction\",\"target\":{\"@type\":\"EntryPoint\",\"urlTemplate\":\"https:\\\/\\\/batijournal.com\\\/?s={search_term_string}\"},\"query-input\":{\"@type\":\"PropertyValueSpecification\",\"valueRequired\":true,\"valueName\":\"search_term_string\"}}],\"inLanguage\":\"fr-FR\"},{\"@type\":\"Person\",\"@id\":\"https:\\\/\\\/batijournal.com\\\/#\\\/schema\\\/person\\\/6a657e8967569e1b299972574848aa76\",\"name\":\"Bati-journal\",\"image\":{\"@type\":\"ImageObject\",\"inLanguage\":\"fr-FR\",\"@id\":\"https:\\\/\\\/secure.gravatar.com\\\/avatar\\\/a64364ea26392f9b4dd47e017ddaec74ff03aefc073b49e492e847201258f777?s=96&d=mm&r=g\",\"url\":\"https:\\\/\\\/secure.gravatar.com\\\/avatar\\\/a64364ea26392f9b4dd47e017ddaec74ff03aefc073b49e492e847201258f777?s=96&d=mm&r=g\",\"contentUrl\":\"https:\\\/\\\/secure.gravatar.com\\\/avatar\\\/a64364ea26392f9b4dd47e017ddaec74ff03aefc073b49e492e847201258f777?s=96&d=mm&r=g\",\"caption\":\"Bati-journal\"},\"url\":\"https:\\\/\\\/batijournal.com\\\/index.php\\\/author\\\/elodie\\\/\"}]}<\/script>\n<!-- \/ Yoast SEO plugin. -->","yoast_head_json":{"title":"Semaine de la r\u00e9duction des d\u00e9chets : les inscriptions sont ouvertes","robots":{"index":"index","follow":"follow","max-snippet":"max-snippet:-1","max-image-preview":"max-image-preview:large","max-video-preview":"max-video-preview:-1"},"canonical":"https:\/\/batijournal.com\/index.php\/semaine-de-la-reduction-des-dechets-les-inscriptions-sont-ouvertes\/79848\/","og_locale":"fr_FR","og_type":"article","og_title":"Semaine de la r\u00e9duction des d\u00e9chets : les inscriptions sont ouvertes","og_description":"Du 19 au 27 novembre 2011, la Semaine europ\u00e9enne de la r\u00e9duction des d\u00e9chets, \u00e9v\u00e9nement inscrit dans le cadre de la campagne nationale R\u00e9duisons vite nos d\u00e9chets, \u00e7a d\u00e9borde, est un moment fort de mobilisation autour de la pr\u00e9vention de la production de d\u00e9chets. A travers des actions de sensibilisation et d\u0092information, elle a pour [&hellip;]","og_url":"https:\/\/batijournal.com\/index.php\/semaine-de-la-reduction-des-dechets-les-inscriptions-sont-ouvertes\/79848\/","og_site_name":"Batijournal","article_published_time":"2011-09-12T22:00:00+00:00","author":"Bati-journal","twitter_card":"summary_large_image","twitter_creator":"@bati_journal","twitter_site":"@bati_journal","twitter_misc":{"\u00c9crit par":"Bati-journal","Dur\u00e9e de lecture estim\u00e9e":"1 minute"},"schema":{"@context":"https:\/\/schema.org","@graph":[{"@type":"Article","@id":"https:\/\/batijournal.com\/index.php\/semaine-de-la-reduction-des-dechets-les-inscriptions-sont-ouvertes\/79848\/#article","isPartOf":{"@id":"https:\/\/batijournal.com\/index.php\/semaine-de-la-reduction-des-dechets-les-inscriptions-sont-ouvertes\/79848\/"},"author":{"name":"Bati-journal","@id":"https:\/\/batijournal.com\/#\/schema\/person\/6a657e8967569e1b299972574848aa76"},"headline":"Semaine de la r\u00e9duction des d\u00e9chets : les inscriptions sont ouvertes","datePublished":"2011-09-12T22:00:00+00:00","mainEntityOfPage":{"@id":"https:\/\/batijournal.com\/index.php\/semaine-de-la-reduction-des-dechets-les-inscriptions-sont-ouvertes\/79848\/"},"wordCount":200,"commentCount":0,"keywords":["d\u00e9chets","tri"],"articleSection":["\u00c9v\u00e9nements"],"inLanguage":"fr-FR","potentialAction":[{"@type":"CommentAction","name":"Comment","target":["https:\/\/batijournal.com\/index.php\/semaine-de-la-reduction-des-dechets-les-inscriptions-sont-ouvertes\/79848\/#respond"]}]},{"@type":"WebPage","@id":"https:\/\/batijournal.com\/index.php\/semaine-de-la-reduction-des-dechets-les-inscriptions-sont-ouvertes\/79848\/","url":"https:\/\/batijournal.com\/index.php\/semaine-de-la-reduction-des-dechets-les-inscriptions-sont-ouvertes\/79848\/","name":"Semaine de la r\u00e9duction des d\u00e9chets : les inscriptions sont ouvertes","isPartOf":{"@id":"https:\/\/batijournal.com\/#website"},"datePublished":"2011-09-12T22:00:00+00:00","author":{"@id":"https:\/\/batijournal.com\/#\/schema\/person\/6a657e8967569e1b299972574848aa76"},"breadcrumb":{"@id":"https:\/\/batijournal.com\/index.php\/semaine-de-la-reduction-des-dechets-les-inscriptions-sont-ouvertes\/79848\/#breadcrumb"},"inLanguage":"fr-FR","potentialAction":[{"@type":"ReadAction","target":["https:\/\/batijournal.com\/index.php\/semaine-de-la-reduction-des-dechets-les-inscriptions-sont-ouvertes\/79848\/"]}]},{"@type":"BreadcrumbList","@id":"https:\/\/batijournal.com\/index.php\/semaine-de-la-reduction-des-dechets-les-inscriptions-sont-ouvertes\/79848\/#breadcrumb","itemListElement":[{"@type":"ListItem","position":1,"name":"Accueil","item":"https:\/\/batijournal.com\/"},{"@type":"ListItem","position":2,"name":"\u00c9v\u00e9nements","item":"https:\/\/batijournal.com\/index.php\/category\/evenements\/"},{"@type":"ListItem","position":3,"name":"Semaine de la r\u00e9duction des d\u00e9chets : les inscriptions sont ouvertes"}]},{"@type":"WebSite","@id":"https:\/\/batijournal.com\/#website","url":"https:\/\/batijournal.com\/","name":"Batijournal","description":"L&#039;actualit\u00e9 du b\u00e2timent","potentialAction":[{"@type":"SearchAction","target":{"@type":"EntryPoint","urlTemplate":"https:\/\/batijournal.com\/?s={search_term_string}"},"query-input":{"@type":"PropertyValueSpecification","valueRequired":true,"valueName":"search_term_string"}}],"inLanguage":"fr-FR"},{"@type":"Person","@id":"https:\/\/batijournal.com\/#\/schema\/person\/6a657e8967569e1b299972574848aa76","name":"Bati-journal","image":{"@type":"ImageObject","inLanguage":"fr-FR","@id":"https:\/\/secure.gravatar.com\/avatar\/a64364ea26392f9b4dd47e017ddaec74ff03aefc073b49e492e847201258f777?s=96&d=mm&r=g","url":"https:\/\/secure.gravatar.com\/avatar\/a64364ea26392f9b4dd47e017ddaec74ff03aefc073b49e492e847201258f777?s=96&d=mm&r=g","contentUrl":"https:\/\/secure.gravatar.com\/avatar\/a64364ea26392f9b4dd47e017ddaec74ff03aefc073b49e492e847201258f777?s=96&d=mm&r=g","caption":"Bati-journal"},"url":"https:\/\/batijournal.com\/index.php\/author\/elodie\/"}]}},"_links":{"self":[{"href":"https:\/\/batijournal.com\/index.php\/wp-json\/wp\/v2\/posts\/79848","targetHints":{"allow":["GET"]}}],"collection":[{"href":"https:\/\/batijournal.com\/index.php\/wp-json\/wp\/v2\/posts"}],"about":[{"href":"https:\/\/batijournal.com\/index.php\/wp-json\/wp\/v2\/types\/post"}],"author":[{"embeddable":true,"href":"https:\/\/batijournal.com\/index.php\/wp-json\/wp\/v2\/users\/1"}],"replies":[{"embeddable":true,"href":"https:\/\/batijournal.com\/index.php\/wp-json\/wp\/v2\/comments?post=79848"}],"version-history":[{"count":0,"href":"https:\/\/batijournal.com\/index.php\/wp-json\/wp\/v2\/posts\/79848\/revisions"}],"wp:attachment":[{"href":"https:\/\/batijournal.com\/index.php\/wp-json\/wp\/v2\/media?parent=79848"}],"wp:term":[{"taxonomy":"category","embeddable":true,"href":"https:\/\/batijournal.com\/index.php\/wp-json\/wp\/v2\/categories?post=79848"},{"taxonomy":"post_tag","embeddable":true,"href":"https:\/\/batijournal.com\/index.php\/wp-json\/wp\/v2\/tags?post=79848"}],"curies":[{"name":"wp","href":"https:\/\/api.w.org\/{rel}","templated":true}]}}