{"id":79857,"date":"2011-09-21T00:00:00","date_gmt":"2011-09-20T22:00:00","guid":{"rendered":"http:\/\/b.bati-journal.com\/12-millions-de-visiteurs-pour-les-journees-du-patrimoine-2011\/79857"},"modified":"2011-09-21T00:00:00","modified_gmt":"2011-09-20T22:00:00","slug":"12-millions-de-visiteurs-pour-les-journees-du-patrimoine-2011","status":"publish","type":"post","link":"https:\/\/batijournal.com\/index.php\/12-millions-de-visiteurs-pour-les-journees-du-patrimoine-2011\/79857\/","title":{"rendered":"12 millions de visiteurs pour les Journ\u00e9es du Patrimoine 2011"},"content":{"rendered":"<p>Les 17 et 18 septembre 2011, plus de 12 millions de visiteurs ont r\u00e9pondu \u00e0 l&rsquo;invitation du minist\u00e8re de la Culture et de la Communication de participer \u00e0 la 28\u00e8me \u00e9dition des journ\u00e9es europ\u00e9ennes du patrimoine. Pr\u00e8s de 30 ans apr\u00e8s leur cr\u00e9ation, les journ\u00e9es europ\u00e9ennes du patrimoine suscitent l&rsquo;adh\u00e9sion grandissante des acteurs du patrimoine avec cette ann\u00e9e 16 136 sites et monuments ouverts (contre 15 432 en 2010), dont 1 090 ouvraient pour la premi\u00e8re fois et 3 071 accueillaient exceptionnellement le public. Cette offre culturelle d&rsquo;une tr\u00e8s grande richesse t\u00e9moigne de la volont\u00e9 des propri\u00e9taires publics et priv\u00e9s, des \u00e9tablissements culturels, des collectivit\u00e9s territoriales de rendre le patrimoine accessible au plus grand nombre. Le ministre de la Culture et de la Communication avait souhait\u00e9 placer ces journ\u00e9es sous le th\u00e8me du voyage pour rappeler \u00e0 tous les visiteurs que le patrimoine fran\u00e7ais est construit par les \u00e9changes, les emprunts, les d\u00e9couvertes. Le d\u00e9fi de cette 28\u00e8me \u00e9dition a donc \u00e9t\u00e9 relev\u00e9 : les Fran\u00e7ais ont (re)d\u00e9couvert les richesses d\u0092un patrimoine vivant et ouvert, \u00e0 travers la diversit\u00e9 des monuments et la qualit\u00e9 des animations propos\u00e9es. Le Palais-Royal a ouvert ses portes d\u00e8s 9h00 samedi matin pour permettre aux visiteurs d&rsquo;entrer dans les plus beaux salons du minist\u00e8re de la Culture et de la Communication et de d\u00e9couvrir l&rsquo;exposition exceptionnelle des manuscrits de Robespierre, r\u00e9cemment acquis par l&rsquo;\u00c9tat pour enrichir les collections des Archives de France, les coulisses du Conseil d&rsquo;\u00c9tat, notamment \u00e0 travers une exposition multim\u00e9dia pour pr\u00e9senter ses activit\u00e9s : Comment conseille-t-il le Gouvernement et le Parlement ? Comment juge t-il les conflits entre les citoyens et les pouvoirs publics ? Comment g\u00e8re-t-il les tribunaux et les cours de la juridiction administrative ?, et, enfin, les coulisses du Conseil constitutionnel. L\u0092immeuble des Bons-Enfants, si\u00e8ge des services administratifs du minist\u00e8re de la Culture et de la Communication, a quant \u00e0 lui pr\u00e9sent\u00e9 une exposition \u00ab Regards sur les grottes orn\u00e9es. L\u0092Abb\u00e9 Breuil et Andr\u00e9 Leroi-Gourhan \u00bb, un retour sur les recherches autour de l\u0092art pari\u00e9tal, entre art et arch\u00e9ologie. Autour du th\u00e8me national, le Minist\u00e8re a \u00e9galement accueilli une exposition, en collaboration avec l\u0092Union professionnelle de la carte postale (UPCP), sur les \u00ab 120 ans de la carte postale photographique fran\u00e7aise \u00bb invitant au voyage dans le temps et dans l\u0092espace.<\/p>\n","protected":false},"excerpt":{"rendered":"<p>Les 17 et 18 septembre 2011, plus de 12 millions de visiteurs ont r\u00e9pondu \u00e0 l&rsquo;invitation du minist\u00e8re de la Culture et de la Communication de participer \u00e0 la 28\u00e8me \u00e9dition des journ\u00e9es europ\u00e9ennes du patrimoine. Pr\u00e8s de 30 ans apr\u00e8s leur cr\u00e9ation, les journ\u00e9es europ\u00e9ennes du patrimoine suscitent l&rsquo;adh\u00e9sion grandissante des acteurs du patrimoine [&hellip;]<\/p>\n","protected":false},"author":1,"featured_media":79858,"comment_status":"open","ping_status":"closed","sticky":false,"template":"","format":"standard","meta":{"_et_pb_use_builder":"","_et_pb_old_content":"","_et_gb_content_width":"","footnotes":""},"categories":[9192],"tags":[8346],"class_list":["post-79857","post","type-post","status-publish","format-standard","has-post-thumbnail","hentry","category-evenements","tag-journees-europeennes-du-patrimoine"],"yoast_head":"<!-- This site is optimized with the Yoast SEO plugin v27.4 - https:\/\/yoast.com\/product\/yoast-seo-wordpress\/ -->\n<title>12 millions de visiteurs pour les Journ\u00e9es du Patrimoine 2011<\/title>\n<meta name=\"robots\" content=\"index, follow, max-snippet:-1, max-image-preview:large, max-video-preview:-1\" \/>\n<link rel=\"canonical\" href=\"https:\/\/batijournal.com\/index.php\/12-millions-de-visiteurs-pour-les-journees-du-patrimoine-2011\/79857\/\" \/>\n<meta property=\"og:locale\" content=\"fr_FR\" \/>\n<meta property=\"og:type\" content=\"article\" \/>\n<meta property=\"og:title\" content=\"12 millions de visiteurs pour les Journ\u00e9es du Patrimoine 2011\" \/>\n<meta property=\"og:description\" content=\"Les 17 et 18 septembre 2011, plus de 12 millions de visiteurs ont r\u00e9pondu \u00e0 l&rsquo;invitation du minist\u00e8re de la Culture et de la Communication de participer \u00e0 la 28\u00e8me \u00e9dition des journ\u00e9es europ\u00e9ennes du patrimoine. Pr\u00e8s de 30 ans apr\u00e8s leur cr\u00e9ation, les journ\u00e9es europ\u00e9ennes du patrimoine suscitent l&rsquo;adh\u00e9sion grandissante des acteurs du patrimoine [&hellip;]\" \/>\n<meta property=\"og:url\" content=\"https:\/\/batijournal.com\/index.php\/12-millions-de-visiteurs-pour-les-journees-du-patrimoine-2011\/79857\/\" \/>\n<meta property=\"og:site_name\" content=\"Batijournal\" \/>\n<meta property=\"article:published_time\" content=\"2011-09-20T22:00:00+00:00\" \/>\n<meta property=\"og:image\" content=\"https:\/\/batijournal.com\/wp-content\/uploads\/2015\/03\/30360169.jpg\" \/>\n\t<meta property=\"og:image:width\" content=\"407\" \/>\n\t<meta property=\"og:image:height\" content=\"599\" \/>\n\t<meta property=\"og:image:type\" content=\"image\/jpeg\" \/>\n<meta name=\"author\" content=\"Bati-journal\" \/>\n<meta name=\"twitter:card\" content=\"summary_large_image\" \/>\n<meta name=\"twitter:creator\" content=\"@bati_journal\" \/>\n<meta name=\"twitter:site\" content=\"@bati_journal\" \/>\n<meta name=\"twitter:label1\" content=\"\u00c9crit par\" \/>\n\t<meta name=\"twitter:data1\" content=\"Bati-journal\" \/>\n\t<meta name=\"twitter:label2\" content=\"Dur\u00e9e de lecture estim\u00e9e\" \/>\n\t<meta name=\"twitter:data2\" content=\"2 minutes\" \/>\n<script type=\"application\/ld+json\" class=\"yoast-schema-graph\">{\"@context\":\"https:\\\/\\\/schema.org\",\"@graph\":[{\"@type\":\"Article\",\"@id\":\"https:\\\/\\\/batijournal.com\\\/index.php\\\/12-millions-de-visiteurs-pour-les-journees-du-patrimoine-2011\\\/79857\\\/#article\",\"isPartOf\":{\"@id\":\"https:\\\/\\\/batijournal.com\\\/index.php\\\/12-millions-de-visiteurs-pour-les-journees-du-patrimoine-2011\\\/79857\\\/\"},\"author\":{\"name\":\"Bati-journal\",\"@id\":\"https:\\\/\\\/batijournal.com\\\/#\\\/schema\\\/person\\\/6a657e8967569e1b299972574848aa76\"},\"headline\":\"12 millions de visiteurs pour les Journ\u00e9es du Patrimoine 2011\",\"datePublished\":\"2011-09-20T22:00:00+00:00\",\"mainEntityOfPage\":{\"@id\":\"https:\\\/\\\/batijournal.com\\\/index.php\\\/12-millions-de-visiteurs-pour-les-journees-du-patrimoine-2011\\\/79857\\\/\"},\"wordCount\":418,\"commentCount\":0,\"image\":{\"@id\":\"https:\\\/\\\/batijournal.com\\\/index.php\\\/12-millions-de-visiteurs-pour-les-journees-du-patrimoine-2011\\\/79857\\\/#primaryimage\"},\"thumbnailUrl\":\"https:\\\/\\\/batijournal.com\\\/wp-content\\\/uploads\\\/2015\\\/03\\\/30360169.jpg\",\"keywords\":[\"journees europeennes du patrimoine\"],\"articleSection\":[\"\u00c9v\u00e9nements\"],\"inLanguage\":\"fr-FR\",\"potentialAction\":[{\"@type\":\"CommentAction\",\"name\":\"Comment\",\"target\":[\"https:\\\/\\\/batijournal.com\\\/index.php\\\/12-millions-de-visiteurs-pour-les-journees-du-patrimoine-2011\\\/79857\\\/#respond\"]}]},{\"@type\":\"WebPage\",\"@id\":\"https:\\\/\\\/batijournal.com\\\/index.php\\\/12-millions-de-visiteurs-pour-les-journees-du-patrimoine-2011\\\/79857\\\/\",\"url\":\"https:\\\/\\\/batijournal.com\\\/index.php\\\/12-millions-de-visiteurs-pour-les-journees-du-patrimoine-2011\\\/79857\\\/\",\"name\":\"12 millions de visiteurs pour les Journ\u00e9es du Patrimoine 2011\",\"isPartOf\":{\"@id\":\"https:\\\/\\\/batijournal.com\\\/#website\"},\"primaryImageOfPage\":{\"@id\":\"https:\\\/\\\/batijournal.com\\\/index.php\\\/12-millions-de-visiteurs-pour-les-journees-du-patrimoine-2011\\\/79857\\\/#primaryimage\"},\"image\":{\"@id\":\"https:\\\/\\\/batijournal.com\\\/index.php\\\/12-millions-de-visiteurs-pour-les-journees-du-patrimoine-2011\\\/79857\\\/#primaryimage\"},\"thumbnailUrl\":\"https:\\\/\\\/batijournal.com\\\/wp-content\\\/uploads\\\/2015\\\/03\\\/30360169.jpg\",\"datePublished\":\"2011-09-20T22:00:00+00:00\",\"author\":{\"@id\":\"https:\\\/\\\/batijournal.com\\\/#\\\/schema\\\/person\\\/6a657e8967569e1b299972574848aa76\"},\"breadcrumb\":{\"@id\":\"https:\\\/\\\/batijournal.com\\\/index.php\\\/12-millions-de-visiteurs-pour-les-journees-du-patrimoine-2011\\\/79857\\\/#breadcrumb\"},\"inLanguage\":\"fr-FR\",\"potentialAction\":[{\"@type\":\"ReadAction\",\"target\":[\"https:\\\/\\\/batijournal.com\\\/index.php\\\/12-millions-de-visiteurs-pour-les-journees-du-patrimoine-2011\\\/79857\\\/\"]}]},{\"@type\":\"ImageObject\",\"inLanguage\":\"fr-FR\",\"@id\":\"https:\\\/\\\/batijournal.com\\\/index.php\\\/12-millions-de-visiteurs-pour-les-journees-du-patrimoine-2011\\\/79857\\\/#primaryimage\",\"url\":\"https:\\\/\\\/batijournal.com\\\/wp-content\\\/uploads\\\/2015\\\/03\\\/30360169.jpg\",\"contentUrl\":\"https:\\\/\\\/batijournal.com\\\/wp-content\\\/uploads\\\/2015\\\/03\\\/30360169.jpg\",\"width\":407,\"height\":599},{\"@type\":\"BreadcrumbList\",\"@id\":\"https:\\\/\\\/batijournal.com\\\/index.php\\\/12-millions-de-visiteurs-pour-les-journees-du-patrimoine-2011\\\/79857\\\/#breadcrumb\",\"itemListElement\":[{\"@type\":\"ListItem\",\"position\":1,\"name\":\"Accueil\",\"item\":\"https:\\\/\\\/batijournal.com\\\/\"},{\"@type\":\"ListItem\",\"position\":2,\"name\":\"\u00c9v\u00e9nements\",\"item\":\"https:\\\/\\\/batijournal.com\\\/index.php\\\/category\\\/evenements\\\/\"},{\"@type\":\"ListItem\",\"position\":3,\"name\":\"12 millions de visiteurs pour les Journ\u00e9es du Patrimoine 2011\"}]},{\"@type\":\"WebSite\",\"@id\":\"https:\\\/\\\/batijournal.com\\\/#website\",\"url\":\"https:\\\/\\\/batijournal.com\\\/\",\"name\":\"Batijournal\",\"description\":\"L&#039;actualit\u00e9 du b\u00e2timent\",\"potentialAction\":[{\"@type\":\"SearchAction\",\"target\":{\"@type\":\"EntryPoint\",\"urlTemplate\":\"https:\\\/\\\/batijournal.com\\\/?s={search_term_string}\"},\"query-input\":{\"@type\":\"PropertyValueSpecification\",\"valueRequired\":true,\"valueName\":\"search_term_string\"}}],\"inLanguage\":\"fr-FR\"},{\"@type\":\"Person\",\"@id\":\"https:\\\/\\\/batijournal.com\\\/#\\\/schema\\\/person\\\/6a657e8967569e1b299972574848aa76\",\"name\":\"Bati-journal\",\"image\":{\"@type\":\"ImageObject\",\"inLanguage\":\"fr-FR\",\"@id\":\"https:\\\/\\\/secure.gravatar.com\\\/avatar\\\/a64364ea26392f9b4dd47e017ddaec74ff03aefc073b49e492e847201258f777?s=96&d=mm&r=g\",\"url\":\"https:\\\/\\\/secure.gravatar.com\\\/avatar\\\/a64364ea26392f9b4dd47e017ddaec74ff03aefc073b49e492e847201258f777?s=96&d=mm&r=g\",\"contentUrl\":\"https:\\\/\\\/secure.gravatar.com\\\/avatar\\\/a64364ea26392f9b4dd47e017ddaec74ff03aefc073b49e492e847201258f777?s=96&d=mm&r=g\",\"caption\":\"Bati-journal\"},\"url\":\"https:\\\/\\\/batijournal.com\\\/index.php\\\/author\\\/elodie\\\/\"}]}<\/script>\n<!-- \/ Yoast SEO plugin. -->","yoast_head_json":{"title":"12 millions de visiteurs pour les Journ\u00e9es du Patrimoine 2011","robots":{"index":"index","follow":"follow","max-snippet":"max-snippet:-1","max-image-preview":"max-image-preview:large","max-video-preview":"max-video-preview:-1"},"canonical":"https:\/\/batijournal.com\/index.php\/12-millions-de-visiteurs-pour-les-journees-du-patrimoine-2011\/79857\/","og_locale":"fr_FR","og_type":"article","og_title":"12 millions de visiteurs pour les Journ\u00e9es du Patrimoine 2011","og_description":"Les 17 et 18 septembre 2011, plus de 12 millions de visiteurs ont r\u00e9pondu \u00e0 l&rsquo;invitation du minist\u00e8re de la Culture et de la Communication de participer \u00e0 la 28\u00e8me \u00e9dition des journ\u00e9es europ\u00e9ennes du patrimoine. Pr\u00e8s de 30 ans apr\u00e8s leur cr\u00e9ation, les journ\u00e9es europ\u00e9ennes du patrimoine suscitent l&rsquo;adh\u00e9sion grandissante des acteurs du patrimoine [&hellip;]","og_url":"https:\/\/batijournal.com\/index.php\/12-millions-de-visiteurs-pour-les-journees-du-patrimoine-2011\/79857\/","og_site_name":"Batijournal","article_published_time":"2011-09-20T22:00:00+00:00","og_image":[{"width":407,"height":599,"url":"https:\/\/batijournal.com\/wp-content\/uploads\/2015\/03\/30360169.jpg","type":"image\/jpeg"}],"author":"Bati-journal","twitter_card":"summary_large_image","twitter_creator":"@bati_journal","twitter_site":"@bati_journal","twitter_misc":{"\u00c9crit par":"Bati-journal","Dur\u00e9e de lecture estim\u00e9e":"2 minutes"},"schema":{"@context":"https:\/\/schema.org","@graph":[{"@type":"Article","@id":"https:\/\/batijournal.com\/index.php\/12-millions-de-visiteurs-pour-les-journees-du-patrimoine-2011\/79857\/#article","isPartOf":{"@id":"https:\/\/batijournal.com\/index.php\/12-millions-de-visiteurs-pour-les-journees-du-patrimoine-2011\/79857\/"},"author":{"name":"Bati-journal","@id":"https:\/\/batijournal.com\/#\/schema\/person\/6a657e8967569e1b299972574848aa76"},"headline":"12 millions de visiteurs pour les Journ\u00e9es du Patrimoine 2011","datePublished":"2011-09-20T22:00:00+00:00","mainEntityOfPage":{"@id":"https:\/\/batijournal.com\/index.php\/12-millions-de-visiteurs-pour-les-journees-du-patrimoine-2011\/79857\/"},"wordCount":418,"commentCount":0,"image":{"@id":"https:\/\/batijournal.com\/index.php\/12-millions-de-visiteurs-pour-les-journees-du-patrimoine-2011\/79857\/#primaryimage"},"thumbnailUrl":"https:\/\/batijournal.com\/wp-content\/uploads\/2015\/03\/30360169.jpg","keywords":["journees europeennes du patrimoine"],"articleSection":["\u00c9v\u00e9nements"],"inLanguage":"fr-FR","potentialAction":[{"@type":"CommentAction","name":"Comment","target":["https:\/\/batijournal.com\/index.php\/12-millions-de-visiteurs-pour-les-journees-du-patrimoine-2011\/79857\/#respond"]}]},{"@type":"WebPage","@id":"https:\/\/batijournal.com\/index.php\/12-millions-de-visiteurs-pour-les-journees-du-patrimoine-2011\/79857\/","url":"https:\/\/batijournal.com\/index.php\/12-millions-de-visiteurs-pour-les-journees-du-patrimoine-2011\/79857\/","name":"12 millions de visiteurs pour les Journ\u00e9es du Patrimoine 2011","isPartOf":{"@id":"https:\/\/batijournal.com\/#website"},"primaryImageOfPage":{"@id":"https:\/\/batijournal.com\/index.php\/12-millions-de-visiteurs-pour-les-journees-du-patrimoine-2011\/79857\/#primaryimage"},"image":{"@id":"https:\/\/batijournal.com\/index.php\/12-millions-de-visiteurs-pour-les-journees-du-patrimoine-2011\/79857\/#primaryimage"},"thumbnailUrl":"https:\/\/batijournal.com\/wp-content\/uploads\/2015\/03\/30360169.jpg","datePublished":"2011-09-20T22:00:00+00:00","author":{"@id":"https:\/\/batijournal.com\/#\/schema\/person\/6a657e8967569e1b299972574848aa76"},"breadcrumb":{"@id":"https:\/\/batijournal.com\/index.php\/12-millions-de-visiteurs-pour-les-journees-du-patrimoine-2011\/79857\/#breadcrumb"},"inLanguage":"fr-FR","potentialAction":[{"@type":"ReadAction","target":["https:\/\/batijournal.com\/index.php\/12-millions-de-visiteurs-pour-les-journees-du-patrimoine-2011\/79857\/"]}]},{"@type":"ImageObject","inLanguage":"fr-FR","@id":"https:\/\/batijournal.com\/index.php\/12-millions-de-visiteurs-pour-les-journees-du-patrimoine-2011\/79857\/#primaryimage","url":"https:\/\/batijournal.com\/wp-content\/uploads\/2015\/03\/30360169.jpg","contentUrl":"https:\/\/batijournal.com\/wp-content\/uploads\/2015\/03\/30360169.jpg","width":407,"height":599},{"@type":"BreadcrumbList","@id":"https:\/\/batijournal.com\/index.php\/12-millions-de-visiteurs-pour-les-journees-du-patrimoine-2011\/79857\/#breadcrumb","itemListElement":[{"@type":"ListItem","position":1,"name":"Accueil","item":"https:\/\/batijournal.com\/"},{"@type":"ListItem","position":2,"name":"\u00c9v\u00e9nements","item":"https:\/\/batijournal.com\/index.php\/category\/evenements\/"},{"@type":"ListItem","position":3,"name":"12 millions de visiteurs pour les Journ\u00e9es du Patrimoine 2011"}]},{"@type":"WebSite","@id":"https:\/\/batijournal.com\/#website","url":"https:\/\/batijournal.com\/","name":"Batijournal","description":"L&#039;actualit\u00e9 du b\u00e2timent","potentialAction":[{"@type":"SearchAction","target":{"@type":"EntryPoint","urlTemplate":"https:\/\/batijournal.com\/?s={search_term_string}"},"query-input":{"@type":"PropertyValueSpecification","valueRequired":true,"valueName":"search_term_string"}}],"inLanguage":"fr-FR"},{"@type":"Person","@id":"https:\/\/batijournal.com\/#\/schema\/person\/6a657e8967569e1b299972574848aa76","name":"Bati-journal","image":{"@type":"ImageObject","inLanguage":"fr-FR","@id":"https:\/\/secure.gravatar.com\/avatar\/a64364ea26392f9b4dd47e017ddaec74ff03aefc073b49e492e847201258f777?s=96&d=mm&r=g","url":"https:\/\/secure.gravatar.com\/avatar\/a64364ea26392f9b4dd47e017ddaec74ff03aefc073b49e492e847201258f777?s=96&d=mm&r=g","contentUrl":"https:\/\/secure.gravatar.com\/avatar\/a64364ea26392f9b4dd47e017ddaec74ff03aefc073b49e492e847201258f777?s=96&d=mm&r=g","caption":"Bati-journal"},"url":"https:\/\/batijournal.com\/index.php\/author\/elodie\/"}]}},"_links":{"self":[{"href":"https:\/\/batijournal.com\/index.php\/wp-json\/wp\/v2\/posts\/79857","targetHints":{"allow":["GET"]}}],"collection":[{"href":"https:\/\/batijournal.com\/index.php\/wp-json\/wp\/v2\/posts"}],"about":[{"href":"https:\/\/batijournal.com\/index.php\/wp-json\/wp\/v2\/types\/post"}],"author":[{"embeddable":true,"href":"https:\/\/batijournal.com\/index.php\/wp-json\/wp\/v2\/users\/1"}],"replies":[{"embeddable":true,"href":"https:\/\/batijournal.com\/index.php\/wp-json\/wp\/v2\/comments?post=79857"}],"version-history":[{"count":0,"href":"https:\/\/batijournal.com\/index.php\/wp-json\/wp\/v2\/posts\/79857\/revisions"}],"wp:featuredmedia":[{"embeddable":true,"href":"https:\/\/batijournal.com\/index.php\/wp-json\/wp\/v2\/media\/79858"}],"wp:attachment":[{"href":"https:\/\/batijournal.com\/index.php\/wp-json\/wp\/v2\/media?parent=79857"}],"wp:term":[{"taxonomy":"category","embeddable":true,"href":"https:\/\/batijournal.com\/index.php\/wp-json\/wp\/v2\/categories?post=79857"},{"taxonomy":"post_tag","embeddable":true,"href":"https:\/\/batijournal.com\/index.php\/wp-json\/wp\/v2\/tags?post=79857"}],"curies":[{"name":"wp","href":"https:\/\/api.w.org\/{rel}","templated":true}]}}